{"id":69618,"date":"2013-03-16T08:22:12","date_gmt":"2013-03-16T07:22:12","guid":{"rendered":"http:\/\/www.visit-ulcinj.com\/blog\/?p=69618"},"modified":"2013-03-16T08:22:12","modified_gmt":"2013-03-16T07:22:12","slug":"ramosaj-paralajmeron-kthim-te-fuqishem","status":"publish","type":"post","link":"https:\/\/www.visit-ulcinj.com\/blog\/2013\/03\/16\/ramosaj-paralajmeron-kthim-te-fuqishem\/","title":{"rendered":"Ramosaj: Paralajm\u00ebron kthim t\u00eb fuqish\u00ebm"},"content":{"rendered":"<p><a href=\"http:\/\/www.visit-ulcinj.com\/blog\/wp-content\/uploads\/2013\/03\/Beatrix-Ramosaj.jpg\"><img loading=\"lazy\" class=\"alignleft  wp-image-69619\" alt=\"Beatrix Ramosaj\" src=\"http:\/\/www.visit-ulcinj.com\/blog\/wp-content\/uploads\/2013\/03\/Beatrix-Ramosaj.jpg\" width=\"508\" height=\"360\" \/><\/a>Para pak koh\u00ebsh k\u00ebng\u00ebtarja Beatrix Ramosaj paralajm\u00ebroi nj\u00eb pauz\u00eb t\u00eb shkurt\u00ebr n\u00eb sken\u00ebn muzikore. Mir\u00ebpo kjo pauz\u00eb si duket k\u00ebng\u00ebtares nuk do t\u2019i zgjas\u00eb shum\u00eb p\u00ebr shkak se ajo po paralajm\u00ebron nj\u00eb befasi t\u00eb madhe p\u00ebr adhuruesit e saj.<\/p>\n<p>\u201cPas nj\u00eb pauze t\u00eb shkurt\u00ebr kam vendosur t\u00eb kthehem me nj\u00eb surpriz\u00eb p\u00ebr publikun tim. Faktikisht jam duke u marr\u00eb me nj\u00eb projekt, por q\u00eb p\u00ebr momentin mbetet surpriz\u00eb dhe ju b\u00ebj\u00eb t\u00eb ditur q\u00eb brenda shum\u00eb pak koh\u00ebve do t\u00eb lansohet. K\u00ebt\u00eb projekt e kam paralajm\u00ebruar edhe n\u00eb faqet e mia n\u00eb Facebook dhe Twitter\u201d ka th\u00ebn\u00eb ajo p\u00ebr \u201cZ\u00ebri\u201d.<\/p>\n<p>Beatrix ka b\u00ebr\u00eb t\u00eb ditur se ky projekt do t\u00eb jet\u00eb shum\u00eb m\u00eb ndryshe nga ato paraprake, prandaj k\u00ebt\u00eb e quan si nj\u00eb befasi p\u00ebr adhuruesit. \u201cKy \u00ebsht\u00eb nj\u00eb projekt q\u00eb e kam shum\u00eb p\u00ebr zem\u00ebr dhe m\u00eb p\u00eblqen shum\u00eb, prandaj dhe dua q\u00eb t\u00eb mbetet surpriz\u00eb. Mendoj q\u00eb \u00ebsht\u00eb di\u00e7ka krejt ndryshe nga ajo q\u00eb un\u00eb kam b\u00ebr\u00eb deri m\u00eb sot, gjithashtu \u00ebsht\u00eb di\u00e7ka ndryshe p\u00ebr publikun\u201d, shton ajo. Beatrix p\u00ebrve\u00e7 k\u00ebng\u00ebs \u00ebsht\u00eb e dh\u00ebn\u00eb edhe pas leximit, ajo or\u00ebt e mbr\u00ebmjes i kalon duke lexuar ndonj\u00eb lib\u00ebr. Nd\u00ebrkaq sa i p\u00ebrket koh\u00ebs s\u00eb lir\u00eb preferon ta kaloj me familjen dhe miqt\u00eb e saj.<\/p>\n<p>\u201cJeta ime \u00ebsht\u00eb mjaft\u00eb dinamike, koh\u00ebn e lir\u00eb e kam mjaft\u00eb t\u00eb kufizuar dhe at\u00eb mundohem ta kaloj me familjen dhe miqt\u00eb e mi. Nd\u00ebrkaq sa i p\u00ebrket hobit tim jam e dh\u00ebn\u00eb pas leximit, n\u00eb \u00e7do mbr\u00ebmje preferoj t\u00eb lexoj ndonj\u00eb lib\u00ebr\u201d, thekson ajo. Nd\u00ebrkaq sa i p\u00ebrket aktiviteteve t\u00eb lira sportive, k\u00ebng\u00ebtarja edhe pse aktualisht nuk merret me ndonj\u00eb sport, ajo p\u00eblqen ta ndjek loj\u00ebn e futbollit. \u201cEdhe pse nuk e frekuentoj shum\u00eb sportin m\u00eb p\u00eblqen ta ndjek futbollin, por nuk merrem me ndonj\u00eb aktivitet t\u00eb lir\u00eb\u201d, shprehet Beatrix n\u00eb fund.<\/p>\n<!--YouTube Error: bad URL entered-->\n","protected":false},"excerpt":{"rendered":"<p>Para pak koh\u00ebsh k\u00ebng\u00ebtarja Beatrix Ramosaj paralajm\u00ebroi nj\u00eb pauz\u00eb t\u00eb shkurt\u00ebr n\u00eb sken\u00ebn muzikore. Mir\u00ebpo kjo pauz\u00eb si duket k\u00ebng\u00ebtares nuk do t\u2019i zgjas\u00eb shum\u00eb p\u00ebr shkak se ajo po paralajm\u00ebron nj\u00eb befasi t\u00eb madhe p\u00ebr adhuruesit e saj. \u201cPas nj\u00eb pauze t\u00eb shkurt\u00ebr kam vendosur t\u00eb kthehem me nj\u00eb surpriz\u00eb p\u00ebr publikun tim. Faktikisht [&hellip;]<\/p>\n","protected":false},"author":1,"featured_media":0,"comment_status":"open","ping_status":"closed","sticky":false,"template":"","format":"standard","meta":{"spay_email":"","jetpack_publicize_message":"","jetpack_is_tweetstorm":false,"jetpack_publicize_feature_enabled":true},"categories":[1],"tags":[16609,19677,19806,16036,19514,19511,19459,4684,19460],"jetpack_publicize_connections":[],"yoast_head":"<!-- This site is optimized with the Yoast SEO plugin v19.1 - https:\/\/yoast.com\/wordpress\/plugins\/seo\/ -->\n<title>Ramosaj: Paralajm\u00ebron kthim t\u00eb fuqish\u00ebm - Lajme nga Ulqini<\/title>\n<meta name=\"description\" content=\"Para pak koh\u00ebsh k\u00ebng\u00ebtarja Beatrix Ramosaj paralajm\u00ebroi nj\u00eb pauz\u00eb t\u00eb shkurt\u00ebr n\u00eb sken\u00ebn muzikore. Mir\u00ebpo kjo pauz\u00eb si duket k\u00ebng\u00ebtares nuk do t\u2019i zgjas\u00eb\" \/>\n<meta name=\"robots\" content=\"index, follow, max-snippet:-1, max-image-preview:large, max-video-preview:-1\" \/>\n<link rel=\"canonical\" href=\"https:\/\/www.visit-ulcinj.com\/blog\/2013\/03\/16\/ramosaj-paralajmeron-kthim-te-fuqishem\/\" \/>\n<meta property=\"og:locale\" content=\"en_US\" \/>\n<meta property=\"og:type\" content=\"article\" \/>\n<meta property=\"og:title\" content=\"Ramosaj: Paralajm\u00ebron kthim t\u00eb fuqish\u00ebm - Lajme nga Ulqini\" \/>\n<meta property=\"og:description\" content=\"Para pak koh\u00ebsh k\u00ebng\u00ebtarja Beatrix Ramosaj paralajm\u00ebroi nj\u00eb pauz\u00eb t\u00eb shkurt\u00ebr n\u00eb sken\u00ebn muzikore. Mir\u00ebpo kjo pauz\u00eb si duket k\u00ebng\u00ebtares nuk do t\u2019i zgjas\u00eb\" \/>\n<meta property=\"og:url\" content=\"https:\/\/www.visit-ulcinj.com\/blog\/2013\/03\/16\/ramosaj-paralajmeron-kthim-te-fuqishem\/\" \/>\n<meta property=\"og:site_name\" content=\"Lajme nga Ulqini\" \/>\n<meta property=\"article:published_time\" content=\"2013-03-16T07:22:12+00:00\" \/>\n<meta property=\"og:image\" content=\"http:\/\/www.visit-ulcinj.com\/blog\/wp-content\/uploads\/2013\/03\/Beatrix-Ramosaj.jpg\" \/>\n<meta name=\"twitter:label1\" content=\"Written by\" \/>\n\t<meta name=\"twitter:data1\" content=\"ulqini\" \/>\n\t<meta name=\"twitter:label2\" content=\"Est. reading time\" \/>\n\t<meta name=\"twitter:data2\" content=\"2 minutes\" \/>\n<script type=\"application\/ld+json\" class=\"yoast-schema-graph\">{\"@context\":\"https:\/\/schema.org\",\"@graph\":[{\"@type\":\"WebSite\",\"@id\":\"https:\/\/www.visit-ulcinj.com\/blog\/#website\",\"url\":\"https:\/\/www.visit-ulcinj.com\/blog\/\",\"name\":\"Lajme nga Ulqini\",\"description\":\"Lajme,Vijesti,Ulqini,Ulqin,Crna Gora,Mali i Zi\",\"potentialAction\":[{\"@type\":\"SearchAction\",\"target\":{\"@type\":\"EntryPoint\",\"urlTemplate\":\"https:\/\/www.visit-ulcinj.com\/blog\/?s={search_term_string}\"},\"query-input\":\"required name=search_term_string\"}],\"inLanguage\":\"en-US\"},{\"@type\":\"ImageObject\",\"inLanguage\":\"en-US\",\"@id\":\"https:\/\/www.visit-ulcinj.com\/blog\/2013\/03\/16\/ramosaj-paralajmeron-kthim-te-fuqishem\/#primaryimage\",\"url\":\"http:\/\/www.visit-ulcinj.com\/blog\/wp-content\/uploads\/2013\/03\/Beatrix-Ramosaj.jpg\",\"contentUrl\":\"http:\/\/www.visit-ulcinj.com\/blog\/wp-content\/uploads\/2013\/03\/Beatrix-Ramosaj.jpg\"},{\"@type\":\"WebPage\",\"@id\":\"https:\/\/www.visit-ulcinj.com\/blog\/2013\/03\/16\/ramosaj-paralajmeron-kthim-te-fuqishem\/#webpage\",\"url\":\"https:\/\/www.visit-ulcinj.com\/blog\/2013\/03\/16\/ramosaj-paralajmeron-kthim-te-fuqishem\/\",\"name\":\"Ramosaj: Paralajm\u00ebron kthim t\u00eb fuqish\u00ebm - Lajme nga Ulqini\",\"isPartOf\":{\"@id\":\"https:\/\/www.visit-ulcinj.com\/blog\/#website\"},\"primaryImageOfPage\":{\"@id\":\"https:\/\/www.visit-ulcinj.com\/blog\/2013\/03\/16\/ramosaj-paralajmeron-kthim-te-fuqishem\/#primaryimage\"},\"datePublished\":\"2013-03-16T07:22:12+00:00\",\"dateModified\":\"2013-03-16T07:22:12+00:00\",\"author\":{\"@id\":\"https:\/\/www.visit-ulcinj.com\/blog\/#\/schema\/person\/dcab619c614d3038751c63bc2aadc06d\"},\"description\":\"Para pak koh\u00ebsh k\u00ebng\u00ebtarja Beatrix Ramosaj paralajm\u00ebroi nj\u00eb pauz\u00eb t\u00eb shkurt\u00ebr n\u00eb sken\u00ebn muzikore. Mir\u00ebpo kjo pauz\u00eb si duket k\u00ebng\u00ebtares nuk do t\u2019i zgjas\u00eb\",\"breadcrumb\":{\"@id\":\"https:\/\/www.visit-ulcinj.com\/blog\/2013\/03\/16\/ramosaj-paralajmeron-kthim-te-fuqishem\/#breadcrumb\"},\"inLanguage\":\"en-US\",\"potentialAction\":[{\"@type\":\"ReadAction\",\"target\":[\"https:\/\/www.visit-ulcinj.com\/blog\/2013\/03\/16\/ramosaj-paralajmeron-kthim-te-fuqishem\/\"]}]},{\"@type\":\"BreadcrumbList\",\"@id\":\"https:\/\/www.visit-ulcinj.com\/blog\/2013\/03\/16\/ramosaj-paralajmeron-kthim-te-fuqishem\/#breadcrumb\",\"itemListElement\":[{\"@type\":\"ListItem\",\"position\":1,\"name\":\"Ramosaj: Paralajm\u00ebron kthim t\u00eb fuqish\u00ebm\"}]},{\"@type\":\"Person\",\"@id\":\"https:\/\/www.visit-ulcinj.com\/blog\/#\/schema\/person\/dcab619c614d3038751c63bc2aadc06d\",\"name\":\"ulqini\",\"sameAs\":[\"http:\/\/www.visit-ulcinj.com\"],\"url\":\"https:\/\/www.visit-ulcinj.com\/blog\/author\/admin\/\"}]}<\/script>\n<!-- \/ Yoast SEO plugin. -->","yoast_head_json":{"title":"Ramosaj: Paralajm\u00ebron kthim t\u00eb fuqish\u00ebm - Lajme nga Ulqini","description":"Para pak koh\u00ebsh k\u00ebng\u00ebtarja Beatrix Ramosaj paralajm\u00ebroi nj\u00eb pauz\u00eb t\u00eb shkurt\u00ebr n\u00eb sken\u00ebn muzikore. Mir\u00ebpo kjo pauz\u00eb si duket k\u00ebng\u00ebtares nuk do t\u2019i zgjas\u00eb","robots":{"index":"index","follow":"follow","max-snippet":"max-snippet:-1","max-image-preview":"max-image-preview:large","max-video-preview":"max-video-preview:-1"},"canonical":"https:\/\/www.visit-ulcinj.com\/blog\/2013\/03\/16\/ramosaj-paralajmeron-kthim-te-fuqishem\/","og_locale":"en_US","og_type":"article","og_title":"Ramosaj: Paralajm\u00ebron kthim t\u00eb fuqish\u00ebm - Lajme nga Ulqini","og_description":"Para pak koh\u00ebsh k\u00ebng\u00ebtarja Beatrix Ramosaj paralajm\u00ebroi nj\u00eb pauz\u00eb t\u00eb shkurt\u00ebr n\u00eb sken\u00ebn muzikore. Mir\u00ebpo kjo pauz\u00eb si duket k\u00ebng\u00ebtares nuk do t\u2019i zgjas\u00eb","og_url":"https:\/\/www.visit-ulcinj.com\/blog\/2013\/03\/16\/ramosaj-paralajmeron-kthim-te-fuqishem\/","og_site_name":"Lajme nga Ulqini","article_published_time":"2013-03-16T07:22:12+00:00","og_image":[{"url":"http:\/\/www.visit-ulcinj.com\/blog\/wp-content\/uploads\/2013\/03\/Beatrix-Ramosaj.jpg"}],"twitter_misc":{"Written by":"ulqini","Est. reading time":"2 minutes"},"schema":{"@context":"https:\/\/schema.org","@graph":[{"@type":"WebSite","@id":"https:\/\/www.visit-ulcinj.com\/blog\/#website","url":"https:\/\/www.visit-ulcinj.com\/blog\/","name":"Lajme nga Ulqini","description":"Lajme,Vijesti,Ulqini,Ulqin,Crna Gora,Mali i Zi","potentialAction":[{"@type":"SearchAction","target":{"@type":"EntryPoint","urlTemplate":"https:\/\/www.visit-ulcinj.com\/blog\/?s={search_term_string}"},"query-input":"required name=search_term_string"}],"inLanguage":"en-US"},{"@type":"ImageObject","inLanguage":"en-US","@id":"https:\/\/www.visit-ulcinj.com\/blog\/2013\/03\/16\/ramosaj-paralajmeron-kthim-te-fuqishem\/#primaryimage","url":"http:\/\/www.visit-ulcinj.com\/blog\/wp-content\/uploads\/2013\/03\/Beatrix-Ramosaj.jpg","contentUrl":"http:\/\/www.visit-ulcinj.com\/blog\/wp-content\/uploads\/2013\/03\/Beatrix-Ramosaj.jpg"},{"@type":"WebPage","@id":"https:\/\/www.visit-ulcinj.com\/blog\/2013\/03\/16\/ramosaj-paralajmeron-kthim-te-fuqishem\/#webpage","url":"https:\/\/www.visit-ulcinj.com\/blog\/2013\/03\/16\/ramosaj-paralajmeron-kthim-te-fuqishem\/","name":"Ramosaj: Paralajm\u00ebron kthim t\u00eb fuqish\u00ebm - Lajme nga Ulqini","isPartOf":{"@id":"https:\/\/www.visit-ulcinj.com\/blog\/#website"},"primaryImageOfPage":{"@id":"https:\/\/www.visit-ulcinj.com\/blog\/2013\/03\/16\/ramosaj-paralajmeron-kthim-te-fuqishem\/#primaryimage"},"datePublished":"2013-03-16T07:22:12+00:00","dateModified":"2013-03-16T07:22:12+00:00","author":{"@id":"https:\/\/www.visit-ulcinj.com\/blog\/#\/schema\/person\/dcab619c614d3038751c63bc2aadc06d"},"description":"Para pak koh\u00ebsh k\u00ebng\u00ebtarja Beatrix Ramosaj paralajm\u00ebroi nj\u00eb pauz\u00eb t\u00eb shkurt\u00ebr n\u00eb sken\u00ebn muzikore. Mir\u00ebpo kjo pauz\u00eb si duket k\u00ebng\u00ebtares nuk do t\u2019i zgjas\u00eb","breadcrumb":{"@id":"https:\/\/www.visit-ulcinj.com\/blog\/2013\/03\/16\/ramosaj-paralajmeron-kthim-te-fuqishem\/#breadcrumb"},"inLanguage":"en-US","potentialAction":[{"@type":"ReadAction","target":["https:\/\/www.visit-ulcinj.com\/blog\/2013\/03\/16\/ramosaj-paralajmeron-kthim-te-fuqishem\/"]}]},{"@type":"BreadcrumbList","@id":"https:\/\/www.visit-ulcinj.com\/blog\/2013\/03\/16\/ramosaj-paralajmeron-kthim-te-fuqishem\/#breadcrumb","itemListElement":[{"@type":"ListItem","position":1,"name":"Ramosaj: Paralajm\u00ebron kthim t\u00eb fuqish\u00ebm"}]},{"@type":"Person","@id":"https:\/\/www.visit-ulcinj.com\/blog\/#\/schema\/person\/dcab619c614d3038751c63bc2aadc06d","name":"ulqini","sameAs":["http:\/\/www.visit-ulcinj.com"],"url":"https:\/\/www.visit-ulcinj.com\/blog\/author\/admin\/"}]}},"jetpack_featured_media_url":"","jetpack_sharing_enabled":true,"jetpack_shortlink":"https:\/\/wp.me\/pe6lTn-i6S","_links":{"self":[{"href":"https:\/\/www.visit-ulcinj.com\/blog\/wp-json\/wp\/v2\/posts\/69618"}],"collection":[{"href":"https:\/\/www.visit-ulcinj.com\/blog\/wp-json\/wp\/v2\/posts"}],"about":[{"href":"https:\/\/www.visit-ulcinj.com\/blog\/wp-json\/wp\/v2\/types\/post"}],"author":[{"embeddable":true,"href":"https:\/\/www.visit-ulcinj.com\/blog\/wp-json\/wp\/v2\/users\/1"}],"replies":[{"embeddable":true,"href":"https:\/\/www.visit-ulcinj.com\/blog\/wp-json\/wp\/v2\/comments?post=69618"}],"version-history":[{"count":2,"href":"https:\/\/www.visit-ulcinj.com\/blog\/wp-json\/wp\/v2\/posts\/69618\/revisions"}],"predecessor-version":[{"id":69621,"href":"https:\/\/www.visit-ulcinj.com\/blog\/wp-json\/wp\/v2\/posts\/69618\/revisions\/69621"}],"wp:attachment":[{"href":"https:\/\/www.visit-ulcinj.com\/blog\/wp-json\/wp\/v2\/media?parent=69618"}],"wp:term":[{"taxonomy":"category","embeddable":true,"href":"https:\/\/www.visit-ulcinj.com\/blog\/wp-json\/wp\/v2\/categories?post=69618"},{"taxonomy":"post_tag","embeddable":true,"href":"https:\/\/www.visit-ulcinj.com\/blog\/wp-json\/wp\/v2\/tags?post=69618"}],"curies":[{"name":"wp","href":"https:\/\/api.w.org\/{rel}","templated":true}]}}