{"id":69631,"date":"2013-03-16T09:08:08","date_gmt":"2013-03-16T08:08:08","guid":{"rendered":"http:\/\/www.visit-ulcinj.com\/blog\/?p=69631"},"modified":"2013-03-16T09:08:08","modified_gmt":"2013-03-16T08:08:08","slug":"aferdita-dreshaj-prej-nkrah-shpatit-te-granit-xhaka","status":"publish","type":"post","link":"https:\/\/www.visit-ulcinj.com\/blog\/2013\/03\/16\/aferdita-dreshaj-prej-nkrah-shpatit-te-granit-xhaka\/","title":{"rendered":"Af\u00ebrdita Dreshaj, prej n&#8217;krah Shpatit te Granit Xhaka"},"content":{"rendered":"<p>K\u00ebt\u00eb jav\u00eb ishte par\u00eb Xhaka duke postuar mesazhe dashurie n\u00ebp\u00ebr profilet e k\u00ebng\u00ebtar\u00ebve t\u00eb estrad\u00ebs s\u00eb Kosov\u00ebs, por edhe t\u00eb Rita Or\u00ebs. Xhaka kishte postuar nj\u00eb mesazh pothuajse t\u00eb nj\u00ebjt\u00eb tek Af\u00ebrdita Dreshaj, te Rita Ora dhe t\u00eb Dafina Zeqiri me Altuna Sejdiu-Tuna.<br \/>\n<a href=\"http:\/\/www.visit-ulcinj.com\/blog\/wp-content\/uploads\/2013\/03\/aferdita_dreshaj_.jpg\"><img loading=\"lazy\" class=\"alignleft  wp-image-69632\" alt=\"aferdita_dreshaj_\" src=\"http:\/\/www.visit-ulcinj.com\/blog\/wp-content\/uploads\/2013\/03\/aferdita_dreshaj_.jpg\" width=\"508\" height=\"330\" \/><\/a><\/p>\n<p>Af\u00ebrdita Dreshaj duket se nuk \u00ebsht\u00eb e shqet\u00ebsuar pas ndarjes me Shpat Kasapin. Pasi u arg\u00ebtua me shoq\u00ebrin\u00eb e saj, ajo ka filluar t\u00eb jet\u00eb edhe m\u00eb aktive n\u00eb rrjetet sociale. Ajo ka filluar q\u00eb t\u00eb shk\u00ebmbej\u00eb mesazhe me futbollistin Granit Xhaka.<\/p>\n<p>Af\u00ebrdita \u00ebsht\u00eb treguar shum\u00eb miq\u00ebsore me futbollistin Granit Xhaka, shkruan Orainfo. Pasi ka postuar \u201ctweetin\u201d \u201cEnjoying my hot relaxing tea..\u201d ( Po e shijoj \u00e7ajin tim t\u00eb nxeht\u00eb, relaksues\u2026 ) te Granit Xhaka, ajo ka shp\u00ebrndar\u00eb profilin zyrtar t\u00eb futbollistit kosovar p\u00ebrmes profilit t\u00eb saj n\u00eb Twitter.<\/p>\n<p>N\u00eb an\u00ebn tjet\u00ebr t\u00eb nj\u00ebjt\u00ebn gj\u00eb e ka b\u00ebr\u00eb edhe Xhaka.<\/p>\n<p>Madje edhe Xhaka ishte nj\u00ebri prej atyre personave q\u00eb nuk po k\u00ebrkon t\u00eb lidhet vet\u00ebm me Af\u00ebrdit\u00ebn.<\/p>\n<p>K\u00ebt\u00eb jav\u00eb ishte par\u00eb Xhaka duke postuar mesazhe dashurie n\u00ebp\u00ebr profilet e k\u00ebng\u00ebtar\u00ebve t\u00eb estrad\u00ebs s\u00eb Kosov\u00ebs, por edhe t\u00eb Rita Or\u00ebs. Xhaka kishte postuar nj\u00eb mesazh pothuajse t\u00eb nj\u00ebjt\u00eb tek Af\u00ebrdita Dreshaj, te Rita Ora dhe t\u00eb Dafina Zeqiri me Altuna Sejdiu-Tuna.<\/p>\n<p>Reagimi i par\u00eb ishte i Af\u00ebrdit\u00ebs e cila kishte shkruar:<\/p>\n<p>\u201cKujdes\u201d ndaj Xhak\u00ebs.<\/p>\n<p>Af\u00ebrdita edhe koh\u00eb m\u00eb par\u00eb kishte shk\u00ebmbyer mesazhe me Xhak\u00ebn, ndon\u00ebse ishte ende n\u00eb lidhje me Shpat Kasapin, nd\u00ebrsa \u00e7doher\u00eb ka marr\u00eb p\u00ebrgjigje t\u00eb ngroht\u00eb edhe nga vet\u00eb futbollisti.<\/p>\n<p>N\u00eb an\u00ebn tjet\u00ebr, gjat\u00eb nj\u00eb postimi n\u00eb faqen e saj n\u00eb Facebook, Af\u00ebrdita Dreshaj ka b\u00ebr\u00eb me dije se ajo ka marr\u00eb n\u00eb duar menaxhimin e faqes s\u00eb saj zyrtare, ku ka gati 250 mij\u00eb p\u00eblqime.<\/p>\n<p>\u201cVler\u00ebsoni dhe jam shum\u00eb e g\u00ebzuar q\u00eb kam n\u00eb \u2018Fanpagen\u2019 tim 242,849 Like! Ju fal\u00ebnderoj shum\u00eb! Ky fanpage tani do mbahet vet\u00ebm personalisht nga ana ime dhe m\u00eb vjen mir\u00eb q\u00eb do t\u00eb jemi n\u00eb kontakt p\u00ebr \u00e7do pyetje q\u00eb jeni t\u00eb interesuar!\u201d, ka shkruar Af\u00ebrdita.<\/p>\n","protected":false},"excerpt":{"rendered":"<p>K\u00ebt\u00eb jav\u00eb ishte par\u00eb Xhaka duke postuar mesazhe dashurie n\u00ebp\u00ebr profilet e k\u00ebng\u00ebtar\u00ebve t\u00eb estrad\u00ebs s\u00eb Kosov\u00ebs, por edhe t\u00eb Rita Or\u00ebs. Xhaka kishte postuar nj\u00eb mesazh pothuajse t\u00eb nj\u00ebjt\u00eb tek Af\u00ebrdita Dreshaj, te Rita Ora dhe t\u00eb Dafina Zeqiri me Altuna Sejdiu-Tuna. Af\u00ebrdita Dreshaj duket se nuk \u00ebsht\u00eb e shqet\u00ebsuar pas ndarjes me Shpat [&hellip;]<\/p>\n","protected":false},"author":1,"featured_media":0,"comment_status":"open","ping_status":"closed","sticky":false,"template":"","format":"standard","meta":{"spay_email":"","jetpack_publicize_message":"","jetpack_is_tweetstorm":false,"jetpack_publicize_feature_enabled":true},"categories":[1],"tags":[],"jetpack_publicize_connections":[],"yoast_head":"<!-- This site is optimized with the Yoast SEO plugin v19.1 - https:\/\/yoast.com\/wordpress\/plugins\/seo\/ -->\n<title>Af\u00ebrdita Dreshaj, prej n&#039;krah Shpatit te Granit Xhaka - Lajme nga Ulqini<\/title>\n<meta name=\"description\" content=\"K\u00ebt\u00eb jav\u00eb ishte par\u00eb Xhaka duke postuar mesazhe dashurie n\u00ebp\u00ebr profilet e k\u00ebng\u00ebtar\u00ebve t\u00eb estrad\u00ebs s\u00eb Kosov\u00ebs, por edhe t\u00eb Rita Or\u00ebs. Xhaka kishte postuar\" \/>\n<meta name=\"robots\" content=\"index, follow, max-snippet:-1, max-image-preview:large, max-video-preview:-1\" \/>\n<link rel=\"canonical\" href=\"https:\/\/www.visit-ulcinj.com\/blog\/2013\/03\/16\/aferdita-dreshaj-prej-nkrah-shpatit-te-granit-xhaka\/\" \/>\n<meta property=\"og:locale\" content=\"en_US\" \/>\n<meta property=\"og:type\" content=\"article\" \/>\n<meta property=\"og:title\" content=\"Af\u00ebrdita Dreshaj, prej n&#039;krah Shpatit te Granit Xhaka - Lajme nga Ulqini\" \/>\n<meta property=\"og:description\" content=\"K\u00ebt\u00eb jav\u00eb ishte par\u00eb Xhaka duke postuar mesazhe dashurie n\u00ebp\u00ebr profilet e k\u00ebng\u00ebtar\u00ebve t\u00eb estrad\u00ebs s\u00eb Kosov\u00ebs, por edhe t\u00eb Rita Or\u00ebs. Xhaka kishte postuar\" \/>\n<meta property=\"og:url\" content=\"https:\/\/www.visit-ulcinj.com\/blog\/2013\/03\/16\/aferdita-dreshaj-prej-nkrah-shpatit-te-granit-xhaka\/\" \/>\n<meta property=\"og:site_name\" content=\"Lajme nga Ulqini\" \/>\n<meta property=\"article:published_time\" content=\"2013-03-16T08:08:08+00:00\" \/>\n<meta property=\"og:image\" content=\"http:\/\/www.visit-ulcinj.com\/blog\/wp-content\/uploads\/2013\/03\/aferdita_dreshaj_.jpg\" \/>\n<meta name=\"twitter:label1\" content=\"Written by\" \/>\n\t<meta name=\"twitter:data1\" content=\"ulqini\" \/>\n\t<meta name=\"twitter:label2\" content=\"Est. reading time\" \/>\n\t<meta name=\"twitter:data2\" content=\"2 minutes\" \/>\n<script type=\"application\/ld+json\" class=\"yoast-schema-graph\">{\"@context\":\"https:\/\/schema.org\",\"@graph\":[{\"@type\":\"WebSite\",\"@id\":\"https:\/\/www.visit-ulcinj.com\/blog\/#website\",\"url\":\"https:\/\/www.visit-ulcinj.com\/blog\/\",\"name\":\"Lajme nga Ulqini\",\"description\":\"Lajme,Vijesti,Ulqini,Ulqin,Crna Gora,Mali i Zi\",\"potentialAction\":[{\"@type\":\"SearchAction\",\"target\":{\"@type\":\"EntryPoint\",\"urlTemplate\":\"https:\/\/www.visit-ulcinj.com\/blog\/?s={search_term_string}\"},\"query-input\":\"required name=search_term_string\"}],\"inLanguage\":\"en-US\"},{\"@type\":\"ImageObject\",\"inLanguage\":\"en-US\",\"@id\":\"https:\/\/www.visit-ulcinj.com\/blog\/2013\/03\/16\/aferdita-dreshaj-prej-nkrah-shpatit-te-granit-xhaka\/#primaryimage\",\"url\":\"http:\/\/www.visit-ulcinj.com\/blog\/wp-content\/uploads\/2013\/03\/aferdita_dreshaj_.jpg\",\"contentUrl\":\"http:\/\/www.visit-ulcinj.com\/blog\/wp-content\/uploads\/2013\/03\/aferdita_dreshaj_.jpg\"},{\"@type\":\"WebPage\",\"@id\":\"https:\/\/www.visit-ulcinj.com\/blog\/2013\/03\/16\/aferdita-dreshaj-prej-nkrah-shpatit-te-granit-xhaka\/#webpage\",\"url\":\"https:\/\/www.visit-ulcinj.com\/blog\/2013\/03\/16\/aferdita-dreshaj-prej-nkrah-shpatit-te-granit-xhaka\/\",\"name\":\"Af\u00ebrdita Dreshaj, prej n'krah Shpatit te Granit Xhaka - Lajme nga Ulqini\",\"isPartOf\":{\"@id\":\"https:\/\/www.visit-ulcinj.com\/blog\/#website\"},\"primaryImageOfPage\":{\"@id\":\"https:\/\/www.visit-ulcinj.com\/blog\/2013\/03\/16\/aferdita-dreshaj-prej-nkrah-shpatit-te-granit-xhaka\/#primaryimage\"},\"datePublished\":\"2013-03-16T08:08:08+00:00\",\"dateModified\":\"2013-03-16T08:08:08+00:00\",\"author\":{\"@id\":\"https:\/\/www.visit-ulcinj.com\/blog\/#\/schema\/person\/dcab619c614d3038751c63bc2aadc06d\"},\"description\":\"K\u00ebt\u00eb jav\u00eb ishte par\u00eb Xhaka duke postuar mesazhe dashurie n\u00ebp\u00ebr profilet e k\u00ebng\u00ebtar\u00ebve t\u00eb estrad\u00ebs s\u00eb Kosov\u00ebs, por edhe t\u00eb Rita Or\u00ebs. Xhaka kishte postuar\",\"breadcrumb\":{\"@id\":\"https:\/\/www.visit-ulcinj.com\/blog\/2013\/03\/16\/aferdita-dreshaj-prej-nkrah-shpatit-te-granit-xhaka\/#breadcrumb\"},\"inLanguage\":\"en-US\",\"potentialAction\":[{\"@type\":\"ReadAction\",\"target\":[\"https:\/\/www.visit-ulcinj.com\/blog\/2013\/03\/16\/aferdita-dreshaj-prej-nkrah-shpatit-te-granit-xhaka\/\"]}]},{\"@type\":\"BreadcrumbList\",\"@id\":\"https:\/\/www.visit-ulcinj.com\/blog\/2013\/03\/16\/aferdita-dreshaj-prej-nkrah-shpatit-te-granit-xhaka\/#breadcrumb\",\"itemListElement\":[{\"@type\":\"ListItem\",\"position\":1,\"name\":\"Af\u00ebrdita Dreshaj, prej n&#8217;krah Shpatit te Granit Xhaka\"}]},{\"@type\":\"Person\",\"@id\":\"https:\/\/www.visit-ulcinj.com\/blog\/#\/schema\/person\/dcab619c614d3038751c63bc2aadc06d\",\"name\":\"ulqini\",\"sameAs\":[\"http:\/\/www.visit-ulcinj.com\"],\"url\":\"https:\/\/www.visit-ulcinj.com\/blog\/author\/admin\/\"}]}<\/script>\n<!-- \/ Yoast SEO plugin. -->","yoast_head_json":{"title":"Af\u00ebrdita Dreshaj, prej n'krah Shpatit te Granit Xhaka - Lajme nga Ulqini","description":"K\u00ebt\u00eb jav\u00eb ishte par\u00eb Xhaka duke postuar mesazhe dashurie n\u00ebp\u00ebr profilet e k\u00ebng\u00ebtar\u00ebve t\u00eb estrad\u00ebs s\u00eb Kosov\u00ebs, por edhe t\u00eb Rita Or\u00ebs. Xhaka kishte postuar","robots":{"index":"index","follow":"follow","max-snippet":"max-snippet:-1","max-image-preview":"max-image-preview:large","max-video-preview":"max-video-preview:-1"},"canonical":"https:\/\/www.visit-ulcinj.com\/blog\/2013\/03\/16\/aferdita-dreshaj-prej-nkrah-shpatit-te-granit-xhaka\/","og_locale":"en_US","og_type":"article","og_title":"Af\u00ebrdita Dreshaj, prej n'krah Shpatit te Granit Xhaka - Lajme nga Ulqini","og_description":"K\u00ebt\u00eb jav\u00eb ishte par\u00eb Xhaka duke postuar mesazhe dashurie n\u00ebp\u00ebr profilet e k\u00ebng\u00ebtar\u00ebve t\u00eb estrad\u00ebs s\u00eb Kosov\u00ebs, por edhe t\u00eb Rita Or\u00ebs. Xhaka kishte postuar","og_url":"https:\/\/www.visit-ulcinj.com\/blog\/2013\/03\/16\/aferdita-dreshaj-prej-nkrah-shpatit-te-granit-xhaka\/","og_site_name":"Lajme nga Ulqini","article_published_time":"2013-03-16T08:08:08+00:00","og_image":[{"url":"http:\/\/www.visit-ulcinj.com\/blog\/wp-content\/uploads\/2013\/03\/aferdita_dreshaj_.jpg"}],"twitter_misc":{"Written by":"ulqini","Est. reading time":"2 minutes"},"schema":{"@context":"https:\/\/schema.org","@graph":[{"@type":"WebSite","@id":"https:\/\/www.visit-ulcinj.com\/blog\/#website","url":"https:\/\/www.visit-ulcinj.com\/blog\/","name":"Lajme nga Ulqini","description":"Lajme,Vijesti,Ulqini,Ulqin,Crna Gora,Mali i Zi","potentialAction":[{"@type":"SearchAction","target":{"@type":"EntryPoint","urlTemplate":"https:\/\/www.visit-ulcinj.com\/blog\/?s={search_term_string}"},"query-input":"required name=search_term_string"}],"inLanguage":"en-US"},{"@type":"ImageObject","inLanguage":"en-US","@id":"https:\/\/www.visit-ulcinj.com\/blog\/2013\/03\/16\/aferdita-dreshaj-prej-nkrah-shpatit-te-granit-xhaka\/#primaryimage","url":"http:\/\/www.visit-ulcinj.com\/blog\/wp-content\/uploads\/2013\/03\/aferdita_dreshaj_.jpg","contentUrl":"http:\/\/www.visit-ulcinj.com\/blog\/wp-content\/uploads\/2013\/03\/aferdita_dreshaj_.jpg"},{"@type":"WebPage","@id":"https:\/\/www.visit-ulcinj.com\/blog\/2013\/03\/16\/aferdita-dreshaj-prej-nkrah-shpatit-te-granit-xhaka\/#webpage","url":"https:\/\/www.visit-ulcinj.com\/blog\/2013\/03\/16\/aferdita-dreshaj-prej-nkrah-shpatit-te-granit-xhaka\/","name":"Af\u00ebrdita Dreshaj, prej n'krah Shpatit te Granit Xhaka - Lajme nga Ulqini","isPartOf":{"@id":"https:\/\/www.visit-ulcinj.com\/blog\/#website"},"primaryImageOfPage":{"@id":"https:\/\/www.visit-ulcinj.com\/blog\/2013\/03\/16\/aferdita-dreshaj-prej-nkrah-shpatit-te-granit-xhaka\/#primaryimage"},"datePublished":"2013-03-16T08:08:08+00:00","dateModified":"2013-03-16T08:08:08+00:00","author":{"@id":"https:\/\/www.visit-ulcinj.com\/blog\/#\/schema\/person\/dcab619c614d3038751c63bc2aadc06d"},"description":"K\u00ebt\u00eb jav\u00eb ishte par\u00eb Xhaka duke postuar mesazhe dashurie n\u00ebp\u00ebr profilet e k\u00ebng\u00ebtar\u00ebve t\u00eb estrad\u00ebs s\u00eb Kosov\u00ebs, por edhe t\u00eb Rita Or\u00ebs. Xhaka kishte postuar","breadcrumb":{"@id":"https:\/\/www.visit-ulcinj.com\/blog\/2013\/03\/16\/aferdita-dreshaj-prej-nkrah-shpatit-te-granit-xhaka\/#breadcrumb"},"inLanguage":"en-US","potentialAction":[{"@type":"ReadAction","target":["https:\/\/www.visit-ulcinj.com\/blog\/2013\/03\/16\/aferdita-dreshaj-prej-nkrah-shpatit-te-granit-xhaka\/"]}]},{"@type":"BreadcrumbList","@id":"https:\/\/www.visit-ulcinj.com\/blog\/2013\/03\/16\/aferdita-dreshaj-prej-nkrah-shpatit-te-granit-xhaka\/#breadcrumb","itemListElement":[{"@type":"ListItem","position":1,"name":"Af\u00ebrdita Dreshaj, prej n&#8217;krah Shpatit te Granit Xhaka"}]},{"@type":"Person","@id":"https:\/\/www.visit-ulcinj.com\/blog\/#\/schema\/person\/dcab619c614d3038751c63bc2aadc06d","name":"ulqini","sameAs":["http:\/\/www.visit-ulcinj.com"],"url":"https:\/\/www.visit-ulcinj.com\/blog\/author\/admin\/"}]}},"jetpack_featured_media_url":"","jetpack_sharing_enabled":true,"jetpack_shortlink":"https:\/\/wp.me\/pe6lTn-i75","_links":{"self":[{"href":"https:\/\/www.visit-ulcinj.com\/blog\/wp-json\/wp\/v2\/posts\/69631"}],"collection":[{"href":"https:\/\/www.visit-ulcinj.com\/blog\/wp-json\/wp\/v2\/posts"}],"about":[{"href":"https:\/\/www.visit-ulcinj.com\/blog\/wp-json\/wp\/v2\/types\/post"}],"author":[{"embeddable":true,"href":"https:\/\/www.visit-ulcinj.com\/blog\/wp-json\/wp\/v2\/users\/1"}],"replies":[{"embeddable":true,"href":"https:\/\/www.visit-ulcinj.com\/blog\/wp-json\/wp\/v2\/comments?post=69631"}],"version-history":[{"count":2,"href":"https:\/\/www.visit-ulcinj.com\/blog\/wp-json\/wp\/v2\/posts\/69631\/revisions"}],"predecessor-version":[{"id":69634,"href":"https:\/\/www.visit-ulcinj.com\/blog\/wp-json\/wp\/v2\/posts\/69631\/revisions\/69634"}],"wp:attachment":[{"href":"https:\/\/www.visit-ulcinj.com\/blog\/wp-json\/wp\/v2\/media?parent=69631"}],"wp:term":[{"taxonomy":"category","embeddable":true,"href":"https:\/\/www.visit-ulcinj.com\/blog\/wp-json\/wp\/v2\/categories?post=69631"},{"taxonomy":"post_tag","embeddable":true,"href":"https:\/\/www.visit-ulcinj.com\/blog\/wp-json\/wp\/v2\/tags?post=69631"}],"curies":[{"name":"wp","href":"https:\/\/api.w.org\/{rel}","templated":true}]}}