{"id":69662,"date":"2013-03-16T17:13:17","date_gmt":"2013-03-16T16:13:17","guid":{"rendered":"http:\/\/www.visit-ulcinj.com\/blog\/?p=69662"},"modified":"2013-03-16T17:13:39","modified_gmt":"2013-03-16T16:13:39","slug":"abazovic-izgubili-smo-bitku-ali-ne-i-rat","status":"publish","type":"post","link":"https:\/\/www.visit-ulcinj.com\/blog\/2013\/03\/16\/abazovic-izgubili-smo-bitku-ali-ne-i-rat\/","title":{"rendered":"Abazovi\u0107: Izgubili smo bitku ali ne i rat"},"content":{"rendered":"<p><a href=\"http:\/\/www.visit-ulcinj.com\/blog\/wp-content\/uploads\/2013\/03\/Dritan-Abazovic_Pozitivna-Crna-Gora_Ulcinj.jpg\"><img loading=\"lazy\" class=\"alignleft  wp-image-69663\" alt=\"Dritan-Abazovic_Pozitivna-Crna-Gora_Ulcinj\" src=\"http:\/\/www.visit-ulcinj.com\/blog\/wp-content\/uploads\/2013\/03\/Dritan-Abazovic_Pozitivna-Crna-Gora_Ulcinj.jpg\" width=\"508\" height=\"360\" \/><\/a>Najve\u0107i gubitnici izbora u Nik\u0161i\u0107u su na\u017ealost gra\u0111ani Nik\u0161i\u0107a, koji su dobili vlast kakvu po svemu sude\u0107i ne zaslu\u017euju i koja je i do sada bila najodgovornija za situaciju u kojoj se grad trenutno nalazi, kazao je u razgovoru za Dnevne novine poslanik Pozitivne Crne Gore Dritan Abazovi\u0107.<\/p>\n<p>Prema njegovim rije\u010dima ako je to njihova izborna volja onda je treba prihvatiti.<\/p>\n<p>&#8220;Glavni krivac lo\u0161ijeg rezultata Pozitivne je politi\u010dka korupcija, koja je kao i ostale zloupotrebe u Crnoj Gori postala izgleda sasvim normalna stvar. Pozitivna nije uspjela da ponovi rezultat iz oktobra, ali je dokazala da ima prili\u010dno veliku bazu na kojoj \u0107e temeljiti svoju budu\u0107nost. \u0160to se Andrijevice ti\u010de tu mo\u017eemo biti vrlo zadovoljni, ostvarili smo zacrtani cilj, a nadamo se da je to dobar po\u010detak za ono \u0161to nas \u010deka u narednom periodu kada je sjever zemlje u pitanju\u201c, ocijenio je Abazovi\u0107.<\/p>\n<p>Na pitanje da li \u0107e rejting Pozitivne biti poljuljan nakon ovih rezultata Abazovi\u0107 je kazao da \u0107e to vrijeme pokazati.<\/p>\n<p>&#8220;DPS je krenuo u obra\u010dun sa na\u0161om strankom, logi\u010dno jer zna odakle mu prijeti najve\u0107a opasnost, i nas ta \u010dinjenica raduje. Li\u010dno smatram da smo izgubili bitku, ali \u0107e oni sigurno izgubiti rat. U Crnoj Gori moraju sti\u0107i promjene i to \u0107e se i desiti, a ovi izbori su samo potvrdili tezu da su one bez Pozitivne neizvodljive. Ne sumnjam da \u0107e gra\u0111anima to vremenom postajati sve jasnije, a na nama je da u\u010dinimo sve kako se na to ne bi \u010dekalo predugo\u201c, kazao je izme\u0111u ostalog Abazovi\u0107.<br \/>\n<strong>Izvor:\u00a0Dnevne novine.CdM<\/strong><\/p>\n","protected":false},"excerpt":{"rendered":"<p>Najve\u0107i gubitnici izbora u Nik\u0161i\u0107u su na\u017ealost gra\u0111ani Nik\u0161i\u0107a, koji su dobili vlast kakvu po svemu sude\u0107i ne zaslu\u017euju i koja je i do sada bila najodgovornija za situaciju u kojoj se grad trenutno nalazi, kazao je u razgovoru za Dnevne novine poslanik Pozitivne Crne Gore Dritan Abazovi\u0107. Prema njegovim rije\u010dima ako je to njihova [&hellip;]<\/p>\n","protected":false},"author":1,"featured_media":0,"comment_status":"open","ping_status":"closed","sticky":false,"template":"","format":"standard","meta":{"spay_email":"","jetpack_publicize_message":"","jetpack_is_tweetstorm":false,"jetpack_publicize_feature_enabled":true},"categories":[6950],"tags":[],"jetpack_publicize_connections":[],"yoast_head":"<!-- This site is optimized with the Yoast SEO plugin v19.1 - https:\/\/yoast.com\/wordpress\/plugins\/seo\/ -->\n<title>Abazovi\u0107: Izgubili smo bitku ali ne i rat - Lajme nga Ulqini<\/title>\n<meta name=\"description\" content=\"Najve\u0107i gubitnici izbora u Nik\u0161i\u0107u su na\u017ealost gra\u0111ani Nik\u0161i\u0107a, koji su dobili vlast kakvu po svemu sude\u0107i ne zaslu\u017euju i koja je i do sada bila\" \/>\n<meta name=\"robots\" content=\"index, follow, max-snippet:-1, max-image-preview:large, max-video-preview:-1\" \/>\n<link rel=\"canonical\" href=\"https:\/\/www.visit-ulcinj.com\/blog\/2013\/03\/16\/abazovic-izgubili-smo-bitku-ali-ne-i-rat\/\" \/>\n<meta property=\"og:locale\" content=\"en_US\" \/>\n<meta property=\"og:type\" content=\"article\" \/>\n<meta property=\"og:title\" content=\"Abazovi\u0107: Izgubili smo bitku ali ne i rat - Lajme nga Ulqini\" \/>\n<meta property=\"og:description\" content=\"Najve\u0107i gubitnici izbora u Nik\u0161i\u0107u su na\u017ealost gra\u0111ani Nik\u0161i\u0107a, koji su dobili vlast kakvu po svemu sude\u0107i ne zaslu\u017euju i koja je i do sada bila\" \/>\n<meta property=\"og:url\" content=\"https:\/\/www.visit-ulcinj.com\/blog\/2013\/03\/16\/abazovic-izgubili-smo-bitku-ali-ne-i-rat\/\" \/>\n<meta property=\"og:site_name\" content=\"Lajme nga Ulqini\" \/>\n<meta property=\"article:published_time\" content=\"2013-03-16T16:13:17+00:00\" \/>\n<meta property=\"article:modified_time\" content=\"2013-03-16T16:13:39+00:00\" \/>\n<meta property=\"og:image\" content=\"http:\/\/www.visit-ulcinj.com\/blog\/wp-content\/uploads\/2013\/03\/Dritan-Abazovic_Pozitivna-Crna-Gora_Ulcinj.jpg\" \/>\n<meta name=\"twitter:label1\" content=\"Written by\" \/>\n\t<meta name=\"twitter:data1\" content=\"ulqini\" \/>\n\t<meta name=\"twitter:label2\" content=\"Est. reading time\" \/>\n\t<meta name=\"twitter:data2\" content=\"1 minute\" \/>\n<script type=\"application\/ld+json\" class=\"yoast-schema-graph\">{\"@context\":\"https:\/\/schema.org\",\"@graph\":[{\"@type\":\"WebSite\",\"@id\":\"https:\/\/www.visit-ulcinj.com\/blog\/#website\",\"url\":\"https:\/\/www.visit-ulcinj.com\/blog\/\",\"name\":\"Lajme nga Ulqini\",\"description\":\"Lajme,Vijesti,Ulqini,Ulqin,Crna Gora,Mali i Zi\",\"potentialAction\":[{\"@type\":\"SearchAction\",\"target\":{\"@type\":\"EntryPoint\",\"urlTemplate\":\"https:\/\/www.visit-ulcinj.com\/blog\/?s={search_term_string}\"},\"query-input\":\"required name=search_term_string\"}],\"inLanguage\":\"en-US\"},{\"@type\":\"ImageObject\",\"inLanguage\":\"en-US\",\"@id\":\"https:\/\/www.visit-ulcinj.com\/blog\/2013\/03\/16\/abazovic-izgubili-smo-bitku-ali-ne-i-rat\/#primaryimage\",\"url\":\"https:\/\/www.visit-ulcinj.com\/blog\/wp-content\/uploads\/2013\/03\/Dritan-Abazovic_Pozitivna-Crna-Gora_Ulcinj.jpg\",\"contentUrl\":\"https:\/\/www.visit-ulcinj.com\/blog\/wp-content\/uploads\/2013\/03\/Dritan-Abazovic_Pozitivna-Crna-Gora_Ulcinj.jpg\",\"width\":960,\"height\":639},{\"@type\":\"WebPage\",\"@id\":\"https:\/\/www.visit-ulcinj.com\/blog\/2013\/03\/16\/abazovic-izgubili-smo-bitku-ali-ne-i-rat\/#webpage\",\"url\":\"https:\/\/www.visit-ulcinj.com\/blog\/2013\/03\/16\/abazovic-izgubili-smo-bitku-ali-ne-i-rat\/\",\"name\":\"Abazovi\u0107: Izgubili smo bitku ali ne i rat - Lajme nga Ulqini\",\"isPartOf\":{\"@id\":\"https:\/\/www.visit-ulcinj.com\/blog\/#website\"},\"primaryImageOfPage\":{\"@id\":\"https:\/\/www.visit-ulcinj.com\/blog\/2013\/03\/16\/abazovic-izgubili-smo-bitku-ali-ne-i-rat\/#primaryimage\"},\"datePublished\":\"2013-03-16T16:13:17+00:00\",\"dateModified\":\"2013-03-16T16:13:39+00:00\",\"author\":{\"@id\":\"https:\/\/www.visit-ulcinj.com\/blog\/#\/schema\/person\/dcab619c614d3038751c63bc2aadc06d\"},\"description\":\"Najve\u0107i gubitnici izbora u Nik\u0161i\u0107u su na\u017ealost gra\u0111ani Nik\u0161i\u0107a, koji su dobili vlast kakvu po svemu sude\u0107i ne zaslu\u017euju i koja je i do sada bila\",\"breadcrumb\":{\"@id\":\"https:\/\/www.visit-ulcinj.com\/blog\/2013\/03\/16\/abazovic-izgubili-smo-bitku-ali-ne-i-rat\/#breadcrumb\"},\"inLanguage\":\"en-US\",\"potentialAction\":[{\"@type\":\"ReadAction\",\"target\":[\"https:\/\/www.visit-ulcinj.com\/blog\/2013\/03\/16\/abazovic-izgubili-smo-bitku-ali-ne-i-rat\/\"]}]},{\"@type\":\"BreadcrumbList\",\"@id\":\"https:\/\/www.visit-ulcinj.com\/blog\/2013\/03\/16\/abazovic-izgubili-smo-bitku-ali-ne-i-rat\/#breadcrumb\",\"itemListElement\":[{\"@type\":\"ListItem\",\"position\":1,\"name\":\"Abazovi\u0107: Izgubili smo bitku ali ne i rat\"}]},{\"@type\":\"Person\",\"@id\":\"https:\/\/www.visit-ulcinj.com\/blog\/#\/schema\/person\/dcab619c614d3038751c63bc2aadc06d\",\"name\":\"ulqini\",\"sameAs\":[\"http:\/\/www.visit-ulcinj.com\"],\"url\":\"https:\/\/www.visit-ulcinj.com\/blog\/author\/admin\/\"}]}<\/script>\n<!-- \/ Yoast SEO plugin. -->","yoast_head_json":{"title":"Abazovi\u0107: Izgubili smo bitku ali ne i rat - Lajme nga Ulqini","description":"Najve\u0107i gubitnici izbora u Nik\u0161i\u0107u su na\u017ealost gra\u0111ani Nik\u0161i\u0107a, koji su dobili vlast kakvu po svemu sude\u0107i ne zaslu\u017euju i koja je i do sada bila","robots":{"index":"index","follow":"follow","max-snippet":"max-snippet:-1","max-image-preview":"max-image-preview:large","max-video-preview":"max-video-preview:-1"},"canonical":"https:\/\/www.visit-ulcinj.com\/blog\/2013\/03\/16\/abazovic-izgubili-smo-bitku-ali-ne-i-rat\/","og_locale":"en_US","og_type":"article","og_title":"Abazovi\u0107: Izgubili smo bitku ali ne i rat - Lajme nga Ulqini","og_description":"Najve\u0107i gubitnici izbora u Nik\u0161i\u0107u su na\u017ealost gra\u0111ani Nik\u0161i\u0107a, koji su dobili vlast kakvu po svemu sude\u0107i ne zaslu\u017euju i koja je i do sada bila","og_url":"https:\/\/www.visit-ulcinj.com\/blog\/2013\/03\/16\/abazovic-izgubili-smo-bitku-ali-ne-i-rat\/","og_site_name":"Lajme nga Ulqini","article_published_time":"2013-03-16T16:13:17+00:00","article_modified_time":"2013-03-16T16:13:39+00:00","og_image":[{"url":"http:\/\/www.visit-ulcinj.com\/blog\/wp-content\/uploads\/2013\/03\/Dritan-Abazovic_Pozitivna-Crna-Gora_Ulcinj.jpg"}],"twitter_misc":{"Written by":"ulqini","Est. reading time":"1 minute"},"schema":{"@context":"https:\/\/schema.org","@graph":[{"@type":"WebSite","@id":"https:\/\/www.visit-ulcinj.com\/blog\/#website","url":"https:\/\/www.visit-ulcinj.com\/blog\/","name":"Lajme nga Ulqini","description":"Lajme,Vijesti,Ulqini,Ulqin,Crna Gora,Mali i Zi","potentialAction":[{"@type":"SearchAction","target":{"@type":"EntryPoint","urlTemplate":"https:\/\/www.visit-ulcinj.com\/blog\/?s={search_term_string}"},"query-input":"required name=search_term_string"}],"inLanguage":"en-US"},{"@type":"ImageObject","inLanguage":"en-US","@id":"https:\/\/www.visit-ulcinj.com\/blog\/2013\/03\/16\/abazovic-izgubili-smo-bitku-ali-ne-i-rat\/#primaryimage","url":"https:\/\/www.visit-ulcinj.com\/blog\/wp-content\/uploads\/2013\/03\/Dritan-Abazovic_Pozitivna-Crna-Gora_Ulcinj.jpg","contentUrl":"https:\/\/www.visit-ulcinj.com\/blog\/wp-content\/uploads\/2013\/03\/Dritan-Abazovic_Pozitivna-Crna-Gora_Ulcinj.jpg","width":960,"height":639},{"@type":"WebPage","@id":"https:\/\/www.visit-ulcinj.com\/blog\/2013\/03\/16\/abazovic-izgubili-smo-bitku-ali-ne-i-rat\/#webpage","url":"https:\/\/www.visit-ulcinj.com\/blog\/2013\/03\/16\/abazovic-izgubili-smo-bitku-ali-ne-i-rat\/","name":"Abazovi\u0107: Izgubili smo bitku ali ne i rat - Lajme nga Ulqini","isPartOf":{"@id":"https:\/\/www.visit-ulcinj.com\/blog\/#website"},"primaryImageOfPage":{"@id":"https:\/\/www.visit-ulcinj.com\/blog\/2013\/03\/16\/abazovic-izgubili-smo-bitku-ali-ne-i-rat\/#primaryimage"},"datePublished":"2013-03-16T16:13:17+00:00","dateModified":"2013-03-16T16:13:39+00:00","author":{"@id":"https:\/\/www.visit-ulcinj.com\/blog\/#\/schema\/person\/dcab619c614d3038751c63bc2aadc06d"},"description":"Najve\u0107i gubitnici izbora u Nik\u0161i\u0107u su na\u017ealost gra\u0111ani Nik\u0161i\u0107a, koji su dobili vlast kakvu po svemu sude\u0107i ne zaslu\u017euju i koja je i do sada bila","breadcrumb":{"@id":"https:\/\/www.visit-ulcinj.com\/blog\/2013\/03\/16\/abazovic-izgubili-smo-bitku-ali-ne-i-rat\/#breadcrumb"},"inLanguage":"en-US","potentialAction":[{"@type":"ReadAction","target":["https:\/\/www.visit-ulcinj.com\/blog\/2013\/03\/16\/abazovic-izgubili-smo-bitku-ali-ne-i-rat\/"]}]},{"@type":"BreadcrumbList","@id":"https:\/\/www.visit-ulcinj.com\/blog\/2013\/03\/16\/abazovic-izgubili-smo-bitku-ali-ne-i-rat\/#breadcrumb","itemListElement":[{"@type":"ListItem","position":1,"name":"Abazovi\u0107: Izgubili smo bitku ali ne i rat"}]},{"@type":"Person","@id":"https:\/\/www.visit-ulcinj.com\/blog\/#\/schema\/person\/dcab619c614d3038751c63bc2aadc06d","name":"ulqini","sameAs":["http:\/\/www.visit-ulcinj.com"],"url":"https:\/\/www.visit-ulcinj.com\/blog\/author\/admin\/"}]}},"jetpack_featured_media_url":"","jetpack_sharing_enabled":true,"jetpack_shortlink":"https:\/\/wp.me\/pe6lTn-i7A","_links":{"self":[{"href":"https:\/\/www.visit-ulcinj.com\/blog\/wp-json\/wp\/v2\/posts\/69662"}],"collection":[{"href":"https:\/\/www.visit-ulcinj.com\/blog\/wp-json\/wp\/v2\/posts"}],"about":[{"href":"https:\/\/www.visit-ulcinj.com\/blog\/wp-json\/wp\/v2\/types\/post"}],"author":[{"embeddable":true,"href":"https:\/\/www.visit-ulcinj.com\/blog\/wp-json\/wp\/v2\/users\/1"}],"replies":[{"embeddable":true,"href":"https:\/\/www.visit-ulcinj.com\/blog\/wp-json\/wp\/v2\/comments?post=69662"}],"version-history":[{"count":2,"href":"https:\/\/www.visit-ulcinj.com\/blog\/wp-json\/wp\/v2\/posts\/69662\/revisions"}],"predecessor-version":[{"id":69665,"href":"https:\/\/www.visit-ulcinj.com\/blog\/wp-json\/wp\/v2\/posts\/69662\/revisions\/69665"}],"wp:attachment":[{"href":"https:\/\/www.visit-ulcinj.com\/blog\/wp-json\/wp\/v2\/media?parent=69662"}],"wp:term":[{"taxonomy":"category","embeddable":true,"href":"https:\/\/www.visit-ulcinj.com\/blog\/wp-json\/wp\/v2\/categories?post=69662"},{"taxonomy":"post_tag","embeddable":true,"href":"https:\/\/www.visit-ulcinj.com\/blog\/wp-json\/wp\/v2\/tags?post=69662"}],"curies":[{"name":"wp","href":"https:\/\/api.w.org\/{rel}","templated":true}]}}