{"id":69668,"date":"2013-03-16T18:09:02","date_gmt":"2013-03-16T17:09:02","guid":{"rendered":"http:\/\/www.visit-ulcinj.com\/blog\/?p=69668"},"modified":"2013-03-16T18:09:02","modified_gmt":"2013-03-16T17:09:02","slug":"nikolla-camaj-filip-ante-portas","status":"publish","type":"post","link":"https:\/\/www.visit-ulcinj.com\/blog\/2013\/03\/16\/nikolla-camaj-filip-ante-portas\/","title":{"rendered":"Nikolla Camaj: Filip ante portas"},"content":{"rendered":"<p><strong><a href=\"http:\/\/www.visit-ulcinj.com\/blog\/wp-content\/uploads\/2013\/03\/FilipVujanovic-ulcinj-4-mart.jpg\"><img loading=\"lazy\" class=\"alignleft  wp-image-69670\" alt=\"FilipVujanovic-ulcinj-4-mart\" src=\"http:\/\/www.visit-ulcinj.com\/blog\/wp-content\/uploads\/2013\/03\/FilipVujanovic-ulcinj-4-mart.jpg\" width=\"508\" height=\"360\" \/><\/a>STAV<\/strong><\/p>\n<p>Na\u0161im liderima i manjinama u Crnoj Gori treba biti jasno da jedno neodr\u017eano obe\u0107anje vi\u0161e, u moru mnogih drugih neispunjenih, vjerovatno ne\u0107e zna\u010diti mnogo onima kojima ni Ustav ne zna\u010di, jer o\u010dekivati da \u0107e predjsednik koji kr\u0161i svoj Ustav radi vlastitog kandidovanja ispuniti data obe\u0107anja, potpuno je besmisleno<\/p>\n<div id=\"article_text\">\n<p>Predsjedni\u010dki kandidat, g-din Filip Vujanovi\u0107, na promotivnom skupu u Ulcinju, gdje je i zapo\u010deo kampanju, re\u010de da je ponosan \u0161to ga Albanci podr\u017eavaju i da cijeni \u0161to su oni &#8220;dali nemjerljiv doprinos stvaranju dr\u017eave Crne Gore&#8221;, a, bogami, mogao je dodati i odr\u017eavanju DPS na vlasti dugih 15 godina.<\/p>\n<p>A zauzvrat &#8211; Albancima ni\u0161ta! Sem srednjeg prsta gospodina \u0110ukanovi\u0107a prilikom obe\u0107anja referenduma za op\u0161tinu Malesiju, \u0161to je ina\u010de i ovih dana sredstvo trgovine, to jest ucjene. Re\u010de to Filip, ali mi pojedini ne vjerovasmo, jer od onih koji su svoju kampanju vodili protiv DPS-a i DUA-e o\u010dekivali smo suprotno. Ali, imade \u010dovjek pravo. Na\u0161i politi\u010dki prvaci mu obe\u0107a\u0161e svoju i podr\u0161ku svojih glasa\u010da. Samo da ih jo\u0161 ovi drugi poslu\u0161aju?!<\/p>\n<p>A ima nagovje\u0161taja da ne\u0107e! Jer ne mogu vidjeti \u010dime ih je to g-din Vujanovi\u0107 zadu\u017eio. Neka podr\u017eavaoci navedu jednu njegovu zaslugu; neka nam on li\u010dno ili predstavnici njegove stranke navedu jedan jedini razlog, ne ra\u010dunaju\u0107i njihove li\u010dne interese, tj. razloge, za\u0161to bi ga Albanci, pa i ostale manjine, podr\u017eali. Oni ih nemaju. A manjine u Crnoj Gori znaju na stotine razloga zbog \u010dega ga ne treba podr\u017eati. Od vremena kada je bio ministar policije, zatim predsjednik vlade, pa sve do predsjednika dr\u017eave.<\/p>\n<p>Na\u0161i lideri, prema navodima \u0161tampe, podr\u0161ku Vujanovi\u0107u poku\u0161avaju opravdati obe\u0107anim referendumom za op\u0161tinu, dok neki podr\u0161ku upravo time uslovljavaju, \u0161to, i ako se organizuje, uop\u0161te nije garant da \u0107e op\u0161tine biti, ve\u0107 samo produ\u017eetak igre \u0161tapa i \u0161argarepe. Samo bog ti ga zna koliko se jo\u0161 ucjena planira i koliko se izbora planira dobiti na ra\u010dun tog obe\u0107anja, odnosno prevare. Ina\u010de, smatram da nekome ko do sada nije ispunio nijedno obe\u0107anje i nije po\u0161tovao nijedan dogovor, nije red vjerovati ni sada.<\/p>\n<p>Ako bi mu se vjerovalo, ispali bismo u najmanju ruku naivni, a u o\u010dima onih koji znaju kako funkcioni\u0161e ova vlast, i prodavci, tj. trgovci pravima svojih gra\u0111ana. A pitanje je: ko to smije da elementarno pravo smatra sredstvom ucjene ili trgovine. Time bi na\u0161i lideri nagradili upravo onoga koji uskra\u0107uje to elementarno pravo ve\u0107 decenijama. Gdje to na\u0161i politi\u010dki prvaci na\u0111o\u0161e upori\u0161te da podr\u017ee neustavnog kandidata. Kandidata, za \u010dijeg su mandata manjine dovedene u gori polo\u017eaj od svih manjina u dr\u017eavama u okru\u017eenju, gdje nijesu bile toliko naklonjene dr\u017eavi u kojoj \u017eive, kao \u0161to je to slu\u010daj u Crnoj Gori.<br \/>\n<a href=\"http:\/\/www.visit-ulcinj.com\/blog\/wp-content\/uploads\/2013\/03\/Filip-Vujanovic-ulcinj-3-mart.jpg\"><img loading=\"lazy\" class=\"alignleft  wp-image-69671\" alt=\"Filip-Vujanovic-ulcinj-3-mart\" src=\"http:\/\/www.visit-ulcinj.com\/blog\/wp-content\/uploads\/2013\/03\/Filip-Vujanovic-ulcinj-3-mart.jpg\" width=\"508\" height=\"300\" \/><\/a><\/p>\n<p>No, kako stvari stoje Albanci ne misle ba\u0161 kao njihovi lideri. Oni stidljivo, a poneko i u strahu, pominju mnoge razloge zbog \u010dega \u0107e otkazati poslu\u0161nost svojim liderima i ne\u0107e podr\u017eati njihovog favorita, upravo zbog toga \u0161to &#8211; &#8220;Poznajemo ga&#8221;. A manjine ga poznaju i pamte dobro! Bo\u0161njaci i Muslimani ga najbolje pamte po hap\u0161enjima \u010delnika SDA, 1992. godine, te po upadu specijalaca na stadion u Plav 1996. godine, kada je bio ministar policije. A mi Albanci, pored ostalog, po policijskoj akciji &#8220;Orlov let&#8221; i montiranom sudskom procesu, a posebno po torturi nad starim, \u017eenama, djecom i pritvorenima, te \u0107e se vjerovatno mnogi na dan glasanja odlu\u010diti upravo prema tim &#8220;zaslugama&#8221;. Ako ga zbog ovog treba podr\u017eati, onda sam i ja tu!<\/p>\n<p>Me\u0111utim, oni koji su se izjasnili za podr\u0161ku, jednog dana se mogu i postidjeti toga. Zato se, kao Albanac pridru\u017eujem nezadovoljnima odlukom na\u0161ih politi\u010dkih prvaka i u ime svih nezadovoljnih di\u017eem glas protiv ove podr\u0161ke i protiv ucjenivanja na\u0161im pravima, kojima je cilj jo\u0161 jedna prevara. Di\u017eem glas protiv pozicije &#8220;\u0161tapa i \u0161argarepe&#8221;, protiv la\u017ene nade za lakovjerne i podanike, to jest interesne grupacije, jer pod ovom vla\u0161\u0107u op\u0161tine nema. Di\u017eem glas protiv nagra\u0111ivanja onih koji igraju ulogu vlasnika na\u0161ih prava i na\u0161ih \u017eivota. Smatraju\u0107i da je jedini spas cjelokupnog dru\u0161tva, pa i Crne Gore, u promjenama, kao Albanac ka\u017eem da na izborima mi nemamo svog favorita, ali znamo kome treba re\u0107i NE.<\/p>\n<p>Protestujem protiv ovakve uloge politi\u010dkih vo\u0111a Albanaca koji su svoje mandate dobili na opciji protiv ove vlasti, pa pohita\u0161e u zagrljaj iste, odmah poslije izbora, te ispado\u0161e marionete u rukama vlasti, pa smatram da se oni moraju javno izviniti Demokratskoj uniji Albanaca i njenom biv\u0161em lideru Dino\u0161i za sve optu\u017ebe na ra\u010dun njegove saradnje sa vlastima. Ipak, ova saradnja je manje principijelna i manje korisna. A i naivnija! I svakako, manje potrebna Crnoj Gori.<\/p>\n<p>I na kraju, na\u0161im liderima i manjinama u Crnoj Gori treba biti jasno da jedno neodr\u017eano obe\u0107anje vi\u0161e, u moru mnogih drugih neispunjenih, vjerovatno ne\u0107e zna\u010diti mnogo onima kojima ni Ustav ne zna\u010di, jer o\u010dekivati da \u0107e predjsednik koji kr\u0161i svoj Ustav radi vlastitog kandidovanja ispuniti data obe\u0107anja, potpuno je besmisleno.<\/p>\n<p>Prvi ponedjeljak nakon pobjede DPS-a u Nik\u0161i\u0107u, jedan kolega, kome je izgleda bitnija pobjeda u Nik\u0161i\u0107u nego status i prosperitet Malesije, umjesto da nam ka\u017ee Dobro jutro, presre\u0107an i ushi\u0107eno re\u010de: \u201eLjudi, Filip ante portas!\u201c \u0160to se manjina u Crnoj Gori ti\u010de, trebalo bi mu omogu\u0107iti da isto to vi\u010de i dan poslije predsjedi\u010dkih izbora. Filip iza vrata!<\/p>\n<p><a href=\"http:\/\/www.vijesti.me\/kolumne\/filip-ante-portas-kolumna-118438http:\/\/\" target=\"_blank\"><strong>Vijesti online<\/strong><\/a><\/p>\n<\/div>\n","protected":false},"excerpt":{"rendered":"<p>STAV Na\u0161im liderima i manjinama u Crnoj Gori treba biti jasno da jedno neodr\u017eano obe\u0107anje vi\u0161e, u moru mnogih drugih neispunjenih, vjerovatno ne\u0107e zna\u010diti mnogo onima kojima ni Ustav ne zna\u010di, jer o\u010dekivati da \u0107e predjsednik koji kr\u0161i svoj Ustav radi vlastitog kandidovanja ispuniti data obe\u0107anja, potpuno je besmisleno Predsjedni\u010dki kandidat, g-din Filip Vujanovi\u0107, na [&hellip;]<\/p>\n","protected":false},"author":1,"featured_media":0,"comment_status":"open","ping_status":"closed","sticky":false,"template":"","format":"standard","meta":{"spay_email":"","jetpack_publicize_message":"","jetpack_is_tweetstorm":false,"jetpack_publicize_feature_enabled":true},"categories":[6950],"tags":[19],"jetpack_publicize_connections":[],"yoast_head":"<!-- This site is optimized with the Yoast SEO plugin v19.1 - https:\/\/yoast.com\/wordpress\/plugins\/seo\/ -->\n<title>Nikolla Camaj: Filip ante portas - Lajme nga Ulqini<\/title>\n<meta name=\"description\" content=\"STAV Na\u0161im liderima i manjinama u Crnoj Gori treba biti jasno da jedno neodr\u017eano obe\u0107anje vi\u0161e, u moru mnogih drugih neispunjenih, vjerovatno ne\u0107e zna\u010diti\" \/>\n<meta name=\"robots\" content=\"index, follow, max-snippet:-1, max-image-preview:large, max-video-preview:-1\" \/>\n<link rel=\"canonical\" href=\"https:\/\/www.visit-ulcinj.com\/blog\/2013\/03\/16\/nikolla-camaj-filip-ante-portas\/\" \/>\n<meta property=\"og:locale\" content=\"en_US\" \/>\n<meta property=\"og:type\" content=\"article\" \/>\n<meta property=\"og:title\" content=\"Nikolla Camaj: Filip ante portas - Lajme nga Ulqini\" \/>\n<meta property=\"og:description\" content=\"STAV Na\u0161im liderima i manjinama u Crnoj Gori treba biti jasno da jedno neodr\u017eano obe\u0107anje vi\u0161e, u moru mnogih drugih neispunjenih, vjerovatno ne\u0107e zna\u010diti\" \/>\n<meta property=\"og:url\" content=\"https:\/\/www.visit-ulcinj.com\/blog\/2013\/03\/16\/nikolla-camaj-filip-ante-portas\/\" \/>\n<meta property=\"og:site_name\" content=\"Lajme nga Ulqini\" \/>\n<meta property=\"article:published_time\" content=\"2013-03-16T17:09:02+00:00\" \/>\n<meta property=\"og:image\" content=\"http:\/\/www.visit-ulcinj.com\/blog\/wp-content\/uploads\/2013\/03\/FilipVujanovic-ulcinj-4-mart.jpg\" \/>\n<meta name=\"twitter:label1\" content=\"Written by\" \/>\n\t<meta name=\"twitter:data1\" content=\"ulqini\" \/>\n\t<meta name=\"twitter:label2\" content=\"Est. reading time\" \/>\n\t<meta name=\"twitter:data2\" content=\"5 minutes\" \/>\n<script type=\"application\/ld+json\" class=\"yoast-schema-graph\">{\"@context\":\"https:\/\/schema.org\",\"@graph\":[{\"@type\":\"WebSite\",\"@id\":\"https:\/\/www.visit-ulcinj.com\/blog\/#website\",\"url\":\"https:\/\/www.visit-ulcinj.com\/blog\/\",\"name\":\"Lajme nga Ulqini\",\"description\":\"Lajme,Vijesti,Ulqini,Ulqin,Crna Gora,Mali i Zi\",\"potentialAction\":[{\"@type\":\"SearchAction\",\"target\":{\"@type\":\"EntryPoint\",\"urlTemplate\":\"https:\/\/www.visit-ulcinj.com\/blog\/?s={search_term_string}\"},\"query-input\":\"required name=search_term_string\"}],\"inLanguage\":\"en-US\"},{\"@type\":\"ImageObject\",\"inLanguage\":\"en-US\",\"@id\":\"https:\/\/www.visit-ulcinj.com\/blog\/2013\/03\/16\/nikolla-camaj-filip-ante-portas\/#primaryimage\",\"url\":\"https:\/\/www.visit-ulcinj.com\/blog\/wp-content\/uploads\/2013\/03\/FilipVujanovic-ulcinj-4-mart.jpg\",\"contentUrl\":\"https:\/\/www.visit-ulcinj.com\/blog\/wp-content\/uploads\/2013\/03\/FilipVujanovic-ulcinj-4-mart.jpg\",\"width\":1000,\"height\":665},{\"@type\":\"WebPage\",\"@id\":\"https:\/\/www.visit-ulcinj.com\/blog\/2013\/03\/16\/nikolla-camaj-filip-ante-portas\/#webpage\",\"url\":\"https:\/\/www.visit-ulcinj.com\/blog\/2013\/03\/16\/nikolla-camaj-filip-ante-portas\/\",\"name\":\"Nikolla Camaj: Filip ante portas - Lajme nga Ulqini\",\"isPartOf\":{\"@id\":\"https:\/\/www.visit-ulcinj.com\/blog\/#website\"},\"primaryImageOfPage\":{\"@id\":\"https:\/\/www.visit-ulcinj.com\/blog\/2013\/03\/16\/nikolla-camaj-filip-ante-portas\/#primaryimage\"},\"datePublished\":\"2013-03-16T17:09:02+00:00\",\"dateModified\":\"2013-03-16T17:09:02+00:00\",\"author\":{\"@id\":\"https:\/\/www.visit-ulcinj.com\/blog\/#\/schema\/person\/dcab619c614d3038751c63bc2aadc06d\"},\"description\":\"STAV Na\u0161im liderima i manjinama u Crnoj Gori treba biti jasno da jedno neodr\u017eano obe\u0107anje vi\u0161e, u moru mnogih drugih neispunjenih, vjerovatno ne\u0107e zna\u010diti\",\"breadcrumb\":{\"@id\":\"https:\/\/www.visit-ulcinj.com\/blog\/2013\/03\/16\/nikolla-camaj-filip-ante-portas\/#breadcrumb\"},\"inLanguage\":\"en-US\",\"potentialAction\":[{\"@type\":\"ReadAction\",\"target\":[\"https:\/\/www.visit-ulcinj.com\/blog\/2013\/03\/16\/nikolla-camaj-filip-ante-portas\/\"]}]},{\"@type\":\"BreadcrumbList\",\"@id\":\"https:\/\/www.visit-ulcinj.com\/blog\/2013\/03\/16\/nikolla-camaj-filip-ante-portas\/#breadcrumb\",\"itemListElement\":[{\"@type\":\"ListItem\",\"position\":1,\"name\":\"Nikolla Camaj: Filip ante portas\"}]},{\"@type\":\"Person\",\"@id\":\"https:\/\/www.visit-ulcinj.com\/blog\/#\/schema\/person\/dcab619c614d3038751c63bc2aadc06d\",\"name\":\"ulqini\",\"sameAs\":[\"http:\/\/www.visit-ulcinj.com\"],\"url\":\"https:\/\/www.visit-ulcinj.com\/blog\/author\/admin\/\"}]}<\/script>\n<!-- \/ Yoast SEO plugin. -->","yoast_head_json":{"title":"Nikolla Camaj: Filip ante portas - Lajme nga Ulqini","description":"STAV Na\u0161im liderima i manjinama u Crnoj Gori treba biti jasno da jedno neodr\u017eano obe\u0107anje vi\u0161e, u moru mnogih drugih neispunjenih, vjerovatno ne\u0107e zna\u010diti","robots":{"index":"index","follow":"follow","max-snippet":"max-snippet:-1","max-image-preview":"max-image-preview:large","max-video-preview":"max-video-preview:-1"},"canonical":"https:\/\/www.visit-ulcinj.com\/blog\/2013\/03\/16\/nikolla-camaj-filip-ante-portas\/","og_locale":"en_US","og_type":"article","og_title":"Nikolla Camaj: Filip ante portas - Lajme nga Ulqini","og_description":"STAV Na\u0161im liderima i manjinama u Crnoj Gori treba biti jasno da jedno neodr\u017eano obe\u0107anje vi\u0161e, u moru mnogih drugih neispunjenih, vjerovatno ne\u0107e zna\u010diti","og_url":"https:\/\/www.visit-ulcinj.com\/blog\/2013\/03\/16\/nikolla-camaj-filip-ante-portas\/","og_site_name":"Lajme nga Ulqini","article_published_time":"2013-03-16T17:09:02+00:00","og_image":[{"url":"http:\/\/www.visit-ulcinj.com\/blog\/wp-content\/uploads\/2013\/03\/FilipVujanovic-ulcinj-4-mart.jpg"}],"twitter_misc":{"Written by":"ulqini","Est. reading time":"5 minutes"},"schema":{"@context":"https:\/\/schema.org","@graph":[{"@type":"WebSite","@id":"https:\/\/www.visit-ulcinj.com\/blog\/#website","url":"https:\/\/www.visit-ulcinj.com\/blog\/","name":"Lajme nga Ulqini","description":"Lajme,Vijesti,Ulqini,Ulqin,Crna Gora,Mali i Zi","potentialAction":[{"@type":"SearchAction","target":{"@type":"EntryPoint","urlTemplate":"https:\/\/www.visit-ulcinj.com\/blog\/?s={search_term_string}"},"query-input":"required name=search_term_string"}],"inLanguage":"en-US"},{"@type":"ImageObject","inLanguage":"en-US","@id":"https:\/\/www.visit-ulcinj.com\/blog\/2013\/03\/16\/nikolla-camaj-filip-ante-portas\/#primaryimage","url":"https:\/\/www.visit-ulcinj.com\/blog\/wp-content\/uploads\/2013\/03\/FilipVujanovic-ulcinj-4-mart.jpg","contentUrl":"https:\/\/www.visit-ulcinj.com\/blog\/wp-content\/uploads\/2013\/03\/FilipVujanovic-ulcinj-4-mart.jpg","width":1000,"height":665},{"@type":"WebPage","@id":"https:\/\/www.visit-ulcinj.com\/blog\/2013\/03\/16\/nikolla-camaj-filip-ante-portas\/#webpage","url":"https:\/\/www.visit-ulcinj.com\/blog\/2013\/03\/16\/nikolla-camaj-filip-ante-portas\/","name":"Nikolla Camaj: Filip ante portas - Lajme nga Ulqini","isPartOf":{"@id":"https:\/\/www.visit-ulcinj.com\/blog\/#website"},"primaryImageOfPage":{"@id":"https:\/\/www.visit-ulcinj.com\/blog\/2013\/03\/16\/nikolla-camaj-filip-ante-portas\/#primaryimage"},"datePublished":"2013-03-16T17:09:02+00:00","dateModified":"2013-03-16T17:09:02+00:00","author":{"@id":"https:\/\/www.visit-ulcinj.com\/blog\/#\/schema\/person\/dcab619c614d3038751c63bc2aadc06d"},"description":"STAV Na\u0161im liderima i manjinama u Crnoj Gori treba biti jasno da jedno neodr\u017eano obe\u0107anje vi\u0161e, u moru mnogih drugih neispunjenih, vjerovatno ne\u0107e zna\u010diti","breadcrumb":{"@id":"https:\/\/www.visit-ulcinj.com\/blog\/2013\/03\/16\/nikolla-camaj-filip-ante-portas\/#breadcrumb"},"inLanguage":"en-US","potentialAction":[{"@type":"ReadAction","target":["https:\/\/www.visit-ulcinj.com\/blog\/2013\/03\/16\/nikolla-camaj-filip-ante-portas\/"]}]},{"@type":"BreadcrumbList","@id":"https:\/\/www.visit-ulcinj.com\/blog\/2013\/03\/16\/nikolla-camaj-filip-ante-portas\/#breadcrumb","itemListElement":[{"@type":"ListItem","position":1,"name":"Nikolla Camaj: Filip ante portas"}]},{"@type":"Person","@id":"https:\/\/www.visit-ulcinj.com\/blog\/#\/schema\/person\/dcab619c614d3038751c63bc2aadc06d","name":"ulqini","sameAs":["http:\/\/www.visit-ulcinj.com"],"url":"https:\/\/www.visit-ulcinj.com\/blog\/author\/admin\/"}]}},"jetpack_featured_media_url":"","jetpack_sharing_enabled":true,"jetpack_shortlink":"https:\/\/wp.me\/pe6lTn-i7G","_links":{"self":[{"href":"https:\/\/www.visit-ulcinj.com\/blog\/wp-json\/wp\/v2\/posts\/69668"}],"collection":[{"href":"https:\/\/www.visit-ulcinj.com\/blog\/wp-json\/wp\/v2\/posts"}],"about":[{"href":"https:\/\/www.visit-ulcinj.com\/blog\/wp-json\/wp\/v2\/types\/post"}],"author":[{"embeddable":true,"href":"https:\/\/www.visit-ulcinj.com\/blog\/wp-json\/wp\/v2\/users\/1"}],"replies":[{"embeddable":true,"href":"https:\/\/www.visit-ulcinj.com\/blog\/wp-json\/wp\/v2\/comments?post=69668"}],"version-history":[{"count":1,"href":"https:\/\/www.visit-ulcinj.com\/blog\/wp-json\/wp\/v2\/posts\/69668\/revisions"}],"predecessor-version":[{"id":69672,"href":"https:\/\/www.visit-ulcinj.com\/blog\/wp-json\/wp\/v2\/posts\/69668\/revisions\/69672"}],"wp:attachment":[{"href":"https:\/\/www.visit-ulcinj.com\/blog\/wp-json\/wp\/v2\/media?parent=69668"}],"wp:term":[{"taxonomy":"category","embeddable":true,"href":"https:\/\/www.visit-ulcinj.com\/blog\/wp-json\/wp\/v2\/categories?post=69668"},{"taxonomy":"post_tag","embeddable":true,"href":"https:\/\/www.visit-ulcinj.com\/blog\/wp-json\/wp\/v2\/tags?post=69668"}],"curies":[{"name":"wp","href":"https:\/\/api.w.org\/{rel}","templated":true}]}}