{"id":69709,"date":"2013-03-16T22:06:40","date_gmt":"2013-03-16T21:06:40","guid":{"rendered":"http:\/\/www.visit-ulcinj.com\/blog\/?p=69709"},"modified":"2013-03-16T22:45:42","modified_gmt":"2013-03-16T21:45:42","slug":"bejtexhinjte-e-ulqinit-sytkiu-dhe-silveri","status":"publish","type":"post","link":"https:\/\/www.visit-ulcinj.com\/blog\/2013\/03\/16\/bejtexhinjte-e-ulqinit-sytkiu-dhe-silveri\/","title":{"rendered":"Bejtexhinjte e Ulqinit,.. Sytkiu dhe Silveri"},"content":{"rendered":"<p style=\"text-align: center;\"><strong><a href=\"http:\/\/www.visit-ulcinj.com\/blog\/wp-content\/uploads\/2013\/03\/Sutki-Malohodziq_Silver-Korda.jpg\"><img loading=\"lazy\" class=\"alignleft  wp-image-69710\" alt=\"Sutki Malohodziq_Silver Korda\" src=\"http:\/\/www.visit-ulcinj.com\/blog\/wp-content\/uploads\/2013\/03\/Sutki-Malohodziq_Silver-Korda.jpg\" width=\"508\" height=\"322\" \/><\/a>Bejtexhinjt\u00eb e Ulqinit<\/strong><\/p>\n<p>Bejtja, si krijimtari \u00eb rrym\u00ebs letrare n\u00eb let\u00ebrsin\u00eb e gjuh\u00ebs ton\u00eb, sot pak a shum\u00eb \u00ebsht\u00eb e harruar dhe e l\u00ebn\u00eb pas dore. Natyrisht, p\u00ebrjashtime t\u00eb vogla ka n\u00eb Shkod\u00ebr dhe n\u00eb Ulqinin ton\u00eb t\u00eb bukur, ku ende edhe sot kultivohet bejtja si krijimtari letrare dhe b\u00ebn pjes\u00eb n\u00eb folklorin ton\u00eb. Edhe sot ka bejtexhi q\u00eb shkruajn\u00eb bejte, prandaj do t\u00eb ishte mir\u00eb t\u2019i kujtojm\u00eb nga nj\u00ebher\u00eb, t\u00eb shkruajm\u00eb n\u00eb revista, t\u00eb mbahet ndonj\u00eb simpozium p\u00ebr bejtexhinj\u00eb me q\u00ebllim q\u00eb mos t\u2019i harrojm\u00eb fare. Bejtexhinjt\u00eb e sot\u00ebm nuk jan\u00eb si ata q\u00eb kan\u00eb qen\u00eb dikur, kur\u00eb jan\u00eb treguar bejtet goj\u00eb m\u00eb goj\u00eb. Bejtra ka lindur kur di\u00e7ka ka ndodhur, jan\u00eb qit\u00eb n\u00eb Pazarin ton\u00eb. M\u00eb s\u00eb shumti \u00ebsht\u00eb kultivuar bejtja \u201cqit e prit\u201d.<\/p>\n<p>Sot kemi n\u00eb Ulqin dy autor\u00eb, t\u00eb cil\u00ebt me libra tashm\u00eb t\u00eb botuara q\u00eb kan\u00eb t\u00eb b\u00ebjn\u00eb me bejte, kan\u00eb filluar bejtes t\u2019ia kthejn\u00eb imazhin q\u00eb e kan\u00eb patur dikur\u00eb. K\u00ebshtu, prap se prap, kjo rrym\u00eb n\u00eb let\u00ebrsin\u00eb ton\u00eb nuk \u00ebsht\u00eb fare e harruar, prandaj d\u00ebshiroj me k\u00ebt\u00eb tekst t\u2019i p\u00ebrkujtoj lexuesit se ende edhe sot n\u00eb Shkod\u00ebr dhe posa\u00e7\u00ebrisht n\u00eb Ulqin kultivohet dhe shkruhet bejtja nga ato t\u00eb cil\u00ebt bejten e kan\u00eb n\u00eb gjak, n\u00eb gjene, n\u00eb trashigimi. Me respekt t\u00eb posa\u00e7\u00ebm dua t\u2019i p\u00ebrmend dy bejtexhi nga Ulqini: Sutki Malohoxh\u00ebn i cili k\u00ebt\u00eb veti e ka trashiguar nga gjyshja e tij \u2013 hanko Lufja, dhe Silver Kord\u00ebn i cili me talent e trashigoi gjyshen e tij \u2013 hanko Bejazen. Ishin k\u00ebto dy zonja ulqinake, t\u00eb cilat edhe sot p\u00ebrmenden me respekt t\u00eb posa\u00e7\u00ebm gjat\u00eb bisedave t\u00eb p\u00ebrditshme. P\u00ebrmenden p\u00ebr mndjempreht\u00ebsin e tyre, pasi n\u00eb \u00e7do rast, n\u00eb \u00e7do moment e kan\u00eb pasur \u201cxhevapin n\u00eb xhep\u201d p\u00ebr \u00e7do kend. Bejtja ka pasur dhe ende e ka \u201cthumin\u201d q\u00eb i dedikohet objektit ose personazhit q\u00eb \u00ebsht\u00eb n\u00eb fjal\u00eb. K\u00ebto dy zonja kan\u00eb mbetur pra n\u00eb kujtes\u00ebn e popullit, si gra t\u00eb urta t\u00eb cilat nuk e dinin shkrimin dhe leximin, por kan\u00eb l\u00ebn\u00eb gjurm\u00eb t\u00eb madhe tek trash\u00ebguesit q\u00eb e vazhdojn\u00eb rrym\u00ebn e bejtaris\u00eb, rrym\u00eb e cila vazhdon t\u00eb kultivohet n\u00eb form\u00eb t\u00eb shkruar k\u00ebtu tek ne.<br \/>\n<a href=\"http:\/\/www.visit-ulcinj.com\/blog\/wp-content\/uploads\/2013\/03\/Sutki-Malohodziq_Ulqin.jpg\"><img loading=\"lazy\" class=\"alignleft  wp-image-69711\" alt=\"Sutki Malohodziq_Ulqin\" src=\"http:\/\/www.visit-ulcinj.com\/blog\/wp-content\/uploads\/2013\/03\/Sutki-Malohodziq_Ulqin.jpg\" width=\"508\" height=\"300\" \/><\/a><\/p>\n<p>Prandaj them, se \u00ebsht\u00eb mir\u00eb q\u00eb ende ka njer\u00ebz t\u00eb cil\u00ebt kan\u00eb aft\u00ebsi ta kultivojn\u00eb bejten n\u00eb form\u00eb t\u00eb shkruar. K\u00ebshtu kjo tradit\u00eb nuk do t\u00eb hubmet, por do t\u00eb mtetet e sh\u00ebnuar n\u00eb let\u00ebrsin\u00eb ton\u00eb popullore. Kjo \u00ebsht\u00eb gj\u00eb e mir\u00eb, pasi ka kaluar nj\u00eb koh\u00eb e gjat\u00eb q\u00eb kjo form\u00eb e krijimtaris\u00eb popullore nuk \u00ebsht\u00eb p\u00ebrmendur. \u00cbsht\u00eb mir\u00eb q\u00eb t\u00eb p\u00ebrmendet bejtja si vazhdim\u00ebsi e nj\u00eb tradite, natyrisht tani m\u00eb n\u00eb kushte t\u00eb tjera, do t\u00eb thoja t\u00eb ndryshme t\u00eb zhvillimit ekonomiko-shoq\u00ebror. Jeta moderne, zhvillimi i turizmit sjellin nj\u00eb humor tjet\u00ebr, humor q\u00eb e gjejm\u00eb tek bejtexhinjt\u00eb e Ulqinit. K\u00ebtu pra e takojm\u00eb bejten kushtuar ngjarjeve t\u00eb p\u00ebrditshme q\u00eb kan\u00eb t\u00eb b\u00ebjn\u00eb edhe me sezonin turistik, si p.sh. a ka pas \u201cgosta\u201d, si ka me qen\u00eb sezoni dhe k\u00ebshtu m\u00eb radh\u00eb. Pavar\u00ebsisht se bejtja nuk \u00ebsht\u00eb n\u00eb lul\u00ebtimin e dikursh\u00ebm, ndigjihet pra nganj\u00ebher\u00eb edhe n\u00eb k\u00ebto kushte t\u00eb jet\u00ebs moderne. Me r\u00ebnd\u00ebsi \u00ebsht\u00eb se ato shkruhen dhe k\u00ebshtu mbesin thesar i folklorit ton\u00eb ulqinak. Duke i lexuar dhe studiuar bejtet e autor\u00ebve tan\u00eb, takojm\u00eb tema t\u00eb ndryshme. N\u00eb sh\u00ebnjest\u00ebr gjendet edhe politika si tem\u00eb e pashmangshme, por pa qeder si\u00e7 e thot\u00eb popullit. Dikur bejtja \u00ebsht\u00eb m\u00ebsuar p\u00ebrmend\u00ebsh. Skena e saj\u00eb gjithmon\u00eb ka qen\u00eb Pazari i Ulqinit, vend ku kan\u00eb ndodhur ngjarjet dhe jan\u00eb takuar personazhe t\u00eb ndryshme. Tani m\u00eb ambienti i Pazarit, ku shpesh her\u00eb bejtet jan\u00eb k\u00ebnduar dhe jan\u00eb p\u00ebrcjellur me vegla muzikore violin\u00eb dhe daire, ka mbetur vet\u00ebm n\u00eb kujtes\u00ebn e t\u00eb moshuarve tan\u00eb. Pazari i Ulqinit e ka pasur shpirtin e vet, me duganj\u00eb t\u00eb vjetra artizanatesh, berberhane, me kroje ku \u00ebsht\u00eb mbledhur populli. K\u00ebto vendtakime sot i ka zhdukur arkitektura moderne. Kjo arkitektur\u00eb ia ka marr\u00eb shpirtin Pazarit si dhe Ran\u00ebs. P\u00ebr fat trashig\u00ebmia e bejtes e cila sjell humor dhe sarkaz\u00ebm, kultivohet sot nga autor\u00ebt e p\u00ebrmendur Sutki Malohoxha dhe Silver Korda. Nga l\u00ebmi i bejtaris\u00eb Sutki Malohoxha ka botuar librat me titull: \u201cBejtexhinjt\u00eb e Ulqinit dhe veprat e tyre\u201d dhe \u201cNelt e posht\u00eb Pazarit\u201d, dhe Silver Korda \u201cBejte t\u00eb reja p\u00ebr Ulqin\u201d dhe \u201cPorsi gj\u00ebmbat e iriqit\u201d. Dua t\u00eb theksoj pavar\u00ebsisht nga rrethanat moderne dhe ndryshimet n\u00eb jet\u00eb n\u00eb p\u00ebrgjith\u00ebsi, skena e bejtes ka mbetur n\u00eb Pazar, n\u00eb Ran\u00eb dhe n\u00eb Kala. Humori dhe \u201cthumbi\u201d t\u00eb cilin e ka bejtja \u00ebsht\u00eb aty, k\u00ebshtu q\u00eb autori shpesh her\u00eb e p\u00ebrqesh edhe vehten. Nuk kursehet askush, pena e mpreht\u00eb e bejtexhiut \u00ebsht\u00eb gjithmon\u00eb prezente duke u fokusuar n\u00eb ngjarje. Nuk p\u00ebrmenden emra, k\u00ebshtu q\u00eb ai i cili e gjen\u00eb vehten nuk ka drejt\u00eb t\u00eb hidh\u00ebrohet. Humori \u00ebsht\u00eb i sh\u00ebndosh\u00eb, humor p\u00ebr t\u00eb cilin sot kemi nevoj\u00eb, humor me t\u00eb cilin i harrojm\u00eb momentet e v\u00ebshtira t\u00eb jet\u00eb s\u00eb p\u00ebrditshme. Shpesh her\u00eb bejtja p\u00ebr tem\u00eb ka marr\u00ebdh\u00ebniet familjare, posa\u00e7\u00ebrisht hankot me nuse. Ulqini \u00ebsht\u00eb vend i vog\u00ebl, k njer\u00ebzit njihen nd\u00ebrmjet vehtes, k\u00ebshtu q\u00eb asgj\u00eb nuk mbetet e fshehur. Autori Sutki Malohoxha thur bejte edhe p\u00ebr shok\u00eb dhe miq\u00eb, her\u00eb me \u201cthum\u201d m\u00eb t\u00eb mpreht\u00eb, her\u00eb m\u00eb pak, por ai bejte i qet edhe vehtes. N\u00eb librin e tij \u201cNelt e posht\u00eb Pazarit\u201d flet p\u00ebr nj\u00eb ngjarje q\u00eb i ka ndodhur atij. Duke u ul rrug\u00ebs s\u00eb shkurt\u00eb n\u00eb Ran\u00eb, rr\u00ebshqet n\u00eb vajin e nj\u00eb traktori q\u00eb kishte sjellur nj\u00eb banori dru p\u00ebr ngrohje. Pati fat dhe nuk u l\u00ebndua, por pronari kaloi me sarkaz\u00ebm dhe kritika p\u00ebr pap\u00ebrgjegj\u00ebsin\u00eb e tij, kurse autori u qesh edhe me vehte si\u00e7 vijon:<\/p>\n<p><strong>Si gjithmon\u00eb rrug\u00ebs n\u2019kajshi<\/strong><\/p>\n<p><strong>un\u00eb u nisa me shku n\u2019shpi,<\/strong><\/p>\n<p><strong>vojta rrshqita n\u2019vaj t\u2019traktorit<\/strong><\/p>\n<p><strong>e pash vejdin n\u2019gryk\u00eb t\u00eb vorrit.<\/strong><\/p>\n<p><strong>Rruga e ngusht\u00eb sikur prru<\/strong><\/p>\n<p><strong>kishin zhgarku nja disa dru,<\/strong><\/p>\n<p><strong>vojin nuk e pa\u00e7 i mjeri<\/strong><\/p>\n<p><strong>ishte aksham, sa kishte ra terri.<\/strong><\/p>\n<p><strong>Kam ba be un\u00eb me t\u2019v\u00ebrtet\u00eb<\/strong><\/p>\n<p><strong>asaj rrug\u00eb nuk da t\u2019kalanj ma,<\/strong><\/p>\n<p><strong>se p\u00ebr pak kam mujt me met\u00eb<\/strong><\/p>\n<p><strong>e mu da prej ksaj dyrnja.<br \/>\n<a href=\"http:\/\/www.visit-ulcinj.com\/blog\/wp-content\/uploads\/2013\/03\/silver-korda.jpg\"><img loading=\"lazy\" class=\"alignleft  wp-image-69712\" alt=\"silver korda\" src=\"http:\/\/www.visit-ulcinj.com\/blog\/wp-content\/uploads\/2013\/03\/silver-korda.jpg\" width=\"508\" height=\"300\" \/><\/a><br \/>\n<\/strong><\/p>\n<p>Gjithashtu edhe Silver Korda, tashm\u00eb i njohur edhe jasht\u00eb qytetit ton\u00eb, \u00ebsht\u00eb formuar si bejtexhi duke jetuar dhe punuar n\u00eb m\u00ebrgim mbi 30 vjet. Gjeni nga hanko Bejazja nuk e ka l\u00ebn\u00eb rehat. Edhe pse n\u00eb m\u00ebrgim ai kultivon bejtet me tematik\u00eb nga vendlindja, n\u00eb k\u00ebt\u00eb m\u00ebnyr\u00eb ai e hek mallin q\u00eb e ka p\u00ebr vendlindje. Shkruan p\u00ebr Pazarin, p\u00ebr ekologjin\u00eb, p\u00ebr Kalan\u00eb por edhe p\u00ebr politik\u00eb. Politika e brengos dhe me nj\u00eb ironi dhe sarkaz\u00ebm<\/p>\n<p><strong>qesh ata t\u00eb cil\u00ebt kan\u00eb qen\u00eb dhe jan\u00eb n\u00eb pushtet.<\/strong><\/p>\n<p><strong>Jam Silveri, nipi i Bejazes<\/strong><\/p>\n<p><strong>i bejtes e i thumit, par edhe i nazes,<\/strong><\/p>\n<p><strong>ja kam nis\u00eb me u marr\u00eb me bejte<\/strong><\/p>\n<p><strong>me nand\u00ebdhet\u00eb e pest\u00ebn, nj\u00eb t\u00eb enjte.<\/strong><\/p>\n<p><strong>Jena ba dy bejtexhi<\/strong><\/p>\n<p><strong>i qajm\u00eb hallet e Ulqinit,<\/strong><\/p>\n<p><strong>n\u2019vend t\u2019kokrrave t\u00eb ullinit<\/strong><\/p>\n<p><strong>bejte blujm\u00eb n\u00ebn gur\u00eb t\u2019mullinit.<\/strong><\/p>\n<p>Besoj se ky tekst do t\u00eb zgjoj\u00eb interesim tek lexuesit dhe tek autor\u00ebt tjer\u00eb t\u00eb cil\u00ebt kan\u00eb prirje p\u00ebr humor dhe bejte. Bejtet pra, si krijimtari n\u00eb let\u00ebrsi, vazhdojn\u00eb t\u00eb krijohen duke e pasurur k\u00ebshtu thesarin ton\u00eb popullor.<\/p>\n<p><strong>P\u00ebrgatiti:<\/strong><br \/>\n<strong>Ismet KARAMANAGA<\/strong><\/p>\n","protected":false},"excerpt":{"rendered":"<p>Bejtexhinjt\u00eb e Ulqinit Bejtja, si krijimtari \u00eb rrym\u00ebs letrare n\u00eb let\u00ebrsin\u00eb e gjuh\u00ebs ton\u00eb, sot pak a shum\u00eb \u00ebsht\u00eb e harruar dhe e l\u00ebn\u00eb pas dore. Natyrisht, p\u00ebrjashtime t\u00eb vogla ka n\u00eb Shkod\u00ebr dhe n\u00eb Ulqinin ton\u00eb t\u00eb bukur, ku ende edhe sot kultivohet bejtja si krijimtari letrare dhe b\u00ebn pjes\u00eb n\u00eb folklorin ton\u00eb. Edhe [&hellip;]<\/p>\n","protected":false},"author":1,"featured_media":0,"comment_status":"open","ping_status":"closed","sticky":false,"template":"","format":"standard","meta":{"spay_email":"","jetpack_publicize_message":"","jetpack_is_tweetstorm":false,"jetpack_publicize_feature_enabled":true},"categories":[4],"tags":[],"jetpack_publicize_connections":[],"yoast_head":"<!-- This site is optimized with the Yoast SEO plugin v19.1 - https:\/\/yoast.com\/wordpress\/plugins\/seo\/ -->\n<title>Bejtexhinjte e Ulqinit,.. Sytkiu dhe Silveri - Lajme nga Ulqini<\/title>\n<meta name=\"description\" content=\"Bejtexhinjt\u00eb e Ulqinit Bejtja, si krijimtari \u00eb rrym\u00ebs letrare n\u00eb let\u00ebrsin\u00eb e gjuh\u00ebs ton\u00eb, sot pak a shum\u00eb \u00ebsht\u00eb e harruar dhe e l\u00ebn\u00eb pas dore. Natyrisht,\" \/>\n<meta name=\"robots\" content=\"index, follow, max-snippet:-1, max-image-preview:large, max-video-preview:-1\" \/>\n<link rel=\"canonical\" href=\"https:\/\/www.visit-ulcinj.com\/blog\/2013\/03\/16\/bejtexhinjte-e-ulqinit-sytkiu-dhe-silveri\/\" \/>\n<meta property=\"og:locale\" content=\"en_US\" \/>\n<meta property=\"og:type\" content=\"article\" \/>\n<meta property=\"og:title\" content=\"Bejtexhinjte e Ulqinit,.. Sytkiu dhe Silveri - Lajme nga Ulqini\" \/>\n<meta property=\"og:description\" content=\"Bejtexhinjt\u00eb e Ulqinit Bejtja, si krijimtari \u00eb rrym\u00ebs letrare n\u00eb let\u00ebrsin\u00eb e gjuh\u00ebs ton\u00eb, sot pak a shum\u00eb \u00ebsht\u00eb e harruar dhe e l\u00ebn\u00eb pas dore. Natyrisht,\" \/>\n<meta property=\"og:url\" content=\"https:\/\/www.visit-ulcinj.com\/blog\/2013\/03\/16\/bejtexhinjte-e-ulqinit-sytkiu-dhe-silveri\/\" \/>\n<meta property=\"og:site_name\" content=\"Lajme nga Ulqini\" \/>\n<meta property=\"article:published_time\" content=\"2013-03-16T21:06:40+00:00\" \/>\n<meta property=\"article:modified_time\" content=\"2013-03-16T21:45:42+00:00\" \/>\n<meta property=\"og:image\" content=\"http:\/\/www.visit-ulcinj.com\/blog\/wp-content\/uploads\/2013\/03\/Sutki-Malohodziq_Silver-Korda.jpg\" \/>\n<meta name=\"twitter:label1\" content=\"Written by\" \/>\n\t<meta name=\"twitter:data1\" content=\"ulqini\" \/>\n\t<meta name=\"twitter:label2\" content=\"Est. reading time\" \/>\n\t<meta name=\"twitter:data2\" content=\"7 minutes\" \/>\n<script type=\"application\/ld+json\" class=\"yoast-schema-graph\">{\"@context\":\"https:\/\/schema.org\",\"@graph\":[{\"@type\":\"WebSite\",\"@id\":\"https:\/\/www.visit-ulcinj.com\/blog\/#website\",\"url\":\"https:\/\/www.visit-ulcinj.com\/blog\/\",\"name\":\"Lajme nga Ulqini\",\"description\":\"Lajme,Vijesti,Ulqini,Ulqin,Crna Gora,Mali i Zi\",\"potentialAction\":[{\"@type\":\"SearchAction\",\"target\":{\"@type\":\"EntryPoint\",\"urlTemplate\":\"https:\/\/www.visit-ulcinj.com\/blog\/?s={search_term_string}\"},\"query-input\":\"required name=search_term_string\"}],\"inLanguage\":\"en-US\"},{\"@type\":\"ImageObject\",\"inLanguage\":\"en-US\",\"@id\":\"https:\/\/www.visit-ulcinj.com\/blog\/2013\/03\/16\/bejtexhinjte-e-ulqinit-sytkiu-dhe-silveri\/#primaryimage\",\"url\":\"https:\/\/www.visit-ulcinj.com\/blog\/wp-content\/uploads\/2013\/03\/Sutki-Malohodziq_Silver-Korda.jpg\",\"contentUrl\":\"https:\/\/www.visit-ulcinj.com\/blog\/wp-content\/uploads\/2013\/03\/Sutki-Malohodziq_Silver-Korda.jpg\",\"width\":524,\"height\":322},{\"@type\":\"WebPage\",\"@id\":\"https:\/\/www.visit-ulcinj.com\/blog\/2013\/03\/16\/bejtexhinjte-e-ulqinit-sytkiu-dhe-silveri\/#webpage\",\"url\":\"https:\/\/www.visit-ulcinj.com\/blog\/2013\/03\/16\/bejtexhinjte-e-ulqinit-sytkiu-dhe-silveri\/\",\"name\":\"Bejtexhinjte e Ulqinit,.. Sytkiu dhe Silveri - Lajme nga Ulqini\",\"isPartOf\":{\"@id\":\"https:\/\/www.visit-ulcinj.com\/blog\/#website\"},\"primaryImageOfPage\":{\"@id\":\"https:\/\/www.visit-ulcinj.com\/blog\/2013\/03\/16\/bejtexhinjte-e-ulqinit-sytkiu-dhe-silveri\/#primaryimage\"},\"datePublished\":\"2013-03-16T21:06:40+00:00\",\"dateModified\":\"2013-03-16T21:45:42+00:00\",\"author\":{\"@id\":\"https:\/\/www.visit-ulcinj.com\/blog\/#\/schema\/person\/dcab619c614d3038751c63bc2aadc06d\"},\"description\":\"Bejtexhinjt\u00eb e Ulqinit Bejtja, si krijimtari \u00eb rrym\u00ebs letrare n\u00eb let\u00ebrsin\u00eb e gjuh\u00ebs ton\u00eb, sot pak a shum\u00eb \u00ebsht\u00eb e harruar dhe e l\u00ebn\u00eb pas dore. Natyrisht,\",\"breadcrumb\":{\"@id\":\"https:\/\/www.visit-ulcinj.com\/blog\/2013\/03\/16\/bejtexhinjte-e-ulqinit-sytkiu-dhe-silveri\/#breadcrumb\"},\"inLanguage\":\"en-US\",\"potentialAction\":[{\"@type\":\"ReadAction\",\"target\":[\"https:\/\/www.visit-ulcinj.com\/blog\/2013\/03\/16\/bejtexhinjte-e-ulqinit-sytkiu-dhe-silveri\/\"]}]},{\"@type\":\"BreadcrumbList\",\"@id\":\"https:\/\/www.visit-ulcinj.com\/blog\/2013\/03\/16\/bejtexhinjte-e-ulqinit-sytkiu-dhe-silveri\/#breadcrumb\",\"itemListElement\":[{\"@type\":\"ListItem\",\"position\":1,\"name\":\"Bejtexhinjte e Ulqinit,.. Sytkiu dhe Silveri\"}]},{\"@type\":\"Person\",\"@id\":\"https:\/\/www.visit-ulcinj.com\/blog\/#\/schema\/person\/dcab619c614d3038751c63bc2aadc06d\",\"name\":\"ulqini\",\"sameAs\":[\"http:\/\/www.visit-ulcinj.com\"],\"url\":\"https:\/\/www.visit-ulcinj.com\/blog\/author\/admin\/\"}]}<\/script>\n<!-- \/ Yoast SEO plugin. -->","yoast_head_json":{"title":"Bejtexhinjte e Ulqinit,.. Sytkiu dhe Silveri - Lajme nga Ulqini","description":"Bejtexhinjt\u00eb e Ulqinit Bejtja, si krijimtari \u00eb rrym\u00ebs letrare n\u00eb let\u00ebrsin\u00eb e gjuh\u00ebs ton\u00eb, sot pak a shum\u00eb \u00ebsht\u00eb e harruar dhe e l\u00ebn\u00eb pas dore. Natyrisht,","robots":{"index":"index","follow":"follow","max-snippet":"max-snippet:-1","max-image-preview":"max-image-preview:large","max-video-preview":"max-video-preview:-1"},"canonical":"https:\/\/www.visit-ulcinj.com\/blog\/2013\/03\/16\/bejtexhinjte-e-ulqinit-sytkiu-dhe-silveri\/","og_locale":"en_US","og_type":"article","og_title":"Bejtexhinjte e Ulqinit,.. Sytkiu dhe Silveri - Lajme nga Ulqini","og_description":"Bejtexhinjt\u00eb e Ulqinit Bejtja, si krijimtari \u00eb rrym\u00ebs letrare n\u00eb let\u00ebrsin\u00eb e gjuh\u00ebs ton\u00eb, sot pak a shum\u00eb \u00ebsht\u00eb e harruar dhe e l\u00ebn\u00eb pas dore. Natyrisht,","og_url":"https:\/\/www.visit-ulcinj.com\/blog\/2013\/03\/16\/bejtexhinjte-e-ulqinit-sytkiu-dhe-silveri\/","og_site_name":"Lajme nga Ulqini","article_published_time":"2013-03-16T21:06:40+00:00","article_modified_time":"2013-03-16T21:45:42+00:00","og_image":[{"url":"http:\/\/www.visit-ulcinj.com\/blog\/wp-content\/uploads\/2013\/03\/Sutki-Malohodziq_Silver-Korda.jpg"}],"twitter_misc":{"Written by":"ulqini","Est. reading time":"7 minutes"},"schema":{"@context":"https:\/\/schema.org","@graph":[{"@type":"WebSite","@id":"https:\/\/www.visit-ulcinj.com\/blog\/#website","url":"https:\/\/www.visit-ulcinj.com\/blog\/","name":"Lajme nga Ulqini","description":"Lajme,Vijesti,Ulqini,Ulqin,Crna Gora,Mali i Zi","potentialAction":[{"@type":"SearchAction","target":{"@type":"EntryPoint","urlTemplate":"https:\/\/www.visit-ulcinj.com\/blog\/?s={search_term_string}"},"query-input":"required name=search_term_string"}],"inLanguage":"en-US"},{"@type":"ImageObject","inLanguage":"en-US","@id":"https:\/\/www.visit-ulcinj.com\/blog\/2013\/03\/16\/bejtexhinjte-e-ulqinit-sytkiu-dhe-silveri\/#primaryimage","url":"https:\/\/www.visit-ulcinj.com\/blog\/wp-content\/uploads\/2013\/03\/Sutki-Malohodziq_Silver-Korda.jpg","contentUrl":"https:\/\/www.visit-ulcinj.com\/blog\/wp-content\/uploads\/2013\/03\/Sutki-Malohodziq_Silver-Korda.jpg","width":524,"height":322},{"@type":"WebPage","@id":"https:\/\/www.visit-ulcinj.com\/blog\/2013\/03\/16\/bejtexhinjte-e-ulqinit-sytkiu-dhe-silveri\/#webpage","url":"https:\/\/www.visit-ulcinj.com\/blog\/2013\/03\/16\/bejtexhinjte-e-ulqinit-sytkiu-dhe-silveri\/","name":"Bejtexhinjte e Ulqinit,.. Sytkiu dhe Silveri - Lajme nga Ulqini","isPartOf":{"@id":"https:\/\/www.visit-ulcinj.com\/blog\/#website"},"primaryImageOfPage":{"@id":"https:\/\/www.visit-ulcinj.com\/blog\/2013\/03\/16\/bejtexhinjte-e-ulqinit-sytkiu-dhe-silveri\/#primaryimage"},"datePublished":"2013-03-16T21:06:40+00:00","dateModified":"2013-03-16T21:45:42+00:00","author":{"@id":"https:\/\/www.visit-ulcinj.com\/blog\/#\/schema\/person\/dcab619c614d3038751c63bc2aadc06d"},"description":"Bejtexhinjt\u00eb e Ulqinit Bejtja, si krijimtari \u00eb rrym\u00ebs letrare n\u00eb let\u00ebrsin\u00eb e gjuh\u00ebs ton\u00eb, sot pak a shum\u00eb \u00ebsht\u00eb e harruar dhe e l\u00ebn\u00eb pas dore. Natyrisht,","breadcrumb":{"@id":"https:\/\/www.visit-ulcinj.com\/blog\/2013\/03\/16\/bejtexhinjte-e-ulqinit-sytkiu-dhe-silveri\/#breadcrumb"},"inLanguage":"en-US","potentialAction":[{"@type":"ReadAction","target":["https:\/\/www.visit-ulcinj.com\/blog\/2013\/03\/16\/bejtexhinjte-e-ulqinit-sytkiu-dhe-silveri\/"]}]},{"@type":"BreadcrumbList","@id":"https:\/\/www.visit-ulcinj.com\/blog\/2013\/03\/16\/bejtexhinjte-e-ulqinit-sytkiu-dhe-silveri\/#breadcrumb","itemListElement":[{"@type":"ListItem","position":1,"name":"Bejtexhinjte e Ulqinit,.. Sytkiu dhe Silveri"}]},{"@type":"Person","@id":"https:\/\/www.visit-ulcinj.com\/blog\/#\/schema\/person\/dcab619c614d3038751c63bc2aadc06d","name":"ulqini","sameAs":["http:\/\/www.visit-ulcinj.com"],"url":"https:\/\/www.visit-ulcinj.com\/blog\/author\/admin\/"}]}},"jetpack_featured_media_url":"","jetpack_sharing_enabled":true,"jetpack_shortlink":"https:\/\/wp.me\/pe6lTn-i8l","_links":{"self":[{"href":"https:\/\/www.visit-ulcinj.com\/blog\/wp-json\/wp\/v2\/posts\/69709"}],"collection":[{"href":"https:\/\/www.visit-ulcinj.com\/blog\/wp-json\/wp\/v2\/posts"}],"about":[{"href":"https:\/\/www.visit-ulcinj.com\/blog\/wp-json\/wp\/v2\/types\/post"}],"author":[{"embeddable":true,"href":"https:\/\/www.visit-ulcinj.com\/blog\/wp-json\/wp\/v2\/users\/1"}],"replies":[{"embeddable":true,"href":"https:\/\/www.visit-ulcinj.com\/blog\/wp-json\/wp\/v2\/comments?post=69709"}],"version-history":[{"count":2,"href":"https:\/\/www.visit-ulcinj.com\/blog\/wp-json\/wp\/v2\/posts\/69709\/revisions"}],"predecessor-version":[{"id":69714,"href":"https:\/\/www.visit-ulcinj.com\/blog\/wp-json\/wp\/v2\/posts\/69709\/revisions\/69714"}],"wp:attachment":[{"href":"https:\/\/www.visit-ulcinj.com\/blog\/wp-json\/wp\/v2\/media?parent=69709"}],"wp:term":[{"taxonomy":"category","embeddable":true,"href":"https:\/\/www.visit-ulcinj.com\/blog\/wp-json\/wp\/v2\/categories?post=69709"},{"taxonomy":"post_tag","embeddable":true,"href":"https:\/\/www.visit-ulcinj.com\/blog\/wp-json\/wp\/v2\/tags?post=69709"}],"curies":[{"name":"wp","href":"https:\/\/api.w.org\/{rel}","templated":true}]}}