{"id":69719,"date":"2013-03-17T15:54:35","date_gmt":"2013-03-17T14:54:35","guid":{"rendered":"http:\/\/www.visit-ulcinj.com\/blog\/?p=69719"},"modified":"2013-03-17T15:54:35","modified_gmt":"2013-03-17T14:54:35","slug":"sinistaj-podrska-vujanovicu-zavisice-od-odluke-o-referendumu","status":"publish","type":"post","link":"https:\/\/www.visit-ulcinj.com\/blog\/2013\/03\/17\/sinistaj-podrska-vujanovicu-zavisice-od-odluke-o-referendumu\/","title":{"rendered":"Sini\u0161taj: Podr\u0161ka Vujanovi\u0107u zavisi\u0107e od odluke o referendumu"},"content":{"rendered":"<p><span style=\"color: #000000;\"><a href=\"http:\/\/www.visit-ulcinj.com\/blog\/wp-content\/uploads\/2013\/03\/Vujanovic_Sinistaj.jpg\"><img loading=\"lazy\" class=\"alignleft size-full wp-image-69720\" alt=\"Vujanovic_Sinistaj\" src=\"http:\/\/www.visit-ulcinj.com\/blog\/wp-content\/uploads\/2013\/03\/Vujanovic_Sinistaj.jpg\" width=\"300\" height=\"200\" \/><\/a>Albanci u Crnoj Gori ne\u0107e na predsjedni\u010dkim izborima glasati za Filipa Vujanovi\u0107a, ukoliko odluka o odr\u017eavanju konsultativnog referendum za teritorijalnu promjenu gradske op\u0161tine Tuzi ne bude u skladu sa zakonom, poru\u010dio je predstavnik koalicije Forca Vaselj Sini\u0161taj.<\/span><\/p>\n<p><span style=\"color: #000000;\">Na sjednici Skup\u0161tine Glavnog grada odlu\u010deno je da \u0107e referendum za teritorijalnu promjenu gradske op\u0161tine Tuzi biti najkasnije odr\u017ean do septembra ukoliko bude usvojena studija o opravdanosti osnivanja posebne op\u0161tine.<\/span><\/p>\n<p><span style=\"color: #000000;\">Sini\u0161taj je kazao agencije MINA da ta odluka nije u skladu sa zakonom.<\/span><\/p>\n<p><span style=\"color: #000000;\">\u201eNa sjednici se nisu pozivali na Zakone o teritorijalnoj organizaciji i o referendumu. Nije \u010dak ni precizirano da \u0107e referendum biti u septembru ove godine\u201c, rekao je on. Snini\u0161taj je rekao da Albanci ne\u0107e podr\u017eati Vujanovi\u0107a ukoliko kona\u010dna odluka o referendumu ne bude u skladu sa zakonom.<\/span><\/p>\n<p><span style=\"color: #000000;\">\u201eImam saznanja da \u0107e gra\u0111ani albanske nacionalnosti bez obzira na partijsku pripadnost sljediti takvu odluku\u201c, naveo je Sini\u0161taj.<\/span><\/p>\n<p><span style=\"color: #000000;\">On smatra da je najbolje rje\u0161enje da se datum referenduma o status Tuzi odredi do predsjedni\u010dkih izbora.<\/span><\/p>\n<p><span style=\"color: #000000;\">\u201eZa nas je bilo prihvatljivi da se datum referenduma zaka\u017ee do predsjedni\u010dkih izbora, a organizacija samog konsultativnog referenduma bi bila, mo\u017eda do 5. jula\u201c, rekao je on.<\/span><\/p>\n<p><span style=\"color: #000000;\">Za Sini\u0161taja je neprihvatljivo da referendum bude istog dana kada i izbori u Glavnom gradu.<\/span><\/p>\n<p><span style=\"color: #000000;\">\u201eAko referendum bude u isto vrijeme kada i prijevremeni izbori u Podgorici onda ulazimo u izborni proces Glavnog grada i Skup\u0161tine gradskih op\u0161tina Tuzi i Golubovci, a to zna\u010di da \u0107emo legitimisati postoje\u0107u vlast\u201c, rekao je on.<\/span><\/p>\n<p><span style=\"color: #000000;\">Sini\u0161taj smatra da studija opravdanosti osnivanja nove op\u0161tine ne\u0107e biti gotova do septembra.<\/span><\/p>\n<p><strong><span style=\"color: #000000;\">Izvor: Mina \/ RTCG<\/span><\/strong><\/p>\n","protected":false},"excerpt":{"rendered":"<p>Albanci u Crnoj Gori ne\u0107e na predsjedni\u010dkim izborima glasati za Filipa Vujanovi\u0107a, ukoliko odluka o odr\u017eavanju konsultativnog referendum za teritorijalnu promjenu gradske op\u0161tine Tuzi ne bude u skladu sa zakonom, poru\u010dio je predstavnik koalicije Forca Vaselj Sini\u0161taj. Na sjednici Skup\u0161tine Glavnog grada odlu\u010deno je da \u0107e referendum za teritorijalnu promjenu gradske op\u0161tine Tuzi biti najkasnije [&hellip;]<\/p>\n","protected":false},"author":1,"featured_media":0,"comment_status":"open","ping_status":"closed","sticky":false,"template":"","format":"standard","meta":{"spay_email":"","jetpack_publicize_message":"","jetpack_is_tweetstorm":false,"jetpack_publicize_feature_enabled":true},"categories":[6950],"tags":[93,21933],"jetpack_publicize_connections":[],"yoast_head":"<!-- This site is optimized with the Yoast SEO plugin v19.1 - https:\/\/yoast.com\/wordpress\/plugins\/seo\/ -->\n<title>Sini\u0161taj: Podr\u0161ka Vujanovi\u0107u zavisi\u0107e od odluke o referendumu - Lajme nga Ulqini<\/title>\n<meta name=\"description\" content=\"Albanci u Crnoj Gori ne\u0107e na predsjedni\u010dkim izborima glasati za Filipa Vujanovi\u0107a, ukoliko odluka o odr\u017eavanju konsultativnog referendum za teritorijalnu\" \/>\n<meta name=\"robots\" content=\"index, follow, max-snippet:-1, max-image-preview:large, max-video-preview:-1\" \/>\n<link rel=\"canonical\" href=\"https:\/\/www.visit-ulcinj.com\/blog\/2013\/03\/17\/sinistaj-podrska-vujanovicu-zavisice-od-odluke-o-referendumu\/\" \/>\n<meta property=\"og:locale\" content=\"en_US\" \/>\n<meta property=\"og:type\" content=\"article\" \/>\n<meta property=\"og:title\" content=\"Sini\u0161taj: Podr\u0161ka Vujanovi\u0107u zavisi\u0107e od odluke o referendumu - Lajme nga Ulqini\" \/>\n<meta property=\"og:description\" content=\"Albanci u Crnoj Gori ne\u0107e na predsjedni\u010dkim izborima glasati za Filipa Vujanovi\u0107a, ukoliko odluka o odr\u017eavanju konsultativnog referendum za teritorijalnu\" \/>\n<meta property=\"og:url\" content=\"https:\/\/www.visit-ulcinj.com\/blog\/2013\/03\/17\/sinistaj-podrska-vujanovicu-zavisice-od-odluke-o-referendumu\/\" \/>\n<meta property=\"og:site_name\" content=\"Lajme nga Ulqini\" \/>\n<meta property=\"article:published_time\" content=\"2013-03-17T14:54:35+00:00\" \/>\n<meta property=\"og:image\" content=\"http:\/\/www.visit-ulcinj.com\/blog\/wp-content\/uploads\/2013\/03\/Vujanovic_Sinistaj.jpg\" \/>\n<meta name=\"twitter:label1\" content=\"Written by\" \/>\n\t<meta name=\"twitter:data1\" content=\"ulqini\" \/>\n\t<meta name=\"twitter:label2\" content=\"Est. reading time\" \/>\n\t<meta name=\"twitter:data2\" content=\"1 minute\" \/>\n<script type=\"application\/ld+json\" class=\"yoast-schema-graph\">{\"@context\":\"https:\/\/schema.org\",\"@graph\":[{\"@type\":\"WebSite\",\"@id\":\"https:\/\/www.visit-ulcinj.com\/blog\/#website\",\"url\":\"https:\/\/www.visit-ulcinj.com\/blog\/\",\"name\":\"Lajme nga Ulqini\",\"description\":\"Lajme,Vijesti,Ulqini,Ulqin,Crna Gora,Mali i Zi\",\"potentialAction\":[{\"@type\":\"SearchAction\",\"target\":{\"@type\":\"EntryPoint\",\"urlTemplate\":\"https:\/\/www.visit-ulcinj.com\/blog\/?s={search_term_string}\"},\"query-input\":\"required name=search_term_string\"}],\"inLanguage\":\"en-US\"},{\"@type\":\"ImageObject\",\"inLanguage\":\"en-US\",\"@id\":\"https:\/\/www.visit-ulcinj.com\/blog\/2013\/03\/17\/sinistaj-podrska-vujanovicu-zavisice-od-odluke-o-referendumu\/#primaryimage\",\"url\":\"https:\/\/www.visit-ulcinj.com\/blog\/wp-content\/uploads\/2013\/03\/Vujanovic_Sinistaj.jpg\",\"contentUrl\":\"https:\/\/www.visit-ulcinj.com\/blog\/wp-content\/uploads\/2013\/03\/Vujanovic_Sinistaj.jpg\",\"width\":300,\"height\":200},{\"@type\":\"WebPage\",\"@id\":\"https:\/\/www.visit-ulcinj.com\/blog\/2013\/03\/17\/sinistaj-podrska-vujanovicu-zavisice-od-odluke-o-referendumu\/#webpage\",\"url\":\"https:\/\/www.visit-ulcinj.com\/blog\/2013\/03\/17\/sinistaj-podrska-vujanovicu-zavisice-od-odluke-o-referendumu\/\",\"name\":\"Sini\u0161taj: Podr\u0161ka Vujanovi\u0107u zavisi\u0107e od odluke o referendumu - Lajme nga Ulqini\",\"isPartOf\":{\"@id\":\"https:\/\/www.visit-ulcinj.com\/blog\/#website\"},\"primaryImageOfPage\":{\"@id\":\"https:\/\/www.visit-ulcinj.com\/blog\/2013\/03\/17\/sinistaj-podrska-vujanovicu-zavisice-od-odluke-o-referendumu\/#primaryimage\"},\"datePublished\":\"2013-03-17T14:54:35+00:00\",\"dateModified\":\"2013-03-17T14:54:35+00:00\",\"author\":{\"@id\":\"https:\/\/www.visit-ulcinj.com\/blog\/#\/schema\/person\/dcab619c614d3038751c63bc2aadc06d\"},\"description\":\"Albanci u Crnoj Gori ne\u0107e na predsjedni\u010dkim izborima glasati za Filipa Vujanovi\u0107a, ukoliko odluka o odr\u017eavanju konsultativnog referendum za teritorijalnu\",\"breadcrumb\":{\"@id\":\"https:\/\/www.visit-ulcinj.com\/blog\/2013\/03\/17\/sinistaj-podrska-vujanovicu-zavisice-od-odluke-o-referendumu\/#breadcrumb\"},\"inLanguage\":\"en-US\",\"potentialAction\":[{\"@type\":\"ReadAction\",\"target\":[\"https:\/\/www.visit-ulcinj.com\/blog\/2013\/03\/17\/sinistaj-podrska-vujanovicu-zavisice-od-odluke-o-referendumu\/\"]}]},{\"@type\":\"BreadcrumbList\",\"@id\":\"https:\/\/www.visit-ulcinj.com\/blog\/2013\/03\/17\/sinistaj-podrska-vujanovicu-zavisice-od-odluke-o-referendumu\/#breadcrumb\",\"itemListElement\":[{\"@type\":\"ListItem\",\"position\":1,\"name\":\"Sini\u0161taj: Podr\u0161ka Vujanovi\u0107u zavisi\u0107e od odluke o referendumu\"}]},{\"@type\":\"Person\",\"@id\":\"https:\/\/www.visit-ulcinj.com\/blog\/#\/schema\/person\/dcab619c614d3038751c63bc2aadc06d\",\"name\":\"ulqini\",\"sameAs\":[\"http:\/\/www.visit-ulcinj.com\"],\"url\":\"https:\/\/www.visit-ulcinj.com\/blog\/author\/admin\/\"}]}<\/script>\n<!-- \/ Yoast SEO plugin. -->","yoast_head_json":{"title":"Sini\u0161taj: Podr\u0161ka Vujanovi\u0107u zavisi\u0107e od odluke o referendumu - Lajme nga Ulqini","description":"Albanci u Crnoj Gori ne\u0107e na predsjedni\u010dkim izborima glasati za Filipa Vujanovi\u0107a, ukoliko odluka o odr\u017eavanju konsultativnog referendum za teritorijalnu","robots":{"index":"index","follow":"follow","max-snippet":"max-snippet:-1","max-image-preview":"max-image-preview:large","max-video-preview":"max-video-preview:-1"},"canonical":"https:\/\/www.visit-ulcinj.com\/blog\/2013\/03\/17\/sinistaj-podrska-vujanovicu-zavisice-od-odluke-o-referendumu\/","og_locale":"en_US","og_type":"article","og_title":"Sini\u0161taj: Podr\u0161ka Vujanovi\u0107u zavisi\u0107e od odluke o referendumu - Lajme nga Ulqini","og_description":"Albanci u Crnoj Gori ne\u0107e na predsjedni\u010dkim izborima glasati za Filipa Vujanovi\u0107a, ukoliko odluka o odr\u017eavanju konsultativnog referendum za teritorijalnu","og_url":"https:\/\/www.visit-ulcinj.com\/blog\/2013\/03\/17\/sinistaj-podrska-vujanovicu-zavisice-od-odluke-o-referendumu\/","og_site_name":"Lajme nga Ulqini","article_published_time":"2013-03-17T14:54:35+00:00","og_image":[{"url":"http:\/\/www.visit-ulcinj.com\/blog\/wp-content\/uploads\/2013\/03\/Vujanovic_Sinistaj.jpg"}],"twitter_misc":{"Written by":"ulqini","Est. reading time":"1 minute"},"schema":{"@context":"https:\/\/schema.org","@graph":[{"@type":"WebSite","@id":"https:\/\/www.visit-ulcinj.com\/blog\/#website","url":"https:\/\/www.visit-ulcinj.com\/blog\/","name":"Lajme nga Ulqini","description":"Lajme,Vijesti,Ulqini,Ulqin,Crna Gora,Mali i Zi","potentialAction":[{"@type":"SearchAction","target":{"@type":"EntryPoint","urlTemplate":"https:\/\/www.visit-ulcinj.com\/blog\/?s={search_term_string}"},"query-input":"required name=search_term_string"}],"inLanguage":"en-US"},{"@type":"ImageObject","inLanguage":"en-US","@id":"https:\/\/www.visit-ulcinj.com\/blog\/2013\/03\/17\/sinistaj-podrska-vujanovicu-zavisice-od-odluke-o-referendumu\/#primaryimage","url":"https:\/\/www.visit-ulcinj.com\/blog\/wp-content\/uploads\/2013\/03\/Vujanovic_Sinistaj.jpg","contentUrl":"https:\/\/www.visit-ulcinj.com\/blog\/wp-content\/uploads\/2013\/03\/Vujanovic_Sinistaj.jpg","width":300,"height":200},{"@type":"WebPage","@id":"https:\/\/www.visit-ulcinj.com\/blog\/2013\/03\/17\/sinistaj-podrska-vujanovicu-zavisice-od-odluke-o-referendumu\/#webpage","url":"https:\/\/www.visit-ulcinj.com\/blog\/2013\/03\/17\/sinistaj-podrska-vujanovicu-zavisice-od-odluke-o-referendumu\/","name":"Sini\u0161taj: Podr\u0161ka Vujanovi\u0107u zavisi\u0107e od odluke o referendumu - Lajme nga Ulqini","isPartOf":{"@id":"https:\/\/www.visit-ulcinj.com\/blog\/#website"},"primaryImageOfPage":{"@id":"https:\/\/www.visit-ulcinj.com\/blog\/2013\/03\/17\/sinistaj-podrska-vujanovicu-zavisice-od-odluke-o-referendumu\/#primaryimage"},"datePublished":"2013-03-17T14:54:35+00:00","dateModified":"2013-03-17T14:54:35+00:00","author":{"@id":"https:\/\/www.visit-ulcinj.com\/blog\/#\/schema\/person\/dcab619c614d3038751c63bc2aadc06d"},"description":"Albanci u Crnoj Gori ne\u0107e na predsjedni\u010dkim izborima glasati za Filipa Vujanovi\u0107a, ukoliko odluka o odr\u017eavanju konsultativnog referendum za teritorijalnu","breadcrumb":{"@id":"https:\/\/www.visit-ulcinj.com\/blog\/2013\/03\/17\/sinistaj-podrska-vujanovicu-zavisice-od-odluke-o-referendumu\/#breadcrumb"},"inLanguage":"en-US","potentialAction":[{"@type":"ReadAction","target":["https:\/\/www.visit-ulcinj.com\/blog\/2013\/03\/17\/sinistaj-podrska-vujanovicu-zavisice-od-odluke-o-referendumu\/"]}]},{"@type":"BreadcrumbList","@id":"https:\/\/www.visit-ulcinj.com\/blog\/2013\/03\/17\/sinistaj-podrska-vujanovicu-zavisice-od-odluke-o-referendumu\/#breadcrumb","itemListElement":[{"@type":"ListItem","position":1,"name":"Sini\u0161taj: Podr\u0161ka Vujanovi\u0107u zavisi\u0107e od odluke o referendumu"}]},{"@type":"Person","@id":"https:\/\/www.visit-ulcinj.com\/blog\/#\/schema\/person\/dcab619c614d3038751c63bc2aadc06d","name":"ulqini","sameAs":["http:\/\/www.visit-ulcinj.com"],"url":"https:\/\/www.visit-ulcinj.com\/blog\/author\/admin\/"}]}},"jetpack_featured_media_url":"","jetpack_sharing_enabled":true,"jetpack_shortlink":"https:\/\/wp.me\/pe6lTn-i8v","_links":{"self":[{"href":"https:\/\/www.visit-ulcinj.com\/blog\/wp-json\/wp\/v2\/posts\/69719"}],"collection":[{"href":"https:\/\/www.visit-ulcinj.com\/blog\/wp-json\/wp\/v2\/posts"}],"about":[{"href":"https:\/\/www.visit-ulcinj.com\/blog\/wp-json\/wp\/v2\/types\/post"}],"author":[{"embeddable":true,"href":"https:\/\/www.visit-ulcinj.com\/blog\/wp-json\/wp\/v2\/users\/1"}],"replies":[{"embeddable":true,"href":"https:\/\/www.visit-ulcinj.com\/blog\/wp-json\/wp\/v2\/comments?post=69719"}],"version-history":[{"count":1,"href":"https:\/\/www.visit-ulcinj.com\/blog\/wp-json\/wp\/v2\/posts\/69719\/revisions"}],"predecessor-version":[{"id":69721,"href":"https:\/\/www.visit-ulcinj.com\/blog\/wp-json\/wp\/v2\/posts\/69719\/revisions\/69721"}],"wp:attachment":[{"href":"https:\/\/www.visit-ulcinj.com\/blog\/wp-json\/wp\/v2\/media?parent=69719"}],"wp:term":[{"taxonomy":"category","embeddable":true,"href":"https:\/\/www.visit-ulcinj.com\/blog\/wp-json\/wp\/v2\/categories?post=69719"},{"taxonomy":"post_tag","embeddable":true,"href":"https:\/\/www.visit-ulcinj.com\/blog\/wp-json\/wp\/v2\/tags?post=69719"}],"curies":[{"name":"wp","href":"https:\/\/api.w.org\/{rel}","templated":true}]}}