{"id":69722,"date":"2013-03-17T19:37:41","date_gmt":"2013-03-17T18:37:41","guid":{"rendered":"http:\/\/www.visit-ulcinj.com\/blog\/?p=69722"},"modified":"2013-03-18T19:19:31","modified_gmt":"2013-03-18T18:19:31","slug":"vujanoviq-nuk-ka-president-pa-mbeshtetjen-e-popujve-pakice-foto","status":"publish","type":"post","link":"https:\/\/www.visit-ulcinj.com\/blog\/2013\/03\/17\/vujanoviq-nuk-ka-president-pa-mbeshtetjen-e-popujve-pakice-foto\/","title":{"rendered":"Vujanoviq: Nuk ka President pa mb\u00ebshtetjen e popujve pakic\u00eb + Foto"},"content":{"rendered":"<p><strong><a href=\"http:\/\/www.visit-ulcinj.com\/blog\/wp-content\/uploads\/2013\/03\/FilipVujanoviq-ne-Ulqin.jpg\"><img loading=\"lazy\" class=\"alignleft  wp-image-69723\" alt=\"FilipVujanoviq ne Ulqin\" src=\"http:\/\/www.visit-ulcinj.com\/blog\/wp-content\/uploads\/2013\/03\/FilipVujanoviq-ne-Ulqin.jpg\" width=\"508\" height=\"360\" \/><\/a>\u201cD\u00ebshiroj t\u00eb fal\u00ebnderoj miqt\u00eb e mi shqiptar\u00eb q\u00eb m\u00eb mb\u00ebshtesin. Me respekt e p\u00ebrjetoj k\u00ebt\u00eb \u00a0mb\u00ebshtetje, nd\u00ebrsa vler\u00ebsoj lart mb\u00ebshtetjen q\u00eb m\u00eb japin partit\u00eb shqiptare. K\u00ebt\u00eb e p\u00ebrjetoj \u00a0si mir\u00ebnjohje p\u00ebr politik\u00ebn shtet\u00ebrore q\u00eb kam udh\u00ebhequr\u201d, ka theksuar Vujanoviq.\u00a0<\/strong><\/p>\n<p>Presidenti aktual i Malit t\u00eb Zi dhe kandidati\u00a0i Partis\u00eb Demokratike t\u00eb Socialist\u00ebve\u00a0p\u00ebr president t\u00eb ardhsh\u00ebm, Filip\u00a0Vujanoviq, ka zhvilluar tubime promovuese\u00a0n\u00eb Ostros, Kat\u00ebrkoll\u00eb dhe Ulqin,\u00a0ku ka marr\u00eb mb\u00ebshtetjen e partive m\u00eb\u00a0t\u00eb m\u00ebdha shqiptare.<br \/>\nN\u00eb tubimin e mbajtur n\u00eb Ulqin, ai ka th\u00ebn\u00eb\u00a0se nuk mund t\u00eb ket\u00eb President t\u00eb Malit\u00a0t\u00eb Zi n\u00ebse ai nuk e ka mb\u00ebshtetjen e popujve\u00a0pakic\u00eb.\u00a0\u201cJam tejet i k\u00ebnaqur sepse kam\u00a0mb\u00ebshtetjen e partive t\u00eb popujve pakic\u00eb.\u00a0Nuk mund t\u00eb ket\u00eb President t\u00eb Malit t\u00eb\u00a0Zi n\u00ebse nuk jan\u00eb me t\u00eb popujt pakic\u00eb\u201d, ka\u00a0th\u00ebn\u00eb Vujanoviq.\u00a0Ai ka theksuar se p\u00ebrkrahjen e partive\u00a0t\u00eb popujve pakic\u00eb e p\u00ebrjeton si mir\u00ebnjohje\u00a0p\u00ebr politik\u00ebn e ndjekur ndaj\u00a0popujve pakic\u00eb dhe vendeve fqinje.\u00a0\u201cEdhe n\u00eb mandatin e ardhsh\u00ebm do t\u00eb\u00a0vazhdoj t\u00eb ndjek\u00eb t\u00eb nj\u00ebjt\u00ebn politik\u00eb\u201d, ka\u00a0th\u00ebn\u00eb Vujanoviq.<br \/>\nAi ka th\u00ebn\u00eb se ka qen\u00eb President i t\u00eb\u00a0gjith\u00eb qytetar\u00ebve dhe se k\u00ebshtu do t\u00eb\u00a0veproj\u00eb edhe n\u00eb mandatin e ardhsh\u00ebm\u00a0presidencial.\u00a0Vujanoviq ka deklaruar se \u00ebsht\u00eb angazhuar\u00a0gjithmon\u00eb p\u00ebr vendosjen e marr\u00ebdh\u00ebnieve\u00a0t\u00eb partneritetit dhe miq\u00ebsis\u00eb me t\u00eb gjith\u00eb\u00a0fqinj\u00ebt, duke shtuar se ka promovuar nevoj\u00ebn\u00a0e bashk\u00ebpunimit ekomik, kulturor dhe\u00a0shkencor t\u00eb Malit t\u00eb Zi dhe Shqip\u00ebris\u00eb, n\u00eb\u00a0interesin m\u00eb t\u00eb mir\u00eb t\u00eb dy shteteve.<br \/>\nKryetari i Forc\u00ebs s\u00eb Re Demokratike dhe i\u00a0komun\u00ebs s\u00eb Ulqinit, Nazif Cungu, i ka ftuar\u00a0an\u00ebtar\u00ebt dhe simpatizuesit e k\u00ebsaj force\u00a0politike q\u00eb t\u00eb mb\u00ebshtesin Vujanoviqin n\u00eb\u00a0zgjedhjet presidenciale.\u00a0\u201cQeveris\u00eb stabile t\u00eb Malit t\u00eb Zi, n\u00eb t\u00eb cil\u00ebn\u00a0marrin pjes\u00eb p\u00ebrfaq\u00ebsuesit e t\u00eb gjith\u00eb\u00a0popujve pakic\u00eb, i nevojitet Presidenti i\u00a0shtetit q\u00eb do t\u00eb jet\u00eb garant i zhvillimit t\u00eb\u00a0Malit t\u00eb Zi demokratik. P\u00ebr k\u00ebt\u00eb arsye m\u00eb 7 prill do t\u00eb mb\u00ebshtesim Vujanoviqin p\u00ebr\u00a0President t\u00eb Malit t\u00eb Zi\u201d, ka theksuar ai.<br \/>\nP\u00ebrfaq\u00ebsuesi i Partis\u00eb Demokratike, Met\u00a0Gjoni, ka th\u00ebn\u00eb se kjo parti e p\u00ebrkrah Vujanoviqin\u00a0n\u00eb zgjedhjet presidenciale sepse\u00a0ai nuk \u00ebsht\u00eb vet\u00ebm kandidat i PDS-s\u00eb, por i\u00a0t\u00eb gjith\u00eb qytetar\u00ebve t\u00eb Malit t\u00eb Zi.\u00a0Ai ka p\u00ebrkujtuar se Vujanoviq ka qen\u00eb i\u00a0p\u00ebrkushtuar ndaj ruajtjes s\u00eb paqes dhe\u00a0stabilitetit n\u00eb Mal t\u00eb Zi n\u00eb koh\u00ebt m\u00eb t\u00eb\u00a0v\u00ebshtira.\u00a0Kryetari i UDSH-s\u00eb, Mehmet Zenka, i ka ftuar\u00a0votuesit e k\u00ebsaj partie q\u00eb t\u00eb mb\u00ebshtesin\u00a0Vujanoviqin n\u00eb zgjedhjet presidenciale,\u00a0sepse sipas tij, kandidati i PDS-s\u00eb \u00ebsht\u00eb\u00a0v\u00ebrtet njeri i popullit.\u00a0\u201cShqiptar\u00ebt d\u00ebshirojn\u00eb dhe duan t\u2019i besojn\u00eb\u00a0Vujanoviqit. Lekiq nuk p\u00ebrb\u00ebn\u00a0opsion politik p\u00ebr shqiptar\u00ebt, por Vujanoviq\u00a0dhe Gjukanoviq.<br \/>\nN\u00eb zgjedhjet\u00a0presidenciale para pes\u00eb vjet\u00ebsh e kemi\u00a0p\u00ebrkrahur Vujanoviqin dhe e garantoj\u00a0se edhe tani do t\u00eb ket\u00eb mb\u00ebshtetjen e\u00a0plot\u00eb t\u00eb UDSH-s\u00eb\u201d, ka theksuar ai.\u00a0N\u00eb tubimin promovues n\u00eb Kat\u00ebrkoll\u00eb, kandidati\u00a0p\u00ebr President t\u00eb Malit t\u00eb Zi, Filip Vujanoviq,\u00a0ka th\u00ebn\u00eb se pakicat sh\u00ebrbejn\u00eb si\u00a0ur\u00eb bashk\u00ebpunimi nd\u00ebrmjet vendeve. Ai ka th\u00ebn\u00eb se gjithmon\u00eb ka udh\u00ebhequr\u00a0politik\u00ebn e afirmimit t\u00eb marr\u00ebdh\u00ebnieve t\u00eb\u00a0mira fqinj\u00ebsore, kufijve t\u00eb hapur, dialogut,\u00a0respektimit t\u00eb pakicave si ura bashk\u00ebpunimi\u00a0nd\u00ebrmjet shteteve.\u00a0\u201cD\u00ebshiroj q\u00eb edhe k\u00ebtu t\u00eb fal\u00ebnderoj miqt\u00eb\u00a0e mi shqiptar\u00eb q\u00eb m\u00eb mb\u00ebshtesin. Me respekt\u00a0e p\u00ebrjetoj k\u00ebt\u00eb mb\u00ebshtetje, nd\u00ebrsa\u00a0vler\u00ebsoj lart mb\u00ebshtetjen q\u00eb m\u00eb japin\u00a0partit\u00eb shqiptare.<br \/>\nK\u00ebt\u00eb e p\u00ebrjetoj si mir\u00ebnjohje\u00a0p\u00ebr politik\u00ebn shtet\u00ebrore q\u00eb kam udh\u00ebhequr\u201d,\u00a0ka theksuar Vujanoviq.\u00a0N\u00eb tubimin promovues n\u00eb Ostros, Vujanoviq\u00a0ka th\u00ebn\u00eb se shqiptar\u00ebt n\u00eb Mal t\u00eb Zi\u00a0duhet t\u00eb ndjehen si n\u00eb sht\u00ebpin\u00eb e tyre,\u00a0sepse ajo \u00ebsht\u00eb sht\u00ebpia e tyre.\u00a0Ai ka p\u00ebrkujtuar se m\u00eb par\u00eb kufiri nd\u00ebrmjet\u00a0Malit t\u00eb Zi dhe Shqip\u00ebris\u00eb \u00ebsht\u00eb kaluar me\u00a0viz\u00eb, gj\u00eb e cila nuk ekziston m\u00eb, sepse vizat\u00a0tashm\u00eb jan\u00eb hequr.\u00a0\u201cKjo \u00ebsht\u00eb ajo lloj marr\u00ebdh\u00ebnieje q\u00eb na\u00a0duhet me Shqip\u00ebrin\u00eb. Marr\u00ebdh\u00ebnie e\u00a0miq\u00ebsis\u00eb, partneritetit dhe bashk\u00ebpunimit\u201d,\u00a0ka th\u00ebn\u00eb ai.<br \/>\nN\u00eb tubimet promovuese n\u00eb Ulqin,\u00a0Kat\u00ebrkoll\u00eb dhe Ostros, qytetar\u00ebve u jan\u00eb\u00a0drejtuar edhe p\u00ebrfaq\u00ebsues t\u00eb PDS-s\u00eb dhe\u00a0partive t\u00eb tjera.<\/p>\n<p><strong>(Kohapress)<br \/>\n<!--YouTube Error: bad URL entered--><\/strong><\/p>\n\n\t\t<style type=\"text\/css\">\n\t\t\t#gallery-1 {\n\t\t\t\tmargin: auto;\n\t\t\t}\n\t\t\t#gallery-1 .gallery-item {\n\t\t\t\tfloat: left;\n\t\t\t\tmargin-top: 10px;\n\t\t\t\ttext-align: center;\n\t\t\t\twidth: 33%;\n\t\t\t}\n\t\t\t#gallery-1 img {\n\t\t\t\tborder: 2px solid #cfcfcf;\n\t\t\t}\n\t\t\t#gallery-1 .gallery-caption {\n\t\t\t\tmargin-left: 0;\n\t\t\t}\n\t\t\t\/* see gallery_shortcode() in wp-includes\/media.php *\/\n\t\t<\/style>\n\t\t<div id='gallery-1' class='gallery galleryid-69722 gallery-columns-3 gallery-size-thumbnail'><dl class='gallery-item'>\n\t\t\t<dt class='gallery-icon landscape'>\n\t\t\t\t<a href='https:\/\/www.visit-ulcinj.com\/blog\/2013\/03\/17\/vujanoviq-nuk-ka-president-pa-mbeshtetjen-e-popujve-pakice-foto\/nazifcungu-perkrah-vujanoviqin-ne-zgjedhjet-presidenciale-1\/'><img width=\"150\" height=\"150\" src=\"https:\/\/www.visit-ulcinj.com\/blog\/wp-content\/uploads\/2013\/03\/NazifCungu-perkrah-Vujanoviqin-ne-zgjedhjet-presidenciale.1-150x150.jpg\" class=\"attachment-thumbnail size-thumbnail\" alt=\"\" loading=\"lazy\" \/><\/a>\n\t\t\t<\/dt><\/dl><dl class='gallery-item'>\n\t\t\t<dt class='gallery-icon landscape'>\n\t\t\t\t<a href='https:\/\/www.visit-ulcinj.com\/blog\/2013\/03\/17\/vujanoviq-nuk-ka-president-pa-mbeshtetjen-e-popujve-pakice-foto\/nazifcungu-perkrah-vujanoviqin-ne-zgjedhjet-presidenciale\/'><img width=\"150\" height=\"150\" src=\"https:\/\/www.visit-ulcinj.com\/blog\/wp-content\/uploads\/2013\/03\/NazifCungu-perkrah-Vujanoviqin-ne-zgjedhjet-presidenciale-150x150.jpg\" class=\"attachment-thumbnail size-thumbnail\" alt=\"\" loading=\"lazy\" \/><\/a>\n\t\t\t<\/dt><\/dl><dl class='gallery-item'>\n\t\t\t<dt class='gallery-icon landscape'>\n\t\t\t\t<a href='https:\/\/www.visit-ulcinj.com\/blog\/2013\/03\/17\/vujanoviq-nuk-ka-president-pa-mbeshtetjen-e-popujve-pakice-foto\/tribina-ne-ulqin-vujanoviqi-ne-zgjedhjet-presidenciale-1\/'><img width=\"150\" height=\"150\" src=\"https:\/\/www.visit-ulcinj.com\/blog\/wp-content\/uploads\/2013\/03\/Tribina-ne-Ulqin-Vujanoviqi-n\u00eb-zgjedhjet-presidenciale.1-150x150.jpg\" class=\"attachment-thumbnail size-thumbnail\" alt=\"\" loading=\"lazy\" \/><\/a>\n\t\t\t<\/dt><\/dl><br style=\"clear: both\" \/><dl class='gallery-item'>\n\t\t\t<dt class='gallery-icon landscape'>\n\t\t\t\t<a href='https:\/\/www.visit-ulcinj.com\/blog\/2013\/03\/17\/vujanoviq-nuk-ka-president-pa-mbeshtetjen-e-popujve-pakice-foto\/tribina-ne-ulqin-vujanoviqi-ne-zgjedhjet-presidenciale-2\/'><img width=\"150\" height=\"150\" src=\"https:\/\/www.visit-ulcinj.com\/blog\/wp-content\/uploads\/2013\/03\/Tribina-ne-Ulqin-Vujanoviqi-n\u00eb-zgjedhjet-presidenciale.2-150x150.jpg\" class=\"attachment-thumbnail size-thumbnail\" alt=\"\" loading=\"lazy\" \/><\/a>\n\t\t\t<\/dt><\/dl><dl class='gallery-item'>\n\t\t\t<dt class='gallery-icon landscape'>\n\t\t\t\t<a href='https:\/\/www.visit-ulcinj.com\/blog\/2013\/03\/17\/vujanoviq-nuk-ka-president-pa-mbeshtetjen-e-popujve-pakice-foto\/tribina-ne-ulqin-vujanoviqi-ne-zgjedhjet-presidenciale\/'><img width=\"150\" height=\"150\" src=\"https:\/\/www.visit-ulcinj.com\/blog\/wp-content\/uploads\/2013\/03\/Tribina-ne-Ulqin-Vujanoviqi-n\u00eb-zgjedhjet-presidenciale-150x150.jpg\" class=\"attachment-thumbnail size-thumbnail\" alt=\"\" loading=\"lazy\" \/><\/a>\n\t\t\t<\/dt><\/dl><dl class='gallery-item'>\n\t\t\t<dt class='gallery-icon landscape'>\n\t\t\t\t<a href='https:\/\/www.visit-ulcinj.com\/blog\/2013\/03\/17\/vujanoviq-nuk-ka-president-pa-mbeshtetjen-e-popujve-pakice-foto\/1-filip-vujanovic-ulcinj-3-mart\/'><img width=\"150\" height=\"150\" src=\"https:\/\/www.visit-ulcinj.com\/blog\/wp-content\/uploads\/2013\/03\/1-filip-vujanovic-ulcinj-3-mart-150x150.jpg\" class=\"attachment-thumbnail size-thumbnail\" alt=\"\" loading=\"lazy\" \/><\/a>\n\t\t\t<\/dt><\/dl><br style=\"clear: both\" \/><dl class='gallery-item'>\n\t\t\t<dt class='gallery-icon landscape'>\n\t\t\t\t<a href='https:\/\/www.visit-ulcinj.com\/blog\/2013\/03\/17\/vujanoviq-nuk-ka-president-pa-mbeshtetjen-e-popujve-pakice-foto\/5-filip-vujanovic-ulcinj-3-mart\/'><img width=\"150\" height=\"150\" src=\"https:\/\/www.visit-ulcinj.com\/blog\/wp-content\/uploads\/2013\/03\/5-filip-vujanovic-ulcinj-3-mart-150x150.jpg\" class=\"attachment-thumbnail size-thumbnail\" alt=\"\" loading=\"lazy\" \/><\/a>\n\t\t\t<\/dt><\/dl><dl class='gallery-item'>\n\t\t\t<dt class='gallery-icon landscape'>\n\t\t\t\t<a href='https:\/\/www.visit-ulcinj.com\/blog\/2013\/03\/17\/vujanoviq-nuk-ka-president-pa-mbeshtetjen-e-popujve-pakice-foto\/6-filip-vujanovic-ulcinj-3-mart\/'><img width=\"150\" height=\"150\" src=\"https:\/\/www.visit-ulcinj.com\/blog\/wp-content\/uploads\/2013\/03\/6-filip-vujanovic-ulcinj-3-mart-150x150.jpg\" class=\"attachment-thumbnail size-thumbnail\" alt=\"\" loading=\"lazy\" \/><\/a>\n\t\t\t<\/dt><\/dl><dl class='gallery-item'>\n\t\t\t<dt class='gallery-icon landscape'>\n\t\t\t\t<a href='https:\/\/www.visit-ulcinj.com\/blog\/2013\/03\/17\/vujanoviq-nuk-ka-president-pa-mbeshtetjen-e-popujve-pakice-foto\/10-filip-vujanovic-ulcinj-3-mart\/'><img width=\"150\" height=\"150\" src=\"https:\/\/www.visit-ulcinj.com\/blog\/wp-content\/uploads\/2013\/03\/10-filip-vujanovic-ulcinj-3-mart-150x150.jpg\" class=\"attachment-thumbnail size-thumbnail\" alt=\"\" loading=\"lazy\" \/><\/a>\n\t\t\t<\/dt><\/dl><br style=\"clear: both\" \/><dl class='gallery-item'>\n\t\t\t<dt class='gallery-icon landscape'>\n\t\t\t\t<a href='https:\/\/www.visit-ulcinj.com\/blog\/2013\/03\/17\/vujanoviq-nuk-ka-president-pa-mbeshtetjen-e-popujve-pakice-foto\/13-filip-vujanovic-ulcinj-3-mart\/'><img width=\"150\" height=\"150\" src=\"https:\/\/www.visit-ulcinj.com\/blog\/wp-content\/uploads\/2013\/03\/13-filip-vujanovic-ulcinj-3-mart-150x150.jpg\" class=\"attachment-thumbnail size-thumbnail\" alt=\"\" loading=\"lazy\" \/><\/a>\n\t\t\t<\/dt><\/dl><dl class='gallery-item'>\n\t\t\t<dt class='gallery-icon landscape'>\n\t\t\t\t<a href='https:\/\/www.visit-ulcinj.com\/blog\/2013\/03\/17\/vujanoviq-nuk-ka-president-pa-mbeshtetjen-e-popujve-pakice-foto\/18-filip-vujanovic-ulcinj-3-mart\/'><img width=\"150\" height=\"150\" src=\"https:\/\/www.visit-ulcinj.com\/blog\/wp-content\/uploads\/2013\/03\/18-filip-vujanovic-ulcinj-3-mart-150x150.jpg\" class=\"attachment-thumbnail size-thumbnail\" alt=\"\" loading=\"lazy\" \/><\/a>\n\t\t\t<\/dt><\/dl><dl class='gallery-item'>\n\t\t\t<dt class='gallery-icon landscape'>\n\t\t\t\t<a href='https:\/\/www.visit-ulcinj.com\/blog\/2013\/03\/17\/vujanoviq-nuk-ka-president-pa-mbeshtetjen-e-popujve-pakice-foto\/filip-vujanovic-ne-port-milene_ulqin_04-03_2013-1\/'><img width=\"150\" height=\"150\" src=\"https:\/\/www.visit-ulcinj.com\/blog\/wp-content\/uploads\/2013\/03\/Filip-Vujanovic-ne-Port-Milene_Ulqin_04-03_2013.1-150x150.jpg\" class=\"attachment-thumbnail size-thumbnail\" alt=\"\" loading=\"lazy\" \/><\/a>\n\t\t\t<\/dt><\/dl><br style=\"clear: both\" \/><dl class='gallery-item'>\n\t\t\t<dt class='gallery-icon landscape'>\n\t\t\t\t<a href='https:\/\/www.visit-ulcinj.com\/blog\/2013\/03\/17\/vujanoviq-nuk-ka-president-pa-mbeshtetjen-e-popujve-pakice-foto\/filip-vujanovic-ne-port-milene_ulqin_04-03_2013-2\/'><img width=\"150\" height=\"150\" src=\"https:\/\/www.visit-ulcinj.com\/blog\/wp-content\/uploads\/2013\/03\/Filip-Vujanovic-ne-Port-Milene_Ulqin_04-03_2013.2-150x150.jpg\" class=\"attachment-thumbnail size-thumbnail\" alt=\"\" loading=\"lazy\" \/><\/a>\n\t\t\t<\/dt><\/dl><dl class='gallery-item'>\n\t\t\t<dt class='gallery-icon landscape'>\n\t\t\t\t<a href='https:\/\/www.visit-ulcinj.com\/blog\/2013\/03\/17\/vujanoviq-nuk-ka-president-pa-mbeshtetjen-e-popujve-pakice-foto\/filip-vujanovic-ne-port-milene_ulqin_04-03_2013-3\/'><img width=\"150\" height=\"150\" src=\"https:\/\/www.visit-ulcinj.com\/blog\/wp-content\/uploads\/2013\/03\/Filip-Vujanovic-ne-Port-Milene_Ulqin_04-03_2013.3-150x150.jpg\" class=\"attachment-thumbnail size-thumbnail\" alt=\"\" loading=\"lazy\" \/><\/a>\n\t\t\t<\/dt><\/dl><dl class='gallery-item'>\n\t\t\t<dt class='gallery-icon landscape'>\n\t\t\t\t<a href='https:\/\/www.visit-ulcinj.com\/blog\/2013\/03\/17\/vujanoviq-nuk-ka-president-pa-mbeshtetjen-e-popujve-pakice-foto\/filip-vujanovic-ne-port-milene_ulqin_04-03_2013\/'><img width=\"150\" height=\"150\" src=\"https:\/\/www.visit-ulcinj.com\/blog\/wp-content\/uploads\/2013\/03\/Filip-Vujanovic-ne-Port-Milene_Ulqin_04-03_2013-150x150.jpg\" class=\"attachment-thumbnail size-thumbnail\" alt=\"\" loading=\"lazy\" \/><\/a>\n\t\t\t<\/dt><\/dl><br style=\"clear: both\" \/><dl class='gallery-item'>\n\t\t\t<dt class='gallery-icon landscape'>\n\t\t\t\t<a href='https:\/\/www.visit-ulcinj.com\/blog\/2013\/03\/17\/vujanoviq-nuk-ka-president-pa-mbeshtetjen-e-popujve-pakice-foto\/filip-vujanovic-ne-zgjedhjet-presidenciale-ne-ulqin\/'><img width=\"150\" height=\"150\" src=\"https:\/\/www.visit-ulcinj.com\/blog\/wp-content\/uploads\/2013\/03\/Filip-Vujanovic-ne-zgjedhjet-presidenciale-ne-Ulqin-150x150.jpg\" class=\"attachment-thumbnail size-thumbnail\" alt=\"\" loading=\"lazy\" \/><\/a>\n\t\t\t<\/dt><\/dl><dl class='gallery-item'>\n\t\t\t<dt class='gallery-icon landscape'>\n\t\t\t\t<a href='https:\/\/www.visit-ulcinj.com\/blog\/2013\/03\/17\/vujanoviq-nuk-ka-president-pa-mbeshtetjen-e-popujve-pakice-foto\/filip-vujanovic-u-obilasku-radio-ulcinj-1\/'><img width=\"150\" height=\"150\" src=\"https:\/\/www.visit-ulcinj.com\/blog\/wp-content\/uploads\/2013\/03\/Filip-Vujanovic-u-obilasku-Radio-Ulcinj.1-150x150.jpg\" class=\"attachment-thumbnail size-thumbnail\" alt=\"\" loading=\"lazy\" \/><\/a>\n\t\t\t<\/dt><\/dl><dl class='gallery-item'>\n\t\t\t<dt class='gallery-icon landscape'>\n\t\t\t\t<a href='https:\/\/www.visit-ulcinj.com\/blog\/2013\/03\/17\/vujanoviq-nuk-ka-president-pa-mbeshtetjen-e-popujve-pakice-foto\/filip-vujanovic-u-obilasku-radio-ulcinj-2\/'><img width=\"150\" height=\"150\" src=\"https:\/\/www.visit-ulcinj.com\/blog\/wp-content\/uploads\/2013\/03\/Filip-Vujanovic-u-obilasku-Radio-Ulcinj.2-150x150.jpg\" class=\"attachment-thumbnail size-thumbnail\" alt=\"\" loading=\"lazy\" \/><\/a>\n\t\t\t<\/dt><\/dl><br style=\"clear: both\" \/><dl class='gallery-item'>\n\t\t\t<dt class='gallery-icon landscape'>\n\t\t\t\t<a href='https:\/\/www.visit-ulcinj.com\/blog\/2013\/03\/17\/vujanoviq-nuk-ka-president-pa-mbeshtetjen-e-popujve-pakice-foto\/mehmet-zenka-perkrah-vujanoviqin-ne-zgjedhjet-presidenciale\/'><img width=\"150\" height=\"150\" src=\"https:\/\/www.visit-ulcinj.com\/blog\/wp-content\/uploads\/2013\/03\/Mehmet-Zenka-perkrah-Vujanoviqin-ne-zgjedhjet-presidenciale-150x150.jpg\" class=\"attachment-thumbnail size-thumbnail\" alt=\"\" loading=\"lazy\" \/><\/a>\n\t\t\t<\/dt><\/dl><dl class='gallery-item'>\n\t\t\t<dt class='gallery-icon landscape'>\n\t\t\t\t<a href='https:\/\/www.visit-ulcinj.com\/blog\/2013\/03\/17\/vujanoviq-nuk-ka-president-pa-mbeshtetjen-e-popujve-pakice-foto\/met-gjoni-perkrah-vujanoviqin-ne-zgjedhjet-presidenciale\/'><img width=\"150\" height=\"150\" src=\"https:\/\/www.visit-ulcinj.com\/blog\/wp-content\/uploads\/2013\/03\/Met-Gjoni-perkrah-Vujanoviqin-ne-zgjedhjet-presidenciale-150x150.jpg\" class=\"attachment-thumbnail size-thumbnail\" alt=\"\" loading=\"lazy\" \/><\/a>\n\t\t\t<\/dt><\/dl><dl class='gallery-item'>\n\t\t\t<dt class='gallery-icon landscape'>\n\t\t\t\t<a href='https:\/\/www.visit-ulcinj.com\/blog\/2013\/03\/17\/vujanoviq-nuk-ka-president-pa-mbeshtetjen-e-popujve-pakice-foto\/filip-vujanovic-u-obilasku-radio-ulcinj-3\/'><img width=\"150\" height=\"150\" src=\"https:\/\/www.visit-ulcinj.com\/blog\/wp-content\/uploads\/2013\/03\/Filip-Vujanovic-u-obilasku-Radio-Ulcinj.3-150x150.jpg\" class=\"attachment-thumbnail size-thumbnail\" alt=\"\" loading=\"lazy\" \/><\/a>\n\t\t\t<\/dt><\/dl><br style=\"clear: both\" \/><dl class='gallery-item'>\n\t\t\t<dt class='gallery-icon landscape'>\n\t\t\t\t<a href='https:\/\/www.visit-ulcinj.com\/blog\/2013\/03\/17\/vujanoviq-nuk-ka-president-pa-mbeshtetjen-e-popujve-pakice-foto\/filip-vujanovic-u-obilasku-radio-ulcinj-4\/'><img width=\"150\" height=\"150\" src=\"https:\/\/www.visit-ulcinj.com\/blog\/wp-content\/uploads\/2013\/03\/Filip-Vujanovic-u-obilasku-Radio-Ulcinj.4-150x150.jpg\" class=\"attachment-thumbnail size-thumbnail\" alt=\"\" loading=\"lazy\" \/><\/a>\n\t\t\t<\/dt><\/dl><dl class='gallery-item'>\n\t\t\t<dt class='gallery-icon landscape'>\n\t\t\t\t<a href='https:\/\/www.visit-ulcinj.com\/blog\/2013\/03\/17\/vujanoviq-nuk-ka-president-pa-mbeshtetjen-e-popujve-pakice-foto\/filip-vujanovic-u-obilasku-radio-ulcinj\/'><img width=\"150\" height=\"150\" src=\"https:\/\/www.visit-ulcinj.com\/blog\/wp-content\/uploads\/2013\/03\/Filip-Vujanovic-u-obilasku-Radio-Ulcinj-150x150.jpg\" class=\"attachment-thumbnail size-thumbnail\" alt=\"\" loading=\"lazy\" \/><\/a>\n\t\t\t<\/dt><\/dl><dl class='gallery-item'>\n\t\t\t<dt class='gallery-icon portrait'>\n\t\t\t\t<a href='https:\/\/www.visit-ulcinj.com\/blog\/2013\/03\/17\/vujanoviq-nuk-ka-president-pa-mbeshtetjen-e-popujve-pakice-foto\/filip-vujanovic-u-obilasku-starog-grada-ulcinja_1\/'><img width=\"150\" height=\"150\" src=\"https:\/\/www.visit-ulcinj.com\/blog\/wp-content\/uploads\/2013\/03\/Filip-Vujanovic-u-obilasku-starog-grada-Ulcinja_1-150x150.jpg\" class=\"attachment-thumbnail size-thumbnail\" alt=\"\" loading=\"lazy\" \/><\/a>\n\t\t\t<\/dt><\/dl><br style=\"clear: both\" \/><dl class='gallery-item'>\n\t\t\t<dt class='gallery-icon landscape'>\n\t\t\t\t<a href='https:\/\/www.visit-ulcinj.com\/blog\/2013\/03\/17\/vujanoviq-nuk-ka-president-pa-mbeshtetjen-e-popujve-pakice-foto\/filip-vujanovic-u-obilasku-starog_grada_ulcinja_1\/'><img width=\"150\" height=\"150\" src=\"https:\/\/www.visit-ulcinj.com\/blog\/wp-content\/uploads\/2013\/03\/Filip-Vujanovic-u-obilasku-starog_grada_Ulcinja_1-150x150.jpg\" class=\"attachment-thumbnail size-thumbnail\" alt=\"\" loading=\"lazy\" \/><\/a>\n\t\t\t<\/dt><\/dl><dl class='gallery-item'>\n\t\t\t<dt class='gallery-icon landscape'>\n\t\t\t\t<a href='https:\/\/www.visit-ulcinj.com\/blog\/2013\/03\/17\/vujanoviq-nuk-ka-president-pa-mbeshtetjen-e-popujve-pakice-foto\/filip-vujanovic-u-obilasku-starog_grada_ulcinja_2\/'><img width=\"150\" height=\"150\" src=\"https:\/\/www.visit-ulcinj.com\/blog\/wp-content\/uploads\/2013\/03\/Filip-Vujanovic-u-obilasku-starog_grada_Ulcinja_2-150x150.jpg\" class=\"attachment-thumbnail size-thumbnail\" alt=\"\" loading=\"lazy\" \/><\/a>\n\t\t\t<\/dt><\/dl><dl class='gallery-item'>\n\t\t\t<dt class='gallery-icon landscape'>\n\t\t\t\t<a href='https:\/\/www.visit-ulcinj.com\/blog\/2013\/03\/17\/vujanoviq-nuk-ka-president-pa-mbeshtetjen-e-popujve-pakice-foto\/filip-vujanovic-u-obilasku-starog_grada_ulcinja_3\/'><img width=\"150\" height=\"150\" src=\"https:\/\/www.visit-ulcinj.com\/blog\/wp-content\/uploads\/2013\/03\/Filip-Vujanovic-u-obilasku-starog_grada_Ulcinja_3-150x150.jpg\" class=\"attachment-thumbnail size-thumbnail\" alt=\"\" loading=\"lazy\" \/><\/a>\n\t\t\t<\/dt><\/dl><br style=\"clear: both\" \/><dl class='gallery-item'>\n\t\t\t<dt class='gallery-icon landscape'>\n\t\t\t\t<a href='https:\/\/www.visit-ulcinj.com\/blog\/2013\/03\/17\/vujanoviq-nuk-ka-president-pa-mbeshtetjen-e-popujve-pakice-foto\/filip-vujanovic-ulcinj-3-mart-2013\/'><img width=\"150\" height=\"150\" src=\"https:\/\/www.visit-ulcinj.com\/blog\/wp-content\/uploads\/2013\/03\/filip-vujanovic-ulcinj-3-mart.2013-150x150.jpg\" class=\"attachment-thumbnail size-thumbnail\" alt=\"\" loading=\"lazy\" \/><\/a>\n\t\t\t<\/dt><\/dl><dl class='gallery-item'>\n\t\t\t<dt class='gallery-icon landscape'>\n\t\t\t\t<a href='https:\/\/www.visit-ulcinj.com\/blog\/2013\/03\/17\/vujanoviq-nuk-ka-president-pa-mbeshtetjen-e-popujve-pakice-foto\/filipvujanoviq-ne-ulqin-2\/'><img width=\"150\" height=\"150\" src=\"https:\/\/www.visit-ulcinj.com\/blog\/wp-content\/uploads\/2013\/03\/FilipVujanoviq-ne-Ulqin1-150x150.jpg\" class=\"attachment-thumbnail size-thumbnail\" alt=\"\" loading=\"lazy\" \/><\/a>\n\t\t\t<\/dt><\/dl><dl class='gallery-item'>\n\t\t\t<dt class='gallery-icon landscape'>\n\t\t\t\t<a href='https:\/\/www.visit-ulcinj.com\/blog\/2013\/03\/17\/vujanoviq-nuk-ka-president-pa-mbeshtetjen-e-popujve-pakice-foto\/bar-2-dan-ostros-2-mart-04filipvujanovic\/'><img width=\"150\" height=\"150\" src=\"https:\/\/www.visit-ulcinj.com\/blog\/wp-content\/uploads\/2013\/03\/bar-2-dan-ostros-2-mart-04filipvujanovic-150x150.jpg\" class=\"attachment-thumbnail size-thumbnail\" alt=\"\" loading=\"lazy\" \/><\/a>\n\t\t\t<\/dt><\/dl><br style=\"clear: both\" \/><dl class='gallery-item'>\n\t\t\t<dt class='gallery-icon landscape'>\n\t\t\t\t<a href='https:\/\/www.visit-ulcinj.com\/blog\/2013\/03\/17\/vujanoviq-nuk-ka-president-pa-mbeshtetjen-e-popujve-pakice-foto\/bar-2-dan-ostros-2-mart-12filipvujanovic\/'><img width=\"150\" height=\"150\" src=\"https:\/\/www.visit-ulcinj.com\/blog\/wp-content\/uploads\/2013\/03\/bar-2-dan-ostros-2-mart-12filipvujanovic-150x150.jpg\" class=\"attachment-thumbnail size-thumbnail\" alt=\"\" loading=\"lazy\" \/><\/a>\n\t\t\t<\/dt><\/dl><dl class='gallery-item'>\n\t\t\t<dt class='gallery-icon landscape'>\n\t\t\t\t<a href='https:\/\/www.visit-ulcinj.com\/blog\/2013\/03\/17\/vujanoviq-nuk-ka-president-pa-mbeshtetjen-e-popujve-pakice-foto\/bar-2-dan-ostros-2-mart-22filipvujanovic\/'><img width=\"150\" height=\"150\" src=\"https:\/\/www.visit-ulcinj.com\/blog\/wp-content\/uploads\/2013\/03\/bar-2-dan-ostros-2-mart-22filipvujanovic-150x150.jpg\" class=\"attachment-thumbnail size-thumbnail\" alt=\"\" loading=\"lazy\" \/><\/a>\n\t\t\t<\/dt><\/dl><dl class='gallery-item'>\n\t\t\t<dt class='gallery-icon landscape'>\n\t\t\t\t<a href='https:\/\/www.visit-ulcinj.com\/blog\/2013\/03\/17\/vujanoviq-nuk-ka-president-pa-mbeshtetjen-e-popujve-pakice-foto\/bar-2-dan-ostros-2-mart-02filipvujanovic\/'><img width=\"150\" height=\"150\" src=\"https:\/\/www.visit-ulcinj.com\/blog\/wp-content\/uploads\/2013\/03\/bar-2-dan-ostros-2-mart-02filipvujanovic-150x150.jpg\" class=\"attachment-thumbnail size-thumbnail\" alt=\"\" loading=\"lazy\" \/><\/a>\n\t\t\t<\/dt><\/dl><br style=\"clear: both\" \/>\n\t\t<\/div>\n\n","protected":false},"excerpt":{"rendered":"<p>\u201cD\u00ebshiroj t\u00eb fal\u00ebnderoj miqt\u00eb e mi shqiptar\u00eb q\u00eb m\u00eb mb\u00ebshtesin. Me respekt e p\u00ebrjetoj k\u00ebt\u00eb \u00a0mb\u00ebshtetje, nd\u00ebrsa vler\u00ebsoj lart mb\u00ebshtetjen q\u00eb m\u00eb japin partit\u00eb shqiptare. K\u00ebt\u00eb e p\u00ebrjetoj \u00a0si mir\u00ebnjohje p\u00ebr politik\u00ebn shtet\u00ebrore q\u00eb kam udh\u00ebhequr\u201d, ka theksuar Vujanoviq.\u00a0 Presidenti aktual i Malit t\u00eb Zi dhe kandidati\u00a0i Partis\u00eb Demokratike t\u00eb Socialist\u00ebve\u00a0p\u00ebr president t\u00eb ardhsh\u00ebm, Filip\u00a0Vujanoviq, [&hellip;]<\/p>\n","protected":false},"author":1,"featured_media":0,"comment_status":"open","ping_status":"closed","sticky":false,"template":"","format":"standard","meta":{"spay_email":"","jetpack_publicize_message":"","jetpack_is_tweetstorm":false,"jetpack_publicize_feature_enabled":true},"categories":[6950],"tags":[200],"jetpack_publicize_connections":[],"yoast_head":"<!-- This site is optimized with the Yoast SEO plugin v19.1 - https:\/\/yoast.com\/wordpress\/plugins\/seo\/ -->\n<title>Vujanoviq: Nuk ka President pa mb\u00ebshtetjen e popujve pakic\u00eb + Foto - Lajme nga Ulqini<\/title>\n<meta name=\"description\" content=\"\u201cD\u00ebshiroj t\u00eb fal\u00ebnderoj miqt\u00eb e mi shqiptar\u00eb q\u00eb m\u00eb mb\u00ebshtesin. Me respekt e p\u00ebrjetoj k\u00ebt\u00eb \u00a0mb\u00ebshtetje, nd\u00ebrsa vler\u00ebsoj lart mb\u00ebshtetjen q\u00eb m\u00eb japin\" \/>\n<meta name=\"robots\" content=\"index, follow, max-snippet:-1, max-image-preview:large, max-video-preview:-1\" \/>\n<link rel=\"canonical\" href=\"https:\/\/www.visit-ulcinj.com\/blog\/2013\/03\/17\/vujanoviq-nuk-ka-president-pa-mbeshtetjen-e-popujve-pakice-foto\/\" \/>\n<meta property=\"og:locale\" content=\"en_US\" \/>\n<meta property=\"og:type\" content=\"article\" \/>\n<meta property=\"og:title\" content=\"Vujanoviq: Nuk ka President pa mb\u00ebshtetjen e popujve pakic\u00eb + Foto - Lajme nga Ulqini\" \/>\n<meta property=\"og:description\" content=\"\u201cD\u00ebshiroj t\u00eb fal\u00ebnderoj miqt\u00eb e mi shqiptar\u00eb q\u00eb m\u00eb mb\u00ebshtesin. Me respekt e p\u00ebrjetoj k\u00ebt\u00eb \u00a0mb\u00ebshtetje, nd\u00ebrsa vler\u00ebsoj lart mb\u00ebshtetjen q\u00eb m\u00eb japin\" \/>\n<meta property=\"og:url\" content=\"https:\/\/www.visit-ulcinj.com\/blog\/2013\/03\/17\/vujanoviq-nuk-ka-president-pa-mbeshtetjen-e-popujve-pakice-foto\/\" \/>\n<meta property=\"og:site_name\" content=\"Lajme nga Ulqini\" \/>\n<meta property=\"article:published_time\" content=\"2013-03-17T18:37:41+00:00\" \/>\n<meta property=\"article:modified_time\" content=\"2013-03-18T18:19:31+00:00\" \/>\n<meta property=\"og:image\" content=\"https:\/\/www.visit-ulcinj.com\/blog\/wp-content\/uploads\/2013\/03\/NazifCungu-perkrah-Vujanoviqin-ne-zgjedhjet-presidenciale.1-150x150.jpg\" \/>\n<meta name=\"twitter:label1\" content=\"Written by\" \/>\n\t<meta name=\"twitter:data1\" content=\"ulqini\" \/>\n\t<meta name=\"twitter:label2\" content=\"Est. reading time\" \/>\n\t<meta name=\"twitter:data2\" content=\"4 minutes\" \/>\n<script type=\"application\/ld+json\" class=\"yoast-schema-graph\">{\"@context\":\"https:\/\/schema.org\",\"@graph\":[{\"@type\":\"WebSite\",\"@id\":\"https:\/\/www.visit-ulcinj.com\/blog\/#website\",\"url\":\"https:\/\/www.visit-ulcinj.com\/blog\/\",\"name\":\"Lajme nga Ulqini\",\"description\":\"Lajme,Vijesti,Ulqini,Ulqin,Crna Gora,Mali i Zi\",\"potentialAction\":[{\"@type\":\"SearchAction\",\"target\":{\"@type\":\"EntryPoint\",\"urlTemplate\":\"https:\/\/www.visit-ulcinj.com\/blog\/?s={search_term_string}\"},\"query-input\":\"required name=search_term_string\"}],\"inLanguage\":\"en-US\"},{\"@type\":\"ImageObject\",\"inLanguage\":\"en-US\",\"@id\":\"https:\/\/www.visit-ulcinj.com\/blog\/2013\/03\/17\/vujanoviq-nuk-ka-president-pa-mbeshtetjen-e-popujve-pakice-foto\/#primaryimage\",\"url\":\"https:\/\/www.visit-ulcinj.com\/blog\/wp-content\/uploads\/2013\/03\/FilipVujanoviq-ne-Ulqin.jpg\",\"contentUrl\":\"https:\/\/www.visit-ulcinj.com\/blog\/wp-content\/uploads\/2013\/03\/FilipVujanoviq-ne-Ulqin.jpg\",\"width\":1000,\"height\":665},{\"@type\":\"WebPage\",\"@id\":\"https:\/\/www.visit-ulcinj.com\/blog\/2013\/03\/17\/vujanoviq-nuk-ka-president-pa-mbeshtetjen-e-popujve-pakice-foto\/#webpage\",\"url\":\"https:\/\/www.visit-ulcinj.com\/blog\/2013\/03\/17\/vujanoviq-nuk-ka-president-pa-mbeshtetjen-e-popujve-pakice-foto\/\",\"name\":\"Vujanoviq: Nuk ka President pa mb\u00ebshtetjen e popujve pakic\u00eb + Foto - Lajme nga Ulqini\",\"isPartOf\":{\"@id\":\"https:\/\/www.visit-ulcinj.com\/blog\/#website\"},\"primaryImageOfPage\":{\"@id\":\"https:\/\/www.visit-ulcinj.com\/blog\/2013\/03\/17\/vujanoviq-nuk-ka-president-pa-mbeshtetjen-e-popujve-pakice-foto\/#primaryimage\"},\"datePublished\":\"2013-03-17T18:37:41+00:00\",\"dateModified\":\"2013-03-18T18:19:31+00:00\",\"author\":{\"@id\":\"https:\/\/www.visit-ulcinj.com\/blog\/#\/schema\/person\/dcab619c614d3038751c63bc2aadc06d\"},\"description\":\"\u201cD\u00ebshiroj t\u00eb fal\u00ebnderoj miqt\u00eb e mi shqiptar\u00eb q\u00eb m\u00eb mb\u00ebshtesin. Me respekt e p\u00ebrjetoj k\u00ebt\u00eb \u00a0mb\u00ebshtetje, nd\u00ebrsa vler\u00ebsoj lart mb\u00ebshtetjen q\u00eb m\u00eb japin\",\"breadcrumb\":{\"@id\":\"https:\/\/www.visit-ulcinj.com\/blog\/2013\/03\/17\/vujanoviq-nuk-ka-president-pa-mbeshtetjen-e-popujve-pakice-foto\/#breadcrumb\"},\"inLanguage\":\"en-US\",\"potentialAction\":[{\"@type\":\"ReadAction\",\"target\":[\"https:\/\/www.visit-ulcinj.com\/blog\/2013\/03\/17\/vujanoviq-nuk-ka-president-pa-mbeshtetjen-e-popujve-pakice-foto\/\"]}]},{\"@type\":\"BreadcrumbList\",\"@id\":\"https:\/\/www.visit-ulcinj.com\/blog\/2013\/03\/17\/vujanoviq-nuk-ka-president-pa-mbeshtetjen-e-popujve-pakice-foto\/#breadcrumb\",\"itemListElement\":[{\"@type\":\"ListItem\",\"position\":1,\"name\":\"Vujanoviq: Nuk ka President pa mb\u00ebshtetjen e popujve pakic\u00eb + Foto\"}]},{\"@type\":\"Person\",\"@id\":\"https:\/\/www.visit-ulcinj.com\/blog\/#\/schema\/person\/dcab619c614d3038751c63bc2aadc06d\",\"name\":\"ulqini\",\"sameAs\":[\"http:\/\/www.visit-ulcinj.com\"],\"url\":\"https:\/\/www.visit-ulcinj.com\/blog\/author\/admin\/\"}]}<\/script>\n<!-- \/ Yoast SEO plugin. -->","yoast_head_json":{"title":"Vujanoviq: Nuk ka President pa mb\u00ebshtetjen e popujve pakic\u00eb + Foto - Lajme nga Ulqini","description":"\u201cD\u00ebshiroj t\u00eb fal\u00ebnderoj miqt\u00eb e mi shqiptar\u00eb q\u00eb m\u00eb mb\u00ebshtesin. Me respekt e p\u00ebrjetoj k\u00ebt\u00eb \u00a0mb\u00ebshtetje, nd\u00ebrsa vler\u00ebsoj lart mb\u00ebshtetjen q\u00eb m\u00eb japin","robots":{"index":"index","follow":"follow","max-snippet":"max-snippet:-1","max-image-preview":"max-image-preview:large","max-video-preview":"max-video-preview:-1"},"canonical":"https:\/\/www.visit-ulcinj.com\/blog\/2013\/03\/17\/vujanoviq-nuk-ka-president-pa-mbeshtetjen-e-popujve-pakice-foto\/","og_locale":"en_US","og_type":"article","og_title":"Vujanoviq: Nuk ka President pa mb\u00ebshtetjen e popujve pakic\u00eb + Foto - Lajme nga Ulqini","og_description":"\u201cD\u00ebshiroj t\u00eb fal\u00ebnderoj miqt\u00eb e mi shqiptar\u00eb q\u00eb m\u00eb mb\u00ebshtesin. Me respekt e p\u00ebrjetoj k\u00ebt\u00eb \u00a0mb\u00ebshtetje, nd\u00ebrsa vler\u00ebsoj lart mb\u00ebshtetjen q\u00eb m\u00eb japin","og_url":"https:\/\/www.visit-ulcinj.com\/blog\/2013\/03\/17\/vujanoviq-nuk-ka-president-pa-mbeshtetjen-e-popujve-pakice-foto\/","og_site_name":"Lajme nga Ulqini","article_published_time":"2013-03-17T18:37:41+00:00","article_modified_time":"2013-03-18T18:19:31+00:00","og_image":[{"url":"https:\/\/www.visit-ulcinj.com\/blog\/wp-content\/uploads\/2013\/03\/NazifCungu-perkrah-Vujanoviqin-ne-zgjedhjet-presidenciale.1-150x150.jpg"}],"twitter_misc":{"Written by":"ulqini","Est. reading time":"4 minutes"},"schema":{"@context":"https:\/\/schema.org","@graph":[{"@type":"WebSite","@id":"https:\/\/www.visit-ulcinj.com\/blog\/#website","url":"https:\/\/www.visit-ulcinj.com\/blog\/","name":"Lajme nga Ulqini","description":"Lajme,Vijesti,Ulqini,Ulqin,Crna Gora,Mali i Zi","potentialAction":[{"@type":"SearchAction","target":{"@type":"EntryPoint","urlTemplate":"https:\/\/www.visit-ulcinj.com\/blog\/?s={search_term_string}"},"query-input":"required name=search_term_string"}],"inLanguage":"en-US"},{"@type":"ImageObject","inLanguage":"en-US","@id":"https:\/\/www.visit-ulcinj.com\/blog\/2013\/03\/17\/vujanoviq-nuk-ka-president-pa-mbeshtetjen-e-popujve-pakice-foto\/#primaryimage","url":"https:\/\/www.visit-ulcinj.com\/blog\/wp-content\/uploads\/2013\/03\/FilipVujanoviq-ne-Ulqin.jpg","contentUrl":"https:\/\/www.visit-ulcinj.com\/blog\/wp-content\/uploads\/2013\/03\/FilipVujanoviq-ne-Ulqin.jpg","width":1000,"height":665},{"@type":"WebPage","@id":"https:\/\/www.visit-ulcinj.com\/blog\/2013\/03\/17\/vujanoviq-nuk-ka-president-pa-mbeshtetjen-e-popujve-pakice-foto\/#webpage","url":"https:\/\/www.visit-ulcinj.com\/blog\/2013\/03\/17\/vujanoviq-nuk-ka-president-pa-mbeshtetjen-e-popujve-pakice-foto\/","name":"Vujanoviq: Nuk ka President pa mb\u00ebshtetjen e popujve pakic\u00eb + Foto - Lajme nga Ulqini","isPartOf":{"@id":"https:\/\/www.visit-ulcinj.com\/blog\/#website"},"primaryImageOfPage":{"@id":"https:\/\/www.visit-ulcinj.com\/blog\/2013\/03\/17\/vujanoviq-nuk-ka-president-pa-mbeshtetjen-e-popujve-pakice-foto\/#primaryimage"},"datePublished":"2013-03-17T18:37:41+00:00","dateModified":"2013-03-18T18:19:31+00:00","author":{"@id":"https:\/\/www.visit-ulcinj.com\/blog\/#\/schema\/person\/dcab619c614d3038751c63bc2aadc06d"},"description":"\u201cD\u00ebshiroj t\u00eb fal\u00ebnderoj miqt\u00eb e mi shqiptar\u00eb q\u00eb m\u00eb mb\u00ebshtesin. Me respekt e p\u00ebrjetoj k\u00ebt\u00eb \u00a0mb\u00ebshtetje, nd\u00ebrsa vler\u00ebsoj lart mb\u00ebshtetjen q\u00eb m\u00eb japin","breadcrumb":{"@id":"https:\/\/www.visit-ulcinj.com\/blog\/2013\/03\/17\/vujanoviq-nuk-ka-president-pa-mbeshtetjen-e-popujve-pakice-foto\/#breadcrumb"},"inLanguage":"en-US","potentialAction":[{"@type":"ReadAction","target":["https:\/\/www.visit-ulcinj.com\/blog\/2013\/03\/17\/vujanoviq-nuk-ka-president-pa-mbeshtetjen-e-popujve-pakice-foto\/"]}]},{"@type":"BreadcrumbList","@id":"https:\/\/www.visit-ulcinj.com\/blog\/2013\/03\/17\/vujanoviq-nuk-ka-president-pa-mbeshtetjen-e-popujve-pakice-foto\/#breadcrumb","itemListElement":[{"@type":"ListItem","position":1,"name":"Vujanoviq: Nuk ka President pa mb\u00ebshtetjen e popujve pakic\u00eb + Foto"}]},{"@type":"Person","@id":"https:\/\/www.visit-ulcinj.com\/blog\/#\/schema\/person\/dcab619c614d3038751c63bc2aadc06d","name":"ulqini","sameAs":["http:\/\/www.visit-ulcinj.com"],"url":"https:\/\/www.visit-ulcinj.com\/blog\/author\/admin\/"}]}},"jetpack_featured_media_url":"","jetpack_sharing_enabled":true,"jetpack_shortlink":"https:\/\/wp.me\/pe6lTn-i8y","_links":{"self":[{"href":"https:\/\/www.visit-ulcinj.com\/blog\/wp-json\/wp\/v2\/posts\/69722"}],"collection":[{"href":"https:\/\/www.visit-ulcinj.com\/blog\/wp-json\/wp\/v2\/posts"}],"about":[{"href":"https:\/\/www.visit-ulcinj.com\/blog\/wp-json\/wp\/v2\/types\/post"}],"author":[{"embeddable":true,"href":"https:\/\/www.visit-ulcinj.com\/blog\/wp-json\/wp\/v2\/users\/1"}],"replies":[{"embeddable":true,"href":"https:\/\/www.visit-ulcinj.com\/blog\/wp-json\/wp\/v2\/comments?post=69722"}],"version-history":[{"count":3,"href":"https:\/\/www.visit-ulcinj.com\/blog\/wp-json\/wp\/v2\/posts\/69722\/revisions"}],"predecessor-version":[{"id":69782,"href":"https:\/\/www.visit-ulcinj.com\/blog\/wp-json\/wp\/v2\/posts\/69722\/revisions\/69782"}],"wp:attachment":[{"href":"https:\/\/www.visit-ulcinj.com\/blog\/wp-json\/wp\/v2\/media?parent=69722"}],"wp:term":[{"taxonomy":"category","embeddable":true,"href":"https:\/\/www.visit-ulcinj.com\/blog\/wp-json\/wp\/v2\/categories?post=69722"},{"taxonomy":"post_tag","embeddable":true,"href":"https:\/\/www.visit-ulcinj.com\/blog\/wp-json\/wp\/v2\/tags?post=69722"}],"curies":[{"name":"wp","href":"https:\/\/api.w.org\/{rel}","templated":true}]}}