{"id":69762,"date":"2013-03-18T19:09:30","date_gmt":"2013-03-18T18:09:30","guid":{"rendered":"http:\/\/www.visit-ulcinj.com\/blog\/?p=69762"},"modified":"2013-03-20T07:50:31","modified_gmt":"2013-03-20T06:50:31","slug":"biblioteka-e-ulqinit-ne-gjendje-te-mjerueshme-video","status":"publish","type":"post","link":"https:\/\/www.visit-ulcinj.com\/blog\/2013\/03\/18\/biblioteka-e-ulqinit-ne-gjendje-te-mjerueshme-video\/","title":{"rendered":"Biblioteka e Ulqinit n\u00eb gjendje t\u00eb mjerueshme &#8211; Video"},"content":{"rendered":"<p><a href=\"http:\/\/www.visit-ulcinj.com\/blog\/wp-content\/uploads\/2013\/03\/Biblioteka-e-Ulqinit-n\u00eb-gjendje-t\u00eb-mjerueshme.11.jpg\"><img loading=\"lazy\" class=\"alignleft  wp-image-69775\" alt=\"Biblioteka e Ulqinit n\u00eb gjendje t\u00eb mjerueshme.1\" src=\"http:\/\/www.visit-ulcinj.com\/blog\/wp-content\/uploads\/2013\/03\/Biblioteka-e-Ulqinit-n\u00eb-gjendje-t\u00eb-mjerueshme.11.jpg\" width=\"508\" height=\"360\" \/><\/a>Biblioteka e Ulqinit e nd\u00ebrtuar n\u00eb zem\u00ebr t\u00eb qytetit n\u00eb nj\u00eb sip\u00ebrfaqe prej rreth disa ar\u00ebsh, objekti i sht\u00ebpis\u00eb s\u00eb kultur\u00ebs n\u00eb t\u00eb cil\u00ebn gjendet Biblioteka e Ulqinit \u00ebsht\u00eb n\u00eb gjendje t\u00eb mjerueshme, transmetojn mediat nga Ulqini.<\/p>\n<p>Gjendja e mjerueshme n\u00eb\u00a0 qendren e kultu\u00ebs t\u00eb Ulqinit nuk \u00ebsht\u00eb nj\u00eb risi.<br \/>\nAskush nga zyrtar\u00ebt komunal\u00eb t\u00eb komun\u00ebs s\u00eb Ulqinit nuk e di n\u00ebse ky objekt &#8211; n\u00ebn kulmin e t\u00eb cilit veprojn\u00eb sht\u00ebpia e kultur\u00ebs, biblioteka, ansamblet e qytetit, shkolla e muzik\u00ebs, Radio Ulqini etj, &#8211; do t\u00eb rinovohet apo do t\u00eb mbes\u00eb k\u00ebshtu n\u00eb meshir\u00ebn e dikujt.<\/p>\n<p>Fondi i librave dhe i gjith\u00eb materiali e inventari i Bibliotek\u00ebs s\u00eb Ulqinit rrezikohet seriozisht nga uji dhe lag\u00ebshtia q\u00eb rrjedh nga tavani i godin\u00ebs s\u00eb k\u00ebsaj biblioteke.<\/p>\n<p>Udh\u00ebheq\u00ebsja e Bibliotek\u00ebs, Ardita Rama, thot\u00eb se p\u00ebr k\u00ebt\u00eb problem i ka njoftuar me shkrim t\u00eb gjitha strukturat p\u00ebrgjegj\u00ebse, p\u00ebrfshir\u00eb kryetarin e K\u00ebshillit Drejtues dhe drejtorin e Qendr\u00ebs s\u00eb Kultur\u00ebs, n\u00eb kuad\u00ebr t\u00eb s\u00eb cil\u00ebs funksionon kjo bibliotek\u00eb, kryetarin e Komun\u00ebs s\u00eb Ulqinit, kryetarin e Kuvendit t\u00eb Komun\u00ebs s\u00eb Ulqinit, si dhe sekretariatet kompetente pran\u00eb Komun\u00ebs, por deri tani nuk ka marr\u00eb kurrfar\u00eb p\u00ebrgjigjeje, njoftojn mediat nga Ulqini.<\/p>\n<p>Sht\u00ebpia e Kultur\u00ebs p\u00ebr momentin \u00ebsht\u00eb funksionale, e \u00e7ka do b\u00ebhet n\u00eb t\u00eb ardhmen me t\u00eb, a do t\u00eb rinovohet apo do t\u00eb mbes\u00eb k\u00ebshtu si esht\u00eb, nuk\u00a0 dihet, sepse kjo mvaret nga Asambleja komunale e Ulqinit dhe nga ministria perkat\u00ebse e Malit t\u00eb Zi.<\/p>\n<p>E q\u00eb biblioteka i ka pun\u00ebt keq e pohon edhe video projekti dhe fotografit\u00eb, ku edhe p\u00ebrkund\u00ebr k\u00ebsaj, biblioteka e Ulqinit\u00a0 po mbijeton.<\/p>\n<p>Sot biblioteka e qytetit t\u00eb Ulqinit po p\u00ebrball\u00ebt me munges\u00eb librash, munges\u00eb hap\u00ebsire e munges\u00eb buxheti.<\/p>\n<p>Fotografit\u00eb dhe Video d\u00ebshmojn\u00eb m\u00eb s\u00eb miri gjendjen e mjerueshme n\u00eb t\u00eb cil\u00ebn ndodhet kjo bibliotek\u00eb q\u00eb sot po k\u00ebkon l\u00ebmosh.<\/p>\n<p><iframe loading=\"lazy\" src=\"http:\/\/www.youtube.com\/embed\/kkwUQgJiZLc\" height=\"360\" width=\"508\" allowfullscreen=\"\" frameborder=\"0\"><\/iframe><br \/>\n\n\t\t<style type=\"text\/css\">\n\t\t\t#gallery-1 {\n\t\t\t\tmargin: auto;\n\t\t\t}\n\t\t\t#gallery-1 .gallery-item {\n\t\t\t\tfloat: left;\n\t\t\t\tmargin-top: 10px;\n\t\t\t\ttext-align: center;\n\t\t\t\twidth: 33%;\n\t\t\t}\n\t\t\t#gallery-1 img {\n\t\t\t\tborder: 2px solid #cfcfcf;\n\t\t\t}\n\t\t\t#gallery-1 .gallery-caption {\n\t\t\t\tmargin-left: 0;\n\t\t\t}\n\t\t\t\/* see gallery_shortcode() in wp-includes\/media.php *\/\n\t\t<\/style>\n\t\t<div id='gallery-1' class='gallery galleryid-69762 gallery-columns-3 gallery-size-thumbnail'><dl class='gallery-item'>\n\t\t\t<dt class='gallery-icon landscape'>\n\t\t\t\t<a href='https:\/\/www.visit-ulcinj.com\/blog\/2013\/03\/18\/biblioteka-e-ulqinit-ne-gjendje-te-mjerueshme-video\/biblioteka-e-ulqinit-ne-gjendje-te-mjerueshme-4\/'><img width=\"150\" height=\"150\" src=\"https:\/\/www.visit-ulcinj.com\/blog\/wp-content\/uploads\/2013\/03\/Biblioteka-e-Ulqinit-n\u00eb-gjendje-t\u00eb-mjerueshme.4-150x150.jpg\" class=\"attachment-thumbnail size-thumbnail\" alt=\"\" loading=\"lazy\" \/><\/a>\n\t\t\t<\/dt><\/dl><dl class='gallery-item'>\n\t\t\t<dt class='gallery-icon landscape'>\n\t\t\t\t<a href='https:\/\/www.visit-ulcinj.com\/blog\/2013\/03\/18\/biblioteka-e-ulqinit-ne-gjendje-te-mjerueshme-video\/biblioteka-e-ulqinit-ne-gjendje-te-mjerueshme\/'><img width=\"150\" height=\"150\" src=\"https:\/\/www.visit-ulcinj.com\/blog\/wp-content\/uploads\/2013\/03\/Biblioteka-e-Ulqinit-n\u00eb-gjendje-t\u00eb-mjerueshme-150x150.jpg\" class=\"attachment-thumbnail size-thumbnail\" alt=\"\" loading=\"lazy\" \/><\/a>\n\t\t\t<\/dt><\/dl><dl class='gallery-item'>\n\t\t\t<dt class='gallery-icon landscape'>\n\t\t\t\t<a href='https:\/\/www.visit-ulcinj.com\/blog\/2013\/03\/18\/biblioteka-e-ulqinit-ne-gjendje-te-mjerueshme-video\/biblioteka-e-ulqinit-ne-gjendje-te-mjerueshme-2\/'><img width=\"150\" height=\"150\" src=\"https:\/\/www.visit-ulcinj.com\/blog\/wp-content\/uploads\/2013\/03\/Biblioteka-e-Ulqinit-n\u00eb-gjendje-t\u00eb-mjerueshme.2-150x150.jpg\" class=\"attachment-thumbnail size-thumbnail\" alt=\"\" loading=\"lazy\" \/><\/a>\n\t\t\t<\/dt><\/dl><br style=\"clear: both\" \/><dl class='gallery-item'>\n\t\t\t<dt class='gallery-icon landscape'>\n\t\t\t\t<a href='https:\/\/www.visit-ulcinj.com\/blog\/2013\/03\/18\/biblioteka-e-ulqinit-ne-gjendje-te-mjerueshme-video\/biblioteka-e-ulqinit-ne-gjendje-te-mjerueshme-5\/'><img width=\"150\" height=\"150\" src=\"https:\/\/www.visit-ulcinj.com\/blog\/wp-content\/uploads\/2013\/03\/Biblioteka-e-Ulqinit-n\u00eb-gjendje-t\u00eb-mjerueshme.5-150x150.jpg\" class=\"attachment-thumbnail size-thumbnail\" alt=\"\" loading=\"lazy\" \/><\/a>\n\t\t\t<\/dt><\/dl><dl class='gallery-item'>\n\t\t\t<dt class='gallery-icon landscape'>\n\t\t\t\t<a href='https:\/\/www.visit-ulcinj.com\/blog\/2013\/03\/18\/biblioteka-e-ulqinit-ne-gjendje-te-mjerueshme-video\/biblioteka-e-ulqinit-ne-gjendje-te-mjerueshme-6\/'><img width=\"150\" height=\"150\" src=\"https:\/\/www.visit-ulcinj.com\/blog\/wp-content\/uploads\/2013\/03\/Biblioteka-e-Ulqinit-n\u00eb-gjendje-t\u00eb-mjerueshme.6-150x150.jpg\" class=\"attachment-thumbnail size-thumbnail\" alt=\"\" loading=\"lazy\" \/><\/a>\n\t\t\t<\/dt><\/dl><dl class='gallery-item'>\n\t\t\t<dt class='gallery-icon portrait'>\n\t\t\t\t<a href='https:\/\/www.visit-ulcinj.com\/blog\/2013\/03\/18\/biblioteka-e-ulqinit-ne-gjendje-te-mjerueshme-video\/biblioteka-e-ulqinit-ne-gjendje-te-mjerueshme-7\/'><img width=\"150\" height=\"150\" src=\"https:\/\/www.visit-ulcinj.com\/blog\/wp-content\/uploads\/2013\/03\/Biblioteka-e-Ulqinit-n\u00eb-gjendje-t\u00eb-mjerueshme.7-150x150.jpg\" class=\"attachment-thumbnail size-thumbnail\" alt=\"\" loading=\"lazy\" \/><\/a>\n\t\t\t<\/dt><\/dl><br style=\"clear: both\" \/><dl class='gallery-item'>\n\t\t\t<dt class='gallery-icon landscape'>\n\t\t\t\t<a href='https:\/\/www.visit-ulcinj.com\/blog\/2013\/03\/18\/biblioteka-e-ulqinit-ne-gjendje-te-mjerueshme-video\/biblioteka-e-ulqinit-ne-gjendje-te-mjerueshme-1-2\/'><img width=\"150\" height=\"150\" src=\"https:\/\/www.visit-ulcinj.com\/blog\/wp-content\/uploads\/2013\/03\/Biblioteka-e-Ulqinit-n\u00eb-gjendje-t\u00eb-mjerueshme.11-150x150.jpg\" class=\"attachment-thumbnail size-thumbnail\" alt=\"\" loading=\"lazy\" \/><\/a>\n\t\t\t<\/dt><\/dl><dl class='gallery-item'>\n\t\t\t<dt class='gallery-icon landscape'>\n\t\t\t\t<a href='https:\/\/www.visit-ulcinj.com\/blog\/2013\/03\/18\/biblioteka-e-ulqinit-ne-gjendje-te-mjerueshme-video\/biblioteka-e-ulqinit-ne-gjendje-te-mjerueshme-3\/'><img width=\"150\" height=\"150\" src=\"https:\/\/www.visit-ulcinj.com\/blog\/wp-content\/uploads\/2013\/03\/Biblioteka-e-Ulqinit-n\u00eb-gjendje-t\u00eb-mjerueshme.3-150x150.jpg\" class=\"attachment-thumbnail size-thumbnail\" alt=\"\" loading=\"lazy\" \/><\/a>\n\t\t\t<\/dt><\/dl>\n\t\t\t<br style='clear: both' \/>\n\t\t<\/div>\n<\/p>\n","protected":false},"excerpt":{"rendered":"<p>Biblioteka e Ulqinit e nd\u00ebrtuar n\u00eb zem\u00ebr t\u00eb qytetit n\u00eb nj\u00eb sip\u00ebrfaqe prej rreth disa ar\u00ebsh, objekti i sht\u00ebpis\u00eb s\u00eb kultur\u00ebs n\u00eb t\u00eb cil\u00ebn gjendet Biblioteka e Ulqinit \u00ebsht\u00eb n\u00eb gjendje t\u00eb mjerueshme, transmetojn mediat nga Ulqini. Gjendja e mjerueshme n\u00eb\u00a0 qendren e kultu\u00ebs t\u00eb Ulqinit nuk \u00ebsht\u00eb nj\u00eb risi. Askush nga zyrtar\u00ebt komunal\u00eb t\u00eb [&hellip;]<\/p>\n","protected":false},"author":1,"featured_media":0,"comment_status":"open","ping_status":"closed","sticky":false,"template":"","format":"standard","meta":{"spay_email":"","jetpack_publicize_message":"","jetpack_is_tweetstorm":false,"jetpack_publicize_feature_enabled":true},"categories":[1,11],"tags":[21934],"jetpack_publicize_connections":[],"yoast_head":"<!-- This site is optimized with the Yoast SEO plugin v19.1 - https:\/\/yoast.com\/wordpress\/plugins\/seo\/ -->\n<title>Biblioteka e Ulqinit n\u00eb gjendje t\u00eb mjerueshme - Video - Lajme nga Ulqini<\/title>\n<meta name=\"description\" content=\"Biblioteka e Ulqinit e nd\u00ebrtuar n\u00eb zem\u00ebr t\u00eb qytetit n\u00eb nj\u00eb sip\u00ebrfaqe prej rreth disa ar\u00ebsh, objekti i sht\u00ebpis\u00eb s\u00eb kultur\u00ebs n\u00eb t\u00eb cil\u00ebn gjendet Biblioteka\" \/>\n<meta name=\"robots\" content=\"index, follow, max-snippet:-1, max-image-preview:large, max-video-preview:-1\" \/>\n<link rel=\"canonical\" href=\"https:\/\/www.visit-ulcinj.com\/blog\/2013\/03\/18\/biblioteka-e-ulqinit-ne-gjendje-te-mjerueshme-video\/\" \/>\n<meta property=\"og:locale\" content=\"en_US\" \/>\n<meta property=\"og:type\" content=\"article\" \/>\n<meta property=\"og:title\" content=\"Biblioteka e Ulqinit n\u00eb gjendje t\u00eb mjerueshme - Video - Lajme nga Ulqini\" \/>\n<meta property=\"og:description\" content=\"Biblioteka e Ulqinit e nd\u00ebrtuar n\u00eb zem\u00ebr t\u00eb qytetit n\u00eb nj\u00eb sip\u00ebrfaqe prej rreth disa ar\u00ebsh, objekti i sht\u00ebpis\u00eb s\u00eb kultur\u00ebs n\u00eb t\u00eb cil\u00ebn gjendet Biblioteka\" \/>\n<meta property=\"og:url\" content=\"https:\/\/www.visit-ulcinj.com\/blog\/2013\/03\/18\/biblioteka-e-ulqinit-ne-gjendje-te-mjerueshme-video\/\" \/>\n<meta property=\"og:site_name\" content=\"Lajme nga Ulqini\" \/>\n<meta property=\"article:published_time\" content=\"2013-03-18T18:09:30+00:00\" \/>\n<meta property=\"article:modified_time\" content=\"2013-03-20T06:50:31+00:00\" \/>\n<meta property=\"og:image\" content=\"https:\/\/www.visit-ulcinj.com\/blog\/wp-content\/uploads\/2013\/03\/Biblioteka-e-Ulqinit-n\u00eb-gjendje-t\u00eb-mjerueshme.4-150x150.jpg\" \/>\n<meta name=\"twitter:label1\" content=\"Written by\" \/>\n\t<meta name=\"twitter:data1\" content=\"ulqini\" \/>\n\t<meta name=\"twitter:label2\" content=\"Est. reading time\" \/>\n\t<meta name=\"twitter:data2\" content=\"2 minutes\" \/>\n<script type=\"application\/ld+json\" class=\"yoast-schema-graph\">{\"@context\":\"https:\/\/schema.org\",\"@graph\":[{\"@type\":\"WebSite\",\"@id\":\"https:\/\/www.visit-ulcinj.com\/blog\/#website\",\"url\":\"https:\/\/www.visit-ulcinj.com\/blog\/\",\"name\":\"Lajme nga Ulqini\",\"description\":\"Lajme,Vijesti,Ulqini,Ulqin,Crna Gora,Mali i Zi\",\"potentialAction\":[{\"@type\":\"SearchAction\",\"target\":{\"@type\":\"EntryPoint\",\"urlTemplate\":\"https:\/\/www.visit-ulcinj.com\/blog\/?s={search_term_string}\"},\"query-input\":\"required name=search_term_string\"}],\"inLanguage\":\"en-US\"},{\"@type\":\"WebPage\",\"@id\":\"https:\/\/www.visit-ulcinj.com\/blog\/2013\/03\/18\/biblioteka-e-ulqinit-ne-gjendje-te-mjerueshme-video\/#webpage\",\"url\":\"https:\/\/www.visit-ulcinj.com\/blog\/2013\/03\/18\/biblioteka-e-ulqinit-ne-gjendje-te-mjerueshme-video\/\",\"name\":\"Biblioteka e Ulqinit n\u00eb gjendje t\u00eb mjerueshme - Video - Lajme nga Ulqini\",\"isPartOf\":{\"@id\":\"https:\/\/www.visit-ulcinj.com\/blog\/#website\"},\"datePublished\":\"2013-03-18T18:09:30+00:00\",\"dateModified\":\"2013-03-20T06:50:31+00:00\",\"author\":{\"@id\":\"https:\/\/www.visit-ulcinj.com\/blog\/#\/schema\/person\/dcab619c614d3038751c63bc2aadc06d\"},\"description\":\"Biblioteka e Ulqinit e nd\u00ebrtuar n\u00eb zem\u00ebr t\u00eb qytetit n\u00eb nj\u00eb sip\u00ebrfaqe prej rreth disa ar\u00ebsh, objekti i sht\u00ebpis\u00eb s\u00eb kultur\u00ebs n\u00eb t\u00eb cil\u00ebn gjendet Biblioteka\",\"breadcrumb\":{\"@id\":\"https:\/\/www.visit-ulcinj.com\/blog\/2013\/03\/18\/biblioteka-e-ulqinit-ne-gjendje-te-mjerueshme-video\/#breadcrumb\"},\"inLanguage\":\"en-US\",\"potentialAction\":[{\"@type\":\"ReadAction\",\"target\":[\"https:\/\/www.visit-ulcinj.com\/blog\/2013\/03\/18\/biblioteka-e-ulqinit-ne-gjendje-te-mjerueshme-video\/\"]}]},{\"@type\":\"BreadcrumbList\",\"@id\":\"https:\/\/www.visit-ulcinj.com\/blog\/2013\/03\/18\/biblioteka-e-ulqinit-ne-gjendje-te-mjerueshme-video\/#breadcrumb\",\"itemListElement\":[{\"@type\":\"ListItem\",\"position\":1,\"name\":\"Biblioteka e Ulqinit n\u00eb gjendje t\u00eb mjerueshme &#8211; Video\"}]},{\"@type\":\"Person\",\"@id\":\"https:\/\/www.visit-ulcinj.com\/blog\/#\/schema\/person\/dcab619c614d3038751c63bc2aadc06d\",\"name\":\"ulqini\",\"sameAs\":[\"http:\/\/www.visit-ulcinj.com\"],\"url\":\"https:\/\/www.visit-ulcinj.com\/blog\/author\/admin\/\"}]}<\/script>\n<!-- \/ Yoast SEO plugin. -->","yoast_head_json":{"title":"Biblioteka e Ulqinit n\u00eb gjendje t\u00eb mjerueshme - Video - Lajme nga Ulqini","description":"Biblioteka e Ulqinit e nd\u00ebrtuar n\u00eb zem\u00ebr t\u00eb qytetit n\u00eb nj\u00eb sip\u00ebrfaqe prej rreth disa ar\u00ebsh, objekti i sht\u00ebpis\u00eb s\u00eb kultur\u00ebs n\u00eb t\u00eb cil\u00ebn gjendet Biblioteka","robots":{"index":"index","follow":"follow","max-snippet":"max-snippet:-1","max-image-preview":"max-image-preview:large","max-video-preview":"max-video-preview:-1"},"canonical":"https:\/\/www.visit-ulcinj.com\/blog\/2013\/03\/18\/biblioteka-e-ulqinit-ne-gjendje-te-mjerueshme-video\/","og_locale":"en_US","og_type":"article","og_title":"Biblioteka e Ulqinit n\u00eb gjendje t\u00eb mjerueshme - Video - Lajme nga Ulqini","og_description":"Biblioteka e Ulqinit e nd\u00ebrtuar n\u00eb zem\u00ebr t\u00eb qytetit n\u00eb nj\u00eb sip\u00ebrfaqe prej rreth disa ar\u00ebsh, objekti i sht\u00ebpis\u00eb s\u00eb kultur\u00ebs n\u00eb t\u00eb cil\u00ebn gjendet Biblioteka","og_url":"https:\/\/www.visit-ulcinj.com\/blog\/2013\/03\/18\/biblioteka-e-ulqinit-ne-gjendje-te-mjerueshme-video\/","og_site_name":"Lajme nga Ulqini","article_published_time":"2013-03-18T18:09:30+00:00","article_modified_time":"2013-03-20T06:50:31+00:00","og_image":[{"url":"https:\/\/www.visit-ulcinj.com\/blog\/wp-content\/uploads\/2013\/03\/Biblioteka-e-Ulqinit-n\u00eb-gjendje-t\u00eb-mjerueshme.4-150x150.jpg"}],"twitter_misc":{"Written by":"ulqini","Est. reading time":"2 minutes"},"schema":{"@context":"https:\/\/schema.org","@graph":[{"@type":"WebSite","@id":"https:\/\/www.visit-ulcinj.com\/blog\/#website","url":"https:\/\/www.visit-ulcinj.com\/blog\/","name":"Lajme nga Ulqini","description":"Lajme,Vijesti,Ulqini,Ulqin,Crna Gora,Mali i Zi","potentialAction":[{"@type":"SearchAction","target":{"@type":"EntryPoint","urlTemplate":"https:\/\/www.visit-ulcinj.com\/blog\/?s={search_term_string}"},"query-input":"required name=search_term_string"}],"inLanguage":"en-US"},{"@type":"WebPage","@id":"https:\/\/www.visit-ulcinj.com\/blog\/2013\/03\/18\/biblioteka-e-ulqinit-ne-gjendje-te-mjerueshme-video\/#webpage","url":"https:\/\/www.visit-ulcinj.com\/blog\/2013\/03\/18\/biblioteka-e-ulqinit-ne-gjendje-te-mjerueshme-video\/","name":"Biblioteka e Ulqinit n\u00eb gjendje t\u00eb mjerueshme - Video - Lajme nga Ulqini","isPartOf":{"@id":"https:\/\/www.visit-ulcinj.com\/blog\/#website"},"datePublished":"2013-03-18T18:09:30+00:00","dateModified":"2013-03-20T06:50:31+00:00","author":{"@id":"https:\/\/www.visit-ulcinj.com\/blog\/#\/schema\/person\/dcab619c614d3038751c63bc2aadc06d"},"description":"Biblioteka e Ulqinit e nd\u00ebrtuar n\u00eb zem\u00ebr t\u00eb qytetit n\u00eb nj\u00eb sip\u00ebrfaqe prej rreth disa ar\u00ebsh, objekti i sht\u00ebpis\u00eb s\u00eb kultur\u00ebs n\u00eb t\u00eb cil\u00ebn gjendet Biblioteka","breadcrumb":{"@id":"https:\/\/www.visit-ulcinj.com\/blog\/2013\/03\/18\/biblioteka-e-ulqinit-ne-gjendje-te-mjerueshme-video\/#breadcrumb"},"inLanguage":"en-US","potentialAction":[{"@type":"ReadAction","target":["https:\/\/www.visit-ulcinj.com\/blog\/2013\/03\/18\/biblioteka-e-ulqinit-ne-gjendje-te-mjerueshme-video\/"]}]},{"@type":"BreadcrumbList","@id":"https:\/\/www.visit-ulcinj.com\/blog\/2013\/03\/18\/biblioteka-e-ulqinit-ne-gjendje-te-mjerueshme-video\/#breadcrumb","itemListElement":[{"@type":"ListItem","position":1,"name":"Biblioteka e Ulqinit n\u00eb gjendje t\u00eb mjerueshme &#8211; Video"}]},{"@type":"Person","@id":"https:\/\/www.visit-ulcinj.com\/blog\/#\/schema\/person\/dcab619c614d3038751c63bc2aadc06d","name":"ulqini","sameAs":["http:\/\/www.visit-ulcinj.com"],"url":"https:\/\/www.visit-ulcinj.com\/blog\/author\/admin\/"}]}},"jetpack_featured_media_url":"","jetpack_sharing_enabled":true,"jetpack_shortlink":"https:\/\/wp.me\/pe6lTn-i9c","_links":{"self":[{"href":"https:\/\/www.visit-ulcinj.com\/blog\/wp-json\/wp\/v2\/posts\/69762"}],"collection":[{"href":"https:\/\/www.visit-ulcinj.com\/blog\/wp-json\/wp\/v2\/posts"}],"about":[{"href":"https:\/\/www.visit-ulcinj.com\/blog\/wp-json\/wp\/v2\/types\/post"}],"author":[{"embeddable":true,"href":"https:\/\/www.visit-ulcinj.com\/blog\/wp-json\/wp\/v2\/users\/1"}],"replies":[{"embeddable":true,"href":"https:\/\/www.visit-ulcinj.com\/blog\/wp-json\/wp\/v2\/comments?post=69762"}],"version-history":[{"count":5,"href":"https:\/\/www.visit-ulcinj.com\/blog\/wp-json\/wp\/v2\/posts\/69762\/revisions"}],"predecessor-version":[{"id":69833,"href":"https:\/\/www.visit-ulcinj.com\/blog\/wp-json\/wp\/v2\/posts\/69762\/revisions\/69833"}],"wp:attachment":[{"href":"https:\/\/www.visit-ulcinj.com\/blog\/wp-json\/wp\/v2\/media?parent=69762"}],"wp:term":[{"taxonomy":"category","embeddable":true,"href":"https:\/\/www.visit-ulcinj.com\/blog\/wp-json\/wp\/v2\/categories?post=69762"},{"taxonomy":"post_tag","embeddable":true,"href":"https:\/\/www.visit-ulcinj.com\/blog\/wp-json\/wp\/v2\/tags?post=69762"}],"curies":[{"name":"wp","href":"https:\/\/api.w.org\/{rel}","templated":true}]}}