{"id":69795,"date":"2013-03-19T18:26:51","date_gmt":"2013-03-19T17:26:51","guid":{"rendered":"http:\/\/www.visit-ulcinj.com\/blog\/?p=69795"},"modified":"2013-03-19T18:26:51","modified_gmt":"2013-03-19T17:26:51","slug":"arta-bajrami-familja-ne-rend-te-pare","status":"publish","type":"post","link":"https:\/\/www.visit-ulcinj.com\/blog\/2013\/03\/19\/arta-bajrami-familja-ne-rend-te-pare\/","title":{"rendered":"Arta Bajrami: Familja n\u00eb rend t\u00eb par\u00eb"},"content":{"rendered":"<p><a href=\"http:\/\/www.visit-ulcinj.com\/blog\/wp-content\/uploads\/2013\/03\/Arta-Bajrami-me-familje.jpg\"><img loading=\"lazy\" class=\"alignleft  wp-image-69796\" alt=\"Arta Bajrami me familje\" src=\"http:\/\/www.visit-ulcinj.com\/blog\/wp-content\/uploads\/2013\/03\/Arta-Bajrami-me-familje.jpg\" width=\"508\" height=\"360\" \/><\/a>Pas suksesit t\u00eb k\u00ebng\u00ebs \u201cFem\u00ebr tipike\u201d k\u00ebng\u00ebtarja Arta Bajrami ka vendosur q\u00eb gjat\u00eb muajve t\u00eb ardhsh\u00ebm t\u00eb sjell\u00eb n\u00eb treg disa k\u00ebng\u00eb t\u00eb reja. Fillimisht do t\u00eb jet\u00eb nj\u00eb k\u00ebng\u00eb ritmike t\u00eb cil\u00ebn k\u00ebng\u00ebtarja thot\u00eb se do ta sjell\u00eb bashk\u00eb me videoklip.<\/p>\n<p>Pun\u00ebn e projekteve t\u00eb reja \u00ebsht\u00eb duka e b\u00ebr\u00eb v\u00ebllai i saj, Artani, apo si\u00e7 e njohin t\u00eb gjith\u00eb Don Arbas, pa t\u00eb cilin Arta thot\u00eb se nuk do t\u00eb kishte mundur t\u00eb arrij\u00eb t\u00ebr\u00eb k\u00ebt\u00eb sukses. Krahas k\u00ebng\u00ebs Arta \u00ebsht\u00eb e p\u00ebrkushtuar mjaft\u00eb shum\u00eb ndaj familjes, p\u00ebr t\u00eb cil\u00ebn thot\u00eb se \u00ebsht\u00eb gj\u00ebja m\u00eb e shtrenjt\u00eb n\u00eb jet\u00ebn e saj.<\/p>\n<p>N\u00eb fakt k\u00ebng\u00ebtarja po b\u00ebn\u00eb jet\u00ebn mes Gjermanis\u00eb dhe Kosov\u00ebs duke u munduar t\u00eb jet\u00eb m\u00eb pran\u00eb edhe familjes s\u00eb saj. Nd\u00ebrkaq n\u00eb t\u00eb ardhmen ajo shpreson ti b\u00ebj\u00eb Viktorias nj\u00eb mot\u00ebr apo v\u00eblla. M\u00eb shum\u00eb rreth pun\u00ebs dhe planeve p\u00ebr t\u00eb ardhmen flet Arta p\u00ebr \u201cZ\u00ebri\u201d.<\/p>\n<p><strong>\u00c7far\u00eb po b\u00ebn\u00eb Arta aktualisht?<\/strong><\/p>\n<p>P\u00ebr momentin e kam l\u00ebshuar n\u00eb ler\u00eb (qesh). Pak shaka. Pas suksesit t\u00eb madh t\u00eb k\u00ebng\u00ebs \u201cFem\u00ebr tipike\u201d e cila k\u00ebng\u00eb m\u00eb solli mjaft\u00eb suksese, kam nisur pun\u00ebn p\u00ebr projekte t\u00eb reja, mir\u00ebpo ato do t\u2019i plasoj gjat\u00eb sezonit t\u00eb ver\u00ebs.<\/p>\n<p>Adhuruesve do t\u2019u jap\u00eb ende koh\u00eb p\u00ebr ta shijuar k\u00ebng\u00ebn \u201cFem\u00ebr tipike\u201d, k\u00ebshtu q\u00eb pas saj do t\u00eb p\u00ebsoj nj\u00eb k\u00ebng\u00eb ritmike e cila \u00ebsht\u00eb realizuar nga Don Arbasi.<\/p>\n<p>Mir\u00ebpo tani p\u00ebr tani dua q\u00eb mos t\u00eb plasoj asnj\u00eb projekt p\u00ebr shkak se adhuruesit duhet t\u00eb ken\u00eb koh\u00eb dhe hap\u00ebsir\u00eb p\u00ebr ta shijuar k\u00ebng\u00ebt e mia t\u00eb cilat i kam plasuar m\u00eb par\u00eb.<\/p>\n<p>Jam nj\u00eb k\u00ebng\u00ebtare q\u00eb k\u00ebng\u00ebt e mia dua t\u00eb jetojn\u00eb gjat\u00eb duke i l\u00ebn\u00eb koh\u00eb t\u00eb mjaftueshme nj\u00ebra tjetr\u00ebs. Prandaj gjat\u00eb stin\u00ebs s\u00eb ver\u00ebs do t\u00eb sjell\u00eb k\u00ebng\u00ebn p\u00ebr t\u00eb cil\u00ebn tregova m\u00eb lart\u00eb, e cila do ta ket\u00eb edhe videoklipin.<\/p>\n<p><a href=\"http:\/\/www.visit-ulcinj.com\/blog\/wp-content\/uploads\/2013\/03\/Arta-Bajrami.jpg\"><img loading=\"lazy\" class=\"alignleft  wp-image-69797\" alt=\"Arta Bajrami\" src=\"http:\/\/www.visit-ulcinj.com\/blog\/wp-content\/uploads\/2013\/03\/Arta-Bajrami.jpg\" width=\"508\" height=\"300\" \/><\/a><\/p>\n<p><strong>Kujt ia dedikoni suksesin t\u00ebnd?<\/strong><\/p>\n<p>T\u00eb them t\u00eb drejt\u00ebn p\u00ebr suksesin tim t\u00eb cilin e kam arritur deri m\u00eb tani, merit\u00eb t\u00eb ve\u00e7ant\u00eb ka v\u00ebllai im Don Arbasi i cili \u00ebsht\u00eb krijuesi i k\u00ebng\u00ebve t\u00eb mia t\u00eb cilat vazhdojn\u00eb t\u00eb jen\u00eb hite nd\u00ebr vite.<\/p>\n<p>Nd\u00ebrkaq nuk dua ta anashkaloj edhe publikun e gjer\u00eb i cili m\u00eb p\u00ebrkrah\u00eb dhe vazhdon t\u00eb m\u00eb p\u00ebrkrah\u00eb edhe m\u00eb tej, dhe e them me shum\u00eb bindje se pot \u00eb mos ishin ata nuk do t\u00eb mund t\u00eb isha kjo q\u00eb jam sot. Prandaj kam shum\u00eb vullnet p\u00ebr t\u00eb vazhduar m\u00eb tutje karrier\u00ebn muzikore.<\/p>\n<p><strong>Po b\u00ebni nj\u00eb jet\u00eb mes Kosov\u00ebs dhe Gjermanis\u00eb, sa po mund t\u2019ia dilni?<\/strong><\/p>\n<p>\u00cbsht\u00eb e v\u00ebrtet\u00eb q\u00eb shum\u00eb shpesh udh\u00ebtoj drejt Kosov\u00ebs dhe Gjermanis\u00eb, por nuk lodhem duke b\u00ebr\u00eb udh\u00ebtime t\u00eb shumta. K\u00ebtu kam familjen e cila \u00ebsht\u00eb gj\u00ebja m\u00eb e shtrenjt\u00eb p\u00ebr mua, prandaj dua t\u00eb jem m\u00eb pran\u00eb tyre.<\/p>\n<p><a href=\"http:\/\/www.visit-ulcinj.com\/blog\/wp-content\/uploads\/2013\/03\/Arta-Bajrami-me-vajze.jpg\"><img loading=\"lazy\" class=\"alignleft  wp-image-69798\" alt=\"Arta Bajrami me vajze\" src=\"http:\/\/www.visit-ulcinj.com\/blog\/wp-content\/uploads\/2013\/03\/Arta-Bajrami-me-vajze.jpg\" width=\"508\" height=\"600\" \/><\/a><\/p>\n<p><strong>Po jeta jasht\u00eb k\u00ebng\u00ebs si po funksionon, keni menduar ti b\u00ebni edhe nj\u00eb mot\u00ebr apo v\u00eblla Viktorias?<\/strong><\/p>\n<p>(Qesh) patjet\u00ebr se edhe kjo do t\u00eb ndodh\u00eb, por k\u00ebt\u00eb e cakton vet\u00ebm Zoti. N\u00eb fakt tani jam e p\u00ebrkushtuar ndaj rritjes s\u00eb Vitorias dhe k\u00ebsmet do t\u2019ia b\u00ebj\u00eb edhe nj\u00eb v\u00eblla apo mot\u00ebr ashtu si\u00e7 e ka shkruar Zoti. Megjithat\u00eb tani p\u00ebr tani nuk ka asgj\u00eb konkrete n\u00eb k\u00ebt\u00eb aspekt, por besoj se n\u00eb t\u00eb ardhmen do t\u00eb ket\u00eb.<\/p>\n<p><strong>Keni menduar t\u00eb realizoni ndonj\u00eb duet me ndonj\u00eb koleg tuaj?<\/strong><\/p>\n<p>Ende nuk kam vendosur asgj\u00eb konkrete sa i p\u00ebrket dueteve, mir\u00ebpo besoj se nuk do t\u00eb mungoj nj\u00eb i till\u00eb. P\u00ebr k\u00ebt\u00eb m\u00eb duhet t\u00eb bisedoj me Don Arbasin, sepse vet\u00ebm ai \u00ebsht\u00eb personi q\u00eb mundet t\u00eb m\u00eb ndihmoj n\u00eb k\u00ebt\u00eb drejtim.<\/p>\n<p><strong>Keni b\u00ebr\u00eb agjend\u00ebn tuaj p\u00ebr sezonin e ver\u00ebs?<\/strong><\/p>\n<p>N\u00eb fakt edhe k\u00ebt\u00eb vit sikurse viteve t\u00eb tjera do t\u00eb vazhdoj t\u00eb jem mjaft\u00eb e angazhuar n\u00ebp\u00ebr mbr\u00ebmje e koncerte t\u00eb ndryshme muzikore. Do t\u00eb mundohem q\u00eb edhe k\u00ebt\u00eb vit t\u00eb jem bashk\u00eb me adhuruesit e mi aty ku do t\u00eb m\u00eb k\u00ebrkojn\u00eb.<\/p>\n<p>Nuk do t\u00eb ngurroj t\u00eb ju sjell\u00eb k\u00ebng\u00eb dhe klipe t\u00eb reja, dhe uroj q\u00eb bashk\u00eb edhe k\u00ebt\u00eb ver\u00eb ta kalojm\u00eb sa m\u00eb mir\u00eb q\u00eb t\u00eb jet\u00eb e mundur. Ajo q\u00eb dua t\u00eb ju them \u00ebsht\u00eb se do t\u00eb vazhdoj t\u00eb jem Arta e cila do t\u00eb b\u00ebj\u00eb \u00e7mos p\u00ebr t\u00eb p\u00ebrmbushur d\u00ebshirat muzikore t\u00eb adhuruesve t\u00eb mikudo q\u00eb jan\u00eb.<\/p>\n<!--YouTube Error: bad URL entered-->\n","protected":false},"excerpt":{"rendered":"<p>Pas suksesit t\u00eb k\u00ebng\u00ebs \u201cFem\u00ebr tipike\u201d k\u00ebng\u00ebtarja Arta Bajrami ka vendosur q\u00eb gjat\u00eb muajve t\u00eb ardhsh\u00ebm t\u00eb sjell\u00eb n\u00eb treg disa k\u00ebng\u00eb t\u00eb reja. Fillimisht do t\u00eb jet\u00eb nj\u00eb k\u00ebng\u00eb ritmike t\u00eb cil\u00ebn k\u00ebng\u00ebtarja thot\u00eb se do ta sjell\u00eb bashk\u00eb me videoklip. Pun\u00ebn e projekteve t\u00eb reja \u00ebsht\u00eb duka e b\u00ebr\u00eb v\u00ebllai i saj, Artani, [&hellip;]<\/p>\n","protected":false},"author":1,"featured_media":0,"comment_status":"open","ping_status":"closed","sticky":false,"template":"","format":"standard","meta":{"spay_email":"","jetpack_publicize_message":"","jetpack_is_tweetstorm":false,"jetpack_publicize_feature_enabled":true},"categories":[1],"tags":[4955],"jetpack_publicize_connections":[],"yoast_head":"<!-- This site is optimized with the Yoast SEO plugin v19.1 - https:\/\/yoast.com\/wordpress\/plugins\/seo\/ -->\n<title>Arta Bajrami: Familja n\u00eb rend t\u00eb par\u00eb - Lajme nga Ulqini<\/title>\n<meta name=\"description\" content=\"Pas suksesit t\u00eb k\u00ebng\u00ebs \u201cFem\u00ebr tipike\u201d k\u00ebng\u00ebtarja Arta Bajrami ka vendosur q\u00eb gjat\u00eb muajve t\u00eb ardhsh\u00ebm t\u00eb sjell\u00eb n\u00eb treg disa k\u00ebng\u00eb t\u00eb reja. Fillimisht do\" \/>\n<meta name=\"robots\" content=\"index, follow, max-snippet:-1, max-image-preview:large, max-video-preview:-1\" \/>\n<link rel=\"canonical\" href=\"https:\/\/www.visit-ulcinj.com\/blog\/2013\/03\/19\/arta-bajrami-familja-ne-rend-te-pare\/\" \/>\n<meta property=\"og:locale\" content=\"en_US\" \/>\n<meta property=\"og:type\" content=\"article\" \/>\n<meta property=\"og:title\" content=\"Arta Bajrami: Familja n\u00eb rend t\u00eb par\u00eb - Lajme nga Ulqini\" \/>\n<meta property=\"og:description\" content=\"Pas suksesit t\u00eb k\u00ebng\u00ebs \u201cFem\u00ebr tipike\u201d k\u00ebng\u00ebtarja Arta Bajrami ka vendosur q\u00eb gjat\u00eb muajve t\u00eb ardhsh\u00ebm t\u00eb sjell\u00eb n\u00eb treg disa k\u00ebng\u00eb t\u00eb reja. Fillimisht do\" \/>\n<meta property=\"og:url\" content=\"https:\/\/www.visit-ulcinj.com\/blog\/2013\/03\/19\/arta-bajrami-familja-ne-rend-te-pare\/\" \/>\n<meta property=\"og:site_name\" content=\"Lajme nga Ulqini\" \/>\n<meta property=\"article:published_time\" content=\"2013-03-19T17:26:51+00:00\" \/>\n<meta property=\"og:image\" content=\"http:\/\/www.visit-ulcinj.com\/blog\/wp-content\/uploads\/2013\/03\/Arta-Bajrami-me-familje.jpg\" \/>\n<meta name=\"twitter:label1\" content=\"Written by\" \/>\n\t<meta name=\"twitter:data1\" content=\"ulqini\" \/>\n\t<meta name=\"twitter:label2\" content=\"Est. reading time\" \/>\n\t<meta name=\"twitter:data2\" content=\"4 minutes\" \/>\n<script type=\"application\/ld+json\" class=\"yoast-schema-graph\">{\"@context\":\"https:\/\/schema.org\",\"@graph\":[{\"@type\":\"WebSite\",\"@id\":\"https:\/\/www.visit-ulcinj.com\/blog\/#website\",\"url\":\"https:\/\/www.visit-ulcinj.com\/blog\/\",\"name\":\"Lajme nga Ulqini\",\"description\":\"Lajme,Vijesti,Ulqini,Ulqin,Crna Gora,Mali i Zi\",\"potentialAction\":[{\"@type\":\"SearchAction\",\"target\":{\"@type\":\"EntryPoint\",\"urlTemplate\":\"https:\/\/www.visit-ulcinj.com\/blog\/?s={search_term_string}\"},\"query-input\":\"required name=search_term_string\"}],\"inLanguage\":\"en-US\"},{\"@type\":\"ImageObject\",\"inLanguage\":\"en-US\",\"@id\":\"https:\/\/www.visit-ulcinj.com\/blog\/2013\/03\/19\/arta-bajrami-familja-ne-rend-te-pare\/#primaryimage\",\"url\":\"http:\/\/www.visit-ulcinj.com\/blog\/wp-content\/uploads\/2013\/03\/Arta-Bajrami-me-familje.jpg\",\"contentUrl\":\"http:\/\/www.visit-ulcinj.com\/blog\/wp-content\/uploads\/2013\/03\/Arta-Bajrami-me-familje.jpg\"},{\"@type\":\"WebPage\",\"@id\":\"https:\/\/www.visit-ulcinj.com\/blog\/2013\/03\/19\/arta-bajrami-familja-ne-rend-te-pare\/#webpage\",\"url\":\"https:\/\/www.visit-ulcinj.com\/blog\/2013\/03\/19\/arta-bajrami-familja-ne-rend-te-pare\/\",\"name\":\"Arta Bajrami: Familja n\u00eb rend t\u00eb par\u00eb - Lajme nga Ulqini\",\"isPartOf\":{\"@id\":\"https:\/\/www.visit-ulcinj.com\/blog\/#website\"},\"primaryImageOfPage\":{\"@id\":\"https:\/\/www.visit-ulcinj.com\/blog\/2013\/03\/19\/arta-bajrami-familja-ne-rend-te-pare\/#primaryimage\"},\"datePublished\":\"2013-03-19T17:26:51+00:00\",\"dateModified\":\"2013-03-19T17:26:51+00:00\",\"author\":{\"@id\":\"https:\/\/www.visit-ulcinj.com\/blog\/#\/schema\/person\/dcab619c614d3038751c63bc2aadc06d\"},\"description\":\"Pas suksesit t\u00eb k\u00ebng\u00ebs \u201cFem\u00ebr tipike\u201d k\u00ebng\u00ebtarja Arta Bajrami ka vendosur q\u00eb gjat\u00eb muajve t\u00eb ardhsh\u00ebm t\u00eb sjell\u00eb n\u00eb treg disa k\u00ebng\u00eb t\u00eb reja. Fillimisht do\",\"breadcrumb\":{\"@id\":\"https:\/\/www.visit-ulcinj.com\/blog\/2013\/03\/19\/arta-bajrami-familja-ne-rend-te-pare\/#breadcrumb\"},\"inLanguage\":\"en-US\",\"potentialAction\":[{\"@type\":\"ReadAction\",\"target\":[\"https:\/\/www.visit-ulcinj.com\/blog\/2013\/03\/19\/arta-bajrami-familja-ne-rend-te-pare\/\"]}]},{\"@type\":\"BreadcrumbList\",\"@id\":\"https:\/\/www.visit-ulcinj.com\/blog\/2013\/03\/19\/arta-bajrami-familja-ne-rend-te-pare\/#breadcrumb\",\"itemListElement\":[{\"@type\":\"ListItem\",\"position\":1,\"name\":\"Arta Bajrami: Familja n\u00eb rend t\u00eb par\u00eb\"}]},{\"@type\":\"Person\",\"@id\":\"https:\/\/www.visit-ulcinj.com\/blog\/#\/schema\/person\/dcab619c614d3038751c63bc2aadc06d\",\"name\":\"ulqini\",\"sameAs\":[\"http:\/\/www.visit-ulcinj.com\"],\"url\":\"https:\/\/www.visit-ulcinj.com\/blog\/author\/admin\/\"}]}<\/script>\n<!-- \/ Yoast SEO plugin. -->","yoast_head_json":{"title":"Arta Bajrami: Familja n\u00eb rend t\u00eb par\u00eb - Lajme nga Ulqini","description":"Pas suksesit t\u00eb k\u00ebng\u00ebs \u201cFem\u00ebr tipike\u201d k\u00ebng\u00ebtarja Arta Bajrami ka vendosur q\u00eb gjat\u00eb muajve t\u00eb ardhsh\u00ebm t\u00eb sjell\u00eb n\u00eb treg disa k\u00ebng\u00eb t\u00eb reja. Fillimisht do","robots":{"index":"index","follow":"follow","max-snippet":"max-snippet:-1","max-image-preview":"max-image-preview:large","max-video-preview":"max-video-preview:-1"},"canonical":"https:\/\/www.visit-ulcinj.com\/blog\/2013\/03\/19\/arta-bajrami-familja-ne-rend-te-pare\/","og_locale":"en_US","og_type":"article","og_title":"Arta Bajrami: Familja n\u00eb rend t\u00eb par\u00eb - Lajme nga Ulqini","og_description":"Pas suksesit t\u00eb k\u00ebng\u00ebs \u201cFem\u00ebr tipike\u201d k\u00ebng\u00ebtarja Arta Bajrami ka vendosur q\u00eb gjat\u00eb muajve t\u00eb ardhsh\u00ebm t\u00eb sjell\u00eb n\u00eb treg disa k\u00ebng\u00eb t\u00eb reja. Fillimisht do","og_url":"https:\/\/www.visit-ulcinj.com\/blog\/2013\/03\/19\/arta-bajrami-familja-ne-rend-te-pare\/","og_site_name":"Lajme nga Ulqini","article_published_time":"2013-03-19T17:26:51+00:00","og_image":[{"url":"http:\/\/www.visit-ulcinj.com\/blog\/wp-content\/uploads\/2013\/03\/Arta-Bajrami-me-familje.jpg"}],"twitter_misc":{"Written by":"ulqini","Est. reading time":"4 minutes"},"schema":{"@context":"https:\/\/schema.org","@graph":[{"@type":"WebSite","@id":"https:\/\/www.visit-ulcinj.com\/blog\/#website","url":"https:\/\/www.visit-ulcinj.com\/blog\/","name":"Lajme nga Ulqini","description":"Lajme,Vijesti,Ulqini,Ulqin,Crna Gora,Mali i Zi","potentialAction":[{"@type":"SearchAction","target":{"@type":"EntryPoint","urlTemplate":"https:\/\/www.visit-ulcinj.com\/blog\/?s={search_term_string}"},"query-input":"required name=search_term_string"}],"inLanguage":"en-US"},{"@type":"ImageObject","inLanguage":"en-US","@id":"https:\/\/www.visit-ulcinj.com\/blog\/2013\/03\/19\/arta-bajrami-familja-ne-rend-te-pare\/#primaryimage","url":"http:\/\/www.visit-ulcinj.com\/blog\/wp-content\/uploads\/2013\/03\/Arta-Bajrami-me-familje.jpg","contentUrl":"http:\/\/www.visit-ulcinj.com\/blog\/wp-content\/uploads\/2013\/03\/Arta-Bajrami-me-familje.jpg"},{"@type":"WebPage","@id":"https:\/\/www.visit-ulcinj.com\/blog\/2013\/03\/19\/arta-bajrami-familja-ne-rend-te-pare\/#webpage","url":"https:\/\/www.visit-ulcinj.com\/blog\/2013\/03\/19\/arta-bajrami-familja-ne-rend-te-pare\/","name":"Arta Bajrami: Familja n\u00eb rend t\u00eb par\u00eb - Lajme nga Ulqini","isPartOf":{"@id":"https:\/\/www.visit-ulcinj.com\/blog\/#website"},"primaryImageOfPage":{"@id":"https:\/\/www.visit-ulcinj.com\/blog\/2013\/03\/19\/arta-bajrami-familja-ne-rend-te-pare\/#primaryimage"},"datePublished":"2013-03-19T17:26:51+00:00","dateModified":"2013-03-19T17:26:51+00:00","author":{"@id":"https:\/\/www.visit-ulcinj.com\/blog\/#\/schema\/person\/dcab619c614d3038751c63bc2aadc06d"},"description":"Pas suksesit t\u00eb k\u00ebng\u00ebs \u201cFem\u00ebr tipike\u201d k\u00ebng\u00ebtarja Arta Bajrami ka vendosur q\u00eb gjat\u00eb muajve t\u00eb ardhsh\u00ebm t\u00eb sjell\u00eb n\u00eb treg disa k\u00ebng\u00eb t\u00eb reja. Fillimisht do","breadcrumb":{"@id":"https:\/\/www.visit-ulcinj.com\/blog\/2013\/03\/19\/arta-bajrami-familja-ne-rend-te-pare\/#breadcrumb"},"inLanguage":"en-US","potentialAction":[{"@type":"ReadAction","target":["https:\/\/www.visit-ulcinj.com\/blog\/2013\/03\/19\/arta-bajrami-familja-ne-rend-te-pare\/"]}]},{"@type":"BreadcrumbList","@id":"https:\/\/www.visit-ulcinj.com\/blog\/2013\/03\/19\/arta-bajrami-familja-ne-rend-te-pare\/#breadcrumb","itemListElement":[{"@type":"ListItem","position":1,"name":"Arta Bajrami: Familja n\u00eb rend t\u00eb par\u00eb"}]},{"@type":"Person","@id":"https:\/\/www.visit-ulcinj.com\/blog\/#\/schema\/person\/dcab619c614d3038751c63bc2aadc06d","name":"ulqini","sameAs":["http:\/\/www.visit-ulcinj.com"],"url":"https:\/\/www.visit-ulcinj.com\/blog\/author\/admin\/"}]}},"jetpack_featured_media_url":"","jetpack_sharing_enabled":true,"jetpack_shortlink":"https:\/\/wp.me\/pe6lTn-i9J","_links":{"self":[{"href":"https:\/\/www.visit-ulcinj.com\/blog\/wp-json\/wp\/v2\/posts\/69795"}],"collection":[{"href":"https:\/\/www.visit-ulcinj.com\/blog\/wp-json\/wp\/v2\/posts"}],"about":[{"href":"https:\/\/www.visit-ulcinj.com\/blog\/wp-json\/wp\/v2\/types\/post"}],"author":[{"embeddable":true,"href":"https:\/\/www.visit-ulcinj.com\/blog\/wp-json\/wp\/v2\/users\/1"}],"replies":[{"embeddable":true,"href":"https:\/\/www.visit-ulcinj.com\/blog\/wp-json\/wp\/v2\/comments?post=69795"}],"version-history":[{"count":1,"href":"https:\/\/www.visit-ulcinj.com\/blog\/wp-json\/wp\/v2\/posts\/69795\/revisions"}],"predecessor-version":[{"id":69799,"href":"https:\/\/www.visit-ulcinj.com\/blog\/wp-json\/wp\/v2\/posts\/69795\/revisions\/69799"}],"wp:attachment":[{"href":"https:\/\/www.visit-ulcinj.com\/blog\/wp-json\/wp\/v2\/media?parent=69795"}],"wp:term":[{"taxonomy":"category","embeddable":true,"href":"https:\/\/www.visit-ulcinj.com\/blog\/wp-json\/wp\/v2\/categories?post=69795"},{"taxonomy":"post_tag","embeddable":true,"href":"https:\/\/www.visit-ulcinj.com\/blog\/wp-json\/wp\/v2\/tags?post=69795"}],"curies":[{"name":"wp","href":"https:\/\/api.w.org\/{rel}","templated":true}]}}