{"id":698,"date":"2008-02-28T12:51:50","date_gmt":"2008-02-28T17:51:50","guid":{"rendered":"http:\/\/www.visit-ulcinj.com\/blog\/2008\/02\/28\/montenegro-mude-von-der-amtsmudigkeit-djukanovic-zuruck\/"},"modified":"2008-02-28T12:55:12","modified_gmt":"2008-02-28T17:55:12","slug":"montenegro-mude-von-der-amtsmudigkeit-djukanovic-zuruck","status":"publish","type":"post","link":"https:\/\/www.visit-ulcinj.com\/blog\/2008\/02\/28\/montenegro-mude-von-der-amtsmudigkeit-djukanovic-zuruck\/","title":{"rendered":"Montenegro: M\u00fcde von der Amtsm\u00fcdigkeit: Djukanovic zur\u00fcck"},"content":{"rendered":"<p><img loading=\"lazy\" src=\"http:\/\/upload.wikimedia.org\/wikipedia\/en\/b\/b7\/Milo_%C4%90ukanovi%C4%87.jpg\" align=\"left\" height=\"241\" width=\"176\" \/><strong>Ex-Premier und -Pr\u00e4sident f\u00fchrt wieder die Regierung.<\/strong><\/p>\n<p><strong> <\/strong>Mit einer R\u00fcckkehr auf das vertraute  Politparkett hat Montenegros Ex-Premier und Ex-Pr\u00e4sident Milo Djukanovic schon  l\u00e4nger gelieb\u00e4ugelt. Doch statt wie erwartet bei der Pr\u00e4sidentschaftswahl im  April, startet der popul\u00e4rste Polit-Pensionist des 620.000-Einwohner-Staates  schon jetzt sein Comeback. Am Donnerstag beriet das Parlament \u00fcber die erneute  Bestellung Djukanovics zum Premier \u2013 als Nachfolger seines Nachfolgers Zeljko  Sturanovic, der an Krebs leidet. Zum f\u00fcnften Mal \u00fcbernimmt der erst 45-J\u00e4hrige  damit das Amt des Premier<\/p>\n<p><!-- OAS AD 'Middle1' end --><!-- *************** Banner Middle1 End *****************--><\/p>\n<p><!-- **************** Banner Middle1 Start ****************** --><!-- OAS AD 'Middle1' begin --> <script type=\"text\/javascript\"> <!-- if (pressewerb == 1) { OAS_AD(\\\\\\'Middle1\\\\\\'); } \/\/-->\u00a0<\/script>Mit 29 \u00fcbernahm der begeisterte Basketballspieler \u2013 wegen seiner scharfen  Rhetorik \u201eRasiermesser\u201c genannt \u2013 1991 erstmals die Regierungsgesch\u00e4fte. Bis  1997 galt er als verl\u00e4sslicher Partner des serbischen Autokraten Slobodan  Milosevic. Dann suchte er den Kontakt zum Westen und setzte sich nach Serbiens  Wende 2000 f\u00fcr die Unabh\u00e4ngigkeit seines Landes ein, die nach einem Referendum  im Mai 2006 Wirklichkeit wurde. Wenig sp\u00e4ter trat er zur\u00fcck, er sei \u201em\u00fcde\u201c von  der Politik.<\/p>\n<p><strong>Verpr\u00fcgelter Journalist<\/strong><\/p>\n<p>\u00dcberschattet wird die schillernde Karriere seit Jahren von Ermittlungen der  italienischen Justiz, die ihm Verwicklung in Zigarettenschmuggel und Geldw\u00e4sche  w\u00e4hrend der Jugoslawien-Kriege vorwarf. Doch auch als Polit-Rentner war \u201eZar  Milo\u201c gesch\u00e4ftst\u00fcchtig. Obwohl sein Sal\u00e4r als Abgeordneter nur 800 Euro betr\u00e4gt,  erwarb er 2007 f\u00fcr 1,5 Millionen Euro sieben Prozent einer von seinem  Familienclan gehaltenen Bank.<\/p>\n<p>Kritische Medien reagieren auf die Reaktivierung des Rentners mit gemischten  Gef\u00fchlen. Ein \u00dcberfall auf den Chefredakteur der Zeitung \u201eVijesti\u201c hatte  Djukanovic 2007 erneut ins Gerede gebracht: Der verpr\u00fcgelte Journalist warf dem  Ex-Premier vor, hinter der Abreibung zu stehen.<\/p>\n<p>\u00dcberschattet wird die schillernde Karriere seit Jahren von Ermittlungen der  italienischen Justiz, die ihm Verwicklung in Zigarettenschmuggel und Geldw\u00e4sche  w\u00e4hrend der Jugoslawien-Kriege vorwarf. Doch auch als Polit-Rentner war \u201eZar  Milo\u201c gesch\u00e4ftst\u00fcchtig. Obwohl sein Sal\u00e4r als Abgeordneter nur 800 Euro betr\u00e4gt,  erwarb er 2007 f\u00fcr 1,5 Millionen Euro sieben Prozent einer von seinem  Familienclan gehaltenen Bank.<\/p>\n<p>Kritische Medien reagieren auf die Reaktivierung des Rentners mit gemischten  Gef\u00fchlen. Ein \u00dcberfall auf den Chefredakteur der Zeitung \u201eVijesti\u201c hatte  Djukanovic 2007 erneut ins Gerede gebracht: Der verpr\u00fcgelte Journalist warf dem  Ex-Premier vor, hinter der Abreibung zu stehen.<\/p>\n<p><a href=\"http:\/\/diepresse.com\/home\/politik\/aussenpolitik\/366404\/index.do?_vl_backlink=\/home\/politik\/aussenpolitik\/index.do\" target=\"_blank\">(&#8220;Die Presse&#8221;, Print-Ausgabe, 29.02.2008) <\/a><\/p>\n","protected":false},"excerpt":{"rendered":"<p><img loading=\"lazy\" src=\"http:\/\/upload.wikimedia.org\/wikipedia\/en\/b\/b7\/Milo_%C4%90ukanovi%C4%87.jpg\" align=\"left\" height=\"140\" width=\"140\" \/><\/p>\n","protected":false},"author":1,"featured_media":0,"comment_status":"open","ping_status":"closed","sticky":false,"template":"","format":"standard","meta":{"spay_email":"","jetpack_publicize_message":"","jetpack_is_tweetstorm":false,"jetpack_publicize_feature_enabled":true},"categories":[12],"tags":[2026,1749,2032,2024,2035,2036,1751,2034,2031,1618,1964,79,2030,1558,2023,2029,1611,2027,1494,2028,1710,2022,1388,2025,2033],"jetpack_publicize_connections":[],"yoast_head":"<!-- This site is optimized with the Yoast SEO plugin v19.1 - https:\/\/yoast.com\/wordpress\/plugins\/seo\/ -->\n<title>Montenegro: M\u00fcde von der Amtsm\u00fcdigkeit: Djukanovic zur\u00fcck - Lajme nga Ulqini<\/title>\n<meta name=\"robots\" content=\"index, follow, max-snippet:-1, max-image-preview:large, max-video-preview:-1\" \/>\n<link rel=\"canonical\" href=\"https:\/\/www.visit-ulcinj.com\/blog\/2008\/02\/28\/montenegro-mude-von-der-amtsmudigkeit-djukanovic-zuruck\/\" \/>\n<meta property=\"og:locale\" content=\"en_US\" \/>\n<meta property=\"og:type\" content=\"article\" \/>\n<meta property=\"og:title\" content=\"Montenegro: M\u00fcde von der Amtsm\u00fcdigkeit: Djukanovic zur\u00fcck - Lajme nga Ulqini\" \/>\n<meta property=\"og:url\" content=\"https:\/\/www.visit-ulcinj.com\/blog\/2008\/02\/28\/montenegro-mude-von-der-amtsmudigkeit-djukanovic-zuruck\/\" \/>\n<meta property=\"og:site_name\" content=\"Lajme nga Ulqini\" \/>\n<meta property=\"article:published_time\" content=\"2008-02-28T17:51:50+00:00\" \/>\n<meta property=\"article:modified_time\" content=\"2008-02-28T17:55:12+00:00\" \/>\n<meta property=\"og:image\" content=\"http:\/\/upload.wikimedia.org\/wikipedia\/en\/b\/b7\/Milo_%C4%90ukanovi%C4%87.jpg\" \/>\n<meta name=\"twitter:label1\" content=\"Written by\" \/>\n\t<meta name=\"twitter:data1\" content=\"ulqini\" \/>\n\t<meta name=\"twitter:label2\" content=\"Est. reading time\" \/>\n\t<meta name=\"twitter:data2\" content=\"2 minutes\" \/>\n<script type=\"application\/ld+json\" class=\"yoast-schema-graph\">{\"@context\":\"https:\/\/schema.org\",\"@graph\":[{\"@type\":\"WebSite\",\"@id\":\"https:\/\/www.visit-ulcinj.com\/blog\/#website\",\"url\":\"https:\/\/www.visit-ulcinj.com\/blog\/\",\"name\":\"Lajme nga Ulqini\",\"description\":\"Lajme,Vijesti,Ulqini,Ulqin,Crna Gora,Mali i Zi\",\"potentialAction\":[{\"@type\":\"SearchAction\",\"target\":{\"@type\":\"EntryPoint\",\"urlTemplate\":\"https:\/\/www.visit-ulcinj.com\/blog\/?s={search_term_string}\"},\"query-input\":\"required name=search_term_string\"}],\"inLanguage\":\"en-US\"},{\"@type\":\"ImageObject\",\"inLanguage\":\"en-US\",\"@id\":\"https:\/\/www.visit-ulcinj.com\/blog\/2008\/02\/28\/montenegro-mude-von-der-amtsmudigkeit-djukanovic-zuruck\/#primaryimage\",\"url\":\"http:\/\/upload.wikimedia.org\/wikipedia\/en\/b\/b7\/Milo_%C4%90ukanovi%C4%87.jpg\",\"contentUrl\":\"http:\/\/upload.wikimedia.org\/wikipedia\/en\/b\/b7\/Milo_%C4%90ukanovi%C4%87.jpg\"},{\"@type\":\"WebPage\",\"@id\":\"https:\/\/www.visit-ulcinj.com\/blog\/2008\/02\/28\/montenegro-mude-von-der-amtsmudigkeit-djukanovic-zuruck\/#webpage\",\"url\":\"https:\/\/www.visit-ulcinj.com\/blog\/2008\/02\/28\/montenegro-mude-von-der-amtsmudigkeit-djukanovic-zuruck\/\",\"name\":\"Montenegro: M\u00fcde von der Amtsm\u00fcdigkeit: Djukanovic zur\u00fcck - Lajme nga Ulqini\",\"isPartOf\":{\"@id\":\"https:\/\/www.visit-ulcinj.com\/blog\/#website\"},\"primaryImageOfPage\":{\"@id\":\"https:\/\/www.visit-ulcinj.com\/blog\/2008\/02\/28\/montenegro-mude-von-der-amtsmudigkeit-djukanovic-zuruck\/#primaryimage\"},\"datePublished\":\"2008-02-28T17:51:50+00:00\",\"dateModified\":\"2008-02-28T17:55:12+00:00\",\"author\":{\"@id\":\"https:\/\/www.visit-ulcinj.com\/blog\/#\/schema\/person\/dcab619c614d3038751c63bc2aadc06d\"},\"breadcrumb\":{\"@id\":\"https:\/\/www.visit-ulcinj.com\/blog\/2008\/02\/28\/montenegro-mude-von-der-amtsmudigkeit-djukanovic-zuruck\/#breadcrumb\"},\"inLanguage\":\"en-US\",\"potentialAction\":[{\"@type\":\"ReadAction\",\"target\":[\"https:\/\/www.visit-ulcinj.com\/blog\/2008\/02\/28\/montenegro-mude-von-der-amtsmudigkeit-djukanovic-zuruck\/\"]}]},{\"@type\":\"BreadcrumbList\",\"@id\":\"https:\/\/www.visit-ulcinj.com\/blog\/2008\/02\/28\/montenegro-mude-von-der-amtsmudigkeit-djukanovic-zuruck\/#breadcrumb\",\"itemListElement\":[{\"@type\":\"ListItem\",\"position\":1,\"name\":\"Montenegro: M\u00fcde von der Amtsm\u00fcdigkeit: Djukanovic zur\u00fcck\"}]},{\"@type\":\"Person\",\"@id\":\"https:\/\/www.visit-ulcinj.com\/blog\/#\/schema\/person\/dcab619c614d3038751c63bc2aadc06d\",\"name\":\"ulqini\",\"sameAs\":[\"http:\/\/www.visit-ulcinj.com\"],\"url\":\"https:\/\/www.visit-ulcinj.com\/blog\/author\/admin\/\"}]}<\/script>\n<!-- \/ Yoast SEO plugin. -->","yoast_head_json":{"title":"Montenegro: M\u00fcde von der Amtsm\u00fcdigkeit: Djukanovic zur\u00fcck - Lajme nga Ulqini","robots":{"index":"index","follow":"follow","max-snippet":"max-snippet:-1","max-image-preview":"max-image-preview:large","max-video-preview":"max-video-preview:-1"},"canonical":"https:\/\/www.visit-ulcinj.com\/blog\/2008\/02\/28\/montenegro-mude-von-der-amtsmudigkeit-djukanovic-zuruck\/","og_locale":"en_US","og_type":"article","og_title":"Montenegro: M\u00fcde von der Amtsm\u00fcdigkeit: Djukanovic zur\u00fcck - Lajme nga Ulqini","og_url":"https:\/\/www.visit-ulcinj.com\/blog\/2008\/02\/28\/montenegro-mude-von-der-amtsmudigkeit-djukanovic-zuruck\/","og_site_name":"Lajme nga Ulqini","article_published_time":"2008-02-28T17:51:50+00:00","article_modified_time":"2008-02-28T17:55:12+00:00","og_image":[{"url":"http:\/\/upload.wikimedia.org\/wikipedia\/en\/b\/b7\/Milo_%C4%90ukanovi%C4%87.jpg"}],"twitter_misc":{"Written by":"ulqini","Est. reading time":"2 minutes"},"schema":{"@context":"https:\/\/schema.org","@graph":[{"@type":"WebSite","@id":"https:\/\/www.visit-ulcinj.com\/blog\/#website","url":"https:\/\/www.visit-ulcinj.com\/blog\/","name":"Lajme nga Ulqini","description":"Lajme,Vijesti,Ulqini,Ulqin,Crna Gora,Mali i Zi","potentialAction":[{"@type":"SearchAction","target":{"@type":"EntryPoint","urlTemplate":"https:\/\/www.visit-ulcinj.com\/blog\/?s={search_term_string}"},"query-input":"required name=search_term_string"}],"inLanguage":"en-US"},{"@type":"ImageObject","inLanguage":"en-US","@id":"https:\/\/www.visit-ulcinj.com\/blog\/2008\/02\/28\/montenegro-mude-von-der-amtsmudigkeit-djukanovic-zuruck\/#primaryimage","url":"http:\/\/upload.wikimedia.org\/wikipedia\/en\/b\/b7\/Milo_%C4%90ukanovi%C4%87.jpg","contentUrl":"http:\/\/upload.wikimedia.org\/wikipedia\/en\/b\/b7\/Milo_%C4%90ukanovi%C4%87.jpg"},{"@type":"WebPage","@id":"https:\/\/www.visit-ulcinj.com\/blog\/2008\/02\/28\/montenegro-mude-von-der-amtsmudigkeit-djukanovic-zuruck\/#webpage","url":"https:\/\/www.visit-ulcinj.com\/blog\/2008\/02\/28\/montenegro-mude-von-der-amtsmudigkeit-djukanovic-zuruck\/","name":"Montenegro: M\u00fcde von der Amtsm\u00fcdigkeit: Djukanovic zur\u00fcck - Lajme nga Ulqini","isPartOf":{"@id":"https:\/\/www.visit-ulcinj.com\/blog\/#website"},"primaryImageOfPage":{"@id":"https:\/\/www.visit-ulcinj.com\/blog\/2008\/02\/28\/montenegro-mude-von-der-amtsmudigkeit-djukanovic-zuruck\/#primaryimage"},"datePublished":"2008-02-28T17:51:50+00:00","dateModified":"2008-02-28T17:55:12+00:00","author":{"@id":"https:\/\/www.visit-ulcinj.com\/blog\/#\/schema\/person\/dcab619c614d3038751c63bc2aadc06d"},"breadcrumb":{"@id":"https:\/\/www.visit-ulcinj.com\/blog\/2008\/02\/28\/montenegro-mude-von-der-amtsmudigkeit-djukanovic-zuruck\/#breadcrumb"},"inLanguage":"en-US","potentialAction":[{"@type":"ReadAction","target":["https:\/\/www.visit-ulcinj.com\/blog\/2008\/02\/28\/montenegro-mude-von-der-amtsmudigkeit-djukanovic-zuruck\/"]}]},{"@type":"BreadcrumbList","@id":"https:\/\/www.visit-ulcinj.com\/blog\/2008\/02\/28\/montenegro-mude-von-der-amtsmudigkeit-djukanovic-zuruck\/#breadcrumb","itemListElement":[{"@type":"ListItem","position":1,"name":"Montenegro: M\u00fcde von der Amtsm\u00fcdigkeit: Djukanovic zur\u00fcck"}]},{"@type":"Person","@id":"https:\/\/www.visit-ulcinj.com\/blog\/#\/schema\/person\/dcab619c614d3038751c63bc2aadc06d","name":"ulqini","sameAs":["http:\/\/www.visit-ulcinj.com"],"url":"https:\/\/www.visit-ulcinj.com\/blog\/author\/admin\/"}]}},"jetpack_featured_media_url":"","jetpack_sharing_enabled":true,"jetpack_shortlink":"https:\/\/wp.me\/pe6lTn-bg","_links":{"self":[{"href":"https:\/\/www.visit-ulcinj.com\/blog\/wp-json\/wp\/v2\/posts\/698"}],"collection":[{"href":"https:\/\/www.visit-ulcinj.com\/blog\/wp-json\/wp\/v2\/posts"}],"about":[{"href":"https:\/\/www.visit-ulcinj.com\/blog\/wp-json\/wp\/v2\/types\/post"}],"author":[{"embeddable":true,"href":"https:\/\/www.visit-ulcinj.com\/blog\/wp-json\/wp\/v2\/users\/1"}],"replies":[{"embeddable":true,"href":"https:\/\/www.visit-ulcinj.com\/blog\/wp-json\/wp\/v2\/comments?post=698"}],"version-history":[{"count":0,"href":"https:\/\/www.visit-ulcinj.com\/blog\/wp-json\/wp\/v2\/posts\/698\/revisions"}],"wp:attachment":[{"href":"https:\/\/www.visit-ulcinj.com\/blog\/wp-json\/wp\/v2\/media?parent=698"}],"wp:term":[{"taxonomy":"category","embeddable":true,"href":"https:\/\/www.visit-ulcinj.com\/blog\/wp-json\/wp\/v2\/categories?post=698"},{"taxonomy":"post_tag","embeddable":true,"href":"https:\/\/www.visit-ulcinj.com\/blog\/wp-json\/wp\/v2\/tags?post=698"}],"curies":[{"name":"wp","href":"https:\/\/api.w.org\/{rel}","templated":true}]}}