{"id":69800,"date":"2013-03-19T18:39:38","date_gmt":"2013-03-19T17:39:38","guid":{"rendered":"http:\/\/www.visit-ulcinj.com\/blog\/?p=69800"},"modified":"2013-03-19T18:39:38","modified_gmt":"2013-03-19T17:39:38","slug":"cungu-reaguje-na-zakljucke-savjeta-za-privatizaciju-i-kapitalne-projekte","status":"publish","type":"post","link":"https:\/\/www.visit-ulcinj.com\/blog\/2013\/03\/19\/cungu-reaguje-na-zakljucke-savjeta-za-privatizaciju-i-kapitalne-projekte\/","title":{"rendered":"Cungu reaguje na zakljucke Savjeta za privatizaciju i kapitalne projekte"},"content":{"rendered":"<p><a href=\"http:\/\/www.visit-ulcinj.com\/blog\/wp-content\/uploads\/2013\/03\/Nazif-Cungu.jpg\"><img loading=\"lazy\" class=\"alignleft  wp-image-69801\" alt=\"Nazif Cungu\" src=\"http:\/\/www.visit-ulcinj.com\/blog\/wp-content\/uploads\/2013\/03\/Nazif-Cungu.jpg\" width=\"508\" height=\"360\" \/><\/a>Prvi \u010dovjek grada Nazif Cungu reagovao je na zaklju\u010dke Savjeta za privatizaciju i kapitalne projekte, u kojima se navodi da lokalna samouprava nije ispunila svoje obaveze, pa s toga nije ni do\u0161lo do izgradnje hotela Galeb i Meditera. Sli\u010dan zaklju\u010dak to vladino tijelo donijelo je i za hotel Jadran. \u201e Da su ovakve reakcije stizale iz Vlade mnogo ranije, situacija u ulcinjskoj privredi bila bi umnogome druga\u010dija nego danas. Bilo bi mnogo bolje, kada je ukupna prvatizacija u pitanju\u201c, rekao je Cungu. On je dodao da se niko ne treba osloba\u0111ati odgovornosti, pa ni lokalna samouprava. Ali, je podsjetio da je Hotel Galeb poru\u0161en prije pet godina,\u00a0 kompanija Rok\u0161ped je u novembru 2007. uplatila i takse za komunalije, u iznosu od 350 hiljada eura. \u201e Op\u0161tina je tada imala obavezu da\u00a0 donese urbanisti\u010dki projekat, ali to nijesu u\u010dinili. Sada\u0161nja lokalna vlast je to u\u010dinila, i to u decembru pro\u0161le godine. Sla\u017eem se da je za tu situaciju kriva lokalna samouprava, bez obzira ko je na njenom \u010delu\u201c, rekao je Cungu. Ali, kako je istakao, od decembra su nesmetano mogli da po\u010dnu sa gradnjom. Prema rije\u010dima Cungua, i sa Hotelom Mediteran, do\u0161lo je do sli\u010dne situacije. \u201e Prethodna vlast je naplatila 250 hiljada eura za komunalije, u decembru 2007., a mi se sada spremamo da platimo i odre\u0111ene kamate na osnovu tu\u017ebe, koje je vlasnik hotela podnio protiv Op\u0161tine, jer nije ispunila obaveze. U pitanju je oko 50 hiljada eura\u201c, objasnio je Cungu. Kako je kazao, nova vlast je preuzela aktivnosti i za taj lokalitet. Napravljen je novi Nacrt urbanisti\u010dkog projekta za\u00a0 tu lokaciju, a Cungu smatra\u00a0 da \u0107e za tri do \u010detiri mjeseca, i na tom prostoru biti sve spremno za gradnju.\u201e Kada je u pitanju hotel Jadran, ugovor je sklopljen izme\u0111u JP Morsko dobro i sada\u0161njeg korisnika, Montenegro grupom,jo\u0161 1999. godine. Oni imaju novi revidirani ugovor jo\u0161 od 2008. i nemaju nikakve smetnje da po\u010dnu sa gradnjom\u201c, pojasnio je Cungu. \u00a0Kako je kazao, lokalna uprava je preuzela obavezu i oko premje\u0161tanja porodica, koje \u017eive u barakama ispod lokaliteta gdje \u0107e se graditi hotel. \u201e \u010cak \u0161ta vi\u0161e, ve\u0107 smo razgovarali sa investitorom i u zavr\u0161noj smo fazi usvajanja odluke o komunalijama, gdje predvi\u0111amo da se te komunalije smanje \u010dak za 70 odsto\u201c, istakao je Cungu.<\/p>\n<p><strong>Op\u0161tina Ulcinj \/ Komuna e Ulqinit<\/strong><br \/>\nTel: +382 30 412 050<br \/>\nFax: +382 30 412 413<br \/>\nAdresa: Bul. Skenderbeu bb, 85360 Ulcinj, MNE<\/p>\n<p>&nbsp;<\/p>\n","protected":false},"excerpt":{"rendered":"<p>Prvi \u010dovjek grada Nazif Cungu reagovao je na zaklju\u010dke Savjeta za privatizaciju i kapitalne projekte, u kojima se navodi da lokalna samouprava nije ispunila svoje obaveze, pa s toga nije ni do\u0161lo do izgradnje hotela Galeb i Meditera. Sli\u010dan zaklju\u010dak to vladino tijelo donijelo je i za hotel Jadran. \u201e Da su ovakve reakcije stizale [&hellip;]<\/p>\n","protected":false},"author":1,"featured_media":0,"comment_status":"open","ping_status":"closed","sticky":false,"template":"","format":"standard","meta":{"spay_email":"","jetpack_publicize_message":"","jetpack_is_tweetstorm":false,"jetpack_publicize_feature_enabled":true},"categories":[8337],"tags":[118,19],"jetpack_publicize_connections":[],"yoast_head":"<!-- This site is optimized with the Yoast SEO plugin v19.1 - https:\/\/yoast.com\/wordpress\/plugins\/seo\/ -->\n<title>Cungu reaguje na zakljucke Savjeta za privatizaciju i kapitalne projekte - Lajme nga Ulqini<\/title>\n<meta name=\"description\" content=\"Prvi \u010dovjek grada Nazif Cungu reagovao je na zaklju\u010dke Savjeta za privatizaciju i kapitalne projekte, u kojima se navodi da lokalna samouprava nije\" \/>\n<meta name=\"robots\" content=\"index, follow, max-snippet:-1, max-image-preview:large, max-video-preview:-1\" \/>\n<link rel=\"canonical\" href=\"https:\/\/www.visit-ulcinj.com\/blog\/2013\/03\/19\/cungu-reaguje-na-zakljucke-savjeta-za-privatizaciju-i-kapitalne-projekte\/\" \/>\n<meta property=\"og:locale\" content=\"en_US\" \/>\n<meta property=\"og:type\" content=\"article\" \/>\n<meta property=\"og:title\" content=\"Cungu reaguje na zakljucke Savjeta za privatizaciju i kapitalne projekte - Lajme nga Ulqini\" \/>\n<meta property=\"og:description\" content=\"Prvi \u010dovjek grada Nazif Cungu reagovao je na zaklju\u010dke Savjeta za privatizaciju i kapitalne projekte, u kojima se navodi da lokalna samouprava nije\" \/>\n<meta property=\"og:url\" content=\"https:\/\/www.visit-ulcinj.com\/blog\/2013\/03\/19\/cungu-reaguje-na-zakljucke-savjeta-za-privatizaciju-i-kapitalne-projekte\/\" \/>\n<meta property=\"og:site_name\" content=\"Lajme nga Ulqini\" \/>\n<meta property=\"article:published_time\" content=\"2013-03-19T17:39:38+00:00\" \/>\n<meta property=\"og:image\" content=\"http:\/\/www.visit-ulcinj.com\/blog\/wp-content\/uploads\/2013\/03\/Nazif-Cungu.jpg\" \/>\n<meta name=\"twitter:label1\" content=\"Written by\" \/>\n\t<meta name=\"twitter:data1\" content=\"ulqini\" \/>\n\t<meta name=\"twitter:label2\" content=\"Est. reading time\" \/>\n\t<meta name=\"twitter:data2\" content=\"2 minutes\" \/>\n<script type=\"application\/ld+json\" class=\"yoast-schema-graph\">{\"@context\":\"https:\/\/schema.org\",\"@graph\":[{\"@type\":\"WebSite\",\"@id\":\"https:\/\/www.visit-ulcinj.com\/blog\/#website\",\"url\":\"https:\/\/www.visit-ulcinj.com\/blog\/\",\"name\":\"Lajme nga Ulqini\",\"description\":\"Lajme,Vijesti,Ulqini,Ulqin,Crna Gora,Mali i Zi\",\"potentialAction\":[{\"@type\":\"SearchAction\",\"target\":{\"@type\":\"EntryPoint\",\"urlTemplate\":\"https:\/\/www.visit-ulcinj.com\/blog\/?s={search_term_string}\"},\"query-input\":\"required name=search_term_string\"}],\"inLanguage\":\"en-US\"},{\"@type\":\"ImageObject\",\"inLanguage\":\"en-US\",\"@id\":\"https:\/\/www.visit-ulcinj.com\/blog\/2013\/03\/19\/cungu-reaguje-na-zakljucke-savjeta-za-privatizaciju-i-kapitalne-projekte\/#primaryimage\",\"url\":\"https:\/\/www.visit-ulcinj.com\/blog\/wp-content\/uploads\/2013\/03\/Nazif-Cungu.jpg\",\"contentUrl\":\"https:\/\/www.visit-ulcinj.com\/blog\/wp-content\/uploads\/2013\/03\/Nazif-Cungu.jpg\",\"width\":496,\"height\":450},{\"@type\":\"WebPage\",\"@id\":\"https:\/\/www.visit-ulcinj.com\/blog\/2013\/03\/19\/cungu-reaguje-na-zakljucke-savjeta-za-privatizaciju-i-kapitalne-projekte\/#webpage\",\"url\":\"https:\/\/www.visit-ulcinj.com\/blog\/2013\/03\/19\/cungu-reaguje-na-zakljucke-savjeta-za-privatizaciju-i-kapitalne-projekte\/\",\"name\":\"Cungu reaguje na zakljucke Savjeta za privatizaciju i kapitalne projekte - Lajme nga Ulqini\",\"isPartOf\":{\"@id\":\"https:\/\/www.visit-ulcinj.com\/blog\/#website\"},\"primaryImageOfPage\":{\"@id\":\"https:\/\/www.visit-ulcinj.com\/blog\/2013\/03\/19\/cungu-reaguje-na-zakljucke-savjeta-za-privatizaciju-i-kapitalne-projekte\/#primaryimage\"},\"datePublished\":\"2013-03-19T17:39:38+00:00\",\"dateModified\":\"2013-03-19T17:39:38+00:00\",\"author\":{\"@id\":\"https:\/\/www.visit-ulcinj.com\/blog\/#\/schema\/person\/dcab619c614d3038751c63bc2aadc06d\"},\"description\":\"Prvi \u010dovjek grada Nazif Cungu reagovao je na zaklju\u010dke Savjeta za privatizaciju i kapitalne projekte, u kojima se navodi da lokalna samouprava nije\",\"breadcrumb\":{\"@id\":\"https:\/\/www.visit-ulcinj.com\/blog\/2013\/03\/19\/cungu-reaguje-na-zakljucke-savjeta-za-privatizaciju-i-kapitalne-projekte\/#breadcrumb\"},\"inLanguage\":\"en-US\",\"potentialAction\":[{\"@type\":\"ReadAction\",\"target\":[\"https:\/\/www.visit-ulcinj.com\/blog\/2013\/03\/19\/cungu-reaguje-na-zakljucke-savjeta-za-privatizaciju-i-kapitalne-projekte\/\"]}]},{\"@type\":\"BreadcrumbList\",\"@id\":\"https:\/\/www.visit-ulcinj.com\/blog\/2013\/03\/19\/cungu-reaguje-na-zakljucke-savjeta-za-privatizaciju-i-kapitalne-projekte\/#breadcrumb\",\"itemListElement\":[{\"@type\":\"ListItem\",\"position\":1,\"name\":\"Cungu reaguje na zakljucke Savjeta za privatizaciju i kapitalne projekte\"}]},{\"@type\":\"Person\",\"@id\":\"https:\/\/www.visit-ulcinj.com\/blog\/#\/schema\/person\/dcab619c614d3038751c63bc2aadc06d\",\"name\":\"ulqini\",\"sameAs\":[\"http:\/\/www.visit-ulcinj.com\"],\"url\":\"https:\/\/www.visit-ulcinj.com\/blog\/author\/admin\/\"}]}<\/script>\n<!-- \/ Yoast SEO plugin. -->","yoast_head_json":{"title":"Cungu reaguje na zakljucke Savjeta za privatizaciju i kapitalne projekte - Lajme nga Ulqini","description":"Prvi \u010dovjek grada Nazif Cungu reagovao je na zaklju\u010dke Savjeta za privatizaciju i kapitalne projekte, u kojima se navodi da lokalna samouprava nije","robots":{"index":"index","follow":"follow","max-snippet":"max-snippet:-1","max-image-preview":"max-image-preview:large","max-video-preview":"max-video-preview:-1"},"canonical":"https:\/\/www.visit-ulcinj.com\/blog\/2013\/03\/19\/cungu-reaguje-na-zakljucke-savjeta-za-privatizaciju-i-kapitalne-projekte\/","og_locale":"en_US","og_type":"article","og_title":"Cungu reaguje na zakljucke Savjeta za privatizaciju i kapitalne projekte - Lajme nga Ulqini","og_description":"Prvi \u010dovjek grada Nazif Cungu reagovao je na zaklju\u010dke Savjeta za privatizaciju i kapitalne projekte, u kojima se navodi da lokalna samouprava nije","og_url":"https:\/\/www.visit-ulcinj.com\/blog\/2013\/03\/19\/cungu-reaguje-na-zakljucke-savjeta-za-privatizaciju-i-kapitalne-projekte\/","og_site_name":"Lajme nga Ulqini","article_published_time":"2013-03-19T17:39:38+00:00","og_image":[{"url":"http:\/\/www.visit-ulcinj.com\/blog\/wp-content\/uploads\/2013\/03\/Nazif-Cungu.jpg"}],"twitter_misc":{"Written by":"ulqini","Est. reading time":"2 minutes"},"schema":{"@context":"https:\/\/schema.org","@graph":[{"@type":"WebSite","@id":"https:\/\/www.visit-ulcinj.com\/blog\/#website","url":"https:\/\/www.visit-ulcinj.com\/blog\/","name":"Lajme nga Ulqini","description":"Lajme,Vijesti,Ulqini,Ulqin,Crna Gora,Mali i Zi","potentialAction":[{"@type":"SearchAction","target":{"@type":"EntryPoint","urlTemplate":"https:\/\/www.visit-ulcinj.com\/blog\/?s={search_term_string}"},"query-input":"required name=search_term_string"}],"inLanguage":"en-US"},{"@type":"ImageObject","inLanguage":"en-US","@id":"https:\/\/www.visit-ulcinj.com\/blog\/2013\/03\/19\/cungu-reaguje-na-zakljucke-savjeta-za-privatizaciju-i-kapitalne-projekte\/#primaryimage","url":"https:\/\/www.visit-ulcinj.com\/blog\/wp-content\/uploads\/2013\/03\/Nazif-Cungu.jpg","contentUrl":"https:\/\/www.visit-ulcinj.com\/blog\/wp-content\/uploads\/2013\/03\/Nazif-Cungu.jpg","width":496,"height":450},{"@type":"WebPage","@id":"https:\/\/www.visit-ulcinj.com\/blog\/2013\/03\/19\/cungu-reaguje-na-zakljucke-savjeta-za-privatizaciju-i-kapitalne-projekte\/#webpage","url":"https:\/\/www.visit-ulcinj.com\/blog\/2013\/03\/19\/cungu-reaguje-na-zakljucke-savjeta-za-privatizaciju-i-kapitalne-projekte\/","name":"Cungu reaguje na zakljucke Savjeta za privatizaciju i kapitalne projekte - Lajme nga Ulqini","isPartOf":{"@id":"https:\/\/www.visit-ulcinj.com\/blog\/#website"},"primaryImageOfPage":{"@id":"https:\/\/www.visit-ulcinj.com\/blog\/2013\/03\/19\/cungu-reaguje-na-zakljucke-savjeta-za-privatizaciju-i-kapitalne-projekte\/#primaryimage"},"datePublished":"2013-03-19T17:39:38+00:00","dateModified":"2013-03-19T17:39:38+00:00","author":{"@id":"https:\/\/www.visit-ulcinj.com\/blog\/#\/schema\/person\/dcab619c614d3038751c63bc2aadc06d"},"description":"Prvi \u010dovjek grada Nazif Cungu reagovao je na zaklju\u010dke Savjeta za privatizaciju i kapitalne projekte, u kojima se navodi da lokalna samouprava nije","breadcrumb":{"@id":"https:\/\/www.visit-ulcinj.com\/blog\/2013\/03\/19\/cungu-reaguje-na-zakljucke-savjeta-za-privatizaciju-i-kapitalne-projekte\/#breadcrumb"},"inLanguage":"en-US","potentialAction":[{"@type":"ReadAction","target":["https:\/\/www.visit-ulcinj.com\/blog\/2013\/03\/19\/cungu-reaguje-na-zakljucke-savjeta-za-privatizaciju-i-kapitalne-projekte\/"]}]},{"@type":"BreadcrumbList","@id":"https:\/\/www.visit-ulcinj.com\/blog\/2013\/03\/19\/cungu-reaguje-na-zakljucke-savjeta-za-privatizaciju-i-kapitalne-projekte\/#breadcrumb","itemListElement":[{"@type":"ListItem","position":1,"name":"Cungu reaguje na zakljucke Savjeta za privatizaciju i kapitalne projekte"}]},{"@type":"Person","@id":"https:\/\/www.visit-ulcinj.com\/blog\/#\/schema\/person\/dcab619c614d3038751c63bc2aadc06d","name":"ulqini","sameAs":["http:\/\/www.visit-ulcinj.com"],"url":"https:\/\/www.visit-ulcinj.com\/blog\/author\/admin\/"}]}},"jetpack_featured_media_url":"","jetpack_sharing_enabled":true,"jetpack_shortlink":"https:\/\/wp.me\/pe6lTn-i9O","_links":{"self":[{"href":"https:\/\/www.visit-ulcinj.com\/blog\/wp-json\/wp\/v2\/posts\/69800"}],"collection":[{"href":"https:\/\/www.visit-ulcinj.com\/blog\/wp-json\/wp\/v2\/posts"}],"about":[{"href":"https:\/\/www.visit-ulcinj.com\/blog\/wp-json\/wp\/v2\/types\/post"}],"author":[{"embeddable":true,"href":"https:\/\/www.visit-ulcinj.com\/blog\/wp-json\/wp\/v2\/users\/1"}],"replies":[{"embeddable":true,"href":"https:\/\/www.visit-ulcinj.com\/blog\/wp-json\/wp\/v2\/comments?post=69800"}],"version-history":[{"count":1,"href":"https:\/\/www.visit-ulcinj.com\/blog\/wp-json\/wp\/v2\/posts\/69800\/revisions"}],"predecessor-version":[{"id":69802,"href":"https:\/\/www.visit-ulcinj.com\/blog\/wp-json\/wp\/v2\/posts\/69800\/revisions\/69802"}],"wp:attachment":[{"href":"https:\/\/www.visit-ulcinj.com\/blog\/wp-json\/wp\/v2\/media?parent=69800"}],"wp:term":[{"taxonomy":"category","embeddable":true,"href":"https:\/\/www.visit-ulcinj.com\/blog\/wp-json\/wp\/v2\/categories?post=69800"},{"taxonomy":"post_tag","embeddable":true,"href":"https:\/\/www.visit-ulcinj.com\/blog\/wp-json\/wp\/v2\/tags?post=69800"}],"curies":[{"name":"wp","href":"https:\/\/api.w.org\/{rel}","templated":true}]}}