{"id":69806,"date":"2013-03-19T19:13:41","date_gmt":"2013-03-19T18:13:41","guid":{"rendered":"http:\/\/www.visit-ulcinj.com\/blog\/?p=69806"},"modified":"2013-03-19T19:16:42","modified_gmt":"2013-03-19T18:16:42","slug":"shoqata-ana-e-malit-ndan-mirnjohje-me-rastin-e-dites-nderkombetare-te-gruas","status":"publish","type":"post","link":"https:\/\/www.visit-ulcinj.com\/blog\/2013\/03\/19\/shoqata-ana-e-malit-ndan-mirnjohje-me-rastin-e-dites-nderkombetare-te-gruas\/","title":{"rendered":"Shoqata \u201d Ana e Malit \u201d ndan mirnjohje me rastin e Dit\u00ebs Nd\u00ebrkomb\u00ebtare t\u00eb Gruas"},"content":{"rendered":"<p><a href=\"http:\/\/www.visit-ulcinj.com\/blog\/wp-content\/uploads\/2013\/03\/Shoqata-Ana-e-Malit-ndan-mirnjohje-me-rastin-e-Dit\u00ebs-Nd\u00ebrkomb\u00ebtare-t\u00eb-Gruas.jpg\"><img loading=\"lazy\" class=\"alignleft  wp-image-69807\" alt=\"Shoqata  Ana e Malit ndan mirnjohje me rastin e Dit\u00ebs Nd\u00ebrkomb\u00ebtare t\u00eb Gruas\" src=\"http:\/\/www.visit-ulcinj.com\/blog\/wp-content\/uploads\/2013\/03\/Shoqata-Ana-e-Malit-ndan-mirnjohje-me-rastin-e-Dit\u00ebs-Nd\u00ebrkomb\u00ebtare-t\u00eb-Gruas.jpg\" width=\"508\" height=\"360\" \/><\/a>Dit\u00ebn e Shtund\u00eb, me 9 Mars 2013 n\u00eb lokalin me pamje piktoreske \u201cVanderbilt\u201d n\u00eb Staten Island ( NY), Shoqata Shqiptaro \u2013 Amerikane \u201d Ana e Malit\u201d organizoi mengjez pune dhe festiv p\u00ebr nder\u00eb t\u00eb Dit\u00ebs Nd\u00ebrkomb\u00ebtare t\u00eb Gruas.<br \/>\nTakimin e hapi kryetari i Shoqat\u00ebs,z. Ismet Kurti i cili foli p\u00ebr rolin historik t\u00eb gruas n\u00eb zhvillimin dhe p\u00ebrparimin e shoq\u00ebris\u00eb.Ai gjithashtu theksoi r\u00ebnd\u00ebsin\u00eb e femrave ,pjes\u00ebtare t\u00eb komunitetit shqiptaro-amerikan n\u00eb inkuadrimin dhe angazhimin e tyre n\u00eb pun\u00ebn dhe veprimtarin\u00eb e \u00a0organizatave t\u00eb diaspor\u00ebs,respektivisht n\u00eb Shoqat\u00ebn Shqiptaro-Amerikane\u201d Ana e Malit\u201d.<br \/>\nNj\u00eb nd\u00ebr q\u00ebllimet kryesore t\u00eb k\u00ebtij tubimi ishte mir\u00ebnjohja e disa femrave t\u00eb komunitetit shqiptaro-amerikan p\u00ebr pun\u00ebn dhe kontributin e tyre n\u00eb diaspor\u00eb apo n\u00eb vendlindje.<\/p>\n<p>Me k\u00ebt\u00eb rast u dhan\u00eb mir\u00ebnjohje :<\/p>\n<p>1. <strong>\u00a0Kozeta Zylo<\/strong> , p\u00ebr kontributin e saj si m\u00ebsuese,shkrimtare,<br \/>\ngazetare dhe bashk\u00ebthemeluese e Shkoll\u00ebs dhe televizionit shqip \u201cAlba Life\u201d n\u00eb Staten Island si dhe aktiviste e dalluar e komunitetit shqiptar n\u00eb New York me rrethe;<br \/>\n2. <strong>Hate Gjoni<\/strong>, p\u00ebr kontributin e saj t\u00eb \u00e7muar n\u00eb arsimimin dhe edukimin e nx\u00ebn\u00ebsve t\u00eb Shkoll\u00ebs Fillore \u201d Bedri Elezaga\u201d n\u00eb Kat\u00ebrkoll\u00eb t\u00eb An\u00ebs s\u00eb Malit, p\u00ebr af\u00ebr tre dekada me rradh\u00eb;<br \/>\n3. <strong>Yllka Ceka<\/strong>, p\u00ebr pun\u00ebn dhe sh\u00ebrbimet e saja sh\u00ebndetsore, posa\u00e7\u00ebrisht ndaj pjes\u00ebtareve t\u00eb komunitetit shqiptar n\u00eb Staten Island si dhe p\u00ebr aktivitetin e saj humanitar;<br \/>\n4. <strong>Etrita Ibro\u00e7i<\/strong>, p\u00ebr arritjet e saja profesionale si dhe p\u00ebr aktivitetin e dalluar n\u00eb disa organizata t\u00eb komunitetit shqiptaro-amerikan;Kurse mir\u00ebnjohje p\u00ebr kontributin dhe pun\u00ebn ndaj Shoqat\u00ebs \u201cAna e Malit\u201d, posa\u00e7\u00ebrisht n\u00eb pregatitjen e f\u00ebmijve p\u00ebr pjes\u00ebn e programit kulturoro-artistik q\u00eb organizohet me rastin e 28 N\u00ebntorit, iu dha <strong>Sulltane Gjek\u00ebs.<\/strong><\/p>\n<p>Gjithashtu mir\u00ebnjohje iu ndan\u00eb edhe disa vajzave t\u00eb cilat me pun\u00ebn e tyre vullnetare ndihmuan viktimat e Uraganit \u201cSandy\u201d vitin e kaluar n\u00eb Staten Island. K\u00ebto vajza jan\u00eb: <strong>Bajame Llolla, Adelina Gjeloshi, Adriana Gjeloshi,Suada Ceka dhe Edona Gjeloshi.<\/strong><br \/>\nN\u00eb k\u00ebt\u00eb takim ishte e ftuar edhe znj. <strong>Joan ( Xhoan) Gerenser<\/strong>, drejtore ekzekutive e organizat\u00ebs \u201cEden II\u201d n\u00eb Staten Island.Organizata \u201d Eden II \u201d kryesisht merret me aktivitetete humanitare p\u00ebr f\u00ebmijt\u00eb me nevoja t\u00eb ve\u00e7anta.Znj. Gerenser foli p\u00ebr mund\u00ebsin\u00eb e bashk\u00ebpunimit t\u00eb organizat\u00ebs q\u00eb ajo p\u00ebrfaq\u00ebson dhe Shoqat\u00ebs Shqiptaro-Amerikane \u201cAna e Malit\u201d.<br \/>\nVlen t\u00eb p\u00ebrmendet se n\u00eb k\u00ebte organizim u plot\u00ebsu Kryesia<br \/>\n( Bordi) i Shoqat\u00ebs me disa an\u00ebtare t\u00eb reja. K\u00ebto an\u00ebtare t\u00eb reja t\u00eb Kryesis\u00eb jan\u00eb: <strong>Adriana Kallaba,Valbona Capri,Mina Salaj dhe\u00a0<strong>Medina Capri.<\/strong><\/strong><br \/>\n<a href=\"http:\/\/www.visit-ulcinj.com\/blog\/wp-content\/uploads\/2013\/03\/Shoqata-Ana-e-Malit-ndan-mirnjohje-me-rastin-e-Dit\u00ebs-Nd\u00ebrkomb\u00ebtare-t\u00eb-Gruas.1.jpg\"><img loading=\"lazy\" class=\"alignleft  wp-image-69808\" alt=\"Shoqata  Ana e Malit ndan mirnjohje me rastin e Dit\u00ebs Nd\u00ebrkomb\u00ebtare t\u00eb Gruas.1\" src=\"http:\/\/www.visit-ulcinj.com\/blog\/wp-content\/uploads\/2013\/03\/Shoqata-Ana-e-Malit-ndan-mirnjohje-me-rastin-e-Dit\u00ebs-Nd\u00ebrkomb\u00ebtare-t\u00eb-Gruas.1.jpg\" width=\"508\" height=\"300\" \/><\/a><br \/>\n<strong><\/strong><\/p>\n<p><strong><\/strong>Kjo \u00ebsht\u00eb n\u00eb vij\u00ebn programore t\u00eb Shoqat\u00ebs e cila ka p\u00ebr q\u00ebllim angazhimin dhe inkuadrimin e gjinis\u00eb femrore n\u00eb aktivitetet e saja. Gjithashtu, me k\u00ebte rast u paraqit\u00ebn nj\u00eb num\u00ebr i konsideruesh\u00ebm i pjes\u00ebtar\u00ebve t\u00eb komunitetit,t\u00eb pranish\u00ebm n\u00eb k\u00ebte takim, p\u00ebr pun\u00eb vullnetare p\u00ebr aktivitetet e ardhshme t\u00eb Shoqat\u00ebs.<\/p>\n<p>Programin e udh\u00ebhoqi aktivistja e komunitetit\u00a0<strong>Medina Zaga<\/strong>, kurse p\u00ebr pjes\u00ebn arg\u00ebtuese t\u00eb programit u p\u00ebrkujdes\u00ebn k\u00ebng\u00ebtari Valdet Luka dhe DJ SammyZ.<\/p>\n<p>Shoqata Shqiptaro Amerikane\u201dAna e Malit\u201d , falenderon t\u00eb gjith\u00eb pjes\u00ebmarr\u00ebsit e k\u00ebtij takimi festiv si dhe t\u00eb gjith\u00eb ata q\u00eb p\u00ebrmes an\u00ebtar\u00ebsis\u00eb apo kontributeve t\u00eb tjera financiare,ndihmuan n\u00eb mbulimin e shpenzimeve t\u00eb k\u00ebtij \u00a0evenimenti.<\/p>\n<p>&nbsp;<\/p>\n<p><strong>Sh\u00ebrbimi p\u00ebr informim i Shoqat\u00ebs \u201d Ana e Malit\u201d- New York<\/strong><br \/>\n<strong> 10 Mars 2013 <\/strong><\/p>\n<p><a href=\"https:\/\/www.facebook.com\/media\/set\/?set=a.455482604520859.1073741826.100001773705213&amp;type=3\" target=\"_blank\"><strong>P\u00ebr m\u00eb shum\u00eb Fotografi Kozeta Zylo Facebook<\/strong><\/a><\/p>\n<!--YouTube Error: bad URL entered-->\n","protected":false},"excerpt":{"rendered":"<p>Dit\u00ebn e Shtund\u00eb, me 9 Mars 2013 n\u00eb lokalin me pamje piktoreske \u201cVanderbilt\u201d n\u00eb Staten Island ( NY), Shoqata Shqiptaro \u2013 Amerikane \u201d Ana e Malit\u201d organizoi mengjez pune dhe festiv p\u00ebr nder\u00eb t\u00eb Dit\u00ebs Nd\u00ebrkomb\u00ebtare t\u00eb Gruas. Takimin e hapi kryetari i Shoqat\u00ebs,z. Ismet Kurti i cili foli p\u00ebr rolin historik t\u00eb gruas n\u00eb [&hellip;]<\/p>\n","protected":false},"author":1,"featured_media":0,"comment_status":"open","ping_status":"closed","sticky":false,"template":"","format":"standard","meta":{"spay_email":"","jetpack_publicize_message":"","jetpack_is_tweetstorm":false,"jetpack_publicize_feature_enabled":true},"categories":[7],"tags":[],"jetpack_publicize_connections":[],"yoast_head":"<!-- This site is optimized with the Yoast SEO plugin v19.1 - https:\/\/yoast.com\/wordpress\/plugins\/seo\/ -->\n<title>Shoqata \u201d Ana e Malit \u201d ndan mirnjohje me rastin e Dit\u00ebs Nd\u00ebrkomb\u00ebtare t\u00eb Gruas - Lajme nga Ulqini<\/title>\n<meta name=\"description\" content=\"Dit\u00ebn e Shtund\u00eb, me 9 Mars 2013 n\u00eb lokalin me pamje piktoreske \u201cVanderbilt\u201d n\u00eb Staten Island ( NY), Shoqata Shqiptaro \u2013 Amerikane \u201d Ana e Malit\u201d organizoi\" \/>\n<meta name=\"robots\" content=\"index, follow, max-snippet:-1, max-image-preview:large, max-video-preview:-1\" \/>\n<link rel=\"canonical\" href=\"https:\/\/www.visit-ulcinj.com\/blog\/2013\/03\/19\/shoqata-ana-e-malit-ndan-mirnjohje-me-rastin-e-dites-nderkombetare-te-gruas\/\" \/>\n<meta property=\"og:locale\" content=\"en_US\" \/>\n<meta property=\"og:type\" content=\"article\" \/>\n<meta property=\"og:title\" content=\"Shoqata \u201d Ana e Malit \u201d ndan mirnjohje me rastin e Dit\u00ebs Nd\u00ebrkomb\u00ebtare t\u00eb Gruas - Lajme nga Ulqini\" \/>\n<meta property=\"og:description\" content=\"Dit\u00ebn e Shtund\u00eb, me 9 Mars 2013 n\u00eb lokalin me pamje piktoreske \u201cVanderbilt\u201d n\u00eb Staten Island ( NY), Shoqata Shqiptaro \u2013 Amerikane \u201d Ana e Malit\u201d organizoi\" \/>\n<meta property=\"og:url\" content=\"https:\/\/www.visit-ulcinj.com\/blog\/2013\/03\/19\/shoqata-ana-e-malit-ndan-mirnjohje-me-rastin-e-dites-nderkombetare-te-gruas\/\" \/>\n<meta property=\"og:site_name\" content=\"Lajme nga Ulqini\" \/>\n<meta property=\"article:published_time\" content=\"2013-03-19T18:13:41+00:00\" \/>\n<meta property=\"article:modified_time\" content=\"2013-03-19T18:16:42+00:00\" \/>\n<meta name=\"twitter:label1\" content=\"Written by\" \/>\n\t<meta name=\"twitter:data1\" content=\"ulqini\" \/>\n\t<meta name=\"twitter:label2\" content=\"Est. reading time\" \/>\n\t<meta name=\"twitter:data2\" content=\"3 minutes\" \/>\n<script type=\"application\/ld+json\" class=\"yoast-schema-graph\">{\"@context\":\"https:\/\/schema.org\",\"@graph\":[{\"@type\":\"WebSite\",\"@id\":\"https:\/\/www.visit-ulcinj.com\/blog\/#website\",\"url\":\"https:\/\/www.visit-ulcinj.com\/blog\/\",\"name\":\"Lajme nga Ulqini\",\"description\":\"Lajme,Vijesti,Ulqini,Ulqin,Crna Gora,Mali i Zi\",\"potentialAction\":[{\"@type\":\"SearchAction\",\"target\":{\"@type\":\"EntryPoint\",\"urlTemplate\":\"https:\/\/www.visit-ulcinj.com\/blog\/?s={search_term_string}\"},\"query-input\":\"required name=search_term_string\"}],\"inLanguage\":\"en-US\"},{\"@type\":\"WebPage\",\"@id\":\"https:\/\/www.visit-ulcinj.com\/blog\/2013\/03\/19\/shoqata-ana-e-malit-ndan-mirnjohje-me-rastin-e-dites-nderkombetare-te-gruas\/#webpage\",\"url\":\"https:\/\/www.visit-ulcinj.com\/blog\/2013\/03\/19\/shoqata-ana-e-malit-ndan-mirnjohje-me-rastin-e-dites-nderkombetare-te-gruas\/\",\"name\":\"Shoqata \u201d Ana e Malit \u201d ndan mirnjohje me rastin e Dit\u00ebs Nd\u00ebrkomb\u00ebtare t\u00eb Gruas - Lajme nga Ulqini\",\"isPartOf\":{\"@id\":\"https:\/\/www.visit-ulcinj.com\/blog\/#website\"},\"datePublished\":\"2013-03-19T18:13:41+00:00\",\"dateModified\":\"2013-03-19T18:16:42+00:00\",\"author\":{\"@id\":\"https:\/\/www.visit-ulcinj.com\/blog\/#\/schema\/person\/dcab619c614d3038751c63bc2aadc06d\"},\"description\":\"Dit\u00ebn e Shtund\u00eb, me 9 Mars 2013 n\u00eb lokalin me pamje piktoreske \u201cVanderbilt\u201d n\u00eb Staten Island ( NY), Shoqata Shqiptaro \u2013 Amerikane \u201d Ana e Malit\u201d organizoi\",\"breadcrumb\":{\"@id\":\"https:\/\/www.visit-ulcinj.com\/blog\/2013\/03\/19\/shoqata-ana-e-malit-ndan-mirnjohje-me-rastin-e-dites-nderkombetare-te-gruas\/#breadcrumb\"},\"inLanguage\":\"en-US\",\"potentialAction\":[{\"@type\":\"ReadAction\",\"target\":[\"https:\/\/www.visit-ulcinj.com\/blog\/2013\/03\/19\/shoqata-ana-e-malit-ndan-mirnjohje-me-rastin-e-dites-nderkombetare-te-gruas\/\"]}]},{\"@type\":\"BreadcrumbList\",\"@id\":\"https:\/\/www.visit-ulcinj.com\/blog\/2013\/03\/19\/shoqata-ana-e-malit-ndan-mirnjohje-me-rastin-e-dites-nderkombetare-te-gruas\/#breadcrumb\",\"itemListElement\":[{\"@type\":\"ListItem\",\"position\":1,\"name\":\"Shoqata \u201d Ana e Malit \u201d ndan mirnjohje me rastin e Dit\u00ebs Nd\u00ebrkomb\u00ebtare t\u00eb Gruas\"}]},{\"@type\":\"Person\",\"@id\":\"https:\/\/www.visit-ulcinj.com\/blog\/#\/schema\/person\/dcab619c614d3038751c63bc2aadc06d\",\"name\":\"ulqini\",\"sameAs\":[\"http:\/\/www.visit-ulcinj.com\"],\"url\":\"https:\/\/www.visit-ulcinj.com\/blog\/author\/admin\/\"}]}<\/script>\n<!-- \/ Yoast SEO plugin. -->","yoast_head_json":{"title":"Shoqata \u201d Ana e Malit \u201d ndan mirnjohje me rastin e Dit\u00ebs Nd\u00ebrkomb\u00ebtare t\u00eb Gruas - Lajme nga Ulqini","description":"Dit\u00ebn e Shtund\u00eb, me 9 Mars 2013 n\u00eb lokalin me pamje piktoreske \u201cVanderbilt\u201d n\u00eb Staten Island ( NY), Shoqata Shqiptaro \u2013 Amerikane \u201d Ana e Malit\u201d organizoi","robots":{"index":"index","follow":"follow","max-snippet":"max-snippet:-1","max-image-preview":"max-image-preview:large","max-video-preview":"max-video-preview:-1"},"canonical":"https:\/\/www.visit-ulcinj.com\/blog\/2013\/03\/19\/shoqata-ana-e-malit-ndan-mirnjohje-me-rastin-e-dites-nderkombetare-te-gruas\/","og_locale":"en_US","og_type":"article","og_title":"Shoqata \u201d Ana e Malit \u201d ndan mirnjohje me rastin e Dit\u00ebs Nd\u00ebrkomb\u00ebtare t\u00eb Gruas - Lajme nga Ulqini","og_description":"Dit\u00ebn e Shtund\u00eb, me 9 Mars 2013 n\u00eb lokalin me pamje piktoreske \u201cVanderbilt\u201d n\u00eb Staten Island ( NY), Shoqata Shqiptaro \u2013 Amerikane \u201d Ana e Malit\u201d organizoi","og_url":"https:\/\/www.visit-ulcinj.com\/blog\/2013\/03\/19\/shoqata-ana-e-malit-ndan-mirnjohje-me-rastin-e-dites-nderkombetare-te-gruas\/","og_site_name":"Lajme nga Ulqini","article_published_time":"2013-03-19T18:13:41+00:00","article_modified_time":"2013-03-19T18:16:42+00:00","twitter_misc":{"Written by":"ulqini","Est. reading time":"3 minutes"},"schema":{"@context":"https:\/\/schema.org","@graph":[{"@type":"WebSite","@id":"https:\/\/www.visit-ulcinj.com\/blog\/#website","url":"https:\/\/www.visit-ulcinj.com\/blog\/","name":"Lajme nga Ulqini","description":"Lajme,Vijesti,Ulqini,Ulqin,Crna Gora,Mali i Zi","potentialAction":[{"@type":"SearchAction","target":{"@type":"EntryPoint","urlTemplate":"https:\/\/www.visit-ulcinj.com\/blog\/?s={search_term_string}"},"query-input":"required name=search_term_string"}],"inLanguage":"en-US"},{"@type":"WebPage","@id":"https:\/\/www.visit-ulcinj.com\/blog\/2013\/03\/19\/shoqata-ana-e-malit-ndan-mirnjohje-me-rastin-e-dites-nderkombetare-te-gruas\/#webpage","url":"https:\/\/www.visit-ulcinj.com\/blog\/2013\/03\/19\/shoqata-ana-e-malit-ndan-mirnjohje-me-rastin-e-dites-nderkombetare-te-gruas\/","name":"Shoqata \u201d Ana e Malit \u201d ndan mirnjohje me rastin e Dit\u00ebs Nd\u00ebrkomb\u00ebtare t\u00eb Gruas - Lajme nga Ulqini","isPartOf":{"@id":"https:\/\/www.visit-ulcinj.com\/blog\/#website"},"datePublished":"2013-03-19T18:13:41+00:00","dateModified":"2013-03-19T18:16:42+00:00","author":{"@id":"https:\/\/www.visit-ulcinj.com\/blog\/#\/schema\/person\/dcab619c614d3038751c63bc2aadc06d"},"description":"Dit\u00ebn e Shtund\u00eb, me 9 Mars 2013 n\u00eb lokalin me pamje piktoreske \u201cVanderbilt\u201d n\u00eb Staten Island ( NY), Shoqata Shqiptaro \u2013 Amerikane \u201d Ana e Malit\u201d organizoi","breadcrumb":{"@id":"https:\/\/www.visit-ulcinj.com\/blog\/2013\/03\/19\/shoqata-ana-e-malit-ndan-mirnjohje-me-rastin-e-dites-nderkombetare-te-gruas\/#breadcrumb"},"inLanguage":"en-US","potentialAction":[{"@type":"ReadAction","target":["https:\/\/www.visit-ulcinj.com\/blog\/2013\/03\/19\/shoqata-ana-e-malit-ndan-mirnjohje-me-rastin-e-dites-nderkombetare-te-gruas\/"]}]},{"@type":"BreadcrumbList","@id":"https:\/\/www.visit-ulcinj.com\/blog\/2013\/03\/19\/shoqata-ana-e-malit-ndan-mirnjohje-me-rastin-e-dites-nderkombetare-te-gruas\/#breadcrumb","itemListElement":[{"@type":"ListItem","position":1,"name":"Shoqata \u201d Ana e Malit \u201d ndan mirnjohje me rastin e Dit\u00ebs Nd\u00ebrkomb\u00ebtare t\u00eb Gruas"}]},{"@type":"Person","@id":"https:\/\/www.visit-ulcinj.com\/blog\/#\/schema\/person\/dcab619c614d3038751c63bc2aadc06d","name":"ulqini","sameAs":["http:\/\/www.visit-ulcinj.com"],"url":"https:\/\/www.visit-ulcinj.com\/blog\/author\/admin\/"}]}},"jetpack_featured_media_url":"","jetpack_sharing_enabled":true,"jetpack_shortlink":"https:\/\/wp.me\/pe6lTn-i9U","_links":{"self":[{"href":"https:\/\/www.visit-ulcinj.com\/blog\/wp-json\/wp\/v2\/posts\/69806"}],"collection":[{"href":"https:\/\/www.visit-ulcinj.com\/blog\/wp-json\/wp\/v2\/posts"}],"about":[{"href":"https:\/\/www.visit-ulcinj.com\/blog\/wp-json\/wp\/v2\/types\/post"}],"author":[{"embeddable":true,"href":"https:\/\/www.visit-ulcinj.com\/blog\/wp-json\/wp\/v2\/users\/1"}],"replies":[{"embeddable":true,"href":"https:\/\/www.visit-ulcinj.com\/blog\/wp-json\/wp\/v2\/comments?post=69806"}],"version-history":[{"count":3,"href":"https:\/\/www.visit-ulcinj.com\/blog\/wp-json\/wp\/v2\/posts\/69806\/revisions"}],"predecessor-version":[{"id":69811,"href":"https:\/\/www.visit-ulcinj.com\/blog\/wp-json\/wp\/v2\/posts\/69806\/revisions\/69811"}],"wp:attachment":[{"href":"https:\/\/www.visit-ulcinj.com\/blog\/wp-json\/wp\/v2\/media?parent=69806"}],"wp:term":[{"taxonomy":"category","embeddable":true,"href":"https:\/\/www.visit-ulcinj.com\/blog\/wp-json\/wp\/v2\/categories?post=69806"},{"taxonomy":"post_tag","embeddable":true,"href":"https:\/\/www.visit-ulcinj.com\/blog\/wp-json\/wp\/v2\/tags?post=69806"}],"curies":[{"name":"wp","href":"https:\/\/api.w.org\/{rel}","templated":true}]}}