{"id":69817,"date":"2013-03-19T19:34:31","date_gmt":"2013-03-19T18:34:31","guid":{"rendered":"http:\/\/www.visit-ulcinj.com\/blog\/?p=69817"},"modified":"2013-03-19T19:35:36","modified_gmt":"2013-03-19T18:35:36","slug":"propao-peti-pokusaj-prodaje-solana-ce-biti-jeftinija","status":"publish","type":"post","link":"https:\/\/www.visit-ulcinj.com\/blog\/2013\/03\/19\/propao-peti-pokusaj-prodaje-solana-ce-biti-jeftinija\/","title":{"rendered":"Propao peti poku\u0161aj prodaje: Solana \u0107e biti jeftinija"},"content":{"rendered":"<p><a href=\"http:\/\/www.visit-ulcinj.com\/blog\/wp-content\/uploads\/2013\/03\/Ulcinjska-Solana_1.jpg\"><img loading=\"lazy\" class=\"alignleft  wp-image-69818\" alt=\"Ulcinjska Solana_1\" src=\"http:\/\/www.visit-ulcinj.com\/blog\/wp-content\/uploads\/2013\/03\/Ulcinjska-Solana_1.jpg\" width=\"508\" height=\"360\" \/><\/a>&#8220;Niti je ko zvao, niti ko do\u0161ao. Lobirao sam preko prijatelja biznismena u Americi, a zvali su me i iz ambasade Turske&#8221;<\/p>\n<p>Prodaja imovine Solane \u201cBajo Sekuli\u0107\u201d nije uspjela ni u petom poku\u0161aju po ni\u017eoj cijeni, jer nije bilo zainteresovanih.<\/p>\n<p>\u201cNiti je ko zvao, niti ko do\u0161ao\u201d, rekao je \u201cVijestima\u201d ste\u010dajni upravnik najstarijeg ulcinjskog preduze\u0107a Milorad Ikovi\u0107. Cijena na petom tenderu bila je 219 miliona eura, za \u0161est miliona ni\u017ea nego na prethodnoj javnoj licitaciji. Na prvom tenderu cijena je bila 258 miliona eura, na drugom 232, a na tre\u0107em dva miliona manje.<\/p>\n<p>Osim atraktivnog zemlji\u0161ta od 15 miliona kvadrata u zale\u0111u Velike pla\u017ee, ponu\u0111ena je i kompletna mehanizacija za sakupljanje i proizvodnju soli, kao i svi objekti. Ikovi\u0107 je ponovio da je kupce za vrijednu imovinu te\u0161ko na\u0107i u zemlji i okru\u017eenju po cijeni po kojoj se nudi.<\/p>\n<p>Novi tender, najavio je on, bi\u0107e raspisan u roku od 30 do 45 dana.<\/p>\n<p>\u201cCijena na novoj licitaciji bi\u0107e ni\u017ea nekoliko miliona\u201d, rekao je Ikovi\u0107. Ikovi\u0107 je otkrio, da iako nije bilo zaintersovanih na tenderu, postoje neke indicije da bi se uskoro mogao pojaviti kupac za Solanu.<\/p>\n<p>\u201cLobirao sam preko prijatelja biznismena u Americi, a zvali su me i iz ambasade Turske. Dostavio sam im neophodnu dokumentaciju i vidje\u0107emo \u0161ta \u0107e biti\u201d, kazao je Ikovi\u0107.<\/p>\n<p>Ve\u0107inski paket akcija Solane 2004. godine kupio je Eurofond koji kontroli\u0161e biznismen Veselin Barovi\u0107.<\/p>\n<p>Iz Mre\u017ee za afirmaciju nevladinog sektora utvrdili su da je paket kupljen za svega 800.000 eura, a iz Eurofonda su tvrdili da su ih akcije sa dokapitalizacijom ko\u0161tale 11,2 miliona eura. Solani je programirani ste\u010daj uveden 2005. zbog duga od 13.000 eura, ali nije dao rezultate, pa je preduze\u0107u prije dvije godine uveden klasi\u010dni ste\u010daj. Sada\u0161nji dug ulcinjske kompanije iznosi vi\u0161e od tri miliona eura.<\/p>\n<p>Zemlji\u0161te Solane je 2008. izmjenama i dopunama prostornog plana pretvoreno u gra\u0111evinsko sa mogu\u0107no\u0161\u0107u gradnje turisti\u010dkog naselja. Ipak, u julu pro\u0161le godine Skup\u0161tina je, na zahtjev opozicije koju su podr\u017eali SDP i poslanici albanskih partija, utvrdila prenamjenu tog prostora u za\u0161ti\u0107eno. Zbog toga se Barovi\u0107 \u017ealio Ustavnom sudu i taj postupak je u toku.<\/p>\n<p>Uprkos tome, na dva posljednja tendera nigdje nije pisalo da li se radi o gra\u0111evinskom zemlji\u0161tu, \u0161to bi se moglo zaklju\u010diti po cijeni ili za\u0161ti\u0107enom prostoru kako je to odlu\u010dila Skup\u0161tina.<\/p>\n<p>Ikovi\u0107 je ranije ocijenio da ga odluka Skup\u0161tine ne obavezuje sve do pravosna\u017enosti sudskog postupka koji je u toku.<\/p>\n<p>Sindikat preduze\u0107a optu\u017eio je ove sedmice upravu i vlasnike da im je krajnji cilj zatvaranje fabrike, \u0161to su oni negirali. Razlog za strah je i to \u0161to ne popravljaju kvar na izmjenjiva\u010du toplote zbog \u010dega Solana ve\u0107 10-15 dana ne proizvodi so. Ikovi\u0107 je najavio da \u0107e ipak u aprilu po\u010deti pripreme za ovogodi\u0161nju berbu soli, najavljuju\u0107i da \u0107e ma\u0161ina brzo biti popravljena.<\/p>\n<p>\u201cOsnovni cilj klasi\u010dnog ste\u010daja je na\u0107i kupca, prodati imovinu i izmiriti povjerioce. Ali mi \u0107emo opet imati berbu\u201d, tvrdi Ikovi\u0107.<\/p>\n<p><strong>Samir Adrovi\u0107<\/strong><br \/>\n<strong><a href=\"http:\/\/www.vijesti.me\/\">Vijesti online<\/a><\/strong><\/p>\n<p>&nbsp;<\/p>\n","protected":false},"excerpt":{"rendered":"<p>&#8220;Niti je ko zvao, niti ko do\u0161ao. Lobirao sam preko prijatelja biznismena u Americi, a zvali su me i iz ambasade Turske&#8221; Prodaja imovine Solane \u201cBajo Sekuli\u0107\u201d nije uspjela ni u petom poku\u0161aju po ni\u017eoj cijeni, jer nije bilo zainteresovanih. \u201cNiti je ko zvao, niti ko do\u0161ao\u201d, rekao je \u201cVijestima\u201d ste\u010dajni upravnik najstarijeg ulcinjskog preduze\u0107a [&hellip;]<\/p>\n","protected":false},"author":1,"featured_media":0,"comment_status":"open","ping_status":"closed","sticky":false,"template":"","format":"standard","meta":{"spay_email":"","jetpack_publicize_message":"","jetpack_is_tweetstorm":false,"jetpack_publicize_feature_enabled":true},"categories":[6950],"tags":[1968],"jetpack_publicize_connections":[],"yoast_head":"<!-- This site is optimized with the Yoast SEO plugin v19.1 - https:\/\/yoast.com\/wordpress\/plugins\/seo\/ -->\n<title>Propao peti poku\u0161aj prodaje: Solana \u0107e biti jeftinija - Lajme nga Ulqini<\/title>\n<meta name=\"description\" content=\"&quot;Niti je ko zvao, niti ko do\u0161ao. Lobirao sam preko prijatelja biznismena u Americi, a zvali su me i iz ambasade Turske&quot; Prodaja imovine Solane \u201cBajo\" \/>\n<meta name=\"robots\" content=\"index, follow, max-snippet:-1, max-image-preview:large, max-video-preview:-1\" \/>\n<link rel=\"canonical\" href=\"https:\/\/www.visit-ulcinj.com\/blog\/2013\/03\/19\/propao-peti-pokusaj-prodaje-solana-ce-biti-jeftinija\/\" \/>\n<meta property=\"og:locale\" content=\"en_US\" \/>\n<meta property=\"og:type\" content=\"article\" \/>\n<meta property=\"og:title\" content=\"Propao peti poku\u0161aj prodaje: Solana \u0107e biti jeftinija - Lajme nga Ulqini\" \/>\n<meta property=\"og:description\" content=\"&quot;Niti je ko zvao, niti ko do\u0161ao. Lobirao sam preko prijatelja biznismena u Americi, a zvali su me i iz ambasade Turske&quot; Prodaja imovine Solane \u201cBajo\" \/>\n<meta property=\"og:url\" content=\"https:\/\/www.visit-ulcinj.com\/blog\/2013\/03\/19\/propao-peti-pokusaj-prodaje-solana-ce-biti-jeftinija\/\" \/>\n<meta property=\"og:site_name\" content=\"Lajme nga Ulqini\" \/>\n<meta property=\"article:published_time\" content=\"2013-03-19T18:34:31+00:00\" \/>\n<meta property=\"article:modified_time\" content=\"2013-03-19T18:35:36+00:00\" \/>\n<meta property=\"og:image\" content=\"http:\/\/www.visit-ulcinj.com\/blog\/wp-content\/uploads\/2013\/03\/Ulcinjska-Solana_1.jpg\" \/>\n<meta name=\"twitter:label1\" content=\"Written by\" \/>\n\t<meta name=\"twitter:data1\" content=\"ulqini\" \/>\n\t<meta name=\"twitter:label2\" content=\"Est. reading time\" \/>\n\t<meta name=\"twitter:data2\" content=\"3 minutes\" \/>\n<script type=\"application\/ld+json\" class=\"yoast-schema-graph\">{\"@context\":\"https:\/\/schema.org\",\"@graph\":[{\"@type\":\"WebSite\",\"@id\":\"https:\/\/www.visit-ulcinj.com\/blog\/#website\",\"url\":\"https:\/\/www.visit-ulcinj.com\/blog\/\",\"name\":\"Lajme nga Ulqini\",\"description\":\"Lajme,Vijesti,Ulqini,Ulqin,Crna Gora,Mali i Zi\",\"potentialAction\":[{\"@type\":\"SearchAction\",\"target\":{\"@type\":\"EntryPoint\",\"urlTemplate\":\"https:\/\/www.visit-ulcinj.com\/blog\/?s={search_term_string}\"},\"query-input\":\"required name=search_term_string\"}],\"inLanguage\":\"en-US\"},{\"@type\":\"ImageObject\",\"inLanguage\":\"en-US\",\"@id\":\"https:\/\/www.visit-ulcinj.com\/blog\/2013\/03\/19\/propao-peti-pokusaj-prodaje-solana-ce-biti-jeftinija\/#primaryimage\",\"url\":\"https:\/\/www.visit-ulcinj.com\/blog\/wp-content\/uploads\/2013\/03\/Ulcinjska-Solana_1.jpg\",\"contentUrl\":\"https:\/\/www.visit-ulcinj.com\/blog\/wp-content\/uploads\/2013\/03\/Ulcinjska-Solana_1.jpg\",\"width\":720,\"height\":479},{\"@type\":\"WebPage\",\"@id\":\"https:\/\/www.visit-ulcinj.com\/blog\/2013\/03\/19\/propao-peti-pokusaj-prodaje-solana-ce-biti-jeftinija\/#webpage\",\"url\":\"https:\/\/www.visit-ulcinj.com\/blog\/2013\/03\/19\/propao-peti-pokusaj-prodaje-solana-ce-biti-jeftinija\/\",\"name\":\"Propao peti poku\u0161aj prodaje: Solana \u0107e biti jeftinija - Lajme nga Ulqini\",\"isPartOf\":{\"@id\":\"https:\/\/www.visit-ulcinj.com\/blog\/#website\"},\"primaryImageOfPage\":{\"@id\":\"https:\/\/www.visit-ulcinj.com\/blog\/2013\/03\/19\/propao-peti-pokusaj-prodaje-solana-ce-biti-jeftinija\/#primaryimage\"},\"datePublished\":\"2013-03-19T18:34:31+00:00\",\"dateModified\":\"2013-03-19T18:35:36+00:00\",\"author\":{\"@id\":\"https:\/\/www.visit-ulcinj.com\/blog\/#\/schema\/person\/dcab619c614d3038751c63bc2aadc06d\"},\"description\":\"\\\"Niti je ko zvao, niti ko do\u0161ao. Lobirao sam preko prijatelja biznismena u Americi, a zvali su me i iz ambasade Turske\\\" Prodaja imovine Solane \u201cBajo\",\"breadcrumb\":{\"@id\":\"https:\/\/www.visit-ulcinj.com\/blog\/2013\/03\/19\/propao-peti-pokusaj-prodaje-solana-ce-biti-jeftinija\/#breadcrumb\"},\"inLanguage\":\"en-US\",\"potentialAction\":[{\"@type\":\"ReadAction\",\"target\":[\"https:\/\/www.visit-ulcinj.com\/blog\/2013\/03\/19\/propao-peti-pokusaj-prodaje-solana-ce-biti-jeftinija\/\"]}]},{\"@type\":\"BreadcrumbList\",\"@id\":\"https:\/\/www.visit-ulcinj.com\/blog\/2013\/03\/19\/propao-peti-pokusaj-prodaje-solana-ce-biti-jeftinija\/#breadcrumb\",\"itemListElement\":[{\"@type\":\"ListItem\",\"position\":1,\"name\":\"Propao peti poku\u0161aj prodaje: Solana \u0107e biti jeftinija\"}]},{\"@type\":\"Person\",\"@id\":\"https:\/\/www.visit-ulcinj.com\/blog\/#\/schema\/person\/dcab619c614d3038751c63bc2aadc06d\",\"name\":\"ulqini\",\"sameAs\":[\"http:\/\/www.visit-ulcinj.com\"],\"url\":\"https:\/\/www.visit-ulcinj.com\/blog\/author\/admin\/\"}]}<\/script>\n<!-- \/ Yoast SEO plugin. -->","yoast_head_json":{"title":"Propao peti poku\u0161aj prodaje: Solana \u0107e biti jeftinija - Lajme nga Ulqini","description":"\"Niti je ko zvao, niti ko do\u0161ao. Lobirao sam preko prijatelja biznismena u Americi, a zvali su me i iz ambasade Turske\" Prodaja imovine Solane \u201cBajo","robots":{"index":"index","follow":"follow","max-snippet":"max-snippet:-1","max-image-preview":"max-image-preview:large","max-video-preview":"max-video-preview:-1"},"canonical":"https:\/\/www.visit-ulcinj.com\/blog\/2013\/03\/19\/propao-peti-pokusaj-prodaje-solana-ce-biti-jeftinija\/","og_locale":"en_US","og_type":"article","og_title":"Propao peti poku\u0161aj prodaje: Solana \u0107e biti jeftinija - Lajme nga Ulqini","og_description":"\"Niti je ko zvao, niti ko do\u0161ao. Lobirao sam preko prijatelja biznismena u Americi, a zvali su me i iz ambasade Turske\" Prodaja imovine Solane \u201cBajo","og_url":"https:\/\/www.visit-ulcinj.com\/blog\/2013\/03\/19\/propao-peti-pokusaj-prodaje-solana-ce-biti-jeftinija\/","og_site_name":"Lajme nga Ulqini","article_published_time":"2013-03-19T18:34:31+00:00","article_modified_time":"2013-03-19T18:35:36+00:00","og_image":[{"url":"http:\/\/www.visit-ulcinj.com\/blog\/wp-content\/uploads\/2013\/03\/Ulcinjska-Solana_1.jpg"}],"twitter_misc":{"Written by":"ulqini","Est. reading time":"3 minutes"},"schema":{"@context":"https:\/\/schema.org","@graph":[{"@type":"WebSite","@id":"https:\/\/www.visit-ulcinj.com\/blog\/#website","url":"https:\/\/www.visit-ulcinj.com\/blog\/","name":"Lajme nga Ulqini","description":"Lajme,Vijesti,Ulqini,Ulqin,Crna Gora,Mali i Zi","potentialAction":[{"@type":"SearchAction","target":{"@type":"EntryPoint","urlTemplate":"https:\/\/www.visit-ulcinj.com\/blog\/?s={search_term_string}"},"query-input":"required name=search_term_string"}],"inLanguage":"en-US"},{"@type":"ImageObject","inLanguage":"en-US","@id":"https:\/\/www.visit-ulcinj.com\/blog\/2013\/03\/19\/propao-peti-pokusaj-prodaje-solana-ce-biti-jeftinija\/#primaryimage","url":"https:\/\/www.visit-ulcinj.com\/blog\/wp-content\/uploads\/2013\/03\/Ulcinjska-Solana_1.jpg","contentUrl":"https:\/\/www.visit-ulcinj.com\/blog\/wp-content\/uploads\/2013\/03\/Ulcinjska-Solana_1.jpg","width":720,"height":479},{"@type":"WebPage","@id":"https:\/\/www.visit-ulcinj.com\/blog\/2013\/03\/19\/propao-peti-pokusaj-prodaje-solana-ce-biti-jeftinija\/#webpage","url":"https:\/\/www.visit-ulcinj.com\/blog\/2013\/03\/19\/propao-peti-pokusaj-prodaje-solana-ce-biti-jeftinija\/","name":"Propao peti poku\u0161aj prodaje: Solana \u0107e biti jeftinija - Lajme nga Ulqini","isPartOf":{"@id":"https:\/\/www.visit-ulcinj.com\/blog\/#website"},"primaryImageOfPage":{"@id":"https:\/\/www.visit-ulcinj.com\/blog\/2013\/03\/19\/propao-peti-pokusaj-prodaje-solana-ce-biti-jeftinija\/#primaryimage"},"datePublished":"2013-03-19T18:34:31+00:00","dateModified":"2013-03-19T18:35:36+00:00","author":{"@id":"https:\/\/www.visit-ulcinj.com\/blog\/#\/schema\/person\/dcab619c614d3038751c63bc2aadc06d"},"description":"\"Niti je ko zvao, niti ko do\u0161ao. Lobirao sam preko prijatelja biznismena u Americi, a zvali su me i iz ambasade Turske\" Prodaja imovine Solane \u201cBajo","breadcrumb":{"@id":"https:\/\/www.visit-ulcinj.com\/blog\/2013\/03\/19\/propao-peti-pokusaj-prodaje-solana-ce-biti-jeftinija\/#breadcrumb"},"inLanguage":"en-US","potentialAction":[{"@type":"ReadAction","target":["https:\/\/www.visit-ulcinj.com\/blog\/2013\/03\/19\/propao-peti-pokusaj-prodaje-solana-ce-biti-jeftinija\/"]}]},{"@type":"BreadcrumbList","@id":"https:\/\/www.visit-ulcinj.com\/blog\/2013\/03\/19\/propao-peti-pokusaj-prodaje-solana-ce-biti-jeftinija\/#breadcrumb","itemListElement":[{"@type":"ListItem","position":1,"name":"Propao peti poku\u0161aj prodaje: Solana \u0107e biti jeftinija"}]},{"@type":"Person","@id":"https:\/\/www.visit-ulcinj.com\/blog\/#\/schema\/person\/dcab619c614d3038751c63bc2aadc06d","name":"ulqini","sameAs":["http:\/\/www.visit-ulcinj.com"],"url":"https:\/\/www.visit-ulcinj.com\/blog\/author\/admin\/"}]}},"jetpack_featured_media_url":"","jetpack_sharing_enabled":true,"jetpack_shortlink":"https:\/\/wp.me\/pe6lTn-ia5","_links":{"self":[{"href":"https:\/\/www.visit-ulcinj.com\/blog\/wp-json\/wp\/v2\/posts\/69817"}],"collection":[{"href":"https:\/\/www.visit-ulcinj.com\/blog\/wp-json\/wp\/v2\/posts"}],"about":[{"href":"https:\/\/www.visit-ulcinj.com\/blog\/wp-json\/wp\/v2\/types\/post"}],"author":[{"embeddable":true,"href":"https:\/\/www.visit-ulcinj.com\/blog\/wp-json\/wp\/v2\/users\/1"}],"replies":[{"embeddable":true,"href":"https:\/\/www.visit-ulcinj.com\/blog\/wp-json\/wp\/v2\/comments?post=69817"}],"version-history":[{"count":3,"href":"https:\/\/www.visit-ulcinj.com\/blog\/wp-json\/wp\/v2\/posts\/69817\/revisions"}],"predecessor-version":[{"id":69821,"href":"https:\/\/www.visit-ulcinj.com\/blog\/wp-json\/wp\/v2\/posts\/69817\/revisions\/69821"}],"wp:attachment":[{"href":"https:\/\/www.visit-ulcinj.com\/blog\/wp-json\/wp\/v2\/media?parent=69817"}],"wp:term":[{"taxonomy":"category","embeddable":true,"href":"https:\/\/www.visit-ulcinj.com\/blog\/wp-json\/wp\/v2\/categories?post=69817"},{"taxonomy":"post_tag","embeddable":true,"href":"https:\/\/www.visit-ulcinj.com\/blog\/wp-json\/wp\/v2\/tags?post=69817"}],"curies":[{"name":"wp","href":"https:\/\/api.w.org\/{rel}","templated":true}]}}