{"id":69826,"date":"2013-03-19T23:31:48","date_gmt":"2013-03-19T22:31:48","guid":{"rendered":"http:\/\/www.visit-ulcinj.com\/blog\/?p=69826"},"modified":"2013-03-19T23:31:48","modified_gmt":"2013-03-19T22:31:48","slug":"vise-od-24-sata-ulcinj-bez-vode","status":"publish","type":"post","link":"https:\/\/www.visit-ulcinj.com\/blog\/2013\/03\/19\/vise-od-24-sata-ulcinj-bez-vode\/","title":{"rendered":"Vi\u0161e od 24 sata Ulcinj bez vode"},"content":{"rendered":"<p><strong> <a href=\"http:\/\/www.visit-ulcinj.com\/blog\/wp-content\/uploads\/2013\/03\/vodovod-ULCINJ.jpg\"><img loading=\"lazy\" class=\"alignleft  wp-image-69827\" alt=\"vodovod ULCINJ\" src=\"http:\/\/www.visit-ulcinj.com\/blog\/wp-content\/uploads\/2013\/03\/vodovod-ULCINJ.jpg\" width=\"508\" height=\"270\" \/><\/a>Ulcinj: Vi\u0161e od 24 sata bez vode<\/strong><\/p>\n<p><strong>ULCINJ \u2013 Zbog havarije na pumpi u Ga\u010du, koja se desila tokom no\u0107i izme\u0111u ponedjeljka i utorka, kada je usljed jakog vjetra i nevremena pao stub, ju\u010de su bez vode bili svi djelovi Ulcinja koji pripadaju niskim zonama \u2013 Liman, Stari grad, Mala pla\u017ea, Kodre, \u0110erani\u2026<\/strong><\/p>\n<p>ULCINJ \u2013 Zbog havarije na pumpi u Ga\u010du, koja se desila tokom no\u0107i izme\u0111u ponedjeljka i utorka, kada je usljed jakog vjetra i nevremena pao stub, ju\u010de su bez vode bili svi djelovi Ulcinja koji pripadaju niskim zonama \u2013 Liman, Stari grad, Mala pla\u017ea, Kodre, \u0110erani\u2026<\/p>\n<p>Panorama Ulcinja 1503 2012 Aleksandar Ljumovic006 g Ulcinj: Vi\u0161e od 24 sata bez vode Iz Javnog komunalnog preduze\u0107a Pobjedi su saop\u0161tili da su ekipe na terenu i da poku\u0161avaju da otklone kvar. O\u010dekuju da \u0107e biti saniran do no\u0107i.<\/p>\n<p>&#8211; Bez vode \u0107emo biti sigurno 24 sata. Snalazimo se na razne na\u010dine. Sipamo vodu u fla\u0161e kod kom\u0161ija koji imaju hidrofor. Ba\u0161 \u201edivan\u201c osje\u0107aj kada ti dan po\u010dne bez vode \u2013 rekla nam je mje\u0161tanka koja nije \u017eelela da joj pominjemo ime.<\/p>\n<p>U lokalnim marketima danas je znatno sko\u010dila prodaja fla\u0161irane vode.<\/p>\n<p><strong>A. \u017d.<br \/>\nIzvor: POBJEDA<\/strong><\/p>\n","protected":false},"excerpt":{"rendered":"<p>Ulcinj: Vi\u0161e od 24 sata bez vode ULCINJ \u2013 Zbog havarije na pumpi u Ga\u010du, koja se desila tokom no\u0107i izme\u0111u ponedjeljka i utorka, kada je usljed jakog vjetra i nevremena pao stub, ju\u010de su bez vode bili svi djelovi Ulcinja koji pripadaju niskim zonama \u2013 Liman, Stari grad, Mala pla\u017ea, Kodre, \u0110erani\u2026 ULCINJ \u2013 [&hellip;]<\/p>\n","protected":false},"author":1,"featured_media":0,"comment_status":"open","ping_status":"closed","sticky":false,"template":"","format":"standard","meta":{"spay_email":"","jetpack_publicize_message":"","jetpack_is_tweetstorm":false,"jetpack_publicize_feature_enabled":true},"categories":[6950],"tags":[19],"jetpack_publicize_connections":[],"yoast_head":"<!-- This site is optimized with the Yoast SEO plugin v19.1 - https:\/\/yoast.com\/wordpress\/plugins\/seo\/ -->\n<title>Vi\u0161e od 24 sata Ulcinj bez vode - Lajme nga Ulqini<\/title>\n<meta name=\"description\" content=\"Ulcinj: Vi\u0161e od 24 sata bez vode ULCINJ \u2013 Zbog havarije na pumpi u Ga\u010du, koja se desila tokom no\u0107i izme\u0111u ponedjeljka i utorka, kada je usljed jakog\" \/>\n<meta name=\"robots\" content=\"index, follow, max-snippet:-1, max-image-preview:large, max-video-preview:-1\" \/>\n<link rel=\"canonical\" href=\"https:\/\/www.visit-ulcinj.com\/blog\/2013\/03\/19\/vise-od-24-sata-ulcinj-bez-vode\/\" \/>\n<meta property=\"og:locale\" content=\"en_US\" \/>\n<meta property=\"og:type\" content=\"article\" \/>\n<meta property=\"og:title\" content=\"Vi\u0161e od 24 sata Ulcinj bez vode - Lajme nga Ulqini\" \/>\n<meta property=\"og:description\" content=\"Ulcinj: Vi\u0161e od 24 sata bez vode ULCINJ \u2013 Zbog havarije na pumpi u Ga\u010du, koja se desila tokom no\u0107i izme\u0111u ponedjeljka i utorka, kada je usljed jakog\" \/>\n<meta property=\"og:url\" content=\"https:\/\/www.visit-ulcinj.com\/blog\/2013\/03\/19\/vise-od-24-sata-ulcinj-bez-vode\/\" \/>\n<meta property=\"og:site_name\" content=\"Lajme nga Ulqini\" \/>\n<meta property=\"article:published_time\" content=\"2013-03-19T22:31:48+00:00\" \/>\n<meta property=\"og:image\" content=\"http:\/\/www.visit-ulcinj.com\/blog\/wp-content\/uploads\/2013\/03\/vodovod-ULCINJ.jpg\" \/>\n<meta name=\"twitter:label1\" content=\"Written by\" \/>\n\t<meta name=\"twitter:data1\" content=\"ulqini\" \/>\n\t<meta name=\"twitter:label2\" content=\"Est. reading time\" \/>\n\t<meta name=\"twitter:data2\" content=\"1 minute\" \/>\n<script type=\"application\/ld+json\" class=\"yoast-schema-graph\">{\"@context\":\"https:\/\/schema.org\",\"@graph\":[{\"@type\":\"WebSite\",\"@id\":\"https:\/\/www.visit-ulcinj.com\/blog\/#website\",\"url\":\"https:\/\/www.visit-ulcinj.com\/blog\/\",\"name\":\"Lajme nga Ulqini\",\"description\":\"Lajme,Vijesti,Ulqini,Ulqin,Crna Gora,Mali i Zi\",\"potentialAction\":[{\"@type\":\"SearchAction\",\"target\":{\"@type\":\"EntryPoint\",\"urlTemplate\":\"https:\/\/www.visit-ulcinj.com\/blog\/?s={search_term_string}\"},\"query-input\":\"required name=search_term_string\"}],\"inLanguage\":\"en-US\"},{\"@type\":\"ImageObject\",\"inLanguage\":\"en-US\",\"@id\":\"https:\/\/www.visit-ulcinj.com\/blog\/2013\/03\/19\/vise-od-24-sata-ulcinj-bez-vode\/#primaryimage\",\"url\":\"https:\/\/www.visit-ulcinj.com\/blog\/wp-content\/uploads\/2013\/03\/vodovod-ULCINJ.jpg\",\"contentUrl\":\"https:\/\/www.visit-ulcinj.com\/blog\/wp-content\/uploads\/2013\/03\/vodovod-ULCINJ.jpg\",\"width\":470,\"height\":270},{\"@type\":\"WebPage\",\"@id\":\"https:\/\/www.visit-ulcinj.com\/blog\/2013\/03\/19\/vise-od-24-sata-ulcinj-bez-vode\/#webpage\",\"url\":\"https:\/\/www.visit-ulcinj.com\/blog\/2013\/03\/19\/vise-od-24-sata-ulcinj-bez-vode\/\",\"name\":\"Vi\u0161e od 24 sata Ulcinj bez vode - Lajme nga Ulqini\",\"isPartOf\":{\"@id\":\"https:\/\/www.visit-ulcinj.com\/blog\/#website\"},\"primaryImageOfPage\":{\"@id\":\"https:\/\/www.visit-ulcinj.com\/blog\/2013\/03\/19\/vise-od-24-sata-ulcinj-bez-vode\/#primaryimage\"},\"datePublished\":\"2013-03-19T22:31:48+00:00\",\"dateModified\":\"2013-03-19T22:31:48+00:00\",\"author\":{\"@id\":\"https:\/\/www.visit-ulcinj.com\/blog\/#\/schema\/person\/dcab619c614d3038751c63bc2aadc06d\"},\"description\":\"Ulcinj: Vi\u0161e od 24 sata bez vode ULCINJ \u2013 Zbog havarije na pumpi u Ga\u010du, koja se desila tokom no\u0107i izme\u0111u ponedjeljka i utorka, kada je usljed jakog\",\"breadcrumb\":{\"@id\":\"https:\/\/www.visit-ulcinj.com\/blog\/2013\/03\/19\/vise-od-24-sata-ulcinj-bez-vode\/#breadcrumb\"},\"inLanguage\":\"en-US\",\"potentialAction\":[{\"@type\":\"ReadAction\",\"target\":[\"https:\/\/www.visit-ulcinj.com\/blog\/2013\/03\/19\/vise-od-24-sata-ulcinj-bez-vode\/\"]}]},{\"@type\":\"BreadcrumbList\",\"@id\":\"https:\/\/www.visit-ulcinj.com\/blog\/2013\/03\/19\/vise-od-24-sata-ulcinj-bez-vode\/#breadcrumb\",\"itemListElement\":[{\"@type\":\"ListItem\",\"position\":1,\"name\":\"Vi\u0161e od 24 sata Ulcinj bez vode\"}]},{\"@type\":\"Person\",\"@id\":\"https:\/\/www.visit-ulcinj.com\/blog\/#\/schema\/person\/dcab619c614d3038751c63bc2aadc06d\",\"name\":\"ulqini\",\"sameAs\":[\"http:\/\/www.visit-ulcinj.com\"],\"url\":\"https:\/\/www.visit-ulcinj.com\/blog\/author\/admin\/\"}]}<\/script>\n<!-- \/ Yoast SEO plugin. -->","yoast_head_json":{"title":"Vi\u0161e od 24 sata Ulcinj bez vode - Lajme nga Ulqini","description":"Ulcinj: Vi\u0161e od 24 sata bez vode ULCINJ \u2013 Zbog havarije na pumpi u Ga\u010du, koja se desila tokom no\u0107i izme\u0111u ponedjeljka i utorka, kada je usljed jakog","robots":{"index":"index","follow":"follow","max-snippet":"max-snippet:-1","max-image-preview":"max-image-preview:large","max-video-preview":"max-video-preview:-1"},"canonical":"https:\/\/www.visit-ulcinj.com\/blog\/2013\/03\/19\/vise-od-24-sata-ulcinj-bez-vode\/","og_locale":"en_US","og_type":"article","og_title":"Vi\u0161e od 24 sata Ulcinj bez vode - Lajme nga Ulqini","og_description":"Ulcinj: Vi\u0161e od 24 sata bez vode ULCINJ \u2013 Zbog havarije na pumpi u Ga\u010du, koja se desila tokom no\u0107i izme\u0111u ponedjeljka i utorka, kada je usljed jakog","og_url":"https:\/\/www.visit-ulcinj.com\/blog\/2013\/03\/19\/vise-od-24-sata-ulcinj-bez-vode\/","og_site_name":"Lajme nga Ulqini","article_published_time":"2013-03-19T22:31:48+00:00","og_image":[{"url":"http:\/\/www.visit-ulcinj.com\/blog\/wp-content\/uploads\/2013\/03\/vodovod-ULCINJ.jpg"}],"twitter_misc":{"Written by":"ulqini","Est. reading time":"1 minute"},"schema":{"@context":"https:\/\/schema.org","@graph":[{"@type":"WebSite","@id":"https:\/\/www.visit-ulcinj.com\/blog\/#website","url":"https:\/\/www.visit-ulcinj.com\/blog\/","name":"Lajme nga Ulqini","description":"Lajme,Vijesti,Ulqini,Ulqin,Crna Gora,Mali i Zi","potentialAction":[{"@type":"SearchAction","target":{"@type":"EntryPoint","urlTemplate":"https:\/\/www.visit-ulcinj.com\/blog\/?s={search_term_string}"},"query-input":"required name=search_term_string"}],"inLanguage":"en-US"},{"@type":"ImageObject","inLanguage":"en-US","@id":"https:\/\/www.visit-ulcinj.com\/blog\/2013\/03\/19\/vise-od-24-sata-ulcinj-bez-vode\/#primaryimage","url":"https:\/\/www.visit-ulcinj.com\/blog\/wp-content\/uploads\/2013\/03\/vodovod-ULCINJ.jpg","contentUrl":"https:\/\/www.visit-ulcinj.com\/blog\/wp-content\/uploads\/2013\/03\/vodovod-ULCINJ.jpg","width":470,"height":270},{"@type":"WebPage","@id":"https:\/\/www.visit-ulcinj.com\/blog\/2013\/03\/19\/vise-od-24-sata-ulcinj-bez-vode\/#webpage","url":"https:\/\/www.visit-ulcinj.com\/blog\/2013\/03\/19\/vise-od-24-sata-ulcinj-bez-vode\/","name":"Vi\u0161e od 24 sata Ulcinj bez vode - Lajme nga Ulqini","isPartOf":{"@id":"https:\/\/www.visit-ulcinj.com\/blog\/#website"},"primaryImageOfPage":{"@id":"https:\/\/www.visit-ulcinj.com\/blog\/2013\/03\/19\/vise-od-24-sata-ulcinj-bez-vode\/#primaryimage"},"datePublished":"2013-03-19T22:31:48+00:00","dateModified":"2013-03-19T22:31:48+00:00","author":{"@id":"https:\/\/www.visit-ulcinj.com\/blog\/#\/schema\/person\/dcab619c614d3038751c63bc2aadc06d"},"description":"Ulcinj: Vi\u0161e od 24 sata bez vode ULCINJ \u2013 Zbog havarije na pumpi u Ga\u010du, koja se desila tokom no\u0107i izme\u0111u ponedjeljka i utorka, kada je usljed jakog","breadcrumb":{"@id":"https:\/\/www.visit-ulcinj.com\/blog\/2013\/03\/19\/vise-od-24-sata-ulcinj-bez-vode\/#breadcrumb"},"inLanguage":"en-US","potentialAction":[{"@type":"ReadAction","target":["https:\/\/www.visit-ulcinj.com\/blog\/2013\/03\/19\/vise-od-24-sata-ulcinj-bez-vode\/"]}]},{"@type":"BreadcrumbList","@id":"https:\/\/www.visit-ulcinj.com\/blog\/2013\/03\/19\/vise-od-24-sata-ulcinj-bez-vode\/#breadcrumb","itemListElement":[{"@type":"ListItem","position":1,"name":"Vi\u0161e od 24 sata Ulcinj bez vode"}]},{"@type":"Person","@id":"https:\/\/www.visit-ulcinj.com\/blog\/#\/schema\/person\/dcab619c614d3038751c63bc2aadc06d","name":"ulqini","sameAs":["http:\/\/www.visit-ulcinj.com"],"url":"https:\/\/www.visit-ulcinj.com\/blog\/author\/admin\/"}]}},"jetpack_featured_media_url":"","jetpack_sharing_enabled":true,"jetpack_shortlink":"https:\/\/wp.me\/pe6lTn-iae","_links":{"self":[{"href":"https:\/\/www.visit-ulcinj.com\/blog\/wp-json\/wp\/v2\/posts\/69826"}],"collection":[{"href":"https:\/\/www.visit-ulcinj.com\/blog\/wp-json\/wp\/v2\/posts"}],"about":[{"href":"https:\/\/www.visit-ulcinj.com\/blog\/wp-json\/wp\/v2\/types\/post"}],"author":[{"embeddable":true,"href":"https:\/\/www.visit-ulcinj.com\/blog\/wp-json\/wp\/v2\/users\/1"}],"replies":[{"embeddable":true,"href":"https:\/\/www.visit-ulcinj.com\/blog\/wp-json\/wp\/v2\/comments?post=69826"}],"version-history":[{"count":1,"href":"https:\/\/www.visit-ulcinj.com\/blog\/wp-json\/wp\/v2\/posts\/69826\/revisions"}],"predecessor-version":[{"id":69828,"href":"https:\/\/www.visit-ulcinj.com\/blog\/wp-json\/wp\/v2\/posts\/69826\/revisions\/69828"}],"wp:attachment":[{"href":"https:\/\/www.visit-ulcinj.com\/blog\/wp-json\/wp\/v2\/media?parent=69826"}],"wp:term":[{"taxonomy":"category","embeddable":true,"href":"https:\/\/www.visit-ulcinj.com\/blog\/wp-json\/wp\/v2\/categories?post=69826"},{"taxonomy":"post_tag","embeddable":true,"href":"https:\/\/www.visit-ulcinj.com\/blog\/wp-json\/wp\/v2\/tags?post=69826"}],"curies":[{"name":"wp","href":"https:\/\/api.w.org\/{rel}","templated":true}]}}