{"id":69829,"date":"2013-03-20T07:44:17","date_gmt":"2013-03-20T06:44:17","guid":{"rendered":"http:\/\/www.visit-ulcinj.com\/blog\/?p=69829"},"modified":"2013-03-21T12:35:12","modified_gmt":"2013-03-21T11:35:12","slug":"rikthehet-rita-me-zerin-e-saj-magjeps-video","status":"publish","type":"post","link":"https:\/\/www.visit-ulcinj.com\/blog\/2013\/03\/20\/rikthehet-rita-me-zerin-e-saj-magjeps-video\/","title":{"rendered":"Rikthehet Rita me z\u00ebrin e saj magjeps! &#8211; Video"},"content":{"rendered":"<p><strong><a href=\"http:\/\/www.visit-ulcinj.com\/blog\/wp-content\/uploads\/2013\/03\/Rita-Lulgjuraj-kengetarengaulqini.jpg\"><img loading=\"lazy\" class=\"alignleft  wp-image-69830\" alt=\"Rita Lulgjuraj-kengetarengaulqini\" src=\"http:\/\/www.visit-ulcinj.com\/blog\/wp-content\/uploads\/2013\/03\/Rita-Lulgjuraj-kengetarengaulqini.jpg\" width=\"508\" height=\"360\" \/><\/a>K\u00ebngetarja Rita Lulgjuraj tashm\u00eb e njohur p\u00ebr publikun shqiptar\u00eb,me z\u00ebrin e saj magjeps, pas nj\u00eb pauze t\u00eb gjat\u00eb, ka publikuar n\u00eb kanalin YouTube coverin e k\u00ebng\u00ebs \u201cBlue Jeans\u201d. K\u00ebngetarja shum\u00eb simpatike,me vizjone t\u00eb gj\u00ebra n\u00eb k\u00ebt\u00eb drejtim, flet p\u00ebr fillimet e saja dhe planet p\u00ebr t\u00eb ardhmen.<\/strong><\/p>\n<p><strong>Kush e zbuloj talentin t\u00ebnd,dhe kur?<\/strong><br \/>\n&#8211; Prind\u00ebrit e mi ishin t\u00eb par\u00ebt q\u00eb v\u00ebrejt\u00ebn prirjen time p\u00ebr muzik\u00eb, q\u00eb n\u00eb f\u00ebmij\u00ebri, dhe k\u00ebshtu fillova t\u00eb ndjek shkoll\u00ebn e ult\u00eb t\u00eb muzik\u00ebs n\u00eb Ulqin.<\/p>\n<p><strong> Kush t\u00eb mbeshtet\u00eb m\u00eb fuqishem n\u00eb k\u00ebt\u00eb rrugetim muzikor?<\/strong><br \/>\n&#8211; P\u00ebrpos d\u00ebshir\u00ebs dhe vullnetit tim , gjithmon\u00eb m\u00eb ka p\u00ebrkrahur familja ime dhe ju jam shum\u00eb mir\u00ebnjoh\u00ebse p\u00ebr kt\u00eb.<br \/>\n<strong> Duke marr\u00eb parasysh\u00eb q\u00eb jeni studente, dhe koha e lir\u00eb \u00ebsht\u00eb shum\u00eb e kufizuar, sa koh\u00eb ja kushtoni muzik\u00ebs?<\/strong><br \/>\n&#8211; Po jam studente e vitit t\u00eb dyt\u00eb t\u00eb fakultetit t\u00eb drejt\u00ebsis\u00eb n\u00eb Podgoric\u00eb, dhe mund t\u00eb them se jam tej mase e angazhuar me ligjerata dhe provime. P\u00ebr shkak t\u00eb k\u00ebtyre rrethanave dhe obligimeve t\u00eb shumta nuk kam dhe aq koh\u00eb t\u2019i kushtohem muzik\u00ebs, sa kisha pasur d\u00ebshir\u00eb. Mir\u00ebpo mundohem q\u00eb koh\u00ebn e lire ta shfryt\u00ebzoj maksimalisht p\u00ebr t\u2019iu kushtuar muzik\u00ebs.<br \/>\n<strong>Publiku t\u00eb njeh si nj\u00eb vokaliste dhe pianiste q\u00eb nga femijerija,mund t\u00eb na e p\u00ebrshkruash pak rrug\u00ebtimin t\u00ebnd n\u00eb k\u00ebt\u00eb lami,q\u00eb nga hapat e para e deri sot?<\/strong><br \/>\n&#8211; Po q\u00eb nga f\u00ebmij\u00ebrija fillova t\u00eb merrem me muzik\u00eb. P\u00ebrfundova shkoll\u00ebn e ult\u00eb t\u00eb muzik\u00ebs p\u00ebr piano dhe isha an\u00ebtare e rregullt e korit. Kam p\u00ebrfunduar me sukses nj\u00eb vit solok\u00ebndimi, q\u00eb m\u00eb ka ndihmuar shum\u00eb. Mora pjes\u00eb n\u00eb Rin &amp; song contest 2010 , Ulqin ku ndam\u00eb \u00e7mimin e par\u00eb un\u00eb dhe kolegu im Aldin Zhygjeli. Pas k\u00ebtij manifestimi t\u00eb mrekulluesh\u00ebm vazhdoi rrug\u00ebtimi im muzikor drejt rrug\u00ebs s\u00eb Durr\u00ebsit, ku u ndava me \u00e7mimin e tret\u00eb n\u00eb festivalin e 6-t\u00eb nd\u00ebrkomb\u00ebtar\u00eb t\u00eb muzik\u00ebs p\u00ebr t\u00eb rinj. Poashtu nuk ka munguar as k\u00ebnga jon\u00eb e par\u00eb n\u00eb gjuh\u00ebn shqipe \u201c Kurr se kam besu \u201c me t\u00eb cil\u00ebn jemi ndar\u00eb t\u00eb k\u00ebnaqur un\u00eb dhe koleg\u00ebt e mi Arian Zati dhe Gazmir Truma .<\/p>\n<p><strong>Sa koh\u00eb ke punuar n\u00eb coverin e k\u00ebng\u00ebs \u201cBlue Jeans\u201d,dhe pse pikerisht kjo k\u00ebng\u00eb?<\/strong><br \/>\n&#8211; Meqen\u00ebse k\u00ebt\u00eb k\u00ebng\u00eb e nd\u00ebgjoj mjaft shpesh n\u00eb koh\u00ebn e lir\u00eb, ka nj\u00eb melodi interesante si dhe mjaft e frekuentuar n\u00eb media, m\u00eb lindi idea dhe ajo ishte pik\u00ebrisht kjo \u201cpse jo nj\u00eb cover\u201d ? Dhe normalisht jam munduar q\u00eb ti kushtohem sa m\u00eb shum\u00eb<br \/>\n<a href=\"http:\/\/www.visit-ulcinj.com\/blog\/wp-content\/uploads\/2013\/03\/Rita-Lulgjuraj-kengetarengaulqini.1.jpg\"><img loading=\"lazy\" class=\"alignleft  wp-image-69831\" alt=\"Rita Lulgjuraj-kengetarengaulqini.1\" src=\"http:\/\/www.visit-ulcinj.com\/blog\/wp-content\/uploads\/2013\/03\/Rita-Lulgjuraj-kengetarengaulqini.1.jpg\" width=\"508\" height=\"300\" \/><\/a><\/p>\n<p><strong>Kush e p\u00ebrpunoj muzik\u00ebn e k\u00ebng\u00ebs s\u00eb njohur \u201cBlue Jeans\u201d? K\u00eb perdorur stilin t\u00ebnd n\u00eb k\u00ebt\u00eb cover,apo je munduar ta k\u00ebndosh ne origjinalitetin e saj?<\/strong><br \/>\n&#8211; P\u00ebr p\u00ebrpunimin e k\u00ebsaj k\u00ebnge falenderoj tej mase kompozitorin e mir\u00ebnjohur nga Ulqini, G\u00ebzim Gjekaj me t\u00eb cilin pata nj\u00eb bashk\u00ebpunim shum\u00eb t\u00eb mir\u00eb. G\u00ebrshetuam idet\u00eb p\u00ebr nj\u00eb realizim sa m\u00eb t\u00eb suksessh\u00ebm t\u00eb cover-it . Pik\u00ebrisht ai ishte dhe q\u00ebllimi im ta sjell kt\u00eb k\u00ebng\u00eb n\u00eb stilin tim.<\/p>\n<p><strong>Cdo vit\u00eb zhvillohen show televizive p\u00ebr talentet e rinj\u00eb, a do t\u00eb jesh\u00eb pjes\u00eb e ndonj\u00ebrit nga k\u00ebta show,vitin e ardhshem?<\/strong><br \/>\n&#8211; D\u00ebshira \u00ebsht\u00eb e madhe por p\u00ebr momentin jam shum\u00eb e kufizuar nga koha , por do mundohem q\u00eb t\u00eb marr\u00eb pjes\u00eb n\u00eb ndonj\u00ebrin prej tyre.<\/p>\n<p><strong>Dhe p\u00ebr fund,cilat jan\u00eb synimet p\u00ebr t\u00eb ardhmen?<\/strong><br \/>\n&#8211; Si synimet e \u00e7do nj\u00ebriut q\u00eb merret me muzik\u00eb \u00ebsht\u00eb t\u00eb realizoj\u00eb k\u00ebng\u00eb t\u00eb vet\u00ebn ,ashtu edhe un\u00eb do punoj drejt realizimit t\u00eb atij q\u00ebllimi.<\/p>\n<p>Faleminderit p\u00ebr intervisten!<\/p>\n<p><strong> Arbra Kurmemi<\/strong><\/p>\n<p><iframe loading=\"lazy\" src=\"http:\/\/www.youtube.com\/embed\/8yP8RH97IcQ\" height=\"360\" width=\"508\" allowfullscreen=\"\" frameborder=\"0\"><\/iframe><\/p>\n","protected":false},"excerpt":{"rendered":"<p>K\u00ebngetarja Rita Lulgjuraj tashm\u00eb e njohur p\u00ebr publikun shqiptar\u00eb,me z\u00ebrin e saj magjeps, pas nj\u00eb pauze t\u00eb gjat\u00eb, ka publikuar n\u00eb kanalin YouTube coverin e k\u00ebng\u00ebs \u201cBlue Jeans\u201d. K\u00ebngetarja shum\u00eb simpatike,me vizjone t\u00eb gj\u00ebra n\u00eb k\u00ebt\u00eb drejtim, flet p\u00ebr fillimet e saja dhe planet p\u00ebr t\u00eb ardhmen. Kush e zbuloj talentin t\u00ebnd,dhe kur? &#8211; Prind\u00ebrit [&hellip;]<\/p>\n","protected":false},"author":1,"featured_media":0,"comment_status":"open","ping_status":"closed","sticky":false,"template":"","format":"standard","meta":{"spay_email":"","jetpack_publicize_message":"","jetpack_is_tweetstorm":false,"jetpack_publicize_feature_enabled":true},"categories":[5],"tags":[19677,19806,16036,8966,19514,19511,18192,4684,200,18,21460,19460],"jetpack_publicize_connections":[],"yoast_head":"<!-- This site is optimized with the Yoast SEO plugin v19.1 - https:\/\/yoast.com\/wordpress\/plugins\/seo\/ -->\n<title>Rikthehet Rita me z\u00ebrin e saj magjeps! - Video - Lajme nga Ulqini<\/title>\n<meta name=\"description\" content=\"K\u00ebngetarja Rita Lulgjuraj tashm\u00eb e njohur p\u00ebr publikun shqiptar\u00eb,me z\u00ebrin e saj magjeps, pas nj\u00eb pauze t\u00eb gjat\u00eb, ka publikuar n\u00eb kanalin YouTube coverin e\" \/>\n<meta name=\"robots\" content=\"index, follow, max-snippet:-1, max-image-preview:large, max-video-preview:-1\" \/>\n<link rel=\"canonical\" href=\"https:\/\/www.visit-ulcinj.com\/blog\/2013\/03\/20\/rikthehet-rita-me-zerin-e-saj-magjeps-video\/\" \/>\n<meta property=\"og:locale\" content=\"en_US\" \/>\n<meta property=\"og:type\" content=\"article\" \/>\n<meta property=\"og:title\" content=\"Rikthehet Rita me z\u00ebrin e saj magjeps! - Video - Lajme nga Ulqini\" \/>\n<meta property=\"og:description\" content=\"K\u00ebngetarja Rita Lulgjuraj tashm\u00eb e njohur p\u00ebr publikun shqiptar\u00eb,me z\u00ebrin e saj magjeps, pas nj\u00eb pauze t\u00eb gjat\u00eb, ka publikuar n\u00eb kanalin YouTube coverin e\" \/>\n<meta property=\"og:url\" content=\"https:\/\/www.visit-ulcinj.com\/blog\/2013\/03\/20\/rikthehet-rita-me-zerin-e-saj-magjeps-video\/\" \/>\n<meta property=\"og:site_name\" content=\"Lajme nga Ulqini\" \/>\n<meta property=\"article:published_time\" content=\"2013-03-20T06:44:17+00:00\" \/>\n<meta property=\"article:modified_time\" content=\"2013-03-21T11:35:12+00:00\" \/>\n<meta property=\"og:image\" content=\"http:\/\/www.visit-ulcinj.com\/blog\/wp-content\/uploads\/2013\/03\/Rita-Lulgjuraj-kengetarengaulqini.jpg\" \/>\n<meta name=\"twitter:label1\" content=\"Written by\" \/>\n\t<meta name=\"twitter:data1\" content=\"ulqini\" \/>\n\t<meta name=\"twitter:label2\" content=\"Est. reading time\" \/>\n\t<meta name=\"twitter:data2\" content=\"3 minutes\" \/>\n<script type=\"application\/ld+json\" class=\"yoast-schema-graph\">{\"@context\":\"https:\/\/schema.org\",\"@graph\":[{\"@type\":\"WebSite\",\"@id\":\"https:\/\/www.visit-ulcinj.com\/blog\/#website\",\"url\":\"https:\/\/www.visit-ulcinj.com\/blog\/\",\"name\":\"Lajme nga Ulqini\",\"description\":\"Lajme,Vijesti,Ulqini,Ulqin,Crna Gora,Mali i Zi\",\"potentialAction\":[{\"@type\":\"SearchAction\",\"target\":{\"@type\":\"EntryPoint\",\"urlTemplate\":\"https:\/\/www.visit-ulcinj.com\/blog\/?s={search_term_string}\"},\"query-input\":\"required name=search_term_string\"}],\"inLanguage\":\"en-US\"},{\"@type\":\"ImageObject\",\"inLanguage\":\"en-US\",\"@id\":\"https:\/\/www.visit-ulcinj.com\/blog\/2013\/03\/20\/rikthehet-rita-me-zerin-e-saj-magjeps-video\/#primaryimage\",\"url\":\"https:\/\/www.visit-ulcinj.com\/blog\/wp-content\/uploads\/2013\/03\/Rita-Lulgjuraj-kengetarengaulqini.jpg\",\"contentUrl\":\"https:\/\/www.visit-ulcinj.com\/blog\/wp-content\/uploads\/2013\/03\/Rita-Lulgjuraj-kengetarengaulqini.jpg\",\"width\":960,\"height\":720},{\"@type\":\"WebPage\",\"@id\":\"https:\/\/www.visit-ulcinj.com\/blog\/2013\/03\/20\/rikthehet-rita-me-zerin-e-saj-magjeps-video\/#webpage\",\"url\":\"https:\/\/www.visit-ulcinj.com\/blog\/2013\/03\/20\/rikthehet-rita-me-zerin-e-saj-magjeps-video\/\",\"name\":\"Rikthehet Rita me z\u00ebrin e saj magjeps! - Video - Lajme nga Ulqini\",\"isPartOf\":{\"@id\":\"https:\/\/www.visit-ulcinj.com\/blog\/#website\"},\"primaryImageOfPage\":{\"@id\":\"https:\/\/www.visit-ulcinj.com\/blog\/2013\/03\/20\/rikthehet-rita-me-zerin-e-saj-magjeps-video\/#primaryimage\"},\"datePublished\":\"2013-03-20T06:44:17+00:00\",\"dateModified\":\"2013-03-21T11:35:12+00:00\",\"author\":{\"@id\":\"https:\/\/www.visit-ulcinj.com\/blog\/#\/schema\/person\/dcab619c614d3038751c63bc2aadc06d\"},\"description\":\"K\u00ebngetarja Rita Lulgjuraj tashm\u00eb e njohur p\u00ebr publikun shqiptar\u00eb,me z\u00ebrin e saj magjeps, pas nj\u00eb pauze t\u00eb gjat\u00eb, ka publikuar n\u00eb kanalin YouTube coverin e\",\"breadcrumb\":{\"@id\":\"https:\/\/www.visit-ulcinj.com\/blog\/2013\/03\/20\/rikthehet-rita-me-zerin-e-saj-magjeps-video\/#breadcrumb\"},\"inLanguage\":\"en-US\",\"potentialAction\":[{\"@type\":\"ReadAction\",\"target\":[\"https:\/\/www.visit-ulcinj.com\/blog\/2013\/03\/20\/rikthehet-rita-me-zerin-e-saj-magjeps-video\/\"]}]},{\"@type\":\"BreadcrumbList\",\"@id\":\"https:\/\/www.visit-ulcinj.com\/blog\/2013\/03\/20\/rikthehet-rita-me-zerin-e-saj-magjeps-video\/#breadcrumb\",\"itemListElement\":[{\"@type\":\"ListItem\",\"position\":1,\"name\":\"Rikthehet Rita me z\u00ebrin e saj magjeps! &#8211; Video\"}]},{\"@type\":\"Person\",\"@id\":\"https:\/\/www.visit-ulcinj.com\/blog\/#\/schema\/person\/dcab619c614d3038751c63bc2aadc06d\",\"name\":\"ulqini\",\"sameAs\":[\"http:\/\/www.visit-ulcinj.com\"],\"url\":\"https:\/\/www.visit-ulcinj.com\/blog\/author\/admin\/\"}]}<\/script>\n<!-- \/ Yoast SEO plugin. -->","yoast_head_json":{"title":"Rikthehet Rita me z\u00ebrin e saj magjeps! - Video - Lajme nga Ulqini","description":"K\u00ebngetarja Rita Lulgjuraj tashm\u00eb e njohur p\u00ebr publikun shqiptar\u00eb,me z\u00ebrin e saj magjeps, pas nj\u00eb pauze t\u00eb gjat\u00eb, ka publikuar n\u00eb kanalin YouTube coverin e","robots":{"index":"index","follow":"follow","max-snippet":"max-snippet:-1","max-image-preview":"max-image-preview:large","max-video-preview":"max-video-preview:-1"},"canonical":"https:\/\/www.visit-ulcinj.com\/blog\/2013\/03\/20\/rikthehet-rita-me-zerin-e-saj-magjeps-video\/","og_locale":"en_US","og_type":"article","og_title":"Rikthehet Rita me z\u00ebrin e saj magjeps! - Video - Lajme nga Ulqini","og_description":"K\u00ebngetarja Rita Lulgjuraj tashm\u00eb e njohur p\u00ebr publikun shqiptar\u00eb,me z\u00ebrin e saj magjeps, pas nj\u00eb pauze t\u00eb gjat\u00eb, ka publikuar n\u00eb kanalin YouTube coverin e","og_url":"https:\/\/www.visit-ulcinj.com\/blog\/2013\/03\/20\/rikthehet-rita-me-zerin-e-saj-magjeps-video\/","og_site_name":"Lajme nga Ulqini","article_published_time":"2013-03-20T06:44:17+00:00","article_modified_time":"2013-03-21T11:35:12+00:00","og_image":[{"url":"http:\/\/www.visit-ulcinj.com\/blog\/wp-content\/uploads\/2013\/03\/Rita-Lulgjuraj-kengetarengaulqini.jpg"}],"twitter_misc":{"Written by":"ulqini","Est. reading time":"3 minutes"},"schema":{"@context":"https:\/\/schema.org","@graph":[{"@type":"WebSite","@id":"https:\/\/www.visit-ulcinj.com\/blog\/#website","url":"https:\/\/www.visit-ulcinj.com\/blog\/","name":"Lajme nga Ulqini","description":"Lajme,Vijesti,Ulqini,Ulqin,Crna Gora,Mali i Zi","potentialAction":[{"@type":"SearchAction","target":{"@type":"EntryPoint","urlTemplate":"https:\/\/www.visit-ulcinj.com\/blog\/?s={search_term_string}"},"query-input":"required name=search_term_string"}],"inLanguage":"en-US"},{"@type":"ImageObject","inLanguage":"en-US","@id":"https:\/\/www.visit-ulcinj.com\/blog\/2013\/03\/20\/rikthehet-rita-me-zerin-e-saj-magjeps-video\/#primaryimage","url":"https:\/\/www.visit-ulcinj.com\/blog\/wp-content\/uploads\/2013\/03\/Rita-Lulgjuraj-kengetarengaulqini.jpg","contentUrl":"https:\/\/www.visit-ulcinj.com\/blog\/wp-content\/uploads\/2013\/03\/Rita-Lulgjuraj-kengetarengaulqini.jpg","width":960,"height":720},{"@type":"WebPage","@id":"https:\/\/www.visit-ulcinj.com\/blog\/2013\/03\/20\/rikthehet-rita-me-zerin-e-saj-magjeps-video\/#webpage","url":"https:\/\/www.visit-ulcinj.com\/blog\/2013\/03\/20\/rikthehet-rita-me-zerin-e-saj-magjeps-video\/","name":"Rikthehet Rita me z\u00ebrin e saj magjeps! - Video - Lajme nga Ulqini","isPartOf":{"@id":"https:\/\/www.visit-ulcinj.com\/blog\/#website"},"primaryImageOfPage":{"@id":"https:\/\/www.visit-ulcinj.com\/blog\/2013\/03\/20\/rikthehet-rita-me-zerin-e-saj-magjeps-video\/#primaryimage"},"datePublished":"2013-03-20T06:44:17+00:00","dateModified":"2013-03-21T11:35:12+00:00","author":{"@id":"https:\/\/www.visit-ulcinj.com\/blog\/#\/schema\/person\/dcab619c614d3038751c63bc2aadc06d"},"description":"K\u00ebngetarja Rita Lulgjuraj tashm\u00eb e njohur p\u00ebr publikun shqiptar\u00eb,me z\u00ebrin e saj magjeps, pas nj\u00eb pauze t\u00eb gjat\u00eb, ka publikuar n\u00eb kanalin YouTube coverin e","breadcrumb":{"@id":"https:\/\/www.visit-ulcinj.com\/blog\/2013\/03\/20\/rikthehet-rita-me-zerin-e-saj-magjeps-video\/#breadcrumb"},"inLanguage":"en-US","potentialAction":[{"@type":"ReadAction","target":["https:\/\/www.visit-ulcinj.com\/blog\/2013\/03\/20\/rikthehet-rita-me-zerin-e-saj-magjeps-video\/"]}]},{"@type":"BreadcrumbList","@id":"https:\/\/www.visit-ulcinj.com\/blog\/2013\/03\/20\/rikthehet-rita-me-zerin-e-saj-magjeps-video\/#breadcrumb","itemListElement":[{"@type":"ListItem","position":1,"name":"Rikthehet Rita me z\u00ebrin e saj magjeps! &#8211; Video"}]},{"@type":"Person","@id":"https:\/\/www.visit-ulcinj.com\/blog\/#\/schema\/person\/dcab619c614d3038751c63bc2aadc06d","name":"ulqini","sameAs":["http:\/\/www.visit-ulcinj.com"],"url":"https:\/\/www.visit-ulcinj.com\/blog\/author\/admin\/"}]}},"jetpack_featured_media_url":"","jetpack_sharing_enabled":true,"jetpack_shortlink":"https:\/\/wp.me\/pe6lTn-iah","_links":{"self":[{"href":"https:\/\/www.visit-ulcinj.com\/blog\/wp-json\/wp\/v2\/posts\/69829"}],"collection":[{"href":"https:\/\/www.visit-ulcinj.com\/blog\/wp-json\/wp\/v2\/posts"}],"about":[{"href":"https:\/\/www.visit-ulcinj.com\/blog\/wp-json\/wp\/v2\/types\/post"}],"author":[{"embeddable":true,"href":"https:\/\/www.visit-ulcinj.com\/blog\/wp-json\/wp\/v2\/users\/1"}],"replies":[{"embeddable":true,"href":"https:\/\/www.visit-ulcinj.com\/blog\/wp-json\/wp\/v2\/comments?post=69829"}],"version-history":[{"count":3,"href":"https:\/\/www.visit-ulcinj.com\/blog\/wp-json\/wp\/v2\/posts\/69829\/revisions"}],"predecessor-version":[{"id":69862,"href":"https:\/\/www.visit-ulcinj.com\/blog\/wp-json\/wp\/v2\/posts\/69829\/revisions\/69862"}],"wp:attachment":[{"href":"https:\/\/www.visit-ulcinj.com\/blog\/wp-json\/wp\/v2\/media?parent=69829"}],"wp:term":[{"taxonomy":"category","embeddable":true,"href":"https:\/\/www.visit-ulcinj.com\/blog\/wp-json\/wp\/v2\/categories?post=69829"},{"taxonomy":"post_tag","embeddable":true,"href":"https:\/\/www.visit-ulcinj.com\/blog\/wp-json\/wp\/v2\/tags?post=69829"}],"curies":[{"name":"wp","href":"https:\/\/api.w.org\/{rel}","templated":true}]}}