{"id":69839,"date":"2013-03-20T18:18:13","date_gmt":"2013-03-20T17:18:13","guid":{"rendered":"http:\/\/www.visit-ulcinj.com\/blog\/?p=69839"},"modified":"2013-03-20T18:18:13","modified_gmt":"2013-03-20T17:18:13","slug":"voda-prodrla-u-mnoge-kucice-na-ulcinjskoj-adi","status":"publish","type":"post","link":"https:\/\/www.visit-ulcinj.com\/blog\/2013\/03\/20\/voda-prodrla-u-mnoge-kucice-na-ulcinjskoj-adi\/","title":{"rendered":"Voda prodrla u mnoge ku\u0107ice na ulcinjskoj Adi"},"content":{"rendered":"<p><strong><a href=\"http:\/\/www.visit-ulcinj.com\/blog\/wp-content\/uploads\/2013\/03\/poplave-na-adu-bojanu.jpg\"><img loading=\"lazy\" class=\"alignleft  wp-image-69841\" alt=\"poplave na adu bojanu\" src=\"http:\/\/www.visit-ulcinj.com\/blog\/wp-content\/uploads\/2013\/03\/poplave-na-adu-bojanu.jpg\" width=\"508\" height=\"360\" \/><\/a>ULCINJ \u2013 Bojana se ve\u0107 sedam dana izliva iz korita, ali jo\u0161 ne prijete poplave u Ulcinju. Iz Hidrometeorolo\u0161kog zavoda Crne Gore nam je saop\u0161teno da se o\u010dekuje pad nivoa ove rijeke, jer je na Skadarskom jezeru do\u0161lo do stagnacije vodostaja.<\/strong><\/p>\n<p>\u010celnici op\u0161tine obi\u0161li su teren. Situacija jo\u0161 nije alarmantna i nema potrebe za aktiviranjem Slu\u017ebe za za\u0161titu i spa\u0161avanje i Kriznog \u0161taba.<\/p>\n<p>Ipak, voda je do\u0161la do podova restorana i prodrla u mnogobrojne ku\u0107ice. Do velikog broja vikendica se ve\u0107 danima ne mo\u017ee do\u0107i, jer je ve\u0107i dio puta poplavljen. Voda je prodrla i u parkove nudisti\u010dkog naselja na Adi Bojani, ali nije do\u0161lo do materijalne \u0161tete.<\/p>\n<p>&#8211; Vi\u0161e je faktora koji uti\u010du na nepovoljnu hidrolo\u0161ku situaciju u slivu Bojane \u2013 jake padavine, topljenje snije\u017enog pokriva\u010da na planinama, kontrola nad vje\u0161ta\u010dkom akumulacijom u Albaniji, kojom se voda ispu\u0161ta u Drim i oti\u010de u Bojanu, kao i jak ju\u017eni vjetar koji ote\u017eava oticanje vode iz Skadarskog jezera Bojanom u Jadran \u2013 rekao je Pobjedi predsjednik NVO Bojana Momir \u010capunovi\u0107.<\/p>\n<p>Iako je situacija jo\u0161 pod kontrolom, o sanacijama koje je potrebno uraditi kako bi se sprije\u010dile poplave govori se samo kada voda do\u0111e do poda. \u010ci\u0161\u0107enje rijeke Bojane i sanacija njenog nasipa, \u010di\u0161\u0107enje Kravarskog potoka i Midske rijeke i sanacija Port Milene, nabavka \u010damaca za spa\u0161avanje i dalje usavr\u0161avanje spasila\u010dkog tima \u2013 aktuelne su teme samo kada poplave ku\u0107e.<\/p>\n<h4><strong>Vodostaj upozorava<\/strong><\/h4>\n<p>Vodostaj u Fraskanjelu iznosi 515 centimetara \u0161to je za \u0161est centimetara vi\u0161e nego prethodnog dana.<\/p>\n<p>Ve\u0107 nedjelju dana se vodostaj Bojane kre\u0107e izme\u0111u 515 i 540 centimetara. Najvi\u0161i vodostaj rijeke Bojane je zabilje\u017een 4.decembra 2010. godine, kada je na mjernoj stanici u selu Fraskanjel nivo vode iznosio 636 santimetra.<\/p>\n<p>Ovakav vodostaj bio je zabilje\u017een i davne 1966. godine.<\/p>\n<p><em><strong>A.\u017d.<\/strong><\/em><\/p>\n<p><strong>Izvor: POBJEDA<\/strong><\/p>\n","protected":false},"excerpt":{"rendered":"<p>ULCINJ \u2013 Bojana se ve\u0107 sedam dana izliva iz korita, ali jo\u0161 ne prijete poplave u Ulcinju. Iz Hidrometeorolo\u0161kog zavoda Crne Gore nam je saop\u0161teno da se o\u010dekuje pad nivoa ove rijeke, jer je na Skadarskom jezeru do\u0161lo do stagnacije vodostaja. \u010celnici op\u0161tine obi\u0161li su teren. Situacija jo\u0161 nije alarmantna i nema potrebe za aktiviranjem [&hellip;]<\/p>\n","protected":false},"author":1,"featured_media":0,"comment_status":"open","ping_status":"closed","sticky":false,"template":"","format":"standard","meta":{"spay_email":"","jetpack_publicize_message":"","jetpack_is_tweetstorm":false,"jetpack_publicize_feature_enabled":true},"categories":[6950],"tags":[21942,19],"jetpack_publicize_connections":[],"yoast_head":"<!-- This site is optimized with the Yoast SEO plugin v19.1 - https:\/\/yoast.com\/wordpress\/plugins\/seo\/ -->\n<title>Voda prodrla u mnoge ku\u0107ice na ulcinjskoj Adi - Lajme nga Ulqini<\/title>\n<meta name=\"description\" content=\"ULCINJ \u2013 Bojana se ve\u0107 sedam dana izliva iz korita, ali jo\u0161 ne prijete poplave u Ulcinju. Iz Hidrometeorolo\u0161kog zavoda Crne Gore nam je saop\u0161teno da se\" \/>\n<meta name=\"robots\" content=\"index, follow, max-snippet:-1, max-image-preview:large, max-video-preview:-1\" \/>\n<link rel=\"canonical\" href=\"https:\/\/www.visit-ulcinj.com\/blog\/2013\/03\/20\/voda-prodrla-u-mnoge-kucice-na-ulcinjskoj-adi\/\" \/>\n<meta property=\"og:locale\" content=\"en_US\" \/>\n<meta property=\"og:type\" content=\"article\" \/>\n<meta property=\"og:title\" content=\"Voda prodrla u mnoge ku\u0107ice na ulcinjskoj Adi - Lajme nga Ulqini\" \/>\n<meta property=\"og:description\" content=\"ULCINJ \u2013 Bojana se ve\u0107 sedam dana izliva iz korita, ali jo\u0161 ne prijete poplave u Ulcinju. Iz Hidrometeorolo\u0161kog zavoda Crne Gore nam je saop\u0161teno da se\" \/>\n<meta property=\"og:url\" content=\"https:\/\/www.visit-ulcinj.com\/blog\/2013\/03\/20\/voda-prodrla-u-mnoge-kucice-na-ulcinjskoj-adi\/\" \/>\n<meta property=\"og:site_name\" content=\"Lajme nga Ulqini\" \/>\n<meta property=\"article:published_time\" content=\"2013-03-20T17:18:13+00:00\" \/>\n<meta property=\"og:image\" content=\"http:\/\/www.visit-ulcinj.com\/blog\/wp-content\/uploads\/2013\/03\/poplave-na-adu-bojanu.jpg\" \/>\n<meta name=\"twitter:label1\" content=\"Written by\" \/>\n\t<meta name=\"twitter:data1\" content=\"ulqini\" \/>\n\t<meta name=\"twitter:label2\" content=\"Est. reading time\" \/>\n\t<meta name=\"twitter:data2\" content=\"2 minutes\" \/>\n<script type=\"application\/ld+json\" class=\"yoast-schema-graph\">{\"@context\":\"https:\/\/schema.org\",\"@graph\":[{\"@type\":\"WebSite\",\"@id\":\"https:\/\/www.visit-ulcinj.com\/blog\/#website\",\"url\":\"https:\/\/www.visit-ulcinj.com\/blog\/\",\"name\":\"Lajme nga Ulqini\",\"description\":\"Lajme,Vijesti,Ulqini,Ulqin,Crna Gora,Mali i Zi\",\"potentialAction\":[{\"@type\":\"SearchAction\",\"target\":{\"@type\":\"EntryPoint\",\"urlTemplate\":\"https:\/\/www.visit-ulcinj.com\/blog\/?s={search_term_string}\"},\"query-input\":\"required name=search_term_string\"}],\"inLanguage\":\"en-US\"},{\"@type\":\"ImageObject\",\"inLanguage\":\"en-US\",\"@id\":\"https:\/\/www.visit-ulcinj.com\/blog\/2013\/03\/20\/voda-prodrla-u-mnoge-kucice-na-ulcinjskoj-adi\/#primaryimage\",\"url\":\"https:\/\/www.visit-ulcinj.com\/blog\/wp-content\/uploads\/2013\/03\/poplave-na-adu-bojanu.jpg\",\"contentUrl\":\"https:\/\/www.visit-ulcinj.com\/blog\/wp-content\/uploads\/2013\/03\/poplave-na-adu-bojanu.jpg\",\"width\":720,\"height\":482},{\"@type\":\"WebPage\",\"@id\":\"https:\/\/www.visit-ulcinj.com\/blog\/2013\/03\/20\/voda-prodrla-u-mnoge-kucice-na-ulcinjskoj-adi\/#webpage\",\"url\":\"https:\/\/www.visit-ulcinj.com\/blog\/2013\/03\/20\/voda-prodrla-u-mnoge-kucice-na-ulcinjskoj-adi\/\",\"name\":\"Voda prodrla u mnoge ku\u0107ice na ulcinjskoj Adi - Lajme nga Ulqini\",\"isPartOf\":{\"@id\":\"https:\/\/www.visit-ulcinj.com\/blog\/#website\"},\"primaryImageOfPage\":{\"@id\":\"https:\/\/www.visit-ulcinj.com\/blog\/2013\/03\/20\/voda-prodrla-u-mnoge-kucice-na-ulcinjskoj-adi\/#primaryimage\"},\"datePublished\":\"2013-03-20T17:18:13+00:00\",\"dateModified\":\"2013-03-20T17:18:13+00:00\",\"author\":{\"@id\":\"https:\/\/www.visit-ulcinj.com\/blog\/#\/schema\/person\/dcab619c614d3038751c63bc2aadc06d\"},\"description\":\"ULCINJ \u2013 Bojana se ve\u0107 sedam dana izliva iz korita, ali jo\u0161 ne prijete poplave u Ulcinju. Iz Hidrometeorolo\u0161kog zavoda Crne Gore nam je saop\u0161teno da se\",\"breadcrumb\":{\"@id\":\"https:\/\/www.visit-ulcinj.com\/blog\/2013\/03\/20\/voda-prodrla-u-mnoge-kucice-na-ulcinjskoj-adi\/#breadcrumb\"},\"inLanguage\":\"en-US\",\"potentialAction\":[{\"@type\":\"ReadAction\",\"target\":[\"https:\/\/www.visit-ulcinj.com\/blog\/2013\/03\/20\/voda-prodrla-u-mnoge-kucice-na-ulcinjskoj-adi\/\"]}]},{\"@type\":\"BreadcrumbList\",\"@id\":\"https:\/\/www.visit-ulcinj.com\/blog\/2013\/03\/20\/voda-prodrla-u-mnoge-kucice-na-ulcinjskoj-adi\/#breadcrumb\",\"itemListElement\":[{\"@type\":\"ListItem\",\"position\":1,\"name\":\"Voda prodrla u mnoge ku\u0107ice na ulcinjskoj Adi\"}]},{\"@type\":\"Person\",\"@id\":\"https:\/\/www.visit-ulcinj.com\/blog\/#\/schema\/person\/dcab619c614d3038751c63bc2aadc06d\",\"name\":\"ulqini\",\"sameAs\":[\"http:\/\/www.visit-ulcinj.com\"],\"url\":\"https:\/\/www.visit-ulcinj.com\/blog\/author\/admin\/\"}]}<\/script>\n<!-- \/ Yoast SEO plugin. -->","yoast_head_json":{"title":"Voda prodrla u mnoge ku\u0107ice na ulcinjskoj Adi - Lajme nga Ulqini","description":"ULCINJ \u2013 Bojana se ve\u0107 sedam dana izliva iz korita, ali jo\u0161 ne prijete poplave u Ulcinju. Iz Hidrometeorolo\u0161kog zavoda Crne Gore nam je saop\u0161teno da se","robots":{"index":"index","follow":"follow","max-snippet":"max-snippet:-1","max-image-preview":"max-image-preview:large","max-video-preview":"max-video-preview:-1"},"canonical":"https:\/\/www.visit-ulcinj.com\/blog\/2013\/03\/20\/voda-prodrla-u-mnoge-kucice-na-ulcinjskoj-adi\/","og_locale":"en_US","og_type":"article","og_title":"Voda prodrla u mnoge ku\u0107ice na ulcinjskoj Adi - Lajme nga Ulqini","og_description":"ULCINJ \u2013 Bojana se ve\u0107 sedam dana izliva iz korita, ali jo\u0161 ne prijete poplave u Ulcinju. Iz Hidrometeorolo\u0161kog zavoda Crne Gore nam je saop\u0161teno da se","og_url":"https:\/\/www.visit-ulcinj.com\/blog\/2013\/03\/20\/voda-prodrla-u-mnoge-kucice-na-ulcinjskoj-adi\/","og_site_name":"Lajme nga Ulqini","article_published_time":"2013-03-20T17:18:13+00:00","og_image":[{"url":"http:\/\/www.visit-ulcinj.com\/blog\/wp-content\/uploads\/2013\/03\/poplave-na-adu-bojanu.jpg"}],"twitter_misc":{"Written by":"ulqini","Est. reading time":"2 minutes"},"schema":{"@context":"https:\/\/schema.org","@graph":[{"@type":"WebSite","@id":"https:\/\/www.visit-ulcinj.com\/blog\/#website","url":"https:\/\/www.visit-ulcinj.com\/blog\/","name":"Lajme nga Ulqini","description":"Lajme,Vijesti,Ulqini,Ulqin,Crna Gora,Mali i Zi","potentialAction":[{"@type":"SearchAction","target":{"@type":"EntryPoint","urlTemplate":"https:\/\/www.visit-ulcinj.com\/blog\/?s={search_term_string}"},"query-input":"required name=search_term_string"}],"inLanguage":"en-US"},{"@type":"ImageObject","inLanguage":"en-US","@id":"https:\/\/www.visit-ulcinj.com\/blog\/2013\/03\/20\/voda-prodrla-u-mnoge-kucice-na-ulcinjskoj-adi\/#primaryimage","url":"https:\/\/www.visit-ulcinj.com\/blog\/wp-content\/uploads\/2013\/03\/poplave-na-adu-bojanu.jpg","contentUrl":"https:\/\/www.visit-ulcinj.com\/blog\/wp-content\/uploads\/2013\/03\/poplave-na-adu-bojanu.jpg","width":720,"height":482},{"@type":"WebPage","@id":"https:\/\/www.visit-ulcinj.com\/blog\/2013\/03\/20\/voda-prodrla-u-mnoge-kucice-na-ulcinjskoj-adi\/#webpage","url":"https:\/\/www.visit-ulcinj.com\/blog\/2013\/03\/20\/voda-prodrla-u-mnoge-kucice-na-ulcinjskoj-adi\/","name":"Voda prodrla u mnoge ku\u0107ice na ulcinjskoj Adi - Lajme nga Ulqini","isPartOf":{"@id":"https:\/\/www.visit-ulcinj.com\/blog\/#website"},"primaryImageOfPage":{"@id":"https:\/\/www.visit-ulcinj.com\/blog\/2013\/03\/20\/voda-prodrla-u-mnoge-kucice-na-ulcinjskoj-adi\/#primaryimage"},"datePublished":"2013-03-20T17:18:13+00:00","dateModified":"2013-03-20T17:18:13+00:00","author":{"@id":"https:\/\/www.visit-ulcinj.com\/blog\/#\/schema\/person\/dcab619c614d3038751c63bc2aadc06d"},"description":"ULCINJ \u2013 Bojana se ve\u0107 sedam dana izliva iz korita, ali jo\u0161 ne prijete poplave u Ulcinju. Iz Hidrometeorolo\u0161kog zavoda Crne Gore nam je saop\u0161teno da se","breadcrumb":{"@id":"https:\/\/www.visit-ulcinj.com\/blog\/2013\/03\/20\/voda-prodrla-u-mnoge-kucice-na-ulcinjskoj-adi\/#breadcrumb"},"inLanguage":"en-US","potentialAction":[{"@type":"ReadAction","target":["https:\/\/www.visit-ulcinj.com\/blog\/2013\/03\/20\/voda-prodrla-u-mnoge-kucice-na-ulcinjskoj-adi\/"]}]},{"@type":"BreadcrumbList","@id":"https:\/\/www.visit-ulcinj.com\/blog\/2013\/03\/20\/voda-prodrla-u-mnoge-kucice-na-ulcinjskoj-adi\/#breadcrumb","itemListElement":[{"@type":"ListItem","position":1,"name":"Voda prodrla u mnoge ku\u0107ice na ulcinjskoj Adi"}]},{"@type":"Person","@id":"https:\/\/www.visit-ulcinj.com\/blog\/#\/schema\/person\/dcab619c614d3038751c63bc2aadc06d","name":"ulqini","sameAs":["http:\/\/www.visit-ulcinj.com"],"url":"https:\/\/www.visit-ulcinj.com\/blog\/author\/admin\/"}]}},"jetpack_featured_media_url":"","jetpack_sharing_enabled":true,"jetpack_shortlink":"https:\/\/wp.me\/pe6lTn-iar","_links":{"self":[{"href":"https:\/\/www.visit-ulcinj.com\/blog\/wp-json\/wp\/v2\/posts\/69839"}],"collection":[{"href":"https:\/\/www.visit-ulcinj.com\/blog\/wp-json\/wp\/v2\/posts"}],"about":[{"href":"https:\/\/www.visit-ulcinj.com\/blog\/wp-json\/wp\/v2\/types\/post"}],"author":[{"embeddable":true,"href":"https:\/\/www.visit-ulcinj.com\/blog\/wp-json\/wp\/v2\/users\/1"}],"replies":[{"embeddable":true,"href":"https:\/\/www.visit-ulcinj.com\/blog\/wp-json\/wp\/v2\/comments?post=69839"}],"version-history":[{"count":2,"href":"https:\/\/www.visit-ulcinj.com\/blog\/wp-json\/wp\/v2\/posts\/69839\/revisions"}],"predecessor-version":[{"id":69842,"href":"https:\/\/www.visit-ulcinj.com\/blog\/wp-json\/wp\/v2\/posts\/69839\/revisions\/69842"}],"wp:attachment":[{"href":"https:\/\/www.visit-ulcinj.com\/blog\/wp-json\/wp\/v2\/media?parent=69839"}],"wp:term":[{"taxonomy":"category","embeddable":true,"href":"https:\/\/www.visit-ulcinj.com\/blog\/wp-json\/wp\/v2\/categories?post=69839"},{"taxonomy":"post_tag","embeddable":true,"href":"https:\/\/www.visit-ulcinj.com\/blog\/wp-json\/wp\/v2\/tags?post=69839"}],"curies":[{"name":"wp","href":"https:\/\/api.w.org\/{rel}","templated":true}]}}