{"id":69844,"date":"2013-03-20T20:09:39","date_gmt":"2013-03-20T19:09:39","guid":{"rendered":"http:\/\/www.visit-ulcinj.com\/blog\/?p=69844"},"modified":"2013-03-20T20:09:39","modified_gmt":"2013-03-20T19:09:39","slug":"igranka-sexy-e-malit-te-zi-thyen-rekord-te-shikueshmerise-video","status":"publish","type":"post","link":"https:\/\/www.visit-ulcinj.com\/blog\/2013\/03\/20\/igranka-sexy-e-malit-te-zi-thyen-rekord-te-shikueshmerise-video\/","title":{"rendered":"Igranka sexy e Malit t\u00eb Zi thyen rekord t\u00eb shikueshm\u00ebris\u00eb &#8211; Video"},"content":{"rendered":"<p><a href=\"http:\/\/www.visit-ulcinj.com\/blog\/wp-content\/uploads\/2013\/03\/Igranka-sexy-e-Malit-t\u00eb-Zi_.jpg\"><img loading=\"lazy\" class=\"alignleft  wp-image-69845\" alt=\"Igranka sexy e Malit t\u00eb Zi_\" src=\"http:\/\/www.visit-ulcinj.com\/blog\/wp-content\/uploads\/2013\/03\/Igranka-sexy-e-Malit-t\u00eb-Zi_.jpg\" width=\"508\" height=\"355\" \/><\/a>K\u00ebnga quhet \u201cWho see\u201d dhe po b\u00ebn bum mediatik n\u00eb Ballkanin Per\u00ebndimor dhe n\u00eb Evrop\u00eb.<\/p>\n<p>Mali i Zi ka zgjedhur k\u00ebng\u00ebn q\u00eb do t\u00eb prezentojn\u00eb n\u00eb Eurovizion dhe vet\u00ebm p\u00ebr dy dit\u00eb klipi I Igrank\u00ebs \u00ebsht\u00eb shikuar mbi 300 mij\u00eb.<\/p>\n<p>K\u00ebnga quhet \u201cWho see\u201d dhe po b\u00ebn bum mediatik n\u00eb Ballkanin Per\u00ebndimor dhe n\u00eb Evrop\u00eb.<\/p>\n<p>Igranka \u00ebsht\u00eb nj\u00eb k\u00ebng\u00ebtare malazeze shum\u00eb e bukur dhe seksi dhe n\u00eb klipin e k\u00ebng\u00ebs ajo nuk ka nguar ti tregoj atributet e saj, gjoksin e madh\u00eb dhe t\u00eb bukur. Shijojeni.\/Ylli Pres\/<\/p>\n<p><iframe loading=\"lazy\" width=\"508\" height=\"360\" src=\"http:\/\/www.youtube.com\/embed\/8BmHI_57vJk\" frameborder=\"0\" allowfullscreen><\/iframe><\/p>\n","protected":false},"excerpt":{"rendered":"<p>K\u00ebnga quhet \u201cWho see\u201d dhe po b\u00ebn bum mediatik n\u00eb Ballkanin Per\u00ebndimor dhe n\u00eb Evrop\u00eb. Mali i Zi ka zgjedhur k\u00ebng\u00ebn q\u00eb do t\u00eb prezentojn\u00eb n\u00eb Eurovizion dhe vet\u00ebm p\u00ebr dy dit\u00eb klipi I Igrank\u00ebs \u00ebsht\u00eb shikuar mbi 300 mij\u00eb. K\u00ebnga quhet \u201cWho see\u201d dhe po b\u00ebn bum mediatik n\u00eb Ballkanin Per\u00ebndimor dhe n\u00eb Evrop\u00eb. [&hellip;]<\/p>\n","protected":false},"author":1,"featured_media":0,"comment_status":"open","ping_status":"closed","sticky":false,"template":"","format":"standard","meta":{"spay_email":"","jetpack_publicize_message":"","jetpack_is_tweetstorm":false,"jetpack_publicize_feature_enabled":true},"categories":[1],"tags":[21943],"jetpack_publicize_connections":[],"yoast_head":"<!-- This site is optimized with the Yoast SEO plugin v19.1 - https:\/\/yoast.com\/wordpress\/plugins\/seo\/ -->\n<title>Igranka sexy e Malit t\u00eb Zi thyen rekord t\u00eb shikueshm\u00ebris\u00eb - Video - Lajme nga Ulqini<\/title>\n<meta name=\"description\" content=\"K\u00ebnga quhet \u201cWho see\u201d dhe po b\u00ebn bum mediatik n\u00eb Ballkanin Per\u00ebndimor dhe n\u00eb Evrop\u00eb. Mali i Zi ka zgjedhur k\u00ebng\u00ebn q\u00eb do t\u00eb prezentojn\u00eb n\u00eb Eurovizion dhe\" \/>\n<meta name=\"robots\" content=\"index, follow, max-snippet:-1, max-image-preview:large, max-video-preview:-1\" \/>\n<link rel=\"canonical\" href=\"https:\/\/www.visit-ulcinj.com\/blog\/2013\/03\/20\/igranka-sexy-e-malit-te-zi-thyen-rekord-te-shikueshmerise-video\/\" \/>\n<meta property=\"og:locale\" content=\"en_US\" \/>\n<meta property=\"og:type\" content=\"article\" \/>\n<meta property=\"og:title\" content=\"Igranka sexy e Malit t\u00eb Zi thyen rekord t\u00eb shikueshm\u00ebris\u00eb - Video - Lajme nga Ulqini\" \/>\n<meta property=\"og:description\" content=\"K\u00ebnga quhet \u201cWho see\u201d dhe po b\u00ebn bum mediatik n\u00eb Ballkanin Per\u00ebndimor dhe n\u00eb Evrop\u00eb. Mali i Zi ka zgjedhur k\u00ebng\u00ebn q\u00eb do t\u00eb prezentojn\u00eb n\u00eb Eurovizion dhe\" \/>\n<meta property=\"og:url\" content=\"https:\/\/www.visit-ulcinj.com\/blog\/2013\/03\/20\/igranka-sexy-e-malit-te-zi-thyen-rekord-te-shikueshmerise-video\/\" \/>\n<meta property=\"og:site_name\" content=\"Lajme nga Ulqini\" \/>\n<meta property=\"article:published_time\" content=\"2013-03-20T19:09:39+00:00\" \/>\n<meta name=\"twitter:label1\" content=\"Written by\" \/>\n\t<meta name=\"twitter:data1\" content=\"ulqini\" \/>\n\t<meta name=\"twitter:label2\" content=\"Est. reading time\" \/>\n\t<meta name=\"twitter:data2\" content=\"1 minute\" \/>\n<script type=\"application\/ld+json\" class=\"yoast-schema-graph\">{\"@context\":\"https:\/\/schema.org\",\"@graph\":[{\"@type\":\"WebSite\",\"@id\":\"https:\/\/www.visit-ulcinj.com\/blog\/#website\",\"url\":\"https:\/\/www.visit-ulcinj.com\/blog\/\",\"name\":\"Lajme nga Ulqini\",\"description\":\"Lajme,Vijesti,Ulqini,Ulqin,Crna Gora,Mali i Zi\",\"potentialAction\":[{\"@type\":\"SearchAction\",\"target\":{\"@type\":\"EntryPoint\",\"urlTemplate\":\"https:\/\/www.visit-ulcinj.com\/blog\/?s={search_term_string}\"},\"query-input\":\"required name=search_term_string\"}],\"inLanguage\":\"en-US\"},{\"@type\":\"WebPage\",\"@id\":\"https:\/\/www.visit-ulcinj.com\/blog\/2013\/03\/20\/igranka-sexy-e-malit-te-zi-thyen-rekord-te-shikueshmerise-video\/#webpage\",\"url\":\"https:\/\/www.visit-ulcinj.com\/blog\/2013\/03\/20\/igranka-sexy-e-malit-te-zi-thyen-rekord-te-shikueshmerise-video\/\",\"name\":\"Igranka sexy e Malit t\u00eb Zi thyen rekord t\u00eb shikueshm\u00ebris\u00eb - Video - Lajme nga Ulqini\",\"isPartOf\":{\"@id\":\"https:\/\/www.visit-ulcinj.com\/blog\/#website\"},\"datePublished\":\"2013-03-20T19:09:39+00:00\",\"dateModified\":\"2013-03-20T19:09:39+00:00\",\"author\":{\"@id\":\"https:\/\/www.visit-ulcinj.com\/blog\/#\/schema\/person\/dcab619c614d3038751c63bc2aadc06d\"},\"description\":\"K\u00ebnga quhet \u201cWho see\u201d dhe po b\u00ebn bum mediatik n\u00eb Ballkanin Per\u00ebndimor dhe n\u00eb Evrop\u00eb. Mali i Zi ka zgjedhur k\u00ebng\u00ebn q\u00eb do t\u00eb prezentojn\u00eb n\u00eb Eurovizion dhe\",\"breadcrumb\":{\"@id\":\"https:\/\/www.visit-ulcinj.com\/blog\/2013\/03\/20\/igranka-sexy-e-malit-te-zi-thyen-rekord-te-shikueshmerise-video\/#breadcrumb\"},\"inLanguage\":\"en-US\",\"potentialAction\":[{\"@type\":\"ReadAction\",\"target\":[\"https:\/\/www.visit-ulcinj.com\/blog\/2013\/03\/20\/igranka-sexy-e-malit-te-zi-thyen-rekord-te-shikueshmerise-video\/\"]}]},{\"@type\":\"BreadcrumbList\",\"@id\":\"https:\/\/www.visit-ulcinj.com\/blog\/2013\/03\/20\/igranka-sexy-e-malit-te-zi-thyen-rekord-te-shikueshmerise-video\/#breadcrumb\",\"itemListElement\":[{\"@type\":\"ListItem\",\"position\":1,\"name\":\"Igranka sexy e Malit t\u00eb Zi thyen rekord t\u00eb shikueshm\u00ebris\u00eb &#8211; Video\"}]},{\"@type\":\"Person\",\"@id\":\"https:\/\/www.visit-ulcinj.com\/blog\/#\/schema\/person\/dcab619c614d3038751c63bc2aadc06d\",\"name\":\"ulqini\",\"sameAs\":[\"http:\/\/www.visit-ulcinj.com\"],\"url\":\"https:\/\/www.visit-ulcinj.com\/blog\/author\/admin\/\"}]}<\/script>\n<!-- \/ Yoast SEO plugin. -->","yoast_head_json":{"title":"Igranka sexy e Malit t\u00eb Zi thyen rekord t\u00eb shikueshm\u00ebris\u00eb - Video - Lajme nga Ulqini","description":"K\u00ebnga quhet \u201cWho see\u201d dhe po b\u00ebn bum mediatik n\u00eb Ballkanin Per\u00ebndimor dhe n\u00eb Evrop\u00eb. Mali i Zi ka zgjedhur k\u00ebng\u00ebn q\u00eb do t\u00eb prezentojn\u00eb n\u00eb Eurovizion dhe","robots":{"index":"index","follow":"follow","max-snippet":"max-snippet:-1","max-image-preview":"max-image-preview:large","max-video-preview":"max-video-preview:-1"},"canonical":"https:\/\/www.visit-ulcinj.com\/blog\/2013\/03\/20\/igranka-sexy-e-malit-te-zi-thyen-rekord-te-shikueshmerise-video\/","og_locale":"en_US","og_type":"article","og_title":"Igranka sexy e Malit t\u00eb Zi thyen rekord t\u00eb shikueshm\u00ebris\u00eb - Video - Lajme nga Ulqini","og_description":"K\u00ebnga quhet \u201cWho see\u201d dhe po b\u00ebn bum mediatik n\u00eb Ballkanin Per\u00ebndimor dhe n\u00eb Evrop\u00eb. Mali i Zi ka zgjedhur k\u00ebng\u00ebn q\u00eb do t\u00eb prezentojn\u00eb n\u00eb Eurovizion dhe","og_url":"https:\/\/www.visit-ulcinj.com\/blog\/2013\/03\/20\/igranka-sexy-e-malit-te-zi-thyen-rekord-te-shikueshmerise-video\/","og_site_name":"Lajme nga Ulqini","article_published_time":"2013-03-20T19:09:39+00:00","twitter_misc":{"Written by":"ulqini","Est. reading time":"1 minute"},"schema":{"@context":"https:\/\/schema.org","@graph":[{"@type":"WebSite","@id":"https:\/\/www.visit-ulcinj.com\/blog\/#website","url":"https:\/\/www.visit-ulcinj.com\/blog\/","name":"Lajme nga Ulqini","description":"Lajme,Vijesti,Ulqini,Ulqin,Crna Gora,Mali i Zi","potentialAction":[{"@type":"SearchAction","target":{"@type":"EntryPoint","urlTemplate":"https:\/\/www.visit-ulcinj.com\/blog\/?s={search_term_string}"},"query-input":"required name=search_term_string"}],"inLanguage":"en-US"},{"@type":"WebPage","@id":"https:\/\/www.visit-ulcinj.com\/blog\/2013\/03\/20\/igranka-sexy-e-malit-te-zi-thyen-rekord-te-shikueshmerise-video\/#webpage","url":"https:\/\/www.visit-ulcinj.com\/blog\/2013\/03\/20\/igranka-sexy-e-malit-te-zi-thyen-rekord-te-shikueshmerise-video\/","name":"Igranka sexy e Malit t\u00eb Zi thyen rekord t\u00eb shikueshm\u00ebris\u00eb - Video - Lajme nga Ulqini","isPartOf":{"@id":"https:\/\/www.visit-ulcinj.com\/blog\/#website"},"datePublished":"2013-03-20T19:09:39+00:00","dateModified":"2013-03-20T19:09:39+00:00","author":{"@id":"https:\/\/www.visit-ulcinj.com\/blog\/#\/schema\/person\/dcab619c614d3038751c63bc2aadc06d"},"description":"K\u00ebnga quhet \u201cWho see\u201d dhe po b\u00ebn bum mediatik n\u00eb Ballkanin Per\u00ebndimor dhe n\u00eb Evrop\u00eb. Mali i Zi ka zgjedhur k\u00ebng\u00ebn q\u00eb do t\u00eb prezentojn\u00eb n\u00eb Eurovizion dhe","breadcrumb":{"@id":"https:\/\/www.visit-ulcinj.com\/blog\/2013\/03\/20\/igranka-sexy-e-malit-te-zi-thyen-rekord-te-shikueshmerise-video\/#breadcrumb"},"inLanguage":"en-US","potentialAction":[{"@type":"ReadAction","target":["https:\/\/www.visit-ulcinj.com\/blog\/2013\/03\/20\/igranka-sexy-e-malit-te-zi-thyen-rekord-te-shikueshmerise-video\/"]}]},{"@type":"BreadcrumbList","@id":"https:\/\/www.visit-ulcinj.com\/blog\/2013\/03\/20\/igranka-sexy-e-malit-te-zi-thyen-rekord-te-shikueshmerise-video\/#breadcrumb","itemListElement":[{"@type":"ListItem","position":1,"name":"Igranka sexy e Malit t\u00eb Zi thyen rekord t\u00eb shikueshm\u00ebris\u00eb &#8211; Video"}]},{"@type":"Person","@id":"https:\/\/www.visit-ulcinj.com\/blog\/#\/schema\/person\/dcab619c614d3038751c63bc2aadc06d","name":"ulqini","sameAs":["http:\/\/www.visit-ulcinj.com"],"url":"https:\/\/www.visit-ulcinj.com\/blog\/author\/admin\/"}]}},"jetpack_featured_media_url":"","jetpack_sharing_enabled":true,"jetpack_shortlink":"https:\/\/wp.me\/pe6lTn-iaw","_links":{"self":[{"href":"https:\/\/www.visit-ulcinj.com\/blog\/wp-json\/wp\/v2\/posts\/69844"}],"collection":[{"href":"https:\/\/www.visit-ulcinj.com\/blog\/wp-json\/wp\/v2\/posts"}],"about":[{"href":"https:\/\/www.visit-ulcinj.com\/blog\/wp-json\/wp\/v2\/types\/post"}],"author":[{"embeddable":true,"href":"https:\/\/www.visit-ulcinj.com\/blog\/wp-json\/wp\/v2\/users\/1"}],"replies":[{"embeddable":true,"href":"https:\/\/www.visit-ulcinj.com\/blog\/wp-json\/wp\/v2\/comments?post=69844"}],"version-history":[{"count":1,"href":"https:\/\/www.visit-ulcinj.com\/blog\/wp-json\/wp\/v2\/posts\/69844\/revisions"}],"predecessor-version":[{"id":69846,"href":"https:\/\/www.visit-ulcinj.com\/blog\/wp-json\/wp\/v2\/posts\/69844\/revisions\/69846"}],"wp:attachment":[{"href":"https:\/\/www.visit-ulcinj.com\/blog\/wp-json\/wp\/v2\/media?parent=69844"}],"wp:term":[{"taxonomy":"category","embeddable":true,"href":"https:\/\/www.visit-ulcinj.com\/blog\/wp-json\/wp\/v2\/categories?post=69844"},{"taxonomy":"post_tag","embeddable":true,"href":"https:\/\/www.visit-ulcinj.com\/blog\/wp-json\/wp\/v2\/tags?post=69844"}],"curies":[{"name":"wp","href":"https:\/\/api.w.org\/{rel}","templated":true}]}}