{"id":69847,"date":"2013-03-21T11:24:13","date_gmt":"2013-03-21T10:24:13","guid":{"rendered":"http:\/\/www.visit-ulcinj.com\/blog\/?p=69847"},"modified":"2013-03-21T11:25:55","modified_gmt":"2013-03-21T10:25:55","slug":"perurimi-i-librit-te-ali-gjecbritaj-ne-kraje","status":"publish","type":"post","link":"https:\/\/www.visit-ulcinj.com\/blog\/2013\/03\/21\/perurimi-i-librit-te-ali-gjecbritaj-ne-kraje\/","title":{"rendered":"Perurimi i librit te Ali Gje\u00e7britaj ne Kraje"},"content":{"rendered":"<p><strong><a href=\"http:\/\/www.visit-ulcinj.com\/blog\/wp-content\/uploads\/2013\/03\/Perurimi-i-librit-te-Ali-Gjebritaj-ne-Kraje.jpg\"><img loading=\"lazy\" class=\"alignleft  wp-image-69848\" alt=\"Perurimi i librit te Ali Gjebritaj ne Kraje\" src=\"http:\/\/www.visit-ulcinj.com\/blog\/wp-content\/uploads\/2013\/03\/Perurimi-i-librit-te-Ali-Gjebritaj-ne-Kraje.jpg\" width=\"508\" height=\"360\" \/><\/a>Botohet libri \u201dShkolla n\u00eb Kraj\u00eb 1929-2009\u201d i autorit Ali Gje\u00e7britaj<\/strong><\/p>\n<p>K\u00ebto dit\u00eb doli nga shtypi libri m\u00eb i ri i Ali Gje\u00e7britajt \u201dShkolla n\u00eb Kraj\u00eb 1929-2009\u201d. N\u00eb lib\u00ebr autori jep d\u00ebshmi t\u00eb filleve t\u00eb arsimit bashk\u00ebkohor n\u00eb Kraj\u00eb dhe t\u00eb dh\u00ebna shum\u00eb interesante p\u00ebr zhvillimin e arsimit n\u00eb Kraj\u00eb n\u00eb p\u00ebrgjith\u00ebsi.<\/p>\n<p><a href=\"http:\/\/www.visit-ulcinj.com\/blog\/wp-content\/uploads\/2013\/03\/Botohet-libri-Shkolla-n\u00eb-Kraj\u00eb-1929-2009-i-autorit-Ali-Gjecbritaj.jpg\"><img loading=\"lazy\" class=\"alignleft  wp-image-69858\" alt=\"Botohet libri Shkolla n\u00eb Kraj\u00eb 1929-2009 i autorit Ali Gjecbritaj\" src=\"http:\/\/www.visit-ulcinj.com\/blog\/wp-content\/uploads\/2013\/03\/Botohet-libri-Shkolla-n\u00eb-Kraj\u00eb-1929-2009-i-autorit-Ali-Gjecbritaj.jpg\" width=\"337\" height=\"400\" \/><\/a>N\u00eb nj\u00eb m\u00ebnyr\u00eb studimore pasqyrohen t\u00eb dh\u00ebnat themelore p\u00ebr regjionin e Kraj\u00ebs, m\u00ebsimdh\u00ebn\u00ebsit q\u00eb kan\u00eb punuar nd\u00ebr vite si dhe personalitetet e njohura shqiptare t\u00eb cil\u00ebt kan\u00eb dal\u00eb nga Kraja. Librit ia shtojn\u00eb vler\u00ebn dokumentet arkivore t\u00eb publikuara si pasqyrim i realitetit kohor, t\u00eb cilat e ngrejn\u00eb librin n\u00eb nivelin monografik.<\/p>\n<p>I shkruar me nj\u00eb gjuh\u00eb t\u00eb thjesht\u00eb, libri \u201cShkolla n\u00eb Kraj\u00eb 1929-2009\u201d shum\u00eb leht\u00eb do t\u00eb mund t\u00eb ndahej n\u00eb gjasht\u00eb kapituj, mir\u00ebpo p\u00ebr shkak t\u00eb p\u00ebrmbajtjes kronologjike t\u00eb ngjarjeve dhe m\u00ebsimdh\u00ebn\u00ebsve q\u00eb u angazhuan n\u00eb shkoll\u00ebn shqipe t\u00eb Kraj\u00ebs, libri p\u00ebrb\u00ebn nj\u00eb t\u00ebr\u00ebsi t\u00eb thuk\u00ebt gjith\u00ebp\u00ebrfshir\u00ebse dhe si i till\u00eb paraqet nj\u00eb model t\u00eb ri t\u00eb qasjes s\u00eb problematik\u00ebs s\u00eb zhvillimit t\u00eb arsimit n\u00eb p\u00ebrgjith\u00ebsi.<\/p>\n<p>Bibliotekat do t\u00eb pasurohen pa dyshim me nj\u00eb lib\u00ebr t\u00eb ri, nd\u00ebrsa studiuesit do t\u00eb g\u00ebzohen me fondin e ri t\u00eb t\u00eb dh\u00ebnave t\u00eb paraqitura n\u00eb k\u00ebt\u00eb vep\u00ebr, ku gjithsesi dokush do t\u00eb gjej\u00eb shum\u00eb\u00e7ka t\u00eb vlefshme. Botimi i librit \u00ebsht\u00eb mb\u00ebshtetur nga Fondi p\u00ebr Mbrojtjen dhe Realizimin e t\u00eb Drejtave t\u00eb Pakicave n\u00eb Mal t\u00eb Zi.<\/p>\n<p>&nbsp;<\/p>\n<p><strong>Kohapress<\/strong><\/p>\n\n\t\t<style type=\"text\/css\">\n\t\t\t#gallery-1 {\n\t\t\t\tmargin: auto;\n\t\t\t}\n\t\t\t#gallery-1 .gallery-item {\n\t\t\t\tfloat: left;\n\t\t\t\tmargin-top: 10px;\n\t\t\t\ttext-align: center;\n\t\t\t\twidth: 33%;\n\t\t\t}\n\t\t\t#gallery-1 img {\n\t\t\t\tborder: 2px solid #cfcfcf;\n\t\t\t}\n\t\t\t#gallery-1 .gallery-caption {\n\t\t\t\tmargin-left: 0;\n\t\t\t}\n\t\t\t\/* see gallery_shortcode() in wp-includes\/media.php *\/\n\t\t<\/style>\n\t\t<div id='gallery-1' class='gallery galleryid-69847 gallery-columns-3 gallery-size-thumbnail'><dl class='gallery-item'>\n\t\t\t<dt class='gallery-icon landscape'>\n\t\t\t\t<a href='https:\/\/www.visit-ulcinj.com\/blog\/2013\/03\/21\/perurimi-i-librit-te-ali-gjecbritaj-ne-kraje\/perurimi-i-librit-te-ali-gjebritaj-ne-kraje-1\/'><img width=\"150\" height=\"150\" src=\"https:\/\/www.visit-ulcinj.com\/blog\/wp-content\/uploads\/2013\/03\/Perurimi-i-librit-te-Ali-Gjebritaj-ne-Kraje.1-150x150.jpg\" class=\"attachment-thumbnail size-thumbnail\" alt=\"\" loading=\"lazy\" \/><\/a>\n\t\t\t<\/dt><\/dl><dl class='gallery-item'>\n\t\t\t<dt class='gallery-icon landscape'>\n\t\t\t\t<a href='https:\/\/www.visit-ulcinj.com\/blog\/2013\/03\/21\/perurimi-i-librit-te-ali-gjecbritaj-ne-kraje\/perurimi-i-librit-te-ali-gjebritaj-ne-kraje-3\/'><img width=\"150\" height=\"150\" src=\"https:\/\/www.visit-ulcinj.com\/blog\/wp-content\/uploads\/2013\/03\/Perurimi-i-librit-te-Ali-Gjebritaj-ne-Kraje.3-150x150.jpg\" class=\"attachment-thumbnail size-thumbnail\" alt=\"\" loading=\"lazy\" \/><\/a>\n\t\t\t<\/dt><\/dl><dl class='gallery-item'>\n\t\t\t<dt class='gallery-icon landscape'>\n\t\t\t\t<a href='https:\/\/www.visit-ulcinj.com\/blog\/2013\/03\/21\/perurimi-i-librit-te-ali-gjecbritaj-ne-kraje\/perurimi-i-librit-te-ali-gjebritaj-ne-kraje-4\/'><img width=\"150\" height=\"150\" src=\"https:\/\/www.visit-ulcinj.com\/blog\/wp-content\/uploads\/2013\/03\/Perurimi-i-librit-te-Ali-Gjebritaj-ne-Kraje.4-150x150.jpg\" class=\"attachment-thumbnail size-thumbnail\" alt=\"\" loading=\"lazy\" \/><\/a>\n\t\t\t<\/dt><\/dl><br style=\"clear: both\" \/><dl class='gallery-item'>\n\t\t\t<dt class='gallery-icon landscape'>\n\t\t\t\t<a href='https:\/\/www.visit-ulcinj.com\/blog\/2013\/03\/21\/perurimi-i-librit-te-ali-gjecbritaj-ne-kraje\/perurimi-i-librit-te-ali-gjebritaj-ne-kraje-5\/'><img width=\"150\" height=\"150\" src=\"https:\/\/www.visit-ulcinj.com\/blog\/wp-content\/uploads\/2013\/03\/Perurimi-i-librit-te-Ali-Gjebritaj-ne-Kraje.5-150x150.jpg\" class=\"attachment-thumbnail size-thumbnail\" alt=\"\" loading=\"lazy\" \/><\/a>\n\t\t\t<\/dt><\/dl><dl class='gallery-item'>\n\t\t\t<dt class='gallery-icon landscape'>\n\t\t\t\t<a href='https:\/\/www.visit-ulcinj.com\/blog\/2013\/03\/21\/perurimi-i-librit-te-ali-gjecbritaj-ne-kraje\/bahri-brisku_perurimi-i-librit-te-ali-gjebritaj-ne-kraje-2\/'><img width=\"150\" height=\"150\" src=\"https:\/\/www.visit-ulcinj.com\/blog\/wp-content\/uploads\/2013\/03\/Bahri-Brisku_Perurimi-i-librit-te-Ali-Gjebritaj-ne-Kraje.2-150x150.jpg\" class=\"attachment-thumbnail size-thumbnail\" alt=\"\" loading=\"lazy\" \/><\/a>\n\t\t\t<\/dt><\/dl><dl class='gallery-item'>\n\t\t\t<dt class='gallery-icon landscape'>\n\t\t\t\t<a href='https:\/\/www.visit-ulcinj.com\/blog\/2013\/03\/21\/perurimi-i-librit-te-ali-gjecbritaj-ne-kraje\/bahri-brisku_perurimi-i-librit-te-ali-gjebritaj-ne-kraje-3\/'><img width=\"150\" height=\"150\" src=\"https:\/\/www.visit-ulcinj.com\/blog\/wp-content\/uploads\/2013\/03\/Bahri-Brisku_Perurimi-i-librit-te-Ali-Gjebritaj-ne-Kraje.3-150x150.jpg\" class=\"attachment-thumbnail size-thumbnail\" alt=\"\" loading=\"lazy\" \/><\/a>\n\t\t\t<\/dt><\/dl><br style=\"clear: both\" \/><dl class='gallery-item'>\n\t\t\t<dt class='gallery-icon landscape'>\n\t\t\t\t<a href='https:\/\/www.visit-ulcinj.com\/blog\/2013\/03\/21\/perurimi-i-librit-te-ali-gjecbritaj-ne-kraje\/bahri-brisku_perurimi-i-librit-te-ali-gjebritaj-ne-kraje-4\/'><img width=\"150\" height=\"150\" src=\"https:\/\/www.visit-ulcinj.com\/blog\/wp-content\/uploads\/2013\/03\/Bahri-Brisku_Perurimi-i-librit-te-Ali-Gjebritaj-ne-Kraje.4-150x150.jpg\" class=\"attachment-thumbnail size-thumbnail\" alt=\"\" loading=\"lazy\" \/><\/a>\n\t\t\t<\/dt><\/dl><dl class='gallery-item'>\n\t\t\t<dt class='gallery-icon landscape'>\n\t\t\t\t<a href='https:\/\/www.visit-ulcinj.com\/blog\/2013\/03\/21\/perurimi-i-librit-te-ali-gjecbritaj-ne-kraje\/bahri-brisku_perurimi-i-librit-te-ali-gjebritaj-ne-kraje\/'><img width=\"150\" height=\"150\" src=\"https:\/\/www.visit-ulcinj.com\/blog\/wp-content\/uploads\/2013\/03\/Bahri-Brisku_Perurimi-i-librit-te-Ali-Gjebritaj-ne-Kraje-150x150.jpg\" class=\"attachment-thumbnail size-thumbnail\" alt=\"\" loading=\"lazy\" \/><\/a>\n\t\t\t<\/dt><\/dl><dl class='gallery-item'>\n\t\t\t<dt class='gallery-icon landscape'>\n\t\t\t\t<a href='https:\/\/www.visit-ulcinj.com\/blog\/2013\/03\/21\/perurimi-i-librit-te-ali-gjecbritaj-ne-kraje\/bahri-brisku_perurimi-i-librit-te-ali-gjebritaj-ne-kraje-2-2\/'><img width=\"150\" height=\"150\" src=\"https:\/\/www.visit-ulcinj.com\/blog\/wp-content\/uploads\/2013\/03\/Bahri-Brisku_Perurimi-i-librit-te-Ali-Gjebritaj-ne-Kraje.21-150x150.jpg\" class=\"attachment-thumbnail size-thumbnail\" alt=\"\" loading=\"lazy\" \/><\/a>\n\t\t\t<\/dt><\/dl><br style=\"clear: both\" \/>\n\t\t<\/div>\n\n","protected":false},"excerpt":{"rendered":"<p>Botohet libri \u201dShkolla n\u00eb Kraj\u00eb 1929-2009\u201d i autorit Ali Gje\u00e7britaj K\u00ebto dit\u00eb doli nga shtypi libri m\u00eb i ri i Ali Gje\u00e7britajt \u201dShkolla n\u00eb Kraj\u00eb 1929-2009\u201d. N\u00eb lib\u00ebr autori jep d\u00ebshmi t\u00eb filleve t\u00eb arsimit bashk\u00ebkohor n\u00eb Kraj\u00eb dhe t\u00eb dh\u00ebna shum\u00eb interesante p\u00ebr zhvillimin e arsimit n\u00eb Kraj\u00eb n\u00eb p\u00ebrgjith\u00ebsi. N\u00eb nj\u00eb m\u00ebnyr\u00eb studimore [&hellip;]<\/p>\n","protected":false},"author":1,"featured_media":0,"comment_status":"open","ping_status":"closed","sticky":false,"template":"","format":"standard","meta":{"spay_email":"","jetpack_publicize_message":"","jetpack_is_tweetstorm":false,"jetpack_publicize_feature_enabled":true},"categories":[4],"tags":[],"jetpack_publicize_connections":[],"yoast_head":"<!-- This site is optimized with the Yoast SEO plugin v19.1 - https:\/\/yoast.com\/wordpress\/plugins\/seo\/ -->\n<title>Perurimi i librit te Ali Gje\u00e7britaj ne Kraje - Lajme nga Ulqini<\/title>\n<meta name=\"description\" content=\"Botohet libri \u201dShkolla n\u00eb Kraj\u00eb 1929-2009\u201d i autorit Ali Gje\u00e7britaj K\u00ebto dit\u00eb doli nga shtypi libri m\u00eb i ri i Ali Gje\u00e7britajt \u201dShkolla n\u00eb Kraj\u00eb\" \/>\n<meta name=\"robots\" content=\"index, follow, max-snippet:-1, max-image-preview:large, max-video-preview:-1\" \/>\n<link rel=\"canonical\" href=\"https:\/\/www.visit-ulcinj.com\/blog\/2013\/03\/21\/perurimi-i-librit-te-ali-gjecbritaj-ne-kraje\/\" \/>\n<meta property=\"og:locale\" content=\"en_US\" \/>\n<meta property=\"og:type\" content=\"article\" \/>\n<meta property=\"og:title\" content=\"Perurimi i librit te Ali Gje\u00e7britaj ne Kraje - Lajme nga Ulqini\" \/>\n<meta property=\"og:description\" content=\"Botohet libri \u201dShkolla n\u00eb Kraj\u00eb 1929-2009\u201d i autorit Ali Gje\u00e7britaj K\u00ebto dit\u00eb doli nga shtypi libri m\u00eb i ri i Ali Gje\u00e7britajt \u201dShkolla n\u00eb Kraj\u00eb\" \/>\n<meta property=\"og:url\" content=\"https:\/\/www.visit-ulcinj.com\/blog\/2013\/03\/21\/perurimi-i-librit-te-ali-gjecbritaj-ne-kraje\/\" \/>\n<meta property=\"og:site_name\" content=\"Lajme nga Ulqini\" \/>\n<meta property=\"article:published_time\" content=\"2013-03-21T10:24:13+00:00\" \/>\n<meta property=\"article:modified_time\" content=\"2013-03-21T10:25:55+00:00\" \/>\n<meta property=\"og:image\" content=\"https:\/\/www.visit-ulcinj.com\/blog\/wp-content\/uploads\/2013\/03\/Perurimi-i-librit-te-Ali-Gjebritaj-ne-Kraje.1-150x150.jpg\" \/>\n<meta name=\"twitter:label1\" content=\"Written by\" \/>\n\t<meta name=\"twitter:data1\" content=\"ulqini\" \/>\n\t<meta name=\"twitter:label2\" content=\"Est. reading time\" \/>\n\t<meta name=\"twitter:data2\" content=\"1 minute\" \/>\n<script type=\"application\/ld+json\" class=\"yoast-schema-graph\">{\"@context\":\"https:\/\/schema.org\",\"@graph\":[{\"@type\":\"WebSite\",\"@id\":\"https:\/\/www.visit-ulcinj.com\/blog\/#website\",\"url\":\"https:\/\/www.visit-ulcinj.com\/blog\/\",\"name\":\"Lajme nga Ulqini\",\"description\":\"Lajme,Vijesti,Ulqini,Ulqin,Crna Gora,Mali i Zi\",\"potentialAction\":[{\"@type\":\"SearchAction\",\"target\":{\"@type\":\"EntryPoint\",\"urlTemplate\":\"https:\/\/www.visit-ulcinj.com\/blog\/?s={search_term_string}\"},\"query-input\":\"required name=search_term_string\"}],\"inLanguage\":\"en-US\"},{\"@type\":\"ImageObject\",\"inLanguage\":\"en-US\",\"@id\":\"https:\/\/www.visit-ulcinj.com\/blog\/2013\/03\/21\/perurimi-i-librit-te-ali-gjecbritaj-ne-kraje\/#primaryimage\",\"url\":\"https:\/\/www.visit-ulcinj.com\/blog\/wp-content\/uploads\/2013\/03\/Perurimi-i-librit-te-Ali-Gjebritaj-ne-Kraje.jpg\",\"contentUrl\":\"https:\/\/www.visit-ulcinj.com\/blog\/wp-content\/uploads\/2013\/03\/Perurimi-i-librit-te-Ali-Gjebritaj-ne-Kraje.jpg\",\"width\":960,\"height\":720},{\"@type\":\"WebPage\",\"@id\":\"https:\/\/www.visit-ulcinj.com\/blog\/2013\/03\/21\/perurimi-i-librit-te-ali-gjecbritaj-ne-kraje\/#webpage\",\"url\":\"https:\/\/www.visit-ulcinj.com\/blog\/2013\/03\/21\/perurimi-i-librit-te-ali-gjecbritaj-ne-kraje\/\",\"name\":\"Perurimi i librit te Ali Gje\u00e7britaj ne Kraje - Lajme nga Ulqini\",\"isPartOf\":{\"@id\":\"https:\/\/www.visit-ulcinj.com\/blog\/#website\"},\"primaryImageOfPage\":{\"@id\":\"https:\/\/www.visit-ulcinj.com\/blog\/2013\/03\/21\/perurimi-i-librit-te-ali-gjecbritaj-ne-kraje\/#primaryimage\"},\"datePublished\":\"2013-03-21T10:24:13+00:00\",\"dateModified\":\"2013-03-21T10:25:55+00:00\",\"author\":{\"@id\":\"https:\/\/www.visit-ulcinj.com\/blog\/#\/schema\/person\/dcab619c614d3038751c63bc2aadc06d\"},\"description\":\"Botohet libri \u201dShkolla n\u00eb Kraj\u00eb 1929-2009\u201d i autorit Ali Gje\u00e7britaj K\u00ebto dit\u00eb doli nga shtypi libri m\u00eb i ri i Ali Gje\u00e7britajt \u201dShkolla n\u00eb Kraj\u00eb\",\"breadcrumb\":{\"@id\":\"https:\/\/www.visit-ulcinj.com\/blog\/2013\/03\/21\/perurimi-i-librit-te-ali-gjecbritaj-ne-kraje\/#breadcrumb\"},\"inLanguage\":\"en-US\",\"potentialAction\":[{\"@type\":\"ReadAction\",\"target\":[\"https:\/\/www.visit-ulcinj.com\/blog\/2013\/03\/21\/perurimi-i-librit-te-ali-gjecbritaj-ne-kraje\/\"]}]},{\"@type\":\"BreadcrumbList\",\"@id\":\"https:\/\/www.visit-ulcinj.com\/blog\/2013\/03\/21\/perurimi-i-librit-te-ali-gjecbritaj-ne-kraje\/#breadcrumb\",\"itemListElement\":[{\"@type\":\"ListItem\",\"position\":1,\"name\":\"Perurimi i librit te Ali Gje\u00e7britaj ne Kraje\"}]},{\"@type\":\"Person\",\"@id\":\"https:\/\/www.visit-ulcinj.com\/blog\/#\/schema\/person\/dcab619c614d3038751c63bc2aadc06d\",\"name\":\"ulqini\",\"sameAs\":[\"http:\/\/www.visit-ulcinj.com\"],\"url\":\"https:\/\/www.visit-ulcinj.com\/blog\/author\/admin\/\"}]}<\/script>\n<!-- \/ Yoast SEO plugin. -->","yoast_head_json":{"title":"Perurimi i librit te Ali Gje\u00e7britaj ne Kraje - Lajme nga Ulqini","description":"Botohet libri \u201dShkolla n\u00eb Kraj\u00eb 1929-2009\u201d i autorit Ali Gje\u00e7britaj K\u00ebto dit\u00eb doli nga shtypi libri m\u00eb i ri i Ali Gje\u00e7britajt \u201dShkolla n\u00eb Kraj\u00eb","robots":{"index":"index","follow":"follow","max-snippet":"max-snippet:-1","max-image-preview":"max-image-preview:large","max-video-preview":"max-video-preview:-1"},"canonical":"https:\/\/www.visit-ulcinj.com\/blog\/2013\/03\/21\/perurimi-i-librit-te-ali-gjecbritaj-ne-kraje\/","og_locale":"en_US","og_type":"article","og_title":"Perurimi i librit te Ali Gje\u00e7britaj ne Kraje - Lajme nga Ulqini","og_description":"Botohet libri \u201dShkolla n\u00eb Kraj\u00eb 1929-2009\u201d i autorit Ali Gje\u00e7britaj K\u00ebto dit\u00eb doli nga shtypi libri m\u00eb i ri i Ali Gje\u00e7britajt \u201dShkolla n\u00eb Kraj\u00eb","og_url":"https:\/\/www.visit-ulcinj.com\/blog\/2013\/03\/21\/perurimi-i-librit-te-ali-gjecbritaj-ne-kraje\/","og_site_name":"Lajme nga Ulqini","article_published_time":"2013-03-21T10:24:13+00:00","article_modified_time":"2013-03-21T10:25:55+00:00","og_image":[{"url":"https:\/\/www.visit-ulcinj.com\/blog\/wp-content\/uploads\/2013\/03\/Perurimi-i-librit-te-Ali-Gjebritaj-ne-Kraje.1-150x150.jpg"}],"twitter_misc":{"Written by":"ulqini","Est. reading time":"1 minute"},"schema":{"@context":"https:\/\/schema.org","@graph":[{"@type":"WebSite","@id":"https:\/\/www.visit-ulcinj.com\/blog\/#website","url":"https:\/\/www.visit-ulcinj.com\/blog\/","name":"Lajme nga Ulqini","description":"Lajme,Vijesti,Ulqini,Ulqin,Crna Gora,Mali i Zi","potentialAction":[{"@type":"SearchAction","target":{"@type":"EntryPoint","urlTemplate":"https:\/\/www.visit-ulcinj.com\/blog\/?s={search_term_string}"},"query-input":"required name=search_term_string"}],"inLanguage":"en-US"},{"@type":"ImageObject","inLanguage":"en-US","@id":"https:\/\/www.visit-ulcinj.com\/blog\/2013\/03\/21\/perurimi-i-librit-te-ali-gjecbritaj-ne-kraje\/#primaryimage","url":"https:\/\/www.visit-ulcinj.com\/blog\/wp-content\/uploads\/2013\/03\/Perurimi-i-librit-te-Ali-Gjebritaj-ne-Kraje.jpg","contentUrl":"https:\/\/www.visit-ulcinj.com\/blog\/wp-content\/uploads\/2013\/03\/Perurimi-i-librit-te-Ali-Gjebritaj-ne-Kraje.jpg","width":960,"height":720},{"@type":"WebPage","@id":"https:\/\/www.visit-ulcinj.com\/blog\/2013\/03\/21\/perurimi-i-librit-te-ali-gjecbritaj-ne-kraje\/#webpage","url":"https:\/\/www.visit-ulcinj.com\/blog\/2013\/03\/21\/perurimi-i-librit-te-ali-gjecbritaj-ne-kraje\/","name":"Perurimi i librit te Ali Gje\u00e7britaj ne Kraje - Lajme nga Ulqini","isPartOf":{"@id":"https:\/\/www.visit-ulcinj.com\/blog\/#website"},"primaryImageOfPage":{"@id":"https:\/\/www.visit-ulcinj.com\/blog\/2013\/03\/21\/perurimi-i-librit-te-ali-gjecbritaj-ne-kraje\/#primaryimage"},"datePublished":"2013-03-21T10:24:13+00:00","dateModified":"2013-03-21T10:25:55+00:00","author":{"@id":"https:\/\/www.visit-ulcinj.com\/blog\/#\/schema\/person\/dcab619c614d3038751c63bc2aadc06d"},"description":"Botohet libri \u201dShkolla n\u00eb Kraj\u00eb 1929-2009\u201d i autorit Ali Gje\u00e7britaj K\u00ebto dit\u00eb doli nga shtypi libri m\u00eb i ri i Ali Gje\u00e7britajt \u201dShkolla n\u00eb Kraj\u00eb","breadcrumb":{"@id":"https:\/\/www.visit-ulcinj.com\/blog\/2013\/03\/21\/perurimi-i-librit-te-ali-gjecbritaj-ne-kraje\/#breadcrumb"},"inLanguage":"en-US","potentialAction":[{"@type":"ReadAction","target":["https:\/\/www.visit-ulcinj.com\/blog\/2013\/03\/21\/perurimi-i-librit-te-ali-gjecbritaj-ne-kraje\/"]}]},{"@type":"BreadcrumbList","@id":"https:\/\/www.visit-ulcinj.com\/blog\/2013\/03\/21\/perurimi-i-librit-te-ali-gjecbritaj-ne-kraje\/#breadcrumb","itemListElement":[{"@type":"ListItem","position":1,"name":"Perurimi i librit te Ali Gje\u00e7britaj ne Kraje"}]},{"@type":"Person","@id":"https:\/\/www.visit-ulcinj.com\/blog\/#\/schema\/person\/dcab619c614d3038751c63bc2aadc06d","name":"ulqini","sameAs":["http:\/\/www.visit-ulcinj.com"],"url":"https:\/\/www.visit-ulcinj.com\/blog\/author\/admin\/"}]}},"jetpack_featured_media_url":"","jetpack_sharing_enabled":true,"jetpack_shortlink":"https:\/\/wp.me\/pe6lTn-iaz","_links":{"self":[{"href":"https:\/\/www.visit-ulcinj.com\/blog\/wp-json\/wp\/v2\/posts\/69847"}],"collection":[{"href":"https:\/\/www.visit-ulcinj.com\/blog\/wp-json\/wp\/v2\/posts"}],"about":[{"href":"https:\/\/www.visit-ulcinj.com\/blog\/wp-json\/wp\/v2\/types\/post"}],"author":[{"embeddable":true,"href":"https:\/\/www.visit-ulcinj.com\/blog\/wp-json\/wp\/v2\/users\/1"}],"replies":[{"embeddable":true,"href":"https:\/\/www.visit-ulcinj.com\/blog\/wp-json\/wp\/v2\/comments?post=69847"}],"version-history":[{"count":3,"href":"https:\/\/www.visit-ulcinj.com\/blog\/wp-json\/wp\/v2\/posts\/69847\/revisions"}],"predecessor-version":[{"id":69861,"href":"https:\/\/www.visit-ulcinj.com\/blog\/wp-json\/wp\/v2\/posts\/69847\/revisions\/69861"}],"wp:attachment":[{"href":"https:\/\/www.visit-ulcinj.com\/blog\/wp-json\/wp\/v2\/media?parent=69847"}],"wp:term":[{"taxonomy":"category","embeddable":true,"href":"https:\/\/www.visit-ulcinj.com\/blog\/wp-json\/wp\/v2\/categories?post=69847"},{"taxonomy":"post_tag","embeddable":true,"href":"https:\/\/www.visit-ulcinj.com\/blog\/wp-json\/wp\/v2\/tags?post=69847"}],"curies":[{"name":"wp","href":"https:\/\/api.w.org\/{rel}","templated":true}]}}