{"id":69873,"date":"2013-03-21T13:33:42","date_gmt":"2013-03-21T12:33:42","guid":{"rendered":"http:\/\/www.visit-ulcinj.com\/blog\/?p=69873"},"modified":"2013-03-22T11:04:21","modified_gmt":"2013-03-22T10:04:21","slug":"ura-e-klleznes-te-evidentohet-ne-regjistrin-e-monumenteve-te-kultures","status":"publish","type":"post","link":"https:\/\/www.visit-ulcinj.com\/blog\/2013\/03\/21\/ura-e-klleznes-te-evidentohet-ne-regjistrin-e-monumenteve-te-kultures\/","title":{"rendered":"Ura e Kllezn\u00ebs t\u00eb evidentohet n\u00eb regjistrin e monumenteve t\u00eb kultur\u00ebs"},"content":{"rendered":"<p><a href=\"http:\/\/www.visit-ulcinj.com\/blog\/wp-content\/uploads\/2013\/03\/Ura-e-Klleznes_Ana-Malit_Ulqin.1.jpg\"><img loading=\"lazy\" class=\"alignleft  wp-image-69874\" alt=\"Ura e Klleznes_Ana Malit_Ulqin.1\" src=\"http:\/\/www.visit-ulcinj.com\/blog\/wp-content\/uploads\/2013\/03\/Ura-e-Klleznes_Ana-Malit_Ulqin.1.jpg\" width=\"508\" height=\"360\" \/><\/a> <strong>Ura e vjeter e Klleznes<\/strong><\/p>\n<p>Kjo ur\u00eb \u00ebsht\u00eb nd\u00ebrtuar prej guri mbi p\u00ebrroin e Megjyre\u00e7it, n\u00eb vitin 1696, n\u00eb Kllezn\u00ebn e Sip\u00ebrme (komuna e Ulqinit). Ajo ka k\u00ebto dimensione: gjat\u00ebsia 12m, gjer\u00ebsia 3.60m, lart\u00ebsia nga fundi i lumit 9.26m, trash\u00ebsia e gur\u00ebve te \u00e7el\u00ebsi 80cm.<\/p>\n<p>Q\u00eb nga nd\u00ebrtimi i saj nuk \u00ebsht\u00eb b\u00ebr\u00eb ndonj\u00eb intervenim apo restaurim i saj, nd\u00ebrsa n\u00eb vitin 1982 ajo p\u00ebsoi goditje, sepse mbi ur\u00eb, pasi u hoq\u00ebn gur\u00ebt, u vendos\u00ebn gypat e uj\u00ebsjell\u00ebsit t\u00eb Mill\u00ebs, duke krijuar kanalin p\u00ebrkat\u00ebs. Por p\u00ebr fat ura nuk p\u00ebsoi d\u00ebme t\u00eb m\u00ebdha, edhe pse nj\u00eb gj\u00eb e till\u00eb ka mundur t\u00eb ndodh\u00eb. Nd\u00ebrkaq sikur t\u00eb kishte pasur trajtimin e monumentit t\u00eb kultur\u00ebs, nj\u00eb gj\u00eb e till\u00eb nuk do t\u00eb ki-shte ndodhur. Prandaj vler\u00ebsoj se \u00ebsht\u00eb e udh\u00ebs q\u00eb pushteti vendor i Ulqinit t\u00eb marr\u00eb iniciativ\u00eb q\u00eb ura e Kllezn\u00ebs t\u00eb evidentohet n\u00eb regjistrin e monumenteve t\u00eb kultur\u00ebs dhe si e till\u00eb t\u00eb k\u00ebt\u00eb mbrojtje li-gjore. Vet\u00ebm n\u00eb k\u00ebt\u00eb form\u00eb do t\u00eb d\u00ebshmonim n\u00eb praktik\u00eb se d\u00ebshirojm\u00eb t\u00eb ruajm\u00eb dhe t\u00eb p\u00ebrkujdesemi p\u00ebr k\u00ebto pak monumente q\u00eb ekzistojn\u00eb n\u00eb mjedisin ton\u00eb.<br \/>\n<a href=\"http:\/\/www.visit-ulcinj.com\/blog\/wp-content\/uploads\/2013\/03\/Ura-e-Klleznes_Ana-Malit_Ulqin.jpg\"><img loading=\"lazy\" class=\"alignleft  wp-image-69875\" alt=\"Ura e Klleznes_Ana Malit_Ulqin\" src=\"http:\/\/www.visit-ulcinj.com\/blog\/wp-content\/uploads\/2013\/03\/Ura-e-Klleznes_Ana-Malit_Ulqin.jpg\" width=\"508\" height=\"300\" \/><\/a><\/p>\n<p>Nd\u00ebrsa, me rastin e nd\u00ebrtimit t\u00eb rrug\u00ebs Ulqin-Kryth\u00eb n\u00eb vitin 1954, pran\u00eb k\u00ebsaj ur\u00eb \u00ebsht\u00eb nd\u00ebrtuar ura e re p\u00ebr qarkullimin e mjeteve t\u00eb komunikacionit, dhe nga ajo koh\u00eb ura e vjet\u00ebr humbi vlerat e m\u00ebparshme duke u b\u00ebr\u00eb dyt\u00ebsore.<br \/>\n<a href=\"http:\/\/www.visit-ulcinj.com\/blog\/wp-content\/uploads\/2013\/03\/Ura-e-Klleznes_Ana-Malit_Ulqin.2.jpg\"><img loading=\"lazy\" class=\"alignleft  wp-image-69876\" alt=\"Ura e Klleznes_Ana Malit_Ulqin.2\" src=\"http:\/\/www.visit-ulcinj.com\/blog\/wp-content\/uploads\/2013\/03\/Ura-e-Klleznes_Ana-Malit_Ulqin.2.jpg\" width=\"508\" height=\"300\" \/><\/a><\/p>\n<p>P\u00ebr nd\u00ebrtimin e k\u00ebsaj ur\u00eb \u00ebsht\u00eb nj\u00eb rr\u00ebfim interesant q\u00eb u p\u00ebrcoll brez mbas brezi deri n\u00eb dit\u00ebt tona. Thuhet se mjeshtri i cili e ka nd\u00ebrtuar k\u00ebt\u00eb ur\u00eb ka qen\u00eb nga Dibra. Atij kjo pun\u00eb i \u00ebsht\u00eb ofruar nga klleznor\u00ebt; ai ka th\u00ebn\u00eb se g\u00eblqerja e cila do t\u00eb p\u00ebrdoret p\u00ebr nd\u00ebrtim duhet t\u00eb q\u00ebndroj\u00eb n\u00eb grop\u00eb 15 vjet. Mbas k\u00ebsaj periudhe, mjeshtri dibran dhe nj\u00eb pun\u00ebtor tjet\u00ebr e kan\u00eb nd\u00ebrtuar k\u00ebt\u00eb ur\u00eb. Pas kryerjes s\u00eb pun\u00ebs, mjeshtri \u00ebsht\u00eb vrar\u00eb dhe \u00ebsht\u00eb varrosur n\u00eb af\u00ebrsi t\u00eb xhamis\u00eb, ku edhe sot ekziston varri.<\/p>\n<p><strong><a id=\"js_22\" href=\"https:\/\/www.facebook.com\/xhamiaklleznes\" data-hovercard=\"\/ajax\/hovercard\/user.php?id=100004174742969\">Burimi: Xhamia Klleznes Ulqin Facebook<\/a><\/strong><\/p>\n","protected":false},"excerpt":{"rendered":"<p>Ura e vjeter e Klleznes Kjo ur\u00eb \u00ebsht\u00eb nd\u00ebrtuar prej guri mbi p\u00ebrroin e Megjyre\u00e7it, n\u00eb vitin 1696, n\u00eb Kllezn\u00ebn e Sip\u00ebrme (komuna e Ulqinit). Ajo ka k\u00ebto dimensione: gjat\u00ebsia 12m, gjer\u00ebsia 3.60m, lart\u00ebsia nga fundi i lumit 9.26m, trash\u00ebsia e gur\u00ebve te \u00e7el\u00ebsi 80cm. Q\u00eb nga nd\u00ebrtimi i saj nuk \u00ebsht\u00eb b\u00ebr\u00eb ndonj\u00eb intervenim [&hellip;]<\/p>\n","protected":false},"author":1,"featured_media":0,"comment_status":"open","ping_status":"closed","sticky":false,"template":"","format":"standard","meta":{"spay_email":"","jetpack_publicize_message":"","jetpack_is_tweetstorm":false,"jetpack_publicize_feature_enabled":true},"categories":[1,12],"tags":[212,200,18,835],"jetpack_publicize_connections":[],"yoast_head":"<!-- This site is optimized with the Yoast SEO plugin v19.1 - https:\/\/yoast.com\/wordpress\/plugins\/seo\/ -->\n<title>Ura e Kllezn\u00ebs t\u00eb evidentohet n\u00eb regjistrin e monumenteve t\u00eb kultur\u00ebs - Lajme nga Ulqini<\/title>\n<meta name=\"description\" content=\"Ura e vjeter e Klleznes Kjo ur\u00eb \u00ebsht\u00eb nd\u00ebrtuar prej guri mbi p\u00ebrroin e Megjyre\u00e7it, n\u00eb vitin 1696, n\u00eb Kllezn\u00ebn e Sip\u00ebrme (komuna e Ulqinit). Ajo ka k\u00ebto\" \/>\n<meta name=\"robots\" content=\"index, follow, max-snippet:-1, max-image-preview:large, max-video-preview:-1\" \/>\n<link rel=\"canonical\" href=\"https:\/\/www.visit-ulcinj.com\/blog\/2013\/03\/21\/ura-e-klleznes-te-evidentohet-ne-regjistrin-e-monumenteve-te-kultures\/\" \/>\n<meta property=\"og:locale\" content=\"en_US\" \/>\n<meta property=\"og:type\" content=\"article\" \/>\n<meta property=\"og:title\" content=\"Ura e Kllezn\u00ebs t\u00eb evidentohet n\u00eb regjistrin e monumenteve t\u00eb kultur\u00ebs - Lajme nga Ulqini\" \/>\n<meta property=\"og:description\" content=\"Ura e vjeter e Klleznes Kjo ur\u00eb \u00ebsht\u00eb nd\u00ebrtuar prej guri mbi p\u00ebrroin e Megjyre\u00e7it, n\u00eb vitin 1696, n\u00eb Kllezn\u00ebn e Sip\u00ebrme (komuna e Ulqinit). Ajo ka k\u00ebto\" \/>\n<meta property=\"og:url\" content=\"https:\/\/www.visit-ulcinj.com\/blog\/2013\/03\/21\/ura-e-klleznes-te-evidentohet-ne-regjistrin-e-monumenteve-te-kultures\/\" \/>\n<meta property=\"og:site_name\" content=\"Lajme nga Ulqini\" \/>\n<meta property=\"article:published_time\" content=\"2013-03-21T12:33:42+00:00\" \/>\n<meta property=\"article:modified_time\" content=\"2013-03-22T10:04:21+00:00\" \/>\n<meta property=\"og:image\" content=\"http:\/\/www.visit-ulcinj.com\/blog\/wp-content\/uploads\/2013\/03\/Ura-e-Klleznes_Ana-Malit_Ulqin.1.jpg\" \/>\n<meta name=\"twitter:label1\" content=\"Written by\" \/>\n\t<meta name=\"twitter:data1\" content=\"ulqini\" \/>\n\t<meta name=\"twitter:label2\" content=\"Est. reading time\" \/>\n\t<meta name=\"twitter:data2\" content=\"2 minutes\" \/>\n<script type=\"application\/ld+json\" class=\"yoast-schema-graph\">{\"@context\":\"https:\/\/schema.org\",\"@graph\":[{\"@type\":\"WebSite\",\"@id\":\"https:\/\/www.visit-ulcinj.com\/blog\/#website\",\"url\":\"https:\/\/www.visit-ulcinj.com\/blog\/\",\"name\":\"Lajme nga Ulqini\",\"description\":\"Lajme,Vijesti,Ulqini,Ulqin,Crna Gora,Mali i Zi\",\"potentialAction\":[{\"@type\":\"SearchAction\",\"target\":{\"@type\":\"EntryPoint\",\"urlTemplate\":\"https:\/\/www.visit-ulcinj.com\/blog\/?s={search_term_string}\"},\"query-input\":\"required name=search_term_string\"}],\"inLanguage\":\"en-US\"},{\"@type\":\"ImageObject\",\"inLanguage\":\"en-US\",\"@id\":\"https:\/\/www.visit-ulcinj.com\/blog\/2013\/03\/21\/ura-e-klleznes-te-evidentohet-ne-regjistrin-e-monumenteve-te-kultures\/#primaryimage\",\"url\":\"https:\/\/www.visit-ulcinj.com\/blog\/wp-content\/uploads\/2013\/03\/Ura-e-Klleznes_Ana-Malit_Ulqin.1.jpg\",\"contentUrl\":\"https:\/\/www.visit-ulcinj.com\/blog\/wp-content\/uploads\/2013\/03\/Ura-e-Klleznes_Ana-Malit_Ulqin.1.jpg\",\"width\":960,\"height\":720},{\"@type\":\"WebPage\",\"@id\":\"https:\/\/www.visit-ulcinj.com\/blog\/2013\/03\/21\/ura-e-klleznes-te-evidentohet-ne-regjistrin-e-monumenteve-te-kultures\/#webpage\",\"url\":\"https:\/\/www.visit-ulcinj.com\/blog\/2013\/03\/21\/ura-e-klleznes-te-evidentohet-ne-regjistrin-e-monumenteve-te-kultures\/\",\"name\":\"Ura e Kllezn\u00ebs t\u00eb evidentohet n\u00eb regjistrin e monumenteve t\u00eb kultur\u00ebs - Lajme nga Ulqini\",\"isPartOf\":{\"@id\":\"https:\/\/www.visit-ulcinj.com\/blog\/#website\"},\"primaryImageOfPage\":{\"@id\":\"https:\/\/www.visit-ulcinj.com\/blog\/2013\/03\/21\/ura-e-klleznes-te-evidentohet-ne-regjistrin-e-monumenteve-te-kultures\/#primaryimage\"},\"datePublished\":\"2013-03-21T12:33:42+00:00\",\"dateModified\":\"2013-03-22T10:04:21+00:00\",\"author\":{\"@id\":\"https:\/\/www.visit-ulcinj.com\/blog\/#\/schema\/person\/dcab619c614d3038751c63bc2aadc06d\"},\"description\":\"Ura e vjeter e Klleznes Kjo ur\u00eb \u00ebsht\u00eb nd\u00ebrtuar prej guri mbi p\u00ebrroin e Megjyre\u00e7it, n\u00eb vitin 1696, n\u00eb Kllezn\u00ebn e Sip\u00ebrme (komuna e Ulqinit). Ajo ka k\u00ebto\",\"breadcrumb\":{\"@id\":\"https:\/\/www.visit-ulcinj.com\/blog\/2013\/03\/21\/ura-e-klleznes-te-evidentohet-ne-regjistrin-e-monumenteve-te-kultures\/#breadcrumb\"},\"inLanguage\":\"en-US\",\"potentialAction\":[{\"@type\":\"ReadAction\",\"target\":[\"https:\/\/www.visit-ulcinj.com\/blog\/2013\/03\/21\/ura-e-klleznes-te-evidentohet-ne-regjistrin-e-monumenteve-te-kultures\/\"]}]},{\"@type\":\"BreadcrumbList\",\"@id\":\"https:\/\/www.visit-ulcinj.com\/blog\/2013\/03\/21\/ura-e-klleznes-te-evidentohet-ne-regjistrin-e-monumenteve-te-kultures\/#breadcrumb\",\"itemListElement\":[{\"@type\":\"ListItem\",\"position\":1,\"name\":\"Ura e Kllezn\u00ebs t\u00eb evidentohet n\u00eb regjistrin e monumenteve t\u00eb kultur\u00ebs\"}]},{\"@type\":\"Person\",\"@id\":\"https:\/\/www.visit-ulcinj.com\/blog\/#\/schema\/person\/dcab619c614d3038751c63bc2aadc06d\",\"name\":\"ulqini\",\"sameAs\":[\"http:\/\/www.visit-ulcinj.com\"],\"url\":\"https:\/\/www.visit-ulcinj.com\/blog\/author\/admin\/\"}]}<\/script>\n<!-- \/ Yoast SEO plugin. -->","yoast_head_json":{"title":"Ura e Kllezn\u00ebs t\u00eb evidentohet n\u00eb regjistrin e monumenteve t\u00eb kultur\u00ebs - Lajme nga Ulqini","description":"Ura e vjeter e Klleznes Kjo ur\u00eb \u00ebsht\u00eb nd\u00ebrtuar prej guri mbi p\u00ebrroin e Megjyre\u00e7it, n\u00eb vitin 1696, n\u00eb Kllezn\u00ebn e Sip\u00ebrme (komuna e Ulqinit). Ajo ka k\u00ebto","robots":{"index":"index","follow":"follow","max-snippet":"max-snippet:-1","max-image-preview":"max-image-preview:large","max-video-preview":"max-video-preview:-1"},"canonical":"https:\/\/www.visit-ulcinj.com\/blog\/2013\/03\/21\/ura-e-klleznes-te-evidentohet-ne-regjistrin-e-monumenteve-te-kultures\/","og_locale":"en_US","og_type":"article","og_title":"Ura e Kllezn\u00ebs t\u00eb evidentohet n\u00eb regjistrin e monumenteve t\u00eb kultur\u00ebs - Lajme nga Ulqini","og_description":"Ura e vjeter e Klleznes Kjo ur\u00eb \u00ebsht\u00eb nd\u00ebrtuar prej guri mbi p\u00ebrroin e Megjyre\u00e7it, n\u00eb vitin 1696, n\u00eb Kllezn\u00ebn e Sip\u00ebrme (komuna e Ulqinit). Ajo ka k\u00ebto","og_url":"https:\/\/www.visit-ulcinj.com\/blog\/2013\/03\/21\/ura-e-klleznes-te-evidentohet-ne-regjistrin-e-monumenteve-te-kultures\/","og_site_name":"Lajme nga Ulqini","article_published_time":"2013-03-21T12:33:42+00:00","article_modified_time":"2013-03-22T10:04:21+00:00","og_image":[{"url":"http:\/\/www.visit-ulcinj.com\/blog\/wp-content\/uploads\/2013\/03\/Ura-e-Klleznes_Ana-Malit_Ulqin.1.jpg"}],"twitter_misc":{"Written by":"ulqini","Est. reading time":"2 minutes"},"schema":{"@context":"https:\/\/schema.org","@graph":[{"@type":"WebSite","@id":"https:\/\/www.visit-ulcinj.com\/blog\/#website","url":"https:\/\/www.visit-ulcinj.com\/blog\/","name":"Lajme nga Ulqini","description":"Lajme,Vijesti,Ulqini,Ulqin,Crna Gora,Mali i Zi","potentialAction":[{"@type":"SearchAction","target":{"@type":"EntryPoint","urlTemplate":"https:\/\/www.visit-ulcinj.com\/blog\/?s={search_term_string}"},"query-input":"required name=search_term_string"}],"inLanguage":"en-US"},{"@type":"ImageObject","inLanguage":"en-US","@id":"https:\/\/www.visit-ulcinj.com\/blog\/2013\/03\/21\/ura-e-klleznes-te-evidentohet-ne-regjistrin-e-monumenteve-te-kultures\/#primaryimage","url":"https:\/\/www.visit-ulcinj.com\/blog\/wp-content\/uploads\/2013\/03\/Ura-e-Klleznes_Ana-Malit_Ulqin.1.jpg","contentUrl":"https:\/\/www.visit-ulcinj.com\/blog\/wp-content\/uploads\/2013\/03\/Ura-e-Klleznes_Ana-Malit_Ulqin.1.jpg","width":960,"height":720},{"@type":"WebPage","@id":"https:\/\/www.visit-ulcinj.com\/blog\/2013\/03\/21\/ura-e-klleznes-te-evidentohet-ne-regjistrin-e-monumenteve-te-kultures\/#webpage","url":"https:\/\/www.visit-ulcinj.com\/blog\/2013\/03\/21\/ura-e-klleznes-te-evidentohet-ne-regjistrin-e-monumenteve-te-kultures\/","name":"Ura e Kllezn\u00ebs t\u00eb evidentohet n\u00eb regjistrin e monumenteve t\u00eb kultur\u00ebs - Lajme nga Ulqini","isPartOf":{"@id":"https:\/\/www.visit-ulcinj.com\/blog\/#website"},"primaryImageOfPage":{"@id":"https:\/\/www.visit-ulcinj.com\/blog\/2013\/03\/21\/ura-e-klleznes-te-evidentohet-ne-regjistrin-e-monumenteve-te-kultures\/#primaryimage"},"datePublished":"2013-03-21T12:33:42+00:00","dateModified":"2013-03-22T10:04:21+00:00","author":{"@id":"https:\/\/www.visit-ulcinj.com\/blog\/#\/schema\/person\/dcab619c614d3038751c63bc2aadc06d"},"description":"Ura e vjeter e Klleznes Kjo ur\u00eb \u00ebsht\u00eb nd\u00ebrtuar prej guri mbi p\u00ebrroin e Megjyre\u00e7it, n\u00eb vitin 1696, n\u00eb Kllezn\u00ebn e Sip\u00ebrme (komuna e Ulqinit). Ajo ka k\u00ebto","breadcrumb":{"@id":"https:\/\/www.visit-ulcinj.com\/blog\/2013\/03\/21\/ura-e-klleznes-te-evidentohet-ne-regjistrin-e-monumenteve-te-kultures\/#breadcrumb"},"inLanguage":"en-US","potentialAction":[{"@type":"ReadAction","target":["https:\/\/www.visit-ulcinj.com\/blog\/2013\/03\/21\/ura-e-klleznes-te-evidentohet-ne-regjistrin-e-monumenteve-te-kultures\/"]}]},{"@type":"BreadcrumbList","@id":"https:\/\/www.visit-ulcinj.com\/blog\/2013\/03\/21\/ura-e-klleznes-te-evidentohet-ne-regjistrin-e-monumenteve-te-kultures\/#breadcrumb","itemListElement":[{"@type":"ListItem","position":1,"name":"Ura e Kllezn\u00ebs t\u00eb evidentohet n\u00eb regjistrin e monumenteve t\u00eb kultur\u00ebs"}]},{"@type":"Person","@id":"https:\/\/www.visit-ulcinj.com\/blog\/#\/schema\/person\/dcab619c614d3038751c63bc2aadc06d","name":"ulqini","sameAs":["http:\/\/www.visit-ulcinj.com"],"url":"https:\/\/www.visit-ulcinj.com\/blog\/author\/admin\/"}]}},"jetpack_featured_media_url":"","jetpack_sharing_enabled":true,"jetpack_shortlink":"https:\/\/wp.me\/pe6lTn-iaZ","_links":{"self":[{"href":"https:\/\/www.visit-ulcinj.com\/blog\/wp-json\/wp\/v2\/posts\/69873"}],"collection":[{"href":"https:\/\/www.visit-ulcinj.com\/blog\/wp-json\/wp\/v2\/posts"}],"about":[{"href":"https:\/\/www.visit-ulcinj.com\/blog\/wp-json\/wp\/v2\/types\/post"}],"author":[{"embeddable":true,"href":"https:\/\/www.visit-ulcinj.com\/blog\/wp-json\/wp\/v2\/users\/1"}],"replies":[{"embeddable":true,"href":"https:\/\/www.visit-ulcinj.com\/blog\/wp-json\/wp\/v2\/comments?post=69873"}],"version-history":[{"count":3,"href":"https:\/\/www.visit-ulcinj.com\/blog\/wp-json\/wp\/v2\/posts\/69873\/revisions"}],"predecessor-version":[{"id":69922,"href":"https:\/\/www.visit-ulcinj.com\/blog\/wp-json\/wp\/v2\/posts\/69873\/revisions\/69922"}],"wp:attachment":[{"href":"https:\/\/www.visit-ulcinj.com\/blog\/wp-json\/wp\/v2\/media?parent=69873"}],"wp:term":[{"taxonomy":"category","embeddable":true,"href":"https:\/\/www.visit-ulcinj.com\/blog\/wp-json\/wp\/v2\/categories?post=69873"},{"taxonomy":"post_tag","embeddable":true,"href":"https:\/\/www.visit-ulcinj.com\/blog\/wp-json\/wp\/v2\/tags?post=69873"}],"curies":[{"name":"wp","href":"https:\/\/api.w.org\/{rel}","templated":true}]}}