{"id":69882,"date":"2013-03-21T18:27:18","date_gmt":"2013-03-21T17:27:18","guid":{"rendered":"http:\/\/www.visit-ulcinj.com\/blog\/?p=69882"},"modified":"2013-03-21T18:28:29","modified_gmt":"2013-03-21T17:28:29","slug":"arsimi-poliglot-me-gjyshe-nga-ulqini","status":"publish","type":"post","link":"https:\/\/www.visit-ulcinj.com\/blog\/2013\/03\/21\/arsimi-poliglot-me-gjyshe-nga-ulqini\/","title":{"rendered":"Arsimi  poliglot me gjyshe nga Ulqini"},"content":{"rendered":"<p><strong><a href=\"http:\/\/www.visit-ulcinj.com\/blog\/wp-content\/uploads\/2013\/03\/Arsim-Berishe-BigBrother-Albania-6.jpg\"><img loading=\"lazy\" class=\"alignleft  wp-image-69883\" alt=\"Arsim Berishe BigBrother Albania 6\" src=\"http:\/\/www.visit-ulcinj.com\/blog\/wp-content\/uploads\/2013\/03\/Arsim-Berishe-BigBrother-Albania-6.jpg\" width=\"508\" height=\"360\" \/><\/a>N\u00eb nj\u00eb rr\u00ebfim p\u00ebr suplementin ton\u00eb, k\u00ebt\u00eb radh\u00eb vjen motra e Arsimit, Arb\u00ebresha, e cila tregon f\u00ebmij\u00ebrin\u00eb dhe adoleshenc\u00ebn e v\u00ebllait t\u00eb saj.<\/strong><br \/>\n<strong> \u201cArsimi \u00ebsht\u00eb lindur dhe rritur n\u00eb Prizren dhe flet bukur gjuh\u00ebn shqipe.<\/strong><\/p>\n<p>Gjyshja ime e lindur n\u00eb Ulqin, e rritur n\u00eb Tiran\u00eb dhe e martuar n\u00eb Kosov\u00eb, e ruante me xhelozi gjuh\u00ebn e past\u00ebr shqipe dhe na m\u00ebsonte edhe ne nip\u00ebrve dhe mbesave t\u00eb flitet drejt, past\u00ebr e mir\u00eb dhe t\u00eb ting\u00eblloj\u00eb bukur ashtu si \u00ebsht\u00eb\u201d, thekson Arb\u00ebresha. \u201cNe jemi dy motra dhe v\u00eblla t\u00eb vet\u00ebm kemi Arsimin, por asnj\u00ebher\u00eb p\u00ebrk\u00ebdheljet nuk kan\u00eb qen\u00eb t\u00eb rezervuara ve\u00e7 p\u00ebr t\u00eb. Po e them pa modesti, babai \u00e7do her\u00eb na ka privilegjuar ne gocave e ve\u00e7an\u00ebrisht mua. Tek Arsimi ama asnj\u00ebher\u00eb nuk kemi v\u00ebrejtur ndonj\u00eb shenj\u00eb xhelozie, por k\u00ebsaj dashurie ia shtonte edhe bukurin\u00eb me kujdesin dhe gatishm\u00ebrin\u00eb q\u00eb t\u00eb ishte n\u00eb sh\u00ebrbimin ton\u00eb. \u00cbsht\u00eb natyr\u00eb e bukur dhe i ndjesh\u00ebm, e k\u00ebt\u00eb e ka trash\u00ebgim nga babai. Q\u00eb n\u00eb f\u00ebmij\u00ebri \u00ebsht\u00eb shquar p\u00ebr urt\u00ebsi dhe maturi, n\u00eb m\u00ebsime ka qen\u00eb shembullor. N\u00eb p\u00ebrfundim t\u00eb shkoll\u00ebs fillore \u00ebsht\u00eb shpallur nd\u00ebr nx\u00ebn\u00ebsit m\u00eb t\u00eb dalluar nga t\u00eb gjitha shkollat e qytetit dhe si shp\u00ebrblim fitoi nj\u00eb udh\u00ebtim n\u00eb Gjermani, p\u00ebrve\u00e7 dhuratave dhe mir\u00ebnjohjeve. Arsimi karakterizohet me aft\u00ebsin\u00eb e t\u00eb krijuarit shoq\u00ebri kudo q\u00eb shkon, sepse \u00ebsht\u00eb modest dhe ambientohet leht\u00eb. Si rezultat i k\u00ebsaj ka nj\u00eb shoq\u00ebri t\u00eb gjer\u00eb, normalisht asnj\u00ebher\u00eb s\u2019ka anashkaluar familjar\u00ebt. Shquhet p\u00ebr xhentiles\u00ebn dhe humorin e \u00ebmb\u00ebl q\u00eb ka. Ka aft\u00ebsi p\u00ebr gjuh\u00eb t\u00eb huaja dhe shkruan e flet rrjedhsh\u00ebm anglishten, por flet bukur edhe turqishten, kroatishten e gjermanishten, nd\u00ebrsa s\u00eb fundi ka m\u00ebsuar edhe spanjishten. N\u00eb aspektin profesional karakterizohet nga p\u00ebrgjegj\u00ebsia n\u00eb pun\u00eb dhe aft\u00ebsia e t\u00eb p\u00ebrvet\u00ebsuarit t\u00eb detyr\u00ebs s\u00eb marr\u00eb. Ai ka ushtruar detyr\u00ebn e menaxherit regjional n\u00eb Rrafshin e Dukagjinit, p\u00ebr llogari t\u00eb kompanis\u00eb amerikane t\u00eb sigurimeve AIG. Aktualisht punon n\u00eb nj\u00eb organizat\u00eb joqeveritare si menaxher i logjistik\u00ebs dhe nj\u00ebkoh\u00ebsisht punon si artist fotografie. Nd\u00ebrkoh\u00eb q\u00eb brenda spektaklit ajo thot\u00eb se Arsimin e karakterizon sinqeriteti dhe e v\u00ebrteta. \u201cBrenda spektaklit e shoh shum\u00eb origjinal si n\u00eb jet\u00ebn e p\u00ebrditshme, i qet\u00eb, i matur, jo konfliktual, me plot batuta dhe barsoleta, shum\u00eb i informuar, por pret koh\u00ebn e duhur t\u00eb shfaqet. Me sa kam v\u00ebrejtur, nominimi i Anaidit e ka m\u00ebrzitur shum\u00eb, sepse edhe vet\u00eb ka th\u00ebn\u00eb se nuk \u00ebsht\u00eb natyr\u00eb q\u00eb nd\u00ebshkon dik\u00eb pavar\u00ebsisht rrethanave, ndihet n\u00eb siklet t\u00eb madh dhe m\u00eb dhimbset. Ashtu si \u00ebsht\u00eb prezantuar, mua m\u00eb b\u00ebn t\u00eb ndihem krenare, e dua shum\u00eb, m\u00eb mungon dhe i uroj nga zemra suksese\u201d, p\u00ebrfundon Arb\u00ebresha Berisha, motra e Arsimit.<\/p>\n<p><strong>Panorama<\/strong><\/p>\n","protected":false},"excerpt":{"rendered":"<p>N\u00eb nj\u00eb rr\u00ebfim p\u00ebr suplementin ton\u00eb, k\u00ebt\u00eb radh\u00eb vjen motra e Arsimit, Arb\u00ebresha, e cila tregon f\u00ebmij\u00ebrin\u00eb dhe adoleshenc\u00ebn e v\u00ebllait t\u00eb saj. \u201cArsimi \u00ebsht\u00eb lindur dhe rritur n\u00eb Prizren dhe flet bukur gjuh\u00ebn shqipe. Gjyshja ime e lindur n\u00eb Ulqin, e rritur n\u00eb Tiran\u00eb dhe e martuar n\u00eb Kosov\u00eb, e ruante me xhelozi gjuh\u00ebn [&hellip;]<\/p>\n","protected":false},"author":1,"featured_media":0,"comment_status":"open","ping_status":"closed","sticky":false,"template":"","format":"standard","meta":{"spay_email":"","jetpack_publicize_message":"","jetpack_is_tweetstorm":false,"jetpack_publicize_feature_enabled":true},"categories":[1],"tags":[21944],"jetpack_publicize_connections":[],"yoast_head":"<!-- This site is optimized with the Yoast SEO plugin v19.1 - https:\/\/yoast.com\/wordpress\/plugins\/seo\/ -->\n<title>Arsimi poliglot me gjyshe nga Ulqini - Lajme nga Ulqini<\/title>\n<meta name=\"description\" content=\"N\u00eb nj\u00eb rr\u00ebfim p\u00ebr suplementin ton\u00eb, k\u00ebt\u00eb radh\u00eb vjen motra e Arsimit, Arb\u00ebresha, e cila tregon f\u00ebmij\u00ebrin\u00eb dhe adoleshenc\u00ebn e v\u00ebllait t\u00eb saj. \u201cArsimi \u00ebsht\u00eb\" \/>\n<meta name=\"robots\" content=\"index, follow, max-snippet:-1, max-image-preview:large, max-video-preview:-1\" \/>\n<link rel=\"canonical\" href=\"https:\/\/www.visit-ulcinj.com\/blog\/2013\/03\/21\/arsimi-poliglot-me-gjyshe-nga-ulqini\/\" \/>\n<meta property=\"og:locale\" content=\"en_US\" \/>\n<meta property=\"og:type\" content=\"article\" \/>\n<meta property=\"og:title\" content=\"Arsimi poliglot me gjyshe nga Ulqini - Lajme nga Ulqini\" \/>\n<meta property=\"og:description\" content=\"N\u00eb nj\u00eb rr\u00ebfim p\u00ebr suplementin ton\u00eb, k\u00ebt\u00eb radh\u00eb vjen motra e Arsimit, Arb\u00ebresha, e cila tregon f\u00ebmij\u00ebrin\u00eb dhe adoleshenc\u00ebn e v\u00ebllait t\u00eb saj. \u201cArsimi \u00ebsht\u00eb\" \/>\n<meta property=\"og:url\" content=\"https:\/\/www.visit-ulcinj.com\/blog\/2013\/03\/21\/arsimi-poliglot-me-gjyshe-nga-ulqini\/\" \/>\n<meta property=\"og:site_name\" content=\"Lajme nga Ulqini\" \/>\n<meta property=\"article:published_time\" content=\"2013-03-21T17:27:18+00:00\" \/>\n<meta property=\"article:modified_time\" content=\"2013-03-21T17:28:29+00:00\" \/>\n<meta property=\"og:image\" content=\"http:\/\/www.visit-ulcinj.com\/blog\/wp-content\/uploads\/2013\/03\/Arsim-Berishe-BigBrother-Albania-6.jpg\" \/>\n<meta name=\"twitter:label1\" content=\"Written by\" \/>\n\t<meta name=\"twitter:data1\" content=\"ulqini\" \/>\n\t<meta name=\"twitter:label2\" content=\"Est. reading time\" \/>\n\t<meta name=\"twitter:data2\" content=\"3 minutes\" \/>\n<script type=\"application\/ld+json\" class=\"yoast-schema-graph\">{\"@context\":\"https:\/\/schema.org\",\"@graph\":[{\"@type\":\"WebSite\",\"@id\":\"https:\/\/www.visit-ulcinj.com\/blog\/#website\",\"url\":\"https:\/\/www.visit-ulcinj.com\/blog\/\",\"name\":\"Lajme nga Ulqini\",\"description\":\"Lajme,Vijesti,Ulqini,Ulqin,Crna Gora,Mali i Zi\",\"potentialAction\":[{\"@type\":\"SearchAction\",\"target\":{\"@type\":\"EntryPoint\",\"urlTemplate\":\"https:\/\/www.visit-ulcinj.com\/blog\/?s={search_term_string}\"},\"query-input\":\"required name=search_term_string\"}],\"inLanguage\":\"en-US\"},{\"@type\":\"ImageObject\",\"inLanguage\":\"en-US\",\"@id\":\"https:\/\/www.visit-ulcinj.com\/blog\/2013\/03\/21\/arsimi-poliglot-me-gjyshe-nga-ulqini\/#primaryimage\",\"url\":\"http:\/\/www.visit-ulcinj.com\/blog\/wp-content\/uploads\/2013\/03\/Arsim-Berishe-BigBrother-Albania-6.jpg\",\"contentUrl\":\"http:\/\/www.visit-ulcinj.com\/blog\/wp-content\/uploads\/2013\/03\/Arsim-Berishe-BigBrother-Albania-6.jpg\"},{\"@type\":\"WebPage\",\"@id\":\"https:\/\/www.visit-ulcinj.com\/blog\/2013\/03\/21\/arsimi-poliglot-me-gjyshe-nga-ulqini\/#webpage\",\"url\":\"https:\/\/www.visit-ulcinj.com\/blog\/2013\/03\/21\/arsimi-poliglot-me-gjyshe-nga-ulqini\/\",\"name\":\"Arsimi poliglot me gjyshe nga Ulqini - Lajme nga Ulqini\",\"isPartOf\":{\"@id\":\"https:\/\/www.visit-ulcinj.com\/blog\/#website\"},\"primaryImageOfPage\":{\"@id\":\"https:\/\/www.visit-ulcinj.com\/blog\/2013\/03\/21\/arsimi-poliglot-me-gjyshe-nga-ulqini\/#primaryimage\"},\"datePublished\":\"2013-03-21T17:27:18+00:00\",\"dateModified\":\"2013-03-21T17:28:29+00:00\",\"author\":{\"@id\":\"https:\/\/www.visit-ulcinj.com\/blog\/#\/schema\/person\/dcab619c614d3038751c63bc2aadc06d\"},\"description\":\"N\u00eb nj\u00eb rr\u00ebfim p\u00ebr suplementin ton\u00eb, k\u00ebt\u00eb radh\u00eb vjen motra e Arsimit, Arb\u00ebresha, e cila tregon f\u00ebmij\u00ebrin\u00eb dhe adoleshenc\u00ebn e v\u00ebllait t\u00eb saj. \u201cArsimi \u00ebsht\u00eb\",\"breadcrumb\":{\"@id\":\"https:\/\/www.visit-ulcinj.com\/blog\/2013\/03\/21\/arsimi-poliglot-me-gjyshe-nga-ulqini\/#breadcrumb\"},\"inLanguage\":\"en-US\",\"potentialAction\":[{\"@type\":\"ReadAction\",\"target\":[\"https:\/\/www.visit-ulcinj.com\/blog\/2013\/03\/21\/arsimi-poliglot-me-gjyshe-nga-ulqini\/\"]}]},{\"@type\":\"BreadcrumbList\",\"@id\":\"https:\/\/www.visit-ulcinj.com\/blog\/2013\/03\/21\/arsimi-poliglot-me-gjyshe-nga-ulqini\/#breadcrumb\",\"itemListElement\":[{\"@type\":\"ListItem\",\"position\":1,\"name\":\"Arsimi poliglot me gjyshe nga Ulqini\"}]},{\"@type\":\"Person\",\"@id\":\"https:\/\/www.visit-ulcinj.com\/blog\/#\/schema\/person\/dcab619c614d3038751c63bc2aadc06d\",\"name\":\"ulqini\",\"sameAs\":[\"http:\/\/www.visit-ulcinj.com\"],\"url\":\"https:\/\/www.visit-ulcinj.com\/blog\/author\/admin\/\"}]}<\/script>\n<!-- \/ Yoast SEO plugin. -->","yoast_head_json":{"title":"Arsimi poliglot me gjyshe nga Ulqini - Lajme nga Ulqini","description":"N\u00eb nj\u00eb rr\u00ebfim p\u00ebr suplementin ton\u00eb, k\u00ebt\u00eb radh\u00eb vjen motra e Arsimit, Arb\u00ebresha, e cila tregon f\u00ebmij\u00ebrin\u00eb dhe adoleshenc\u00ebn e v\u00ebllait t\u00eb saj. \u201cArsimi \u00ebsht\u00eb","robots":{"index":"index","follow":"follow","max-snippet":"max-snippet:-1","max-image-preview":"max-image-preview:large","max-video-preview":"max-video-preview:-1"},"canonical":"https:\/\/www.visit-ulcinj.com\/blog\/2013\/03\/21\/arsimi-poliglot-me-gjyshe-nga-ulqini\/","og_locale":"en_US","og_type":"article","og_title":"Arsimi poliglot me gjyshe nga Ulqini - Lajme nga Ulqini","og_description":"N\u00eb nj\u00eb rr\u00ebfim p\u00ebr suplementin ton\u00eb, k\u00ebt\u00eb radh\u00eb vjen motra e Arsimit, Arb\u00ebresha, e cila tregon f\u00ebmij\u00ebrin\u00eb dhe adoleshenc\u00ebn e v\u00ebllait t\u00eb saj. \u201cArsimi \u00ebsht\u00eb","og_url":"https:\/\/www.visit-ulcinj.com\/blog\/2013\/03\/21\/arsimi-poliglot-me-gjyshe-nga-ulqini\/","og_site_name":"Lajme nga Ulqini","article_published_time":"2013-03-21T17:27:18+00:00","article_modified_time":"2013-03-21T17:28:29+00:00","og_image":[{"url":"http:\/\/www.visit-ulcinj.com\/blog\/wp-content\/uploads\/2013\/03\/Arsim-Berishe-BigBrother-Albania-6.jpg"}],"twitter_misc":{"Written by":"ulqini","Est. reading time":"3 minutes"},"schema":{"@context":"https:\/\/schema.org","@graph":[{"@type":"WebSite","@id":"https:\/\/www.visit-ulcinj.com\/blog\/#website","url":"https:\/\/www.visit-ulcinj.com\/blog\/","name":"Lajme nga Ulqini","description":"Lajme,Vijesti,Ulqini,Ulqin,Crna Gora,Mali i Zi","potentialAction":[{"@type":"SearchAction","target":{"@type":"EntryPoint","urlTemplate":"https:\/\/www.visit-ulcinj.com\/blog\/?s={search_term_string}"},"query-input":"required name=search_term_string"}],"inLanguage":"en-US"},{"@type":"ImageObject","inLanguage":"en-US","@id":"https:\/\/www.visit-ulcinj.com\/blog\/2013\/03\/21\/arsimi-poliglot-me-gjyshe-nga-ulqini\/#primaryimage","url":"http:\/\/www.visit-ulcinj.com\/blog\/wp-content\/uploads\/2013\/03\/Arsim-Berishe-BigBrother-Albania-6.jpg","contentUrl":"http:\/\/www.visit-ulcinj.com\/blog\/wp-content\/uploads\/2013\/03\/Arsim-Berishe-BigBrother-Albania-6.jpg"},{"@type":"WebPage","@id":"https:\/\/www.visit-ulcinj.com\/blog\/2013\/03\/21\/arsimi-poliglot-me-gjyshe-nga-ulqini\/#webpage","url":"https:\/\/www.visit-ulcinj.com\/blog\/2013\/03\/21\/arsimi-poliglot-me-gjyshe-nga-ulqini\/","name":"Arsimi poliglot me gjyshe nga Ulqini - Lajme nga Ulqini","isPartOf":{"@id":"https:\/\/www.visit-ulcinj.com\/blog\/#website"},"primaryImageOfPage":{"@id":"https:\/\/www.visit-ulcinj.com\/blog\/2013\/03\/21\/arsimi-poliglot-me-gjyshe-nga-ulqini\/#primaryimage"},"datePublished":"2013-03-21T17:27:18+00:00","dateModified":"2013-03-21T17:28:29+00:00","author":{"@id":"https:\/\/www.visit-ulcinj.com\/blog\/#\/schema\/person\/dcab619c614d3038751c63bc2aadc06d"},"description":"N\u00eb nj\u00eb rr\u00ebfim p\u00ebr suplementin ton\u00eb, k\u00ebt\u00eb radh\u00eb vjen motra e Arsimit, Arb\u00ebresha, e cila tregon f\u00ebmij\u00ebrin\u00eb dhe adoleshenc\u00ebn e v\u00ebllait t\u00eb saj. \u201cArsimi \u00ebsht\u00eb","breadcrumb":{"@id":"https:\/\/www.visit-ulcinj.com\/blog\/2013\/03\/21\/arsimi-poliglot-me-gjyshe-nga-ulqini\/#breadcrumb"},"inLanguage":"en-US","potentialAction":[{"@type":"ReadAction","target":["https:\/\/www.visit-ulcinj.com\/blog\/2013\/03\/21\/arsimi-poliglot-me-gjyshe-nga-ulqini\/"]}]},{"@type":"BreadcrumbList","@id":"https:\/\/www.visit-ulcinj.com\/blog\/2013\/03\/21\/arsimi-poliglot-me-gjyshe-nga-ulqini\/#breadcrumb","itemListElement":[{"@type":"ListItem","position":1,"name":"Arsimi poliglot me gjyshe nga Ulqini"}]},{"@type":"Person","@id":"https:\/\/www.visit-ulcinj.com\/blog\/#\/schema\/person\/dcab619c614d3038751c63bc2aadc06d","name":"ulqini","sameAs":["http:\/\/www.visit-ulcinj.com"],"url":"https:\/\/www.visit-ulcinj.com\/blog\/author\/admin\/"}]}},"jetpack_featured_media_url":"","jetpack_sharing_enabled":true,"jetpack_shortlink":"https:\/\/wp.me\/pe6lTn-ib8","_links":{"self":[{"href":"https:\/\/www.visit-ulcinj.com\/blog\/wp-json\/wp\/v2\/posts\/69882"}],"collection":[{"href":"https:\/\/www.visit-ulcinj.com\/blog\/wp-json\/wp\/v2\/posts"}],"about":[{"href":"https:\/\/www.visit-ulcinj.com\/blog\/wp-json\/wp\/v2\/types\/post"}],"author":[{"embeddable":true,"href":"https:\/\/www.visit-ulcinj.com\/blog\/wp-json\/wp\/v2\/users\/1"}],"replies":[{"embeddable":true,"href":"https:\/\/www.visit-ulcinj.com\/blog\/wp-json\/wp\/v2\/comments?post=69882"}],"version-history":[{"count":2,"href":"https:\/\/www.visit-ulcinj.com\/blog\/wp-json\/wp\/v2\/posts\/69882\/revisions"}],"predecessor-version":[{"id":69885,"href":"https:\/\/www.visit-ulcinj.com\/blog\/wp-json\/wp\/v2\/posts\/69882\/revisions\/69885"}],"wp:attachment":[{"href":"https:\/\/www.visit-ulcinj.com\/blog\/wp-json\/wp\/v2\/media?parent=69882"}],"wp:term":[{"taxonomy":"category","embeddable":true,"href":"https:\/\/www.visit-ulcinj.com\/blog\/wp-json\/wp\/v2\/categories?post=69882"},{"taxonomy":"post_tag","embeddable":true,"href":"https:\/\/www.visit-ulcinj.com\/blog\/wp-json\/wp\/v2\/tags?post=69882"}],"curies":[{"name":"wp","href":"https:\/\/api.w.org\/{rel}","templated":true}]}}