{"id":69886,"date":"2013-03-21T20:25:47","date_gmt":"2013-03-21T19:25:47","guid":{"rendered":"http:\/\/www.visit-ulcinj.com\/blog\/?p=69886"},"modified":"2013-04-02T11:14:40","modified_gmt":"2013-04-02T10:14:40","slug":"bahri-brisku-feston-80-vjetorin","status":"publish","type":"post","link":"https:\/\/www.visit-ulcinj.com\/blog\/2013\/03\/21\/bahri-brisku-feston-80-vjetorin\/","title":{"rendered":"Bahri Brisku feston 80 vjetorin"},"content":{"rendered":"<p><a href=\"http:\/\/www.visit-ulcinj.com\/blog\/wp-content\/uploads\/2013\/03\/Bahri-Brisku-Feston-80-vjetorin.1.jpg\"><img loading=\"lazy\" class=\"alignleft  wp-image-69889\" alt=\"Bahri Brisku Feston 80 vjetorin.1\" src=\"http:\/\/www.visit-ulcinj.com\/blog\/wp-content\/uploads\/2013\/03\/Bahri-Brisku-Feston-80-vjetorin.1.jpg\" width=\"508\" height=\"360\" \/><\/a>Bahri Brisku ka festuar t\u00eb ejten e kaluar 80 vjetorin e tij t\u00eb lindjes por t\u00eb njejten dit\u00eb u be dhe perurimi i librit <b>\u201cK\u00ebng\u00eb popullore t\u00eb shqiptar\u00ebve n\u00eb Mal t\u00eb Zi\u201d<\/b>. \u201cNderi i Kombit\u201d e festoi dit\u00eblindjen e tij tek sht\u00ebpia, nd\u00ebrkoh\u00eb q\u00eb urimet e shumta nga miqt\u00eb e koleg\u00eb i mori p\u00ebrmes telefonit dhe postimet t\u00eb urimeve n\u00eb faqen e tij n\u00eb Facebook.<\/p>\n<p>Bahri Brisku lindi m\u00eb 14.03.1933 n\u00eb Ulqin. Shkoll\u00ebn normale e kreu n\u00eb Shkup m\u00eb 1954, kurse shkoll\u00ebn e lart\u00eb pedagogjike (gjuh\u00eb dhe let\u00ebrsi shqipe) po ashtu n\u00eb Shkup, m\u00eb 1957. Studimet n\u00eb grupin e Let\u00ebtersis\u00eb Jugosllave dhe Bot\u00ebrore i kreu n\u00eb Fakultetin Filozofike t\u00eb Shkupit, m\u00eb 1961.<br \/>\n<a href=\"http:\/\/www.visit-ulcinj.com\/blog\/wp-content\/uploads\/2013\/03\/Bahri-Brisku-Feston-80-vjetorin.jpg\"><img loading=\"lazy\" class=\"alignleft  wp-image-69888\" alt=\"Bahri Brisku Feston 80 vjetorin\" src=\"http:\/\/www.visit-ulcinj.com\/blog\/wp-content\/uploads\/2013\/03\/Bahri-Brisku-Feston-80-vjetorin.jpg\" width=\"508\" height=\"300\" \/><\/a><br \/>\nN\u00eb Prishtin\u00eb ka kryer studimet pasuniversitare. Po k\u00ebtu ka mbrojtur tez\u00ebn e magjistratur\u00ebs (t\u00eb kandidatit t\u00eb shkencave n\u00eb tem\u00ebn &#8220;Lirika popullore n\u00eb trek\u00ebnshin&#8221; UIqin \u2011 shestan \u2011 Bregu i Bun\u00ebs&#8221;. Tez\u00ebn e doktoratur\u00ebs \u201cDeti dhe detar\u00ebt n\u00eb let\u00ebrsin\u00eb popullore shqiptare\u201d m\u00eb t\u00eb cil\u00ebn fiton grad\u00ebn shkencore Dr. i shkencave filologjike, e ka mbrojtur ne Universitetin e Kosov\u00ebs. P\u00ebr bindjet e tija politike komb\u00ebtare ka qen p\u00ebrher\u00eb i ndjekur dhe \u00ebsht\u00eb d\u00ebnuar disa her\u00eb nga ish pushteti bolshevik, i cili as nuk lejonte q\u00eb t\u00eb botoheshin punimet dhe studimet e tia. Ka punuar si pedagog dhe gazetar ne Kosov\u00eb e gjetiu. \u00cbsht\u00eb mbledh\u00ebs dhe studiues i folklorit. N\u00ebp\u00ebr revista dhe publikime t\u00eb tjera ka botuar af\u00ebr nj\u00eb qind studime nga l\u00ebmit e ndryshme shkencore. Ka botuar poezi dhe proza p\u00ebr f\u00ebmij\u00eb. Tani ka p\u00ebrgatitur p\u00ebr shtyp\u00a0: &#8220;S\u2019ka liri pa bashkim komb\u00ebtar&#8221;, (Studime dhe intervista) dhe &#8220;Deti dhe detar\u00ebt n\u00eb historin\u00eb dhe n\u00eb let\u00ebrsine popullore shqiptare\u201d. Pjesa ma e madhe e studimeve q\u00eb po i publikon n\u00eb vepr\u00ebn \u201cGjurmime Shqiptare\u201d\u00ad kan\u00eb qen\u00eb botuar n\u00ebp\u00ebra revista shkencore.<\/p>\n<p>U Magjistrua n\u00eb Universitetin e Prishtin\u00ebs me tem\u00ebn: &#8220;Lirika popullore n\u00eb trek\u00ebnd\u00ebshin Ulqin-Shestan-Bregu i Bun\u00ebs&#8221;, m\u00eb 1986. Nd\u00ebrkaq, m\u00eb 1990 mbrojti tez\u00ebn e doktorat\u00ebs me tem\u00ebn: &#8220;Detin dhe detar\u00ebt n\u00eb let\u00ebrsin\u00eb popullore shqiptare&#8221;.<\/p>\n<p>Ka qen\u00eb gazetar shum\u00ebvjecar i Rilindjes dhe kryeredaktor i revist\u00ebs &#8220;Horizonti&#8221;. Ka botuar fejtonet: &#8220;Shkrimtari bot\u00ebror Servantesi rob n\u00eb Kalan\u00eb e Ulqinit&#8221;, &#8220;Mozaiku i mbret\u00ebresh\u00ebs Teuta n\u00eb Risan dhe ishulli i saj pran\u00eb Visit&#8221;, &#8220;Detar\u00ebt mbar\u00ebshqiptar n\u00eb legjenda dhe krijme popullore&#8221; etj.<\/p>\n<p>N\u00eb shum\u00eb mediume n\u00eb Kosov\u00eb, n\u00eb Maqendoni, n\u00eb Mal t\u00eb Zi dhe n\u00eb Shqip\u00ebri ka botuar mbi 200 artikuj e trajtesa shkencore t\u00eb fushave t\u00eb ndryshme, sidomos nga folklori dhe etnologjia.<br \/>\n<a href=\"http:\/\/www.visit-ulcinj.com\/blog\/wp-content\/uploads\/2013\/03\/Bahri-Brisku_Perurimi-i-librit-ne-Ulqin.jpg\"><img loading=\"lazy\" class=\"alignleft  wp-image-69867\" alt=\"Bahri Brisku_Perurimi i librit ne Ulqin\" src=\"http:\/\/www.visit-ulcinj.com\/blog\/wp-content\/uploads\/2013\/03\/Bahri-Brisku_Perurimi-i-librit-ne-Ulqin.jpg\" width=\"508\" height=\"300\" \/><\/a><\/p>\n<p>Ai ka marr\u00eb pjes\u00eb me kumtesa n\u00eb shum\u00eb tubime shkencore nd\u00ebrkomb\u00ebtare, ku jan\u00eb trajtuar \u00e7\u00ebshtjet e ndryshme t\u00eb folklorit.<\/p>\n<p>Dr. Bahri Brisku ka botuar deri tani veprat: \u201cRudina magjike\u201d, \u201cStudime shqiptare\u201d, \u201cLirika popullore n\u00eb trek\u00ebnd\u00ebshin: Ulqin \u2013 Shestan \u2013 Bregu i Bun\u00ebs\u201d, \u201cDeti dhe detar\u00ebt n\u00eb let\u00ebrsin\u00eb popullore shqiptare\u201d, \u201cKusar\u00ebt dhe detar\u00ebt shqiptar\u00eb dhe kontributi i tyre n\u00eb mbrojtjen e autoktonis\u00eb shqiptare\u201d, \u201cGjurm\u00eb dhe hije\u201d (roman), \u201cPolemik\u00eb lidhur me falsifikimet shkencore kundra shqiptar\u00ebve t\u00eb Kapllan Buroviqit\u201d.<br \/>\n<a href=\"http:\/\/www.visit-ulcinj.com\/blog\/wp-content\/uploads\/2013\/03\/Bahri-Brisku_Perurimi-i-librit-ne-Ulqin.1.jpg\"><img loading=\"lazy\" class=\"alignleft  wp-image-69868\" alt=\"Bahri Brisku_Perurimi i librit ne Ulqin.1\" src=\"http:\/\/www.visit-ulcinj.com\/blog\/wp-content\/uploads\/2013\/03\/Bahri-Brisku_Perurimi-i-librit-ne-Ulqin.1.jpg\" width=\"508\" height=\"300\" \/><\/a><\/p>\n<p><strong>N\u00eb perurimin e libritDr. Bahri Brisku ka botuar librin \u201cK\u00ebng\u00eb popullore t\u00eb shqiptar\u00ebve n\u00eb Mal t\u00eb Zi\u201d.<\/strong><\/p>\n<p>N\u00eb lib\u00ebr jan\u00eb p\u00ebrfshir\u00eb 475 k\u00ebng\u00eb, t\u00eb cilat autori i ka mbledhur nga k\u00ebng\u00ebtar\u00eb t\u00eb t\u00eb gjitha trevave ku jetojn\u00eb shqiptar\u00ebt n\u00eb Mal t\u00eb Zi. K\u00ebng\u00ebt jan\u00eb ndar\u00eb sipas tematik\u00ebs n\u00eb 14 kapituj: Ninulat, K\u00ebng\u00eb dhe lojra t\u00eb f\u00ebmij\u00ebve, K\u00ebng\u00eb satirike, K\u00ebng\u00eb pune, K\u00ebng\u00eb dashurie, K\u00ebng\u00eb dasme, K\u00ebng\u00ebt e Rilindjes Komb\u00ebtare, K\u00ebng\u00eb popullore p\u00ebr ngjarjet e Lidhjes Shqiptare t\u00eb Prizrenit, Vajtimet, K\u00ebng\u00eb t\u00eb ndryshme, K\u00ebng\u00eb t\u00eb m\u00ebrgimit, K\u00ebng\u00eb baladike (baladat), K\u00ebng\u00eb qytetare dhe Epika (K\u00ebng\u00ebt kreshnike).<\/p>\n<p>N\u00eb parath\u00ebnien e librit, autori thot\u00eb se krijimtaria artistike popullore, kjo pasuri e madhe shpirt\u00ebrore, ka mbajtur gjall\u00eb fantazin\u00eb krijuese komb\u00ebtare n\u00ebp\u00ebr shekuj. Ashtu si dhe krijimet e tjera t\u00eb shqiptar\u00ebve n\u00eb Mal t\u00eb Zi, ajo prezanton nj\u00eb begati t\u00eb konsiderueshme t\u00eb kultur\u00ebs son\u00eb gjith\u00ebkomb\u00ebtare. Megjith\u00ebse pjesa m\u00eb e madhe e k\u00ebsaj krijimtarie ngjan me krijimet e hap\u00ebsirave t\u00eb tjera shqiptare, n\u00eb thesarin e k\u00ebtyre prodhimeve poetike popullore t\u00eb shqiptar\u00ebve n\u00eb Mal t\u00eb Zi qartas hetohen edhe krijime individuale, origjinale, me t\u00eb cilat pa hamendje begatohet folkloristika mbar\u00ebkomb\u00ebtare dhe ajo universale.<\/p>\n<p><em>\u00a0<\/em><strong>Prezantimi puna dhe aktiviteti i k\u00ebtij veprimtari t\u00eb madh\u00eb dhe nderi i kombit m\u00eb tep\u00ebr ne faqen e Facebookut.<\/strong><\/p>\n<p><strong><a href=\"https:\/\/www.facebook.com\/bahri.brisku\/photos_stream\" target=\"_blank\">Bahri Brisku Facebook<\/a><\/strong><\/p>\n<p><strong>Lajme nga Ulqini<br \/>\n\n\t\t<style type=\"text\/css\">\n\t\t\t#gallery-1 {\n\t\t\t\tmargin: auto;\n\t\t\t}\n\t\t\t#gallery-1 .gallery-item {\n\t\t\t\tfloat: left;\n\t\t\t\tmargin-top: 10px;\n\t\t\t\ttext-align: center;\n\t\t\t\twidth: 33%;\n\t\t\t}\n\t\t\t#gallery-1 img {\n\t\t\t\tborder: 2px solid #cfcfcf;\n\t\t\t}\n\t\t\t#gallery-1 .gallery-caption {\n\t\t\t\tmargin-left: 0;\n\t\t\t}\n\t\t\t\/* see gallery_shortcode() in wp-includes\/media.php *\/\n\t\t<\/style>\n\t\t<div id='gallery-1' class='gallery galleryid-69886 gallery-columns-3 gallery-size-thumbnail'><dl class='gallery-item'>\n\t\t\t<dt class='gallery-icon landscape'>\n\t\t\t\t<a href='https:\/\/www.visit-ulcinj.com\/blog\/2013\/03\/21\/bahri-brisku-feston-80-vjetorin\/bahri-brisku-feston-80-vjetorin-2\/'><img width=\"150\" height=\"150\" src=\"https:\/\/www.visit-ulcinj.com\/blog\/wp-content\/uploads\/2013\/03\/Bahri-Brisku-Feston-80-vjetorin.2-150x150.jpg\" class=\"attachment-thumbnail size-thumbnail\" alt=\"\" loading=\"lazy\" \/><\/a>\n\t\t\t<\/dt><\/dl><dl class='gallery-item'>\n\t\t\t<dt class='gallery-icon landscape'>\n\t\t\t\t<a href='https:\/\/www.visit-ulcinj.com\/blog\/2013\/03\/21\/bahri-brisku-feston-80-vjetorin\/bahri-brisku-feston-80-vjetorin-3\/'><img width=\"150\" height=\"150\" src=\"https:\/\/www.visit-ulcinj.com\/blog\/wp-content\/uploads\/2013\/03\/Bahri-Brisku-Feston-80-vjetorin.3-150x150.jpg\" class=\"attachment-thumbnail size-thumbnail\" alt=\"\" loading=\"lazy\" \/><\/a>\n\t\t\t<\/dt><\/dl><dl class='gallery-item'>\n\t\t\t<dt class='gallery-icon landscape'>\n\t\t\t\t<a href='https:\/\/www.visit-ulcinj.com\/blog\/2013\/03\/21\/bahri-brisku-feston-80-vjetorin\/bahri-brisku-feston-80-vjetorin-4\/'><img width=\"150\" height=\"150\" src=\"https:\/\/www.visit-ulcinj.com\/blog\/wp-content\/uploads\/2013\/03\/Bahri-Brisku-Feston-80-vjetorin.4-150x150.jpg\" class=\"attachment-thumbnail size-thumbnail\" alt=\"\" loading=\"lazy\" \/><\/a>\n\t\t\t<\/dt><\/dl><br style=\"clear: both\" \/><dl class='gallery-item'>\n\t\t\t<dt class='gallery-icon landscape'>\n\t\t\t\t<a href='https:\/\/www.visit-ulcinj.com\/blog\/2013\/03\/21\/bahri-brisku-feston-80-vjetorin\/bahri-brisku-ne-cikago-me-miqet-e-vet\/'><img width=\"150\" height=\"150\" src=\"https:\/\/www.visit-ulcinj.com\/blog\/wp-content\/uploads\/2013\/03\/Bahri-Brisku-ne-Cikago-me-miqet-e-vet-150x150.jpg\" class=\"attachment-thumbnail size-thumbnail\" alt=\"\" loading=\"lazy\" \/><\/a>\n\t\t\t<\/dt><\/dl><dl class='gallery-item'>\n\t\t\t<dt class='gallery-icon landscape'>\n\t\t\t\t<a href='https:\/\/www.visit-ulcinj.com\/blog\/2013\/03\/21\/bahri-brisku-feston-80-vjetorin\/bahri-brisku-ne-cikago\/'><img width=\"150\" height=\"150\" src=\"https:\/\/www.visit-ulcinj.com\/blog\/wp-content\/uploads\/2013\/03\/Bahri-Brisku-ne-Cikago-150x150.jpg\" class=\"attachment-thumbnail size-thumbnail\" alt=\"\" loading=\"lazy\" \/><\/a>\n\t\t\t<\/dt><\/dl><dl class='gallery-item'>\n\t\t\t<dt class='gallery-icon landscape'>\n\t\t\t\t<a href='https:\/\/www.visit-ulcinj.com\/blog\/2013\/03\/21\/bahri-brisku-feston-80-vjetorin\/bahri-brisku-ne-new-york-1\/'><img width=\"150\" height=\"150\" src=\"https:\/\/www.visit-ulcinj.com\/blog\/wp-content\/uploads\/2013\/03\/Bahri-Brisku-ne-NEW-YORK.1-150x150.jpg\" class=\"attachment-thumbnail size-thumbnail\" alt=\"\" loading=\"lazy\" \/><\/a>\n\t\t\t<\/dt><\/dl><br style=\"clear: both\" \/><dl class='gallery-item'>\n\t\t\t<dt class='gallery-icon landscape'>\n\t\t\t\t<a href='https:\/\/www.visit-ulcinj.com\/blog\/2013\/03\/21\/bahri-brisku-feston-80-vjetorin\/bahri-brisku-ne-new-york-2\/'><img width=\"150\" height=\"150\" src=\"https:\/\/www.visit-ulcinj.com\/blog\/wp-content\/uploads\/2013\/03\/Bahri-Brisku-ne-NEW-YORK.2-150x150.jpg\" class=\"attachment-thumbnail size-thumbnail\" alt=\"\" loading=\"lazy\" \/><\/a>\n\t\t\t<\/dt><\/dl><dl class='gallery-item'>\n\t\t\t<dt class='gallery-icon landscape'>\n\t\t\t\t<a href='https:\/\/www.visit-ulcinj.com\/blog\/2013\/03\/21\/bahri-brisku-feston-80-vjetorin\/bahri-brisku-ne-new-york\/'><img width=\"150\" height=\"150\" src=\"https:\/\/www.visit-ulcinj.com\/blog\/wp-content\/uploads\/2013\/03\/Bahri-Brisku-ne-NEW-YORK-150x150.jpg\" class=\"attachment-thumbnail size-thumbnail\" alt=\"\" loading=\"lazy\" \/><\/a>\n\t\t\t<\/dt><\/dl><dl class='gallery-item'>\n\t\t\t<dt class='gallery-icon landscape'>\n\t\t\t\t<a href='https:\/\/www.visit-ulcinj.com\/blog\/2013\/03\/21\/bahri-brisku-feston-80-vjetorin\/bahri-brisku_perurimi-i-librit-ne-ulqin-3-2\/'><img width=\"150\" height=\"150\" src=\"https:\/\/www.visit-ulcinj.com\/blog\/wp-content\/uploads\/2013\/03\/Bahri-Brisku_Perurimi-i-librit-ne-Ulqin.31-150x150.jpg\" class=\"attachment-thumbnail size-thumbnail\" alt=\"\" loading=\"lazy\" \/><\/a>\n\t\t\t<\/dt><\/dl><br style=\"clear: both\" \/>\n\t\t<\/div>\n<br \/>\n<\/strong><\/p>\n","protected":false},"excerpt":{"rendered":"<p>Bahri Brisku ka festuar t\u00eb ejten e kaluar 80 vjetorin e tij t\u00eb lindjes por t\u00eb njejten dit\u00eb u be dhe perurimi i librit \u201cK\u00ebng\u00eb popullore t\u00eb shqiptar\u00ebve n\u00eb Mal t\u00eb Zi\u201d. \u201cNderi i Kombit\u201d e festoi dit\u00eblindjen e tij tek sht\u00ebpia, nd\u00ebrkoh\u00eb q\u00eb urimet e shumta nga miqt\u00eb e koleg\u00eb i mori p\u00ebrmes telefonit [&hellip;]<\/p>\n","protected":false},"author":1,"featured_media":0,"comment_status":"open","ping_status":"closed","sticky":false,"template":"","format":"standard","meta":{"spay_email":"","jetpack_publicize_message":"","jetpack_is_tweetstorm":false,"jetpack_publicize_feature_enabled":true},"categories":[4,11],"tags":[21945,985,200,18],"jetpack_publicize_connections":[],"yoast_head":"<!-- This site is optimized with the Yoast SEO plugin v19.1 - https:\/\/yoast.com\/wordpress\/plugins\/seo\/ -->\n<title>Bahri Brisku feston 80 vjetorin - Lajme nga Ulqini<\/title>\n<meta name=\"description\" content=\"Bahri Brisku ka festuar t\u00eb ejten e kaluar 80 vjetorin e tij t\u00eb lindjes por t\u00eb njejten dit\u00eb u be dhe perurimi i librit \u201cK\u00ebng\u00eb popullore t\u00eb shqiptar\u00ebve n\u00eb\" \/>\n<meta name=\"robots\" content=\"index, follow, max-snippet:-1, max-image-preview:large, max-video-preview:-1\" \/>\n<link rel=\"canonical\" href=\"https:\/\/www.visit-ulcinj.com\/blog\/2013\/03\/21\/bahri-brisku-feston-80-vjetorin\/\" \/>\n<meta property=\"og:locale\" content=\"en_US\" \/>\n<meta property=\"og:type\" content=\"article\" \/>\n<meta property=\"og:title\" content=\"Bahri Brisku feston 80 vjetorin - Lajme nga Ulqini\" \/>\n<meta property=\"og:description\" content=\"Bahri Brisku ka festuar t\u00eb ejten e kaluar 80 vjetorin e tij t\u00eb lindjes por t\u00eb njejten dit\u00eb u be dhe perurimi i librit \u201cK\u00ebng\u00eb popullore t\u00eb shqiptar\u00ebve n\u00eb\" \/>\n<meta property=\"og:url\" content=\"https:\/\/www.visit-ulcinj.com\/blog\/2013\/03\/21\/bahri-brisku-feston-80-vjetorin\/\" \/>\n<meta property=\"og:site_name\" content=\"Lajme nga Ulqini\" \/>\n<meta property=\"article:published_time\" content=\"2013-03-21T19:25:47+00:00\" \/>\n<meta property=\"article:modified_time\" content=\"2013-04-02T10:14:40+00:00\" \/>\n<meta property=\"og:image\" content=\"https:\/\/www.visit-ulcinj.com\/blog\/wp-content\/uploads\/2013\/03\/Bahri-Brisku-Feston-80-vjetorin.2-150x150.jpg\" \/>\n<meta name=\"twitter:label1\" content=\"Written by\" \/>\n\t<meta name=\"twitter:data1\" content=\"ulqini\" \/>\n\t<meta name=\"twitter:label2\" content=\"Est. reading time\" \/>\n\t<meta name=\"twitter:data2\" content=\"4 minutes\" \/>\n<script type=\"application\/ld+json\" class=\"yoast-schema-graph\">{\"@context\":\"https:\/\/schema.org\",\"@graph\":[{\"@type\":\"WebSite\",\"@id\":\"https:\/\/www.visit-ulcinj.com\/blog\/#website\",\"url\":\"https:\/\/www.visit-ulcinj.com\/blog\/\",\"name\":\"Lajme nga Ulqini\",\"description\":\"Lajme,Vijesti,Ulqini,Ulqin,Crna Gora,Mali i Zi\",\"potentialAction\":[{\"@type\":\"SearchAction\",\"target\":{\"@type\":\"EntryPoint\",\"urlTemplate\":\"https:\/\/www.visit-ulcinj.com\/blog\/?s={search_term_string}\"},\"query-input\":\"required name=search_term_string\"}],\"inLanguage\":\"en-US\"},{\"@type\":\"ImageObject\",\"inLanguage\":\"en-US\",\"@id\":\"https:\/\/www.visit-ulcinj.com\/blog\/2013\/03\/21\/bahri-brisku-feston-80-vjetorin\/#primaryimage\",\"url\":\"https:\/\/www.visit-ulcinj.com\/blog\/wp-content\/uploads\/2013\/03\/Bahri-Brisku-Feston-80-vjetorin.1.jpg\",\"contentUrl\":\"https:\/\/www.visit-ulcinj.com\/blog\/wp-content\/uploads\/2013\/03\/Bahri-Brisku-Feston-80-vjetorin.1.jpg\",\"width\":692,\"height\":598},{\"@type\":\"WebPage\",\"@id\":\"https:\/\/www.visit-ulcinj.com\/blog\/2013\/03\/21\/bahri-brisku-feston-80-vjetorin\/#webpage\",\"url\":\"https:\/\/www.visit-ulcinj.com\/blog\/2013\/03\/21\/bahri-brisku-feston-80-vjetorin\/\",\"name\":\"Bahri Brisku feston 80 vjetorin - Lajme nga Ulqini\",\"isPartOf\":{\"@id\":\"https:\/\/www.visit-ulcinj.com\/blog\/#website\"},\"primaryImageOfPage\":{\"@id\":\"https:\/\/www.visit-ulcinj.com\/blog\/2013\/03\/21\/bahri-brisku-feston-80-vjetorin\/#primaryimage\"},\"datePublished\":\"2013-03-21T19:25:47+00:00\",\"dateModified\":\"2013-04-02T10:14:40+00:00\",\"author\":{\"@id\":\"https:\/\/www.visit-ulcinj.com\/blog\/#\/schema\/person\/dcab619c614d3038751c63bc2aadc06d\"},\"description\":\"Bahri Brisku ka festuar t\u00eb ejten e kaluar 80 vjetorin e tij t\u00eb lindjes por t\u00eb njejten dit\u00eb u be dhe perurimi i librit \u201cK\u00ebng\u00eb popullore t\u00eb shqiptar\u00ebve n\u00eb\",\"breadcrumb\":{\"@id\":\"https:\/\/www.visit-ulcinj.com\/blog\/2013\/03\/21\/bahri-brisku-feston-80-vjetorin\/#breadcrumb\"},\"inLanguage\":\"en-US\",\"potentialAction\":[{\"@type\":\"ReadAction\",\"target\":[\"https:\/\/www.visit-ulcinj.com\/blog\/2013\/03\/21\/bahri-brisku-feston-80-vjetorin\/\"]}]},{\"@type\":\"BreadcrumbList\",\"@id\":\"https:\/\/www.visit-ulcinj.com\/blog\/2013\/03\/21\/bahri-brisku-feston-80-vjetorin\/#breadcrumb\",\"itemListElement\":[{\"@type\":\"ListItem\",\"position\":1,\"name\":\"Bahri Brisku feston 80 vjetorin\"}]},{\"@type\":\"Person\",\"@id\":\"https:\/\/www.visit-ulcinj.com\/blog\/#\/schema\/person\/dcab619c614d3038751c63bc2aadc06d\",\"name\":\"ulqini\",\"sameAs\":[\"http:\/\/www.visit-ulcinj.com\"],\"url\":\"https:\/\/www.visit-ulcinj.com\/blog\/author\/admin\/\"}]}<\/script>\n<!-- \/ Yoast SEO plugin. -->","yoast_head_json":{"title":"Bahri Brisku feston 80 vjetorin - Lajme nga Ulqini","description":"Bahri Brisku ka festuar t\u00eb ejten e kaluar 80 vjetorin e tij t\u00eb lindjes por t\u00eb njejten dit\u00eb u be dhe perurimi i librit \u201cK\u00ebng\u00eb popullore t\u00eb shqiptar\u00ebve n\u00eb","robots":{"index":"index","follow":"follow","max-snippet":"max-snippet:-1","max-image-preview":"max-image-preview:large","max-video-preview":"max-video-preview:-1"},"canonical":"https:\/\/www.visit-ulcinj.com\/blog\/2013\/03\/21\/bahri-brisku-feston-80-vjetorin\/","og_locale":"en_US","og_type":"article","og_title":"Bahri Brisku feston 80 vjetorin - Lajme nga Ulqini","og_description":"Bahri Brisku ka festuar t\u00eb ejten e kaluar 80 vjetorin e tij t\u00eb lindjes por t\u00eb njejten dit\u00eb u be dhe perurimi i librit \u201cK\u00ebng\u00eb popullore t\u00eb shqiptar\u00ebve n\u00eb","og_url":"https:\/\/www.visit-ulcinj.com\/blog\/2013\/03\/21\/bahri-brisku-feston-80-vjetorin\/","og_site_name":"Lajme nga Ulqini","article_published_time":"2013-03-21T19:25:47+00:00","article_modified_time":"2013-04-02T10:14:40+00:00","og_image":[{"url":"https:\/\/www.visit-ulcinj.com\/blog\/wp-content\/uploads\/2013\/03\/Bahri-Brisku-Feston-80-vjetorin.2-150x150.jpg"}],"twitter_misc":{"Written by":"ulqini","Est. reading time":"4 minutes"},"schema":{"@context":"https:\/\/schema.org","@graph":[{"@type":"WebSite","@id":"https:\/\/www.visit-ulcinj.com\/blog\/#website","url":"https:\/\/www.visit-ulcinj.com\/blog\/","name":"Lajme nga Ulqini","description":"Lajme,Vijesti,Ulqini,Ulqin,Crna Gora,Mali i Zi","potentialAction":[{"@type":"SearchAction","target":{"@type":"EntryPoint","urlTemplate":"https:\/\/www.visit-ulcinj.com\/blog\/?s={search_term_string}"},"query-input":"required name=search_term_string"}],"inLanguage":"en-US"},{"@type":"ImageObject","inLanguage":"en-US","@id":"https:\/\/www.visit-ulcinj.com\/blog\/2013\/03\/21\/bahri-brisku-feston-80-vjetorin\/#primaryimage","url":"https:\/\/www.visit-ulcinj.com\/blog\/wp-content\/uploads\/2013\/03\/Bahri-Brisku-Feston-80-vjetorin.1.jpg","contentUrl":"https:\/\/www.visit-ulcinj.com\/blog\/wp-content\/uploads\/2013\/03\/Bahri-Brisku-Feston-80-vjetorin.1.jpg","width":692,"height":598},{"@type":"WebPage","@id":"https:\/\/www.visit-ulcinj.com\/blog\/2013\/03\/21\/bahri-brisku-feston-80-vjetorin\/#webpage","url":"https:\/\/www.visit-ulcinj.com\/blog\/2013\/03\/21\/bahri-brisku-feston-80-vjetorin\/","name":"Bahri Brisku feston 80 vjetorin - Lajme nga Ulqini","isPartOf":{"@id":"https:\/\/www.visit-ulcinj.com\/blog\/#website"},"primaryImageOfPage":{"@id":"https:\/\/www.visit-ulcinj.com\/blog\/2013\/03\/21\/bahri-brisku-feston-80-vjetorin\/#primaryimage"},"datePublished":"2013-03-21T19:25:47+00:00","dateModified":"2013-04-02T10:14:40+00:00","author":{"@id":"https:\/\/www.visit-ulcinj.com\/blog\/#\/schema\/person\/dcab619c614d3038751c63bc2aadc06d"},"description":"Bahri Brisku ka festuar t\u00eb ejten e kaluar 80 vjetorin e tij t\u00eb lindjes por t\u00eb njejten dit\u00eb u be dhe perurimi i librit \u201cK\u00ebng\u00eb popullore t\u00eb shqiptar\u00ebve n\u00eb","breadcrumb":{"@id":"https:\/\/www.visit-ulcinj.com\/blog\/2013\/03\/21\/bahri-brisku-feston-80-vjetorin\/#breadcrumb"},"inLanguage":"en-US","potentialAction":[{"@type":"ReadAction","target":["https:\/\/www.visit-ulcinj.com\/blog\/2013\/03\/21\/bahri-brisku-feston-80-vjetorin\/"]}]},{"@type":"BreadcrumbList","@id":"https:\/\/www.visit-ulcinj.com\/blog\/2013\/03\/21\/bahri-brisku-feston-80-vjetorin\/#breadcrumb","itemListElement":[{"@type":"ListItem","position":1,"name":"Bahri Brisku feston 80 vjetorin"}]},{"@type":"Person","@id":"https:\/\/www.visit-ulcinj.com\/blog\/#\/schema\/person\/dcab619c614d3038751c63bc2aadc06d","name":"ulqini","sameAs":["http:\/\/www.visit-ulcinj.com"],"url":"https:\/\/www.visit-ulcinj.com\/blog\/author\/admin\/"}]}},"jetpack_featured_media_url":"","jetpack_sharing_enabled":true,"jetpack_shortlink":"https:\/\/wp.me\/pe6lTn-ibc","_links":{"self":[{"href":"https:\/\/www.visit-ulcinj.com\/blog\/wp-json\/wp\/v2\/posts\/69886"}],"collection":[{"href":"https:\/\/www.visit-ulcinj.com\/blog\/wp-json\/wp\/v2\/posts"}],"about":[{"href":"https:\/\/www.visit-ulcinj.com\/blog\/wp-json\/wp\/v2\/types\/post"}],"author":[{"embeddable":true,"href":"https:\/\/www.visit-ulcinj.com\/blog\/wp-json\/wp\/v2\/users\/1"}],"replies":[{"embeddable":true,"href":"https:\/\/www.visit-ulcinj.com\/blog\/wp-json\/wp\/v2\/comments?post=69886"}],"version-history":[{"count":6,"href":"https:\/\/www.visit-ulcinj.com\/blog\/wp-json\/wp\/v2\/posts\/69886\/revisions"}],"predecessor-version":[{"id":70273,"href":"https:\/\/www.visit-ulcinj.com\/blog\/wp-json\/wp\/v2\/posts\/69886\/revisions\/70273"}],"wp:attachment":[{"href":"https:\/\/www.visit-ulcinj.com\/blog\/wp-json\/wp\/v2\/media?parent=69886"}],"wp:term":[{"taxonomy":"category","embeddable":true,"href":"https:\/\/www.visit-ulcinj.com\/blog\/wp-json\/wp\/v2\/categories?post=69886"},{"taxonomy":"post_tag","embeddable":true,"href":"https:\/\/www.visit-ulcinj.com\/blog\/wp-json\/wp\/v2\/tags?post=69886"}],"curies":[{"name":"wp","href":"https:\/\/api.w.org\/{rel}","templated":true}]}}