{"id":699,"date":"2008-02-28T13:03:48","date_gmt":"2008-02-28T18:03:48","guid":{"rendered":"http:\/\/www.visit-ulcinj.com\/blog\/2008\/02\/28\/%e2%80%9egute-perspektive-fur-die-europaische-integration-montenegros%e2%80%9c\/"},"modified":"2008-02-28T13:03:48","modified_gmt":"2008-02-28T18:03:48","slug":"%e2%80%9egute-perspektive-fur-die-europaische-integration-montenegros%e2%80%9c","status":"publish","type":"post","link":"https:\/\/www.visit-ulcinj.com\/blog\/2008\/02\/28\/%e2%80%9egute-perspektive-fur-die-europaische-integration-montenegros%e2%80%9c\/","title":{"rendered":"\u201eGute Perspektive f\u00fcr die europ\u00e4ische Integration Montenegros\u201c"},"content":{"rendered":"<p><img loading=\"lazy\" src=\"http:\/\/www.dw-world.de\/image\/0,,2727404_4,00.jpg\" align=\"left\" height=\"187\" width=\"253\" \/><strong>Gernot Erler, Staatsminister im Ausw\u00e4rtigen Amt, besucht vom 27.-29. Februar Montenegro. Vorab sagte er der Deutschen Welle, nach dem Unabh\u00e4ngigkeitsvotum im Kosovo bestehe keine Gefahr f\u00fcr die Stabilit\u00e4t der Region. DW-S\u00fcdosteuropa: Was ist der Zweck Ihrer Reise nach Montenegro?<\/strong><br \/>\nGernot Erler: Es ist ein sehr umfangreiches Programm, was mir die M\u00f6glichkeit gibt, wenige Wochen vor den Pr\u00e4sidentschaftswahlen die Kandidatinnen und Kandidaten kennenzulernen und au\u00dferdem aktuelle Gespr\u00e4che zu f\u00fchren &#8211; nat\u00fcrlich jetzt im Umfeld der Entscheidung \u00fcber den k\u00fcnftigen Status des Kosovo. Es ist nat\u00fcrlich f\u00fcr uns sehr wichtig zu erfahren, wie diese Entscheidung in Montenegro aufgenommen und verarbeitet wird.<br \/>\nBef\u00fcrchten Sie, dass das Land angesichts des gro\u00dfen serbischen Bev\u00f6lkerungsanteils dauerhaft destabilisiert werden k\u00f6nnte?<br \/>\nDas w\u00e4re genau entgegen unserem Interesse. Wir haben an einer stabilen Entwicklung der ganzen Westbalkan-Region einschlie\u00dflich Montenegros ein gro\u00dfes Interesse. Mein Besuch ist auch ein Zeichen f\u00fcr die Ernsthaftigkeit dieses Interesses.<br \/>\nMontenegros Au\u00dfenminister Milan Rocen hat gesagt, man werde das Kosovo anerkennen, sobald es keine Gefahr f\u00fcr Montenegro mehr darstelle. Glauben Sie, dass das jemals der Fall sein wird?<br \/>\nIch glaube, dass eine Gefahr von Kosovo f\u00fcr Montenegro nicht vorstellbar ist. Wir haben das Gef\u00fchl, dass die Zusammenarbeit mit der Regierung dort gut verl\u00e4uft. Ganz wichtig ist nat\u00fcrlich, dass die Zusagen eingehalten werden, dass der Plan des UN-Sondergesandten Martti Ahtisaari als Grundlage anerkannt und auch voll umgesetzt wird, und dass auch die Zusammenarbeit mit der internationalen Mission, die die EU vorbereitet, die EULEX-Mission und nat\u00fcrlich auch mit KFOR und UNMIK reibungslos verl\u00e4uft. Aber bisher gibt es daran keinen Zweifel. Dann kann auch regional keine Irritation oder keine Unsicherheit von der Entwicklung im Kosovo ausgehen.<br \/>\nDie europ\u00e4ische Integration Montenegros wird ebenfalls ein Thema Ihrer Gespr\u00e4che in Podgorica sein. Welche Botschaften werden Sie \u00fcberbringen?<br \/>\nWir sind sehr zufrieden damit, dass wir am 15. Oktober letzten Jahres das Stabilisierungs- und Assoziierungsabkommen unterzeichnen konnten und dass wir mitten in einem Prozess der Visa-Erleichterungen sind. In diesen Tagen finden wieder Gespr\u00e4che \u00fcber eine weitere Vereinfachung statt. Wir wissen, wie wichtig das f\u00fcr die Menschen in Montenegro ist. Die Botschaft wird sein, dass es auf der Basis des Stabilisierungs- und Assoziierungsabkommens und dessen konkreter Umsetzung eine gute Perspektive f\u00fcr die europ\u00e4ische Integration Montenegros gibt. Und wir brauchen Montenegro als Partner, um auch in dieser schwierigen Situation \u2013 der Phase der Unabh\u00e4ngigkeitsentwicklung im Kosovo \u2013 einen Beitrag zur Stabilisierung der ganzen Westbalkan-Region zu leisten.<br \/>\n<a href=\"http:\/\/www.dw-world.de\/dw\/article\/0,2144,3157226,00.html\" target=\"_blank\">Das Interview f\u00fchrte Goran Goic<\/a><\/p>\n","protected":false},"excerpt":{"rendered":"<p><img loading=\"lazy\" src=\"http:\/\/www.dw-world.de\/image\/0,,2727404_4,00.jpg\" align=\"left\" height=\"140\" width=\"140\" \/><\/p>\n","protected":false},"author":1,"featured_media":0,"comment_status":"open","ping_status":"closed","sticky":false,"template":"","format":"standard","meta":{"spay_email":"","jetpack_publicize_message":"","jetpack_is_tweetstorm":false,"jetpack_publicize_feature_enabled":true},"categories":[12],"tags":[1965,2038,2037,1963,788,1683,79,92],"jetpack_publicize_connections":[],"yoast_head":"<!-- This site is optimized with the Yoast SEO plugin v19.1 - https:\/\/yoast.com\/wordpress\/plugins\/seo\/ -->\n<title>\u201eGute Perspektive f\u00fcr die europ\u00e4ische Integration Montenegros\u201c - Lajme nga Ulqini<\/title>\n<meta name=\"robots\" content=\"index, follow, max-snippet:-1, max-image-preview:large, max-video-preview:-1\" \/>\n<link rel=\"canonical\" href=\"https:\/\/www.visit-ulcinj.com\/blog\/2008\/02\/28\/\u201egute-perspektive-fur-die-europaische-integration-montenegros\u201c\/\" \/>\n<meta property=\"og:locale\" content=\"en_US\" \/>\n<meta property=\"og:type\" content=\"article\" \/>\n<meta property=\"og:title\" content=\"\u201eGute Perspektive f\u00fcr die europ\u00e4ische Integration Montenegros\u201c - Lajme nga Ulqini\" \/>\n<meta property=\"og:url\" content=\"https:\/\/www.visit-ulcinj.com\/blog\/2008\/02\/28\/\u201egute-perspektive-fur-die-europaische-integration-montenegros\u201c\/\" \/>\n<meta property=\"og:site_name\" content=\"Lajme nga Ulqini\" \/>\n<meta property=\"article:published_time\" content=\"2008-02-28T18:03:48+00:00\" \/>\n<meta property=\"og:image\" content=\"http:\/\/www.dw-world.de\/image\/0,,2727404_4,00.jpg\" \/>\n<meta name=\"twitter:label1\" content=\"Written by\" \/>\n\t<meta name=\"twitter:data1\" content=\"ulqini\" \/>\n\t<meta name=\"twitter:label2\" content=\"Est. reading time\" \/>\n\t<meta name=\"twitter:data2\" content=\"2 minutes\" \/>\n<script type=\"application\/ld+json\" class=\"yoast-schema-graph\">{\"@context\":\"https:\/\/schema.org\",\"@graph\":[{\"@type\":\"WebSite\",\"@id\":\"https:\/\/www.visit-ulcinj.com\/blog\/#website\",\"url\":\"https:\/\/www.visit-ulcinj.com\/blog\/\",\"name\":\"Lajme nga Ulqini\",\"description\":\"Lajme,Vijesti,Ulqini,Ulqin,Crna Gora,Mali i Zi\",\"potentialAction\":[{\"@type\":\"SearchAction\",\"target\":{\"@type\":\"EntryPoint\",\"urlTemplate\":\"https:\/\/www.visit-ulcinj.com\/blog\/?s={search_term_string}\"},\"query-input\":\"required name=search_term_string\"}],\"inLanguage\":\"en-US\"},{\"@type\":\"ImageObject\",\"inLanguage\":\"en-US\",\"@id\":\"https:\/\/www.visit-ulcinj.com\/blog\/2008\/02\/28\/%e2%80%9egute-perspektive-fur-die-europaische-integration-montenegros%e2%80%9c\/#primaryimage\",\"url\":\"http:\/\/www.dw-world.de\/image\/0,,2727404_4,00.jpg\",\"contentUrl\":\"http:\/\/www.dw-world.de\/image\/0,,2727404_4,00.jpg\"},{\"@type\":\"WebPage\",\"@id\":\"https:\/\/www.visit-ulcinj.com\/blog\/2008\/02\/28\/%e2%80%9egute-perspektive-fur-die-europaische-integration-montenegros%e2%80%9c\/#webpage\",\"url\":\"https:\/\/www.visit-ulcinj.com\/blog\/2008\/02\/28\/%e2%80%9egute-perspektive-fur-die-europaische-integration-montenegros%e2%80%9c\/\",\"name\":\"\u201eGute Perspektive f\u00fcr die europ\u00e4ische Integration Montenegros\u201c - Lajme nga Ulqini\",\"isPartOf\":{\"@id\":\"https:\/\/www.visit-ulcinj.com\/blog\/#website\"},\"primaryImageOfPage\":{\"@id\":\"https:\/\/www.visit-ulcinj.com\/blog\/2008\/02\/28\/%e2%80%9egute-perspektive-fur-die-europaische-integration-montenegros%e2%80%9c\/#primaryimage\"},\"datePublished\":\"2008-02-28T18:03:48+00:00\",\"dateModified\":\"2008-02-28T18:03:48+00:00\",\"author\":{\"@id\":\"https:\/\/www.visit-ulcinj.com\/blog\/#\/schema\/person\/dcab619c614d3038751c63bc2aadc06d\"},\"breadcrumb\":{\"@id\":\"https:\/\/www.visit-ulcinj.com\/blog\/2008\/02\/28\/%e2%80%9egute-perspektive-fur-die-europaische-integration-montenegros%e2%80%9c\/#breadcrumb\"},\"inLanguage\":\"en-US\",\"potentialAction\":[{\"@type\":\"ReadAction\",\"target\":[\"https:\/\/www.visit-ulcinj.com\/blog\/2008\/02\/28\/%e2%80%9egute-perspektive-fur-die-europaische-integration-montenegros%e2%80%9c\/\"]}]},{\"@type\":\"BreadcrumbList\",\"@id\":\"https:\/\/www.visit-ulcinj.com\/blog\/2008\/02\/28\/%e2%80%9egute-perspektive-fur-die-europaische-integration-montenegros%e2%80%9c\/#breadcrumb\",\"itemListElement\":[{\"@type\":\"ListItem\",\"position\":1,\"name\":\"\u201eGute Perspektive f\u00fcr die europ\u00e4ische Integration Montenegros\u201c\"}]},{\"@type\":\"Person\",\"@id\":\"https:\/\/www.visit-ulcinj.com\/blog\/#\/schema\/person\/dcab619c614d3038751c63bc2aadc06d\",\"name\":\"ulqini\",\"sameAs\":[\"http:\/\/www.visit-ulcinj.com\"],\"url\":\"https:\/\/www.visit-ulcinj.com\/blog\/author\/admin\/\"}]}<\/script>\n<!-- \/ Yoast SEO plugin. -->","yoast_head_json":{"title":"\u201eGute Perspektive f\u00fcr die europ\u00e4ische Integration Montenegros\u201c - Lajme nga Ulqini","robots":{"index":"index","follow":"follow","max-snippet":"max-snippet:-1","max-image-preview":"max-image-preview:large","max-video-preview":"max-video-preview:-1"},"canonical":"https:\/\/www.visit-ulcinj.com\/blog\/2008\/02\/28\/\u201egute-perspektive-fur-die-europaische-integration-montenegros\u201c\/","og_locale":"en_US","og_type":"article","og_title":"\u201eGute Perspektive f\u00fcr die europ\u00e4ische Integration Montenegros\u201c - Lajme nga Ulqini","og_url":"https:\/\/www.visit-ulcinj.com\/blog\/2008\/02\/28\/\u201egute-perspektive-fur-die-europaische-integration-montenegros\u201c\/","og_site_name":"Lajme nga Ulqini","article_published_time":"2008-02-28T18:03:48+00:00","og_image":[{"url":"http:\/\/www.dw-world.de\/image\/0,,2727404_4,00.jpg"}],"twitter_misc":{"Written by":"ulqini","Est. reading time":"2 minutes"},"schema":{"@context":"https:\/\/schema.org","@graph":[{"@type":"WebSite","@id":"https:\/\/www.visit-ulcinj.com\/blog\/#website","url":"https:\/\/www.visit-ulcinj.com\/blog\/","name":"Lajme nga Ulqini","description":"Lajme,Vijesti,Ulqini,Ulqin,Crna Gora,Mali i Zi","potentialAction":[{"@type":"SearchAction","target":{"@type":"EntryPoint","urlTemplate":"https:\/\/www.visit-ulcinj.com\/blog\/?s={search_term_string}"},"query-input":"required name=search_term_string"}],"inLanguage":"en-US"},{"@type":"ImageObject","inLanguage":"en-US","@id":"https:\/\/www.visit-ulcinj.com\/blog\/2008\/02\/28\/%e2%80%9egute-perspektive-fur-die-europaische-integration-montenegros%e2%80%9c\/#primaryimage","url":"http:\/\/www.dw-world.de\/image\/0,,2727404_4,00.jpg","contentUrl":"http:\/\/www.dw-world.de\/image\/0,,2727404_4,00.jpg"},{"@type":"WebPage","@id":"https:\/\/www.visit-ulcinj.com\/blog\/2008\/02\/28\/%e2%80%9egute-perspektive-fur-die-europaische-integration-montenegros%e2%80%9c\/#webpage","url":"https:\/\/www.visit-ulcinj.com\/blog\/2008\/02\/28\/%e2%80%9egute-perspektive-fur-die-europaische-integration-montenegros%e2%80%9c\/","name":"\u201eGute Perspektive f\u00fcr die europ\u00e4ische Integration Montenegros\u201c - Lajme nga Ulqini","isPartOf":{"@id":"https:\/\/www.visit-ulcinj.com\/blog\/#website"},"primaryImageOfPage":{"@id":"https:\/\/www.visit-ulcinj.com\/blog\/2008\/02\/28\/%e2%80%9egute-perspektive-fur-die-europaische-integration-montenegros%e2%80%9c\/#primaryimage"},"datePublished":"2008-02-28T18:03:48+00:00","dateModified":"2008-02-28T18:03:48+00:00","author":{"@id":"https:\/\/www.visit-ulcinj.com\/blog\/#\/schema\/person\/dcab619c614d3038751c63bc2aadc06d"},"breadcrumb":{"@id":"https:\/\/www.visit-ulcinj.com\/blog\/2008\/02\/28\/%e2%80%9egute-perspektive-fur-die-europaische-integration-montenegros%e2%80%9c\/#breadcrumb"},"inLanguage":"en-US","potentialAction":[{"@type":"ReadAction","target":["https:\/\/www.visit-ulcinj.com\/blog\/2008\/02\/28\/%e2%80%9egute-perspektive-fur-die-europaische-integration-montenegros%e2%80%9c\/"]}]},{"@type":"BreadcrumbList","@id":"https:\/\/www.visit-ulcinj.com\/blog\/2008\/02\/28\/%e2%80%9egute-perspektive-fur-die-europaische-integration-montenegros%e2%80%9c\/#breadcrumb","itemListElement":[{"@type":"ListItem","position":1,"name":"\u201eGute Perspektive f\u00fcr die europ\u00e4ische Integration Montenegros\u201c"}]},{"@type":"Person","@id":"https:\/\/www.visit-ulcinj.com\/blog\/#\/schema\/person\/dcab619c614d3038751c63bc2aadc06d","name":"ulqini","sameAs":["http:\/\/www.visit-ulcinj.com"],"url":"https:\/\/www.visit-ulcinj.com\/blog\/author\/admin\/"}]}},"jetpack_featured_media_url":"","jetpack_sharing_enabled":true,"jetpack_shortlink":"https:\/\/wp.me\/pe6lTn-bh","_links":{"self":[{"href":"https:\/\/www.visit-ulcinj.com\/blog\/wp-json\/wp\/v2\/posts\/699"}],"collection":[{"href":"https:\/\/www.visit-ulcinj.com\/blog\/wp-json\/wp\/v2\/posts"}],"about":[{"href":"https:\/\/www.visit-ulcinj.com\/blog\/wp-json\/wp\/v2\/types\/post"}],"author":[{"embeddable":true,"href":"https:\/\/www.visit-ulcinj.com\/blog\/wp-json\/wp\/v2\/users\/1"}],"replies":[{"embeddable":true,"href":"https:\/\/www.visit-ulcinj.com\/blog\/wp-json\/wp\/v2\/comments?post=699"}],"version-history":[{"count":0,"href":"https:\/\/www.visit-ulcinj.com\/blog\/wp-json\/wp\/v2\/posts\/699\/revisions"}],"wp:attachment":[{"href":"https:\/\/www.visit-ulcinj.com\/blog\/wp-json\/wp\/v2\/media?parent=699"}],"wp:term":[{"taxonomy":"category","embeddable":true,"href":"https:\/\/www.visit-ulcinj.com\/blog\/wp-json\/wp\/v2\/categories?post=699"},{"taxonomy":"post_tag","embeddable":true,"href":"https:\/\/www.visit-ulcinj.com\/blog\/wp-json\/wp\/v2\/tags?post=699"}],"curies":[{"name":"wp","href":"https:\/\/api.w.org\/{rel}","templated":true}]}}