{"id":69904,"date":"2013-03-22T10:24:50","date_gmt":"2013-03-22T09:24:50","guid":{"rendered":"http:\/\/www.visit-ulcinj.com\/blog\/?p=69904"},"modified":"2013-03-22T10:24:50","modified_gmt":"2013-03-22T09:24:50","slug":"ulqini-ne-panairin-e-turizmit-ne-moske-mitt-2013","status":"publish","type":"post","link":"https:\/\/www.visit-ulcinj.com\/blog\/2013\/03\/22\/ulqini-ne-panairin-e-turizmit-ne-moske-mitt-2013\/","title":{"rendered":"Ulqini n\u00eb Panairin e Turizmit n\u00eb Mosk\u00eb MITT &#8211; 2013"},"content":{"rendered":"<p><strong><a href=\"http:\/\/www.visit-ulcinj.com\/blog\/wp-content\/uploads\/2013\/03\/Ulqini-n\u00eb-Panairin-e-Turizmit-n\u00eb-Mosk\u00eb-MITT-2013.3.jpg\"><img loading=\"lazy\" class=\"alignleft  wp-image-69905\" alt=\"Ulqini n\u00eb Panairin e Turizmit n\u00eb Mosk\u00eb MITT - 2013.3\" src=\"http:\/\/www.visit-ulcinj.com\/blog\/wp-content\/uploads\/2013\/03\/Ulqini-n\u00eb-Panairin-e-Turizmit-n\u00eb-Mosk\u00eb-MITT-2013.3.jpg\" width=\"508\" height=\"360\" \/><\/a>Moskva MITT (20 \u2013 23.03.13)<\/strong><\/p>\n<p>Ne panairin internacional qe po mbahet ne Moskve prej 20 deri me 23 mars, Organizata Turistike e Ulqinit eshte duke marre pjese ne kuader te banakut te Organizates Nacionale Turistike si dhe ne bashkepunim me Organizatat lokale te Malit te Zi. MITT eshte njeri prej panaireve me te rendesishme turistike ku marrin pjese rreth 3000 kompani prej 180 destinacioneve te ndryshme, gje qe verteton faktin qe ky eshte vendi i duhur kur eshte ne pyetje industria turistike dhe paraqet nje shanse ideale per te prezentuar oferten turistike. Delegacioni Malazias udhehiqet nga Ministri i turizmit Branimir Gvozdenoviq i cili me ftesen e ministrit te kultures se Rusises Vladimir Medinsko diten e pare te panairit ka marre pjese ne samitin e pare te ministrave te turizmit ne Moskve, ku kane marre pjese shume perfaqesues te njohur te turizmit. Ne banakun e ONT eshte organizuar edhe takimi me turoperatere dhe agjensi turistike ku eshte folur per mundesine\u00a0 e zhvillimit te nje bashkepunimi me te gjere ne kete treg.<br \/>\n<a href=\"http:\/\/www.visit-ulcinj.com\/blog\/wp-content\/uploads\/2013\/03\/Ulqini-n\u00eb-Panairin-e-Turizmit-n\u00eb-Mosk\u00eb-MITT-2013.6.jpg\"><img loading=\"lazy\" class=\"alignleft  wp-image-69908\" alt=\"Ulqini n\u00eb Panairin e Turizmit n\u00eb Mosk\u00eb MITT - 2013.6\" src=\"http:\/\/www.visit-ulcinj.com\/blog\/wp-content\/uploads\/2013\/03\/Ulqini-n\u00eb-Panairin-e-Turizmit-n\u00eb-Mosk\u00eb-MITT-2013.6.jpg\" width=\"508\" height=\"300\" \/><\/a><\/p>\n<p>Organizata Turistike e Ulqinit ka prezentuar qytetin si nje destinacion turistike shume atraktiv per pushim aktiv, ndersa prej afaristeve nga Komuna e Ulqinit jane prezent edhe Rivijera e Ulqinit, hoteli Pallata Venezia si dhe vila Eneida, te cilet gjate ketyre diteve do te kene kontakte me partnere te shumte dhe me klijente te interesuar.<\/p>\n<p>Turistet nga Rusia jane te shumte ne qytetin tone, dhe sipas te dhenave statistikore Ulqinin ne vitin 2012 e kane vizituar gjithsejt 6.341 turiste nga Rusia te cilet kane realizuar 42.249 fjetje.<\/p>\n<p>Ky panair do te zgjase deri me daten 23 mars dhe deri ne fund priten rreth 100.000 vizitues.<\/p>\n<p>&nbsp;<\/p>\n<p><strong>Sherbimi i Organizates Turistike<br \/>\n\n\t\t<style type=\"text\/css\">\n\t\t\t#gallery-1 {\n\t\t\t\tmargin: auto;\n\t\t\t}\n\t\t\t#gallery-1 .gallery-item {\n\t\t\t\tfloat: left;\n\t\t\t\tmargin-top: 10px;\n\t\t\t\ttext-align: center;\n\t\t\t\twidth: 33%;\n\t\t\t}\n\t\t\t#gallery-1 img {\n\t\t\t\tborder: 2px solid #cfcfcf;\n\t\t\t}\n\t\t\t#gallery-1 .gallery-caption {\n\t\t\t\tmargin-left: 0;\n\t\t\t}\n\t\t\t\/* see gallery_shortcode() in wp-includes\/media.php *\/\n\t\t<\/style>\n\t\t<div id='gallery-1' class='gallery galleryid-69904 gallery-columns-3 gallery-size-thumbnail'><dl class='gallery-item'>\n\t\t\t<dt class='gallery-icon landscape'>\n\t\t\t\t<a href='https:\/\/www.visit-ulcinj.com\/blog\/2013\/03\/22\/ulqini-ne-panairin-e-turizmit-ne-moske-mitt-2013\/ulqini-ne-panairin-e-turizmit-ne-moske-mitt-2013-5\/'><img width=\"150\" height=\"150\" src=\"https:\/\/www.visit-ulcinj.com\/blog\/wp-content\/uploads\/2013\/03\/Ulqini-n\u00eb-Panairin-e-Turizmit-n\u00eb-Mosk\u00eb-MITT-2013.5-150x150.jpg\" class=\"attachment-thumbnail size-thumbnail\" alt=\"\" loading=\"lazy\" \/><\/a>\n\t\t\t<\/dt><\/dl><dl class='gallery-item'>\n\t\t\t<dt class='gallery-icon landscape'>\n\t\t\t\t<a href='https:\/\/www.visit-ulcinj.com\/blog\/2013\/03\/22\/ulqini-ne-panairin-e-turizmit-ne-moske-mitt-2013\/ulqini-ne-panairin-e-turizmit-ne-moske-mitt-2013\/'><img width=\"150\" height=\"150\" src=\"https:\/\/www.visit-ulcinj.com\/blog\/wp-content\/uploads\/2013\/03\/Ulqini-n\u00eb-Panairin-e-Turizmit-n\u00eb-Mosk\u00eb-MITT-2013-150x150.jpg\" class=\"attachment-thumbnail size-thumbnail\" alt=\"\" loading=\"lazy\" \/><\/a>\n\t\t\t<\/dt><\/dl><dl class='gallery-item'>\n\t\t\t<dt class='gallery-icon landscape'>\n\t\t\t\t<a href='https:\/\/www.visit-ulcinj.com\/blog\/2013\/03\/22\/ulqini-ne-panairin-e-turizmit-ne-moske-mitt-2013\/ulqini-ne-panairin-e-turizmit-ne-moske-mitt-2013-2\/'><img width=\"150\" height=\"150\" src=\"https:\/\/www.visit-ulcinj.com\/blog\/wp-content\/uploads\/2013\/03\/Ulqini-n\u00eb-Panairin-e-Turizmit-n\u00eb-Mosk\u00eb-MITT-2013.2-150x150.jpg\" class=\"attachment-thumbnail size-thumbnail\" alt=\"\" loading=\"lazy\" \/><\/a>\n\t\t\t<\/dt><\/dl><br style=\"clear: both\" \/><dl class='gallery-item'>\n\t\t\t<dt class='gallery-icon landscape'>\n\t\t\t\t<a href='https:\/\/www.visit-ulcinj.com\/blog\/2013\/03\/22\/ulqini-ne-panairin-e-turizmit-ne-moske-mitt-2013\/ulqini-ne-panairin-e-turizmit-ne-moske-mitt-2013-1\/'><img width=\"150\" height=\"150\" src=\"https:\/\/www.visit-ulcinj.com\/blog\/wp-content\/uploads\/2013\/03\/Ulqini-n\u00eb-Panairin-e-Turizmit-n\u00eb-Mosk\u00eb-MITT-2013.1-150x150.jpg\" class=\"attachment-thumbnail size-thumbnail\" alt=\"\" loading=\"lazy\" \/><\/a>\n\t\t\t<\/dt><\/dl><dl class='gallery-item'>\n\t\t\t<dt class='gallery-icon landscape'>\n\t\t\t\t<a href='https:\/\/www.visit-ulcinj.com\/blog\/2013\/03\/22\/ulqini-ne-panairin-e-turizmit-ne-moske-mitt-2013\/ulqini-ne-panairin-e-turizmit-ne-moske-mitt-2013-4\/'><img width=\"150\" height=\"150\" src=\"https:\/\/www.visit-ulcinj.com\/blog\/wp-content\/uploads\/2013\/03\/Ulqini-n\u00eb-Panairin-e-Turizmit-n\u00eb-Mosk\u00eb-MITT-2013.4-150x150.jpg\" class=\"attachment-thumbnail size-thumbnail\" alt=\"\" loading=\"lazy\" \/><\/a>\n\t\t\t<\/dt><\/dl><dl class='gallery-item'>\n\t\t\t<dt class='gallery-icon landscape'>\n\t\t\t\t<a href='https:\/\/www.visit-ulcinj.com\/blog\/2013\/03\/22\/ulqini-ne-panairin-e-turizmit-ne-moske-mitt-2013\/ulqini-ne-panairin-e-turizmit-ne-moske-mitt-2013-3\/'><img width=\"150\" height=\"150\" src=\"https:\/\/www.visit-ulcinj.com\/blog\/wp-content\/uploads\/2013\/03\/Ulqini-n\u00eb-Panairin-e-Turizmit-n\u00eb-Mosk\u00eb-MITT-2013.3-150x150.jpg\" class=\"attachment-thumbnail size-thumbnail\" alt=\"\" loading=\"lazy\" \/><\/a>\n\t\t\t<\/dt><\/dl><br style=\"clear: both\" \/>\n\t\t<\/div>\n<\/p>\n<p><\/strong><\/p>\n","protected":false},"excerpt":{"rendered":"<p>Moskva MITT (20 \u2013 23.03.13) Ne panairin internacional qe po mbahet ne Moskve prej 20 deri me 23 mars, Organizata Turistike e Ulqinit eshte duke marre pjese ne kuader te banakut te Organizates Nacionale Turistike si dhe ne bashkepunim me Organizatat lokale te Malit te Zi. MITT eshte njeri prej panaireve me te rendesishme turistike [&hellip;]<\/p>\n","protected":false},"author":1,"featured_media":0,"comment_status":"open","ping_status":"closed","sticky":false,"template":"","format":"standard","meta":{"spay_email":"","jetpack_publicize_message":"","jetpack_is_tweetstorm":false,"jetpack_publicize_feature_enabled":true},"categories":[15],"tags":[671,21946],"jetpack_publicize_connections":[],"yoast_head":"<!-- This site is optimized with the Yoast SEO plugin v19.1 - https:\/\/yoast.com\/wordpress\/plugins\/seo\/ -->\n<title>Ulqini n\u00eb Panairin e Turizmit n\u00eb Mosk\u00eb MITT - 2013 - Lajme nga Ulqini<\/title>\n<meta name=\"description\" content=\"Moskva MITT (20 \u2013 23.03.13) Ne panairin internacional qe po mbahet ne Moskve prej 20 deri me 23 mars, Organizata Turistike e Ulqinit eshte duke marre\" \/>\n<meta name=\"robots\" content=\"index, follow, max-snippet:-1, max-image-preview:large, max-video-preview:-1\" \/>\n<link rel=\"canonical\" href=\"https:\/\/www.visit-ulcinj.com\/blog\/2013\/03\/22\/ulqini-ne-panairin-e-turizmit-ne-moske-mitt-2013\/\" \/>\n<meta property=\"og:locale\" content=\"en_US\" \/>\n<meta property=\"og:type\" content=\"article\" \/>\n<meta property=\"og:title\" content=\"Ulqini n\u00eb Panairin e Turizmit n\u00eb Mosk\u00eb MITT - 2013 - Lajme nga Ulqini\" \/>\n<meta property=\"og:description\" content=\"Moskva MITT (20 \u2013 23.03.13) Ne panairin internacional qe po mbahet ne Moskve prej 20 deri me 23 mars, Organizata Turistike e Ulqinit eshte duke marre\" \/>\n<meta property=\"og:url\" content=\"https:\/\/www.visit-ulcinj.com\/blog\/2013\/03\/22\/ulqini-ne-panairin-e-turizmit-ne-moske-mitt-2013\/\" \/>\n<meta property=\"og:site_name\" content=\"Lajme nga Ulqini\" \/>\n<meta property=\"article:published_time\" content=\"2013-03-22T09:24:50+00:00\" \/>\n<meta property=\"og:image\" content=\"https:\/\/www.visit-ulcinj.com\/blog\/wp-content\/uploads\/2013\/03\/Ulqini-n\u00eb-Panairin-e-Turizmit-n\u00eb-Mosk\u00eb-MITT-2013.5-150x150.jpg\" \/>\n<meta name=\"twitter:label1\" content=\"Written by\" \/>\n\t<meta name=\"twitter:data1\" content=\"ulqini\" \/>\n\t<meta name=\"twitter:label2\" content=\"Est. reading time\" \/>\n\t<meta name=\"twitter:data2\" content=\"1 minute\" \/>\n<script type=\"application\/ld+json\" class=\"yoast-schema-graph\">{\"@context\":\"https:\/\/schema.org\",\"@graph\":[{\"@type\":\"WebSite\",\"@id\":\"https:\/\/www.visit-ulcinj.com\/blog\/#website\",\"url\":\"https:\/\/www.visit-ulcinj.com\/blog\/\",\"name\":\"Lajme nga Ulqini\",\"description\":\"Lajme,Vijesti,Ulqini,Ulqin,Crna Gora,Mali i Zi\",\"potentialAction\":[{\"@type\":\"SearchAction\",\"target\":{\"@type\":\"EntryPoint\",\"urlTemplate\":\"https:\/\/www.visit-ulcinj.com\/blog\/?s={search_term_string}\"},\"query-input\":\"required name=search_term_string\"}],\"inLanguage\":\"en-US\"},{\"@type\":\"WebPage\",\"@id\":\"https:\/\/www.visit-ulcinj.com\/blog\/2013\/03\/22\/ulqini-ne-panairin-e-turizmit-ne-moske-mitt-2013\/#webpage\",\"url\":\"https:\/\/www.visit-ulcinj.com\/blog\/2013\/03\/22\/ulqini-ne-panairin-e-turizmit-ne-moske-mitt-2013\/\",\"name\":\"Ulqini n\u00eb Panairin e Turizmit n\u00eb Mosk\u00eb MITT - 2013 - Lajme nga Ulqini\",\"isPartOf\":{\"@id\":\"https:\/\/www.visit-ulcinj.com\/blog\/#website\"},\"datePublished\":\"2013-03-22T09:24:50+00:00\",\"dateModified\":\"2013-03-22T09:24:50+00:00\",\"author\":{\"@id\":\"https:\/\/www.visit-ulcinj.com\/blog\/#\/schema\/person\/dcab619c614d3038751c63bc2aadc06d\"},\"description\":\"Moskva MITT (20 \u2013 23.03.13) Ne panairin internacional qe po mbahet ne Moskve prej 20 deri me 23 mars, Organizata Turistike e Ulqinit eshte duke marre\",\"breadcrumb\":{\"@id\":\"https:\/\/www.visit-ulcinj.com\/blog\/2013\/03\/22\/ulqini-ne-panairin-e-turizmit-ne-moske-mitt-2013\/#breadcrumb\"},\"inLanguage\":\"en-US\",\"potentialAction\":[{\"@type\":\"ReadAction\",\"target\":[\"https:\/\/www.visit-ulcinj.com\/blog\/2013\/03\/22\/ulqini-ne-panairin-e-turizmit-ne-moske-mitt-2013\/\"]}]},{\"@type\":\"BreadcrumbList\",\"@id\":\"https:\/\/www.visit-ulcinj.com\/blog\/2013\/03\/22\/ulqini-ne-panairin-e-turizmit-ne-moske-mitt-2013\/#breadcrumb\",\"itemListElement\":[{\"@type\":\"ListItem\",\"position\":1,\"name\":\"Ulqini n\u00eb Panairin e Turizmit n\u00eb Mosk\u00eb MITT &#8211; 2013\"}]},{\"@type\":\"Person\",\"@id\":\"https:\/\/www.visit-ulcinj.com\/blog\/#\/schema\/person\/dcab619c614d3038751c63bc2aadc06d\",\"name\":\"ulqini\",\"sameAs\":[\"http:\/\/www.visit-ulcinj.com\"],\"url\":\"https:\/\/www.visit-ulcinj.com\/blog\/author\/admin\/\"}]}<\/script>\n<!-- \/ Yoast SEO plugin. -->","yoast_head_json":{"title":"Ulqini n\u00eb Panairin e Turizmit n\u00eb Mosk\u00eb MITT - 2013 - Lajme nga Ulqini","description":"Moskva MITT (20 \u2013 23.03.13) Ne panairin internacional qe po mbahet ne Moskve prej 20 deri me 23 mars, Organizata Turistike e Ulqinit eshte duke marre","robots":{"index":"index","follow":"follow","max-snippet":"max-snippet:-1","max-image-preview":"max-image-preview:large","max-video-preview":"max-video-preview:-1"},"canonical":"https:\/\/www.visit-ulcinj.com\/blog\/2013\/03\/22\/ulqini-ne-panairin-e-turizmit-ne-moske-mitt-2013\/","og_locale":"en_US","og_type":"article","og_title":"Ulqini n\u00eb Panairin e Turizmit n\u00eb Mosk\u00eb MITT - 2013 - Lajme nga Ulqini","og_description":"Moskva MITT (20 \u2013 23.03.13) Ne panairin internacional qe po mbahet ne Moskve prej 20 deri me 23 mars, Organizata Turistike e Ulqinit eshte duke marre","og_url":"https:\/\/www.visit-ulcinj.com\/blog\/2013\/03\/22\/ulqini-ne-panairin-e-turizmit-ne-moske-mitt-2013\/","og_site_name":"Lajme nga Ulqini","article_published_time":"2013-03-22T09:24:50+00:00","og_image":[{"url":"https:\/\/www.visit-ulcinj.com\/blog\/wp-content\/uploads\/2013\/03\/Ulqini-n\u00eb-Panairin-e-Turizmit-n\u00eb-Mosk\u00eb-MITT-2013.5-150x150.jpg"}],"twitter_misc":{"Written by":"ulqini","Est. reading time":"1 minute"},"schema":{"@context":"https:\/\/schema.org","@graph":[{"@type":"WebSite","@id":"https:\/\/www.visit-ulcinj.com\/blog\/#website","url":"https:\/\/www.visit-ulcinj.com\/blog\/","name":"Lajme nga Ulqini","description":"Lajme,Vijesti,Ulqini,Ulqin,Crna Gora,Mali i Zi","potentialAction":[{"@type":"SearchAction","target":{"@type":"EntryPoint","urlTemplate":"https:\/\/www.visit-ulcinj.com\/blog\/?s={search_term_string}"},"query-input":"required name=search_term_string"}],"inLanguage":"en-US"},{"@type":"WebPage","@id":"https:\/\/www.visit-ulcinj.com\/blog\/2013\/03\/22\/ulqini-ne-panairin-e-turizmit-ne-moske-mitt-2013\/#webpage","url":"https:\/\/www.visit-ulcinj.com\/blog\/2013\/03\/22\/ulqini-ne-panairin-e-turizmit-ne-moske-mitt-2013\/","name":"Ulqini n\u00eb Panairin e Turizmit n\u00eb Mosk\u00eb MITT - 2013 - Lajme nga Ulqini","isPartOf":{"@id":"https:\/\/www.visit-ulcinj.com\/blog\/#website"},"datePublished":"2013-03-22T09:24:50+00:00","dateModified":"2013-03-22T09:24:50+00:00","author":{"@id":"https:\/\/www.visit-ulcinj.com\/blog\/#\/schema\/person\/dcab619c614d3038751c63bc2aadc06d"},"description":"Moskva MITT (20 \u2013 23.03.13) Ne panairin internacional qe po mbahet ne Moskve prej 20 deri me 23 mars, Organizata Turistike e Ulqinit eshte duke marre","breadcrumb":{"@id":"https:\/\/www.visit-ulcinj.com\/blog\/2013\/03\/22\/ulqini-ne-panairin-e-turizmit-ne-moske-mitt-2013\/#breadcrumb"},"inLanguage":"en-US","potentialAction":[{"@type":"ReadAction","target":["https:\/\/www.visit-ulcinj.com\/blog\/2013\/03\/22\/ulqini-ne-panairin-e-turizmit-ne-moske-mitt-2013\/"]}]},{"@type":"BreadcrumbList","@id":"https:\/\/www.visit-ulcinj.com\/blog\/2013\/03\/22\/ulqini-ne-panairin-e-turizmit-ne-moske-mitt-2013\/#breadcrumb","itemListElement":[{"@type":"ListItem","position":1,"name":"Ulqini n\u00eb Panairin e Turizmit n\u00eb Mosk\u00eb MITT &#8211; 2013"}]},{"@type":"Person","@id":"https:\/\/www.visit-ulcinj.com\/blog\/#\/schema\/person\/dcab619c614d3038751c63bc2aadc06d","name":"ulqini","sameAs":["http:\/\/www.visit-ulcinj.com"],"url":"https:\/\/www.visit-ulcinj.com\/blog\/author\/admin\/"}]}},"jetpack_featured_media_url":"","jetpack_sharing_enabled":true,"jetpack_shortlink":"https:\/\/wp.me\/pe6lTn-ibu","_links":{"self":[{"href":"https:\/\/www.visit-ulcinj.com\/blog\/wp-json\/wp\/v2\/posts\/69904"}],"collection":[{"href":"https:\/\/www.visit-ulcinj.com\/blog\/wp-json\/wp\/v2\/posts"}],"about":[{"href":"https:\/\/www.visit-ulcinj.com\/blog\/wp-json\/wp\/v2\/types\/post"}],"author":[{"embeddable":true,"href":"https:\/\/www.visit-ulcinj.com\/blog\/wp-json\/wp\/v2\/users\/1"}],"replies":[{"embeddable":true,"href":"https:\/\/www.visit-ulcinj.com\/blog\/wp-json\/wp\/v2\/comments?post=69904"}],"version-history":[{"count":1,"href":"https:\/\/www.visit-ulcinj.com\/blog\/wp-json\/wp\/v2\/posts\/69904\/revisions"}],"predecessor-version":[{"id":69912,"href":"https:\/\/www.visit-ulcinj.com\/blog\/wp-json\/wp\/v2\/posts\/69904\/revisions\/69912"}],"wp:attachment":[{"href":"https:\/\/www.visit-ulcinj.com\/blog\/wp-json\/wp\/v2\/media?parent=69904"}],"wp:term":[{"taxonomy":"category","embeddable":true,"href":"https:\/\/www.visit-ulcinj.com\/blog\/wp-json\/wp\/v2\/categories?post=69904"},{"taxonomy":"post_tag","embeddable":true,"href":"https:\/\/www.visit-ulcinj.com\/blog\/wp-json\/wp\/v2\/tags?post=69904"}],"curies":[{"name":"wp","href":"https:\/\/api.w.org\/{rel}","templated":true}]}}