{"id":69913,"date":"2013-03-22T10:35:46","date_gmt":"2013-03-22T09:35:46","guid":{"rendered":"http:\/\/www.visit-ulcinj.com\/blog\/?p=69913"},"modified":"2013-03-22T10:35:46","modified_gmt":"2013-03-22T09:35:46","slug":"to-ulcinj-predstavila-ponudu-u-moskvi-mitt-2013","status":"publish","type":"post","link":"https:\/\/www.visit-ulcinj.com\/blog\/2013\/03\/22\/to-ulcinj-predstavila-ponudu-u-moskvi-mitt-2013\/","title":{"rendered":"TO Ulcinj predstavila ponudu u Moskvi &#8211; MITT 2013"},"content":{"rendered":"<p><a href=\"http:\/\/www.visit-ulcinj.com\/blog\/wp-content\/uploads\/2013\/03\/TO-Ulcinj-predstavila-ponudu-u-Moskvi-MITT-2013.5.jpg\"><img loading=\"lazy\" class=\"alignleft  wp-image-69915\" alt=\"TO Ulcinj predstavila ponudu u Moskvi - MITT 2013.5\" src=\"http:\/\/www.visit-ulcinj.com\/blog\/wp-content\/uploads\/2013\/03\/TO-Ulcinj-predstavila-ponudu-u-Moskvi-MITT-2013.5.jpg\" width=\"508\" height=\"360\" \/><\/a><strong>Moskva MITT 2013 (20-23.03.13)<\/strong><\/p>\n<p>Na ovogodi\u0161njem internacionalnom sajmu turizma MITT u Moksvi koji se odr\u017eava od 20 \u2013 23. Marta, Turisti\u010dka Organizacija Ulcinj je uzela u\u010de\u0161\u0107e na organizovanom \u0161tandu Nacionalne Turisti\u010dke Organizacije i u saradnji sa lokalnim organizacijama Crne Gore . MITT je jedan od najzna\u010dajnijih turisti\u010dkih sajmova na svijetu na kome u\u010destvuje vi\u0161e od 3000 vode\u0107ih kompanija iz preko 180 destinacija, \u0161to ukazuje da je ovo mjesto klju\u010dno kada je u pitanju turisti\u010dka industrija i idealna prilika da se predstavi turisti\u010dka ponuda zemlje. Crnogorska delegacija je predvo\u0111ena ministrom odr\u017eivog razvoja i turizma Branimirom Gvozdenovi\u0107em koji je na poziv ruskog ministra kulture Vladimira Medinskog prvog dana sajma uzeo u\u010de\u0161\u0107e na Prvom samitu ministara u turizmu u Moskvi, kome je prisustvovao veliki broj zvani\u010dnika ali i drugi zna\u010dajni predstavnici turisti\u010dke privrede na globalnom nivou. Na \u0161tandu je organizovan sastanak sa turoperaterima i i turisti\u010dkim agencijama prilikom kojeg je razmotrena mogu\u0107nost unapre\u0111enja saradnje i \u0161ira obuhva\u0107enost tr\u017ei\u0161ta.<br \/>\n<a href=\"http:\/\/www.visit-ulcinj.com\/blog\/wp-content\/uploads\/2013\/03\/Ulqini-n\u00eb-Panairin-e-Turizmit-n\u00eb-Mosk\u00eb-MITT-2013.5.jpg\"><img loading=\"lazy\" class=\"alignleft  wp-image-69907\" alt=\"Ulqini n\u00eb Panairin e Turizmit n\u00eb Mosk\u00eb MITT - 2013.5\" src=\"http:\/\/www.visit-ulcinj.com\/blog\/wp-content\/uploads\/2013\/03\/Ulqini-n\u00eb-Panairin-e-Turizmit-n\u00eb-Mosk\u00eb-MITT-2013.5.jpg\" width=\"508\" height=\"300\" \/><\/a><\/p>\n<p>Turisti\u010dka Organizacija Ulcinj je predstavila svoj grad kao atraktivnu turisti\u010dku destinaciju za aktivan domor ruskim turistima a od turisti\u010dkih privrednika sa podru\u010dja ulcinsjke op\u0161tine prisutni su i HTP Ulcinjska Rivijera i hotel Palata Venezia, kao vila Eneida koji \u0107e tokom svih dana sajma imati kontakte sa brojnim partnerima i zainteresovanim klijentima.<\/p>\n<p>Rusi su tradicionalno mnogobrojni turisti Ulcinja, a prema statisti\u010dkim podacima Ulcinj tokom 2012.godine je posjetilo ukupno 6.341 turista iz Rusije koji su ostvarili 42.249 no\u0107enja.<\/p>\n<p>Ovogodi\u0161nji sajam zavr\u0161ava se 23.03 i do kraja sajma se o\u010dekuje posjeta od oko 100.000 posjetilaca.<\/p>\n<p><strong>Stru\u010dna slu\u017eba TO Ulcinj<\/strong><\/p>\n\n\t\t<style type=\"text\/css\">\n\t\t\t#gallery-1 {\n\t\t\t\tmargin: auto;\n\t\t\t}\n\t\t\t#gallery-1 .gallery-item {\n\t\t\t\tfloat: left;\n\t\t\t\tmargin-top: 10px;\n\t\t\t\ttext-align: center;\n\t\t\t\twidth: 33%;\n\t\t\t}\n\t\t\t#gallery-1 img {\n\t\t\t\tborder: 2px solid #cfcfcf;\n\t\t\t}\n\t\t\t#gallery-1 .gallery-caption {\n\t\t\t\tmargin-left: 0;\n\t\t\t}\n\t\t\t\/* see gallery_shortcode() in wp-includes\/media.php *\/\n\t\t<\/style>\n\t\t<div id='gallery-1' class='gallery galleryid-69913 gallery-columns-3 gallery-size-thumbnail'><dl class='gallery-item'>\n\t\t\t<dt class='gallery-icon landscape'>\n\t\t\t\t<a href='https:\/\/www.visit-ulcinj.com\/blog\/2013\/03\/22\/ulqini-ne-panairin-e-turizmit-ne-moske-mitt-2013\/ulqini-ne-panairin-e-turizmit-ne-moske-mitt-2013\/'><img width=\"150\" height=\"150\" src=\"https:\/\/www.visit-ulcinj.com\/blog\/wp-content\/uploads\/2013\/03\/Ulqini-n\u00eb-Panairin-e-Turizmit-n\u00eb-Mosk\u00eb-MITT-2013-150x150.jpg\" class=\"attachment-thumbnail size-thumbnail\" alt=\"\" loading=\"lazy\" \/><\/a>\n\t\t\t<\/dt><\/dl><dl class='gallery-item'>\n\t\t\t<dt class='gallery-icon landscape'>\n\t\t\t\t<a href='https:\/\/www.visit-ulcinj.com\/blog\/2013\/03\/22\/ulqini-ne-panairin-e-turizmit-ne-moske-mitt-2013\/ulqini-ne-panairin-e-turizmit-ne-moske-mitt-2013-2\/'><img width=\"150\" height=\"150\" src=\"https:\/\/www.visit-ulcinj.com\/blog\/wp-content\/uploads\/2013\/03\/Ulqini-n\u00eb-Panairin-e-Turizmit-n\u00eb-Mosk\u00eb-MITT-2013.2-150x150.jpg\" class=\"attachment-thumbnail size-thumbnail\" alt=\"\" loading=\"lazy\" \/><\/a>\n\t\t\t<\/dt><\/dl><dl class='gallery-item'>\n\t\t\t<dt class='gallery-icon landscape'>\n\t\t\t\t<a href='https:\/\/www.visit-ulcinj.com\/blog\/2013\/03\/22\/ulqini-ne-panairin-e-turizmit-ne-moske-mitt-2013\/ulqini-ne-panairin-e-turizmit-ne-moske-mitt-2013-1\/'><img width=\"150\" height=\"150\" src=\"https:\/\/www.visit-ulcinj.com\/blog\/wp-content\/uploads\/2013\/03\/Ulqini-n\u00eb-Panairin-e-Turizmit-n\u00eb-Mosk\u00eb-MITT-2013.1-150x150.jpg\" class=\"attachment-thumbnail size-thumbnail\" alt=\"\" loading=\"lazy\" \/><\/a>\n\t\t\t<\/dt><\/dl><br style=\"clear: both\" \/><dl class='gallery-item'>\n\t\t\t<dt class='gallery-icon landscape'>\n\t\t\t\t<a href='https:\/\/www.visit-ulcinj.com\/blog\/2013\/03\/22\/ulqini-ne-panairin-e-turizmit-ne-moske-mitt-2013\/ulqini-ne-panairin-e-turizmit-ne-moske-mitt-2013-5\/'><img width=\"150\" height=\"150\" src=\"https:\/\/www.visit-ulcinj.com\/blog\/wp-content\/uploads\/2013\/03\/Ulqini-n\u00eb-Panairin-e-Turizmit-n\u00eb-Mosk\u00eb-MITT-2013.5-150x150.jpg\" class=\"attachment-thumbnail size-thumbnail\" alt=\"\" loading=\"lazy\" \/><\/a>\n\t\t\t<\/dt><\/dl><dl class='gallery-item'>\n\t\t\t<dt class='gallery-icon landscape'>\n\t\t\t\t<a href='https:\/\/www.visit-ulcinj.com\/blog\/2013\/03\/22\/ulqini-ne-panairin-e-turizmit-ne-moske-mitt-2013\/ulqini-ne-panairin-e-turizmit-ne-moske-mitt-2013-4\/'><img width=\"150\" height=\"150\" src=\"https:\/\/www.visit-ulcinj.com\/blog\/wp-content\/uploads\/2013\/03\/Ulqini-n\u00eb-Panairin-e-Turizmit-n\u00eb-Mosk\u00eb-MITT-2013.4-150x150.jpg\" class=\"attachment-thumbnail size-thumbnail\" alt=\"\" loading=\"lazy\" \/><\/a>\n\t\t\t<\/dt><\/dl><dl class='gallery-item'>\n\t\t\t<dt class='gallery-icon landscape'>\n\t\t\t\t<a href='https:\/\/www.visit-ulcinj.com\/blog\/2013\/03\/22\/to-ulcinj-predstavila-ponudu-u-moskvi-mitt-2013\/to-ulcinj-predstavila-ponudu-u-moskvi-mitt-2013-5\/'><img width=\"150\" height=\"150\" src=\"https:\/\/www.visit-ulcinj.com\/blog\/wp-content\/uploads\/2013\/03\/TO-Ulcinj-predstavila-ponudu-u-Moskvi-MITT-2013.5-150x150.jpg\" class=\"attachment-thumbnail size-thumbnail\" alt=\"\" loading=\"lazy\" \/><\/a>\n\t\t\t<\/dt><\/dl><br style=\"clear: both\" \/>\n\t\t<\/div>\n\n<p>&nbsp;<\/p>\n","protected":false},"excerpt":{"rendered":"<p>Moskva MITT 2013 (20-23.03.13) Na ovogodi\u0161njem internacionalnom sajmu turizma MITT u Moksvi koji se odr\u017eava od 20 \u2013 23. Marta, Turisti\u010dka Organizacija Ulcinj je uzela u\u010de\u0161\u0107e na organizovanom \u0161tandu Nacionalne Turisti\u010dke Organizacije i u saradnji sa lokalnim organizacijama Crne Gore . MITT je jedan od najzna\u010dajnijih turisti\u010dkih sajmova na svijetu na kome u\u010destvuje vi\u0161e od [&hellip;]<\/p>\n","protected":false},"author":1,"featured_media":0,"comment_status":"open","ping_status":"closed","sticky":false,"template":"","format":"standard","meta":{"spay_email":"","jetpack_publicize_message":"","jetpack_is_tweetstorm":false,"jetpack_publicize_feature_enabled":true},"categories":[8337],"tags":[17876,17587],"jetpack_publicize_connections":[],"yoast_head":"<!-- This site is optimized with the Yoast SEO plugin v19.1 - https:\/\/yoast.com\/wordpress\/plugins\/seo\/ -->\n<title>TO Ulcinj predstavila ponudu u Moskvi - MITT 2013 - Lajme nga Ulqini<\/title>\n<meta name=\"description\" content=\"Moskva MITT 2013 (20-23.03.13) Na ovogodi\u0161njem internacionalnom sajmu turizma MITT u Moksvi koji se odr\u017eava od 20 \u2013 23. Marta, Turisti\u010dka Organizacija\" \/>\n<meta name=\"robots\" content=\"index, follow, max-snippet:-1, max-image-preview:large, max-video-preview:-1\" \/>\n<link rel=\"canonical\" href=\"https:\/\/www.visit-ulcinj.com\/blog\/2013\/03\/22\/to-ulcinj-predstavila-ponudu-u-moskvi-mitt-2013\/\" \/>\n<meta property=\"og:locale\" content=\"en_US\" \/>\n<meta property=\"og:type\" content=\"article\" \/>\n<meta property=\"og:title\" content=\"TO Ulcinj predstavila ponudu u Moskvi - MITT 2013 - Lajme nga Ulqini\" \/>\n<meta property=\"og:description\" content=\"Moskva MITT 2013 (20-23.03.13) Na ovogodi\u0161njem internacionalnom sajmu turizma MITT u Moksvi koji se odr\u017eava od 20 \u2013 23. Marta, Turisti\u010dka Organizacija\" \/>\n<meta property=\"og:url\" content=\"https:\/\/www.visit-ulcinj.com\/blog\/2013\/03\/22\/to-ulcinj-predstavila-ponudu-u-moskvi-mitt-2013\/\" \/>\n<meta property=\"og:site_name\" content=\"Lajme nga Ulqini\" \/>\n<meta property=\"article:published_time\" content=\"2013-03-22T09:35:46+00:00\" \/>\n<meta property=\"og:image\" content=\"https:\/\/www.visit-ulcinj.com\/blog\/wp-content\/uploads\/2013\/03\/Ulqini-n\u00eb-Panairin-e-Turizmit-n\u00eb-Mosk\u00eb-MITT-2013-150x150.jpg\" \/>\n<meta name=\"twitter:label1\" content=\"Written by\" \/>\n\t<meta name=\"twitter:data1\" content=\"ulqini\" \/>\n\t<meta name=\"twitter:label2\" content=\"Est. reading time\" \/>\n\t<meta name=\"twitter:data2\" content=\"1 minute\" \/>\n<script type=\"application\/ld+json\" class=\"yoast-schema-graph\">{\"@context\":\"https:\/\/schema.org\",\"@graph\":[{\"@type\":\"WebSite\",\"@id\":\"https:\/\/www.visit-ulcinj.com\/blog\/#website\",\"url\":\"https:\/\/www.visit-ulcinj.com\/blog\/\",\"name\":\"Lajme nga Ulqini\",\"description\":\"Lajme,Vijesti,Ulqini,Ulqin,Crna Gora,Mali i Zi\",\"potentialAction\":[{\"@type\":\"SearchAction\",\"target\":{\"@type\":\"EntryPoint\",\"urlTemplate\":\"https:\/\/www.visit-ulcinj.com\/blog\/?s={search_term_string}\"},\"query-input\":\"required name=search_term_string\"}],\"inLanguage\":\"en-US\"},{\"@type\":\"ImageObject\",\"inLanguage\":\"en-US\",\"@id\":\"https:\/\/www.visit-ulcinj.com\/blog\/2013\/03\/22\/to-ulcinj-predstavila-ponudu-u-moskvi-mitt-2013\/#primaryimage\",\"url\":\"https:\/\/www.visit-ulcinj.com\/blog\/wp-content\/uploads\/2013\/03\/TO-Ulcinj-predstavila-ponudu-u-Moskvi-MITT-2013.5.jpg\",\"contentUrl\":\"https:\/\/www.visit-ulcinj.com\/blog\/wp-content\/uploads\/2013\/03\/TO-Ulcinj-predstavila-ponudu-u-Moskvi-MITT-2013.5.jpg\",\"width\":800,\"height\":600},{\"@type\":\"WebPage\",\"@id\":\"https:\/\/www.visit-ulcinj.com\/blog\/2013\/03\/22\/to-ulcinj-predstavila-ponudu-u-moskvi-mitt-2013\/#webpage\",\"url\":\"https:\/\/www.visit-ulcinj.com\/blog\/2013\/03\/22\/to-ulcinj-predstavila-ponudu-u-moskvi-mitt-2013\/\",\"name\":\"TO Ulcinj predstavila ponudu u Moskvi - MITT 2013 - Lajme nga Ulqini\",\"isPartOf\":{\"@id\":\"https:\/\/www.visit-ulcinj.com\/blog\/#website\"},\"primaryImageOfPage\":{\"@id\":\"https:\/\/www.visit-ulcinj.com\/blog\/2013\/03\/22\/to-ulcinj-predstavila-ponudu-u-moskvi-mitt-2013\/#primaryimage\"},\"datePublished\":\"2013-03-22T09:35:46+00:00\",\"dateModified\":\"2013-03-22T09:35:46+00:00\",\"author\":{\"@id\":\"https:\/\/www.visit-ulcinj.com\/blog\/#\/schema\/person\/dcab619c614d3038751c63bc2aadc06d\"},\"description\":\"Moskva MITT 2013 (20-23.03.13) Na ovogodi\u0161njem internacionalnom sajmu turizma MITT u Moksvi koji se odr\u017eava od 20 \u2013 23. Marta, Turisti\u010dka Organizacija\",\"breadcrumb\":{\"@id\":\"https:\/\/www.visit-ulcinj.com\/blog\/2013\/03\/22\/to-ulcinj-predstavila-ponudu-u-moskvi-mitt-2013\/#breadcrumb\"},\"inLanguage\":\"en-US\",\"potentialAction\":[{\"@type\":\"ReadAction\",\"target\":[\"https:\/\/www.visit-ulcinj.com\/blog\/2013\/03\/22\/to-ulcinj-predstavila-ponudu-u-moskvi-mitt-2013\/\"]}]},{\"@type\":\"BreadcrumbList\",\"@id\":\"https:\/\/www.visit-ulcinj.com\/blog\/2013\/03\/22\/to-ulcinj-predstavila-ponudu-u-moskvi-mitt-2013\/#breadcrumb\",\"itemListElement\":[{\"@type\":\"ListItem\",\"position\":1,\"name\":\"TO Ulcinj predstavila ponudu u Moskvi &#8211; MITT 2013\"}]},{\"@type\":\"Person\",\"@id\":\"https:\/\/www.visit-ulcinj.com\/blog\/#\/schema\/person\/dcab619c614d3038751c63bc2aadc06d\",\"name\":\"ulqini\",\"sameAs\":[\"http:\/\/www.visit-ulcinj.com\"],\"url\":\"https:\/\/www.visit-ulcinj.com\/blog\/author\/admin\/\"}]}<\/script>\n<!-- \/ Yoast SEO plugin. -->","yoast_head_json":{"title":"TO Ulcinj predstavila ponudu u Moskvi - MITT 2013 - Lajme nga Ulqini","description":"Moskva MITT 2013 (20-23.03.13) Na ovogodi\u0161njem internacionalnom sajmu turizma MITT u Moksvi koji se odr\u017eava od 20 \u2013 23. Marta, Turisti\u010dka Organizacija","robots":{"index":"index","follow":"follow","max-snippet":"max-snippet:-1","max-image-preview":"max-image-preview:large","max-video-preview":"max-video-preview:-1"},"canonical":"https:\/\/www.visit-ulcinj.com\/blog\/2013\/03\/22\/to-ulcinj-predstavila-ponudu-u-moskvi-mitt-2013\/","og_locale":"en_US","og_type":"article","og_title":"TO Ulcinj predstavila ponudu u Moskvi - MITT 2013 - Lajme nga Ulqini","og_description":"Moskva MITT 2013 (20-23.03.13) Na ovogodi\u0161njem internacionalnom sajmu turizma MITT u Moksvi koji se odr\u017eava od 20 \u2013 23. Marta, Turisti\u010dka Organizacija","og_url":"https:\/\/www.visit-ulcinj.com\/blog\/2013\/03\/22\/to-ulcinj-predstavila-ponudu-u-moskvi-mitt-2013\/","og_site_name":"Lajme nga Ulqini","article_published_time":"2013-03-22T09:35:46+00:00","og_image":[{"url":"https:\/\/www.visit-ulcinj.com\/blog\/wp-content\/uploads\/2013\/03\/Ulqini-n\u00eb-Panairin-e-Turizmit-n\u00eb-Mosk\u00eb-MITT-2013-150x150.jpg"}],"twitter_misc":{"Written by":"ulqini","Est. reading time":"1 minute"},"schema":{"@context":"https:\/\/schema.org","@graph":[{"@type":"WebSite","@id":"https:\/\/www.visit-ulcinj.com\/blog\/#website","url":"https:\/\/www.visit-ulcinj.com\/blog\/","name":"Lajme nga Ulqini","description":"Lajme,Vijesti,Ulqini,Ulqin,Crna Gora,Mali i Zi","potentialAction":[{"@type":"SearchAction","target":{"@type":"EntryPoint","urlTemplate":"https:\/\/www.visit-ulcinj.com\/blog\/?s={search_term_string}"},"query-input":"required name=search_term_string"}],"inLanguage":"en-US"},{"@type":"ImageObject","inLanguage":"en-US","@id":"https:\/\/www.visit-ulcinj.com\/blog\/2013\/03\/22\/to-ulcinj-predstavila-ponudu-u-moskvi-mitt-2013\/#primaryimage","url":"https:\/\/www.visit-ulcinj.com\/blog\/wp-content\/uploads\/2013\/03\/TO-Ulcinj-predstavila-ponudu-u-Moskvi-MITT-2013.5.jpg","contentUrl":"https:\/\/www.visit-ulcinj.com\/blog\/wp-content\/uploads\/2013\/03\/TO-Ulcinj-predstavila-ponudu-u-Moskvi-MITT-2013.5.jpg","width":800,"height":600},{"@type":"WebPage","@id":"https:\/\/www.visit-ulcinj.com\/blog\/2013\/03\/22\/to-ulcinj-predstavila-ponudu-u-moskvi-mitt-2013\/#webpage","url":"https:\/\/www.visit-ulcinj.com\/blog\/2013\/03\/22\/to-ulcinj-predstavila-ponudu-u-moskvi-mitt-2013\/","name":"TO Ulcinj predstavila ponudu u Moskvi - MITT 2013 - Lajme nga Ulqini","isPartOf":{"@id":"https:\/\/www.visit-ulcinj.com\/blog\/#website"},"primaryImageOfPage":{"@id":"https:\/\/www.visit-ulcinj.com\/blog\/2013\/03\/22\/to-ulcinj-predstavila-ponudu-u-moskvi-mitt-2013\/#primaryimage"},"datePublished":"2013-03-22T09:35:46+00:00","dateModified":"2013-03-22T09:35:46+00:00","author":{"@id":"https:\/\/www.visit-ulcinj.com\/blog\/#\/schema\/person\/dcab619c614d3038751c63bc2aadc06d"},"description":"Moskva MITT 2013 (20-23.03.13) Na ovogodi\u0161njem internacionalnom sajmu turizma MITT u Moksvi koji se odr\u017eava od 20 \u2013 23. Marta, Turisti\u010dka Organizacija","breadcrumb":{"@id":"https:\/\/www.visit-ulcinj.com\/blog\/2013\/03\/22\/to-ulcinj-predstavila-ponudu-u-moskvi-mitt-2013\/#breadcrumb"},"inLanguage":"en-US","potentialAction":[{"@type":"ReadAction","target":["https:\/\/www.visit-ulcinj.com\/blog\/2013\/03\/22\/to-ulcinj-predstavila-ponudu-u-moskvi-mitt-2013\/"]}]},{"@type":"BreadcrumbList","@id":"https:\/\/www.visit-ulcinj.com\/blog\/2013\/03\/22\/to-ulcinj-predstavila-ponudu-u-moskvi-mitt-2013\/#breadcrumb","itemListElement":[{"@type":"ListItem","position":1,"name":"TO Ulcinj predstavila ponudu u Moskvi &#8211; MITT 2013"}]},{"@type":"Person","@id":"https:\/\/www.visit-ulcinj.com\/blog\/#\/schema\/person\/dcab619c614d3038751c63bc2aadc06d","name":"ulqini","sameAs":["http:\/\/www.visit-ulcinj.com"],"url":"https:\/\/www.visit-ulcinj.com\/blog\/author\/admin\/"}]}},"jetpack_featured_media_url":"","jetpack_sharing_enabled":true,"jetpack_shortlink":"https:\/\/wp.me\/pe6lTn-ibD","_links":{"self":[{"href":"https:\/\/www.visit-ulcinj.com\/blog\/wp-json\/wp\/v2\/posts\/69913"}],"collection":[{"href":"https:\/\/www.visit-ulcinj.com\/blog\/wp-json\/wp\/v2\/posts"}],"about":[{"href":"https:\/\/www.visit-ulcinj.com\/blog\/wp-json\/wp\/v2\/types\/post"}],"author":[{"embeddable":true,"href":"https:\/\/www.visit-ulcinj.com\/blog\/wp-json\/wp\/v2\/users\/1"}],"replies":[{"embeddable":true,"href":"https:\/\/www.visit-ulcinj.com\/blog\/wp-json\/wp\/v2\/comments?post=69913"}],"version-history":[{"count":1,"href":"https:\/\/www.visit-ulcinj.com\/blog\/wp-json\/wp\/v2\/posts\/69913\/revisions"}],"predecessor-version":[{"id":69916,"href":"https:\/\/www.visit-ulcinj.com\/blog\/wp-json\/wp\/v2\/posts\/69913\/revisions\/69916"}],"wp:attachment":[{"href":"https:\/\/www.visit-ulcinj.com\/blog\/wp-json\/wp\/v2\/media?parent=69913"}],"wp:term":[{"taxonomy":"category","embeddable":true,"href":"https:\/\/www.visit-ulcinj.com\/blog\/wp-json\/wp\/v2\/categories?post=69913"},{"taxonomy":"post_tag","embeddable":true,"href":"https:\/\/www.visit-ulcinj.com\/blog\/wp-json\/wp\/v2\/tags?post=69913"}],"curies":[{"name":"wp","href":"https:\/\/api.w.org\/{rel}","templated":true}]}}