{"id":69917,"date":"2013-03-22T11:01:45","date_gmt":"2013-03-22T10:01:45","guid":{"rendered":"http:\/\/www.visit-ulcinj.com\/blog\/?p=69917"},"modified":"2013-04-02T11:15:08","modified_gmt":"2013-04-02T10:15:08","slug":"padrejtesit-e-bashkesis-islame-ndaj-besimtareve-te-anes-malit","status":"publish","type":"post","link":"https:\/\/www.visit-ulcinj.com\/blog\/2013\/03\/22\/padrejtesit-e-bashkesis-islame-ndaj-besimtareve-te-anes-malit\/","title":{"rendered":"Padrejtesit e Bashkesis Islame ndaj besimtareve te Anes Malit"},"content":{"rendered":"<p style=\"text-align: center;\"><strong><a href=\"http:\/\/www.visit-ulcinj.com\/blog\/wp-content\/uploads\/2013\/03\/Bashk\u00ebsia-Islame-e-Ulqinit..jpg\"><img loading=\"lazy\" class=\"alignleft  wp-image-69918\" alt=\"Bashk\u00ebsia-Islame-e-Ulqinit.\" src=\"http:\/\/www.visit-ulcinj.com\/blog\/wp-content\/uploads\/2013\/03\/Bashk\u00ebsia-Islame-e-Ulqinit..jpg\" width=\"508\" height=\"360\" \/><\/a>DEKLARAT\u00cb P\u00cbR MEDIA<\/strong><\/p>\n<p>Me rastin e zgjedhjeve t\u00eb organeve t\u00eb Bashk\u00ebsis\u00eb Islame n\u00eb komun\u00ebn e Ulqinit, ne myrtovelit\u00eb dhe xhemati i 12 xhamive, kemi njoftuar xhematin dhe opinionin, me kronologjin\u00eb e problemeve, manipulimet, padrejt\u00ebsin\u00eb dhe diskriminimin ndaj zon\u00ebs s\u00eb An\u00ebs Malit.<br \/>\nP\u00ebr argumentet tona nuk kan\u00eb dh\u00ebn\u00eb asnj\u00eb koment Kryeimami dhe Reisi, sepse mir\u00eb e din t\u00eb v\u00ebrtet\u00ebn. Ata shpresojn\u00eb se me heshtje p\u00ebr fajet e veta k\u00ebto probleme do t\u00eb tejkalohen dhe ne do t\u00eb pranojm\u00eb diskriminimin dhe padrejt\u00ebsit\u00eb. Problemi ekziston, ai nuk mund t\u00eb mohohet por ai duhet t\u00eb zgjidhet e kurrsesi t\u00eb fsheh\u00ebt, se n\u00ebse fsheh\u00ebt problemi, ai fryhet edhe m\u00eb shum\u00eb.<br \/>\nDeklarata e K\u00ebshillit t\u00eb Bashk\u00ebsis\u00eb Islame, me dat\u00eb 15.03.2012, lexuar n\u00eb emisionin \u201eKronika e Ulqinit\u201c n\u00eb Televizionin Teuta, ku mes t\u00eb tjerash u tha q\u00eb zgjedhjet ishin demokratike dhe t\u00eb lira, dhe q\u00eb sipas tyre \u00e7do gj\u00eb ka shkuar ashtu si\u00e7 duhet, na shtyn t\u00eb reagojm\u00eb p\u00ebrs\u00ebri. Dhun\u00ebs s\u00eb tyre si argument dhe t\u00eb pav\u00ebrtetave n\u00eb k\u00ebt\u00eb deklarat\u00eb, ne i kund\u00ebrvihemi me fakte:<\/p>\n<ul>\n<li>1. M\u00eb shum\u00eb se dy vite an\u00ebtar\u00ebt legjitim t\u00eb k\u00ebsaj treve jan\u00eb p\u00ebrjashtuar nga K\u00ebshilli i Bashk\u00ebsis\u00eb Islame, dhe nuk i \u00ebsht\u00eb lejuar t\u00eb marrin pjes\u00eb n\u00eb mbledhjet e K\u00ebshillit jo legjitim. Kjo erdhi si rezultat i kriz\u00ebs s\u00eb shkaktuar nga nj\u00eb rrym\u00eb monopoliste e K\u00ebshillit t\u00eb Bashk\u00ebsis\u00eb s\u00eb Ulqinit e cila kishte p\u00ebr q\u00ebllim ndarjen e Bashk\u00ebsis\u00eb islame dhe p\u00ebrjashtimin e besimtar\u00ebve nga Ana e Malit.<\/li>\n<li>2. P\u00ebr tejkalimin e kriz\u00ebs, ne kemi kontaktuar dhe i kemi njoftuar me shkresa t\u00eb ndryshme K\u00ebshillin e Bashk\u00ebsis\u00eb Islame \u2013 Ulqin dhe Meshihatin e Bashk\u00ebsis\u00eb Islame n\u00eb Podgoric\u00eb.<\/li>\n<li>3. Zgjedhjet jan\u00eb p\u00ebrshpejtuar dhe jan\u00eb realizuar p\u00ebr 7 dit\u00eb, n\u00eb kund\u00ebrshtim me norm\u00ebn e Kushtetut\u00ebs dhe me Rregulloren p\u00ebr k\u00ebto zgjedhje, ku parashihen 30 dit\u00eb.<\/li>\n<li>4. Zvog\u00eblohet numri i an\u00ebtar\u00ebve nga 6 an\u00ebtar\u00ebt legjitim q\u00eb i takojn\u00eb An\u00ebs Malit n\u00eb K\u00ebshillin Komunal, si\u00e7 kan\u00eb qen\u00eb m\u00eb her\u00ebt (6 an\u00ebtar\u00eb), por zvog\u00eblohet n\u00eb tre an\u00ebtar\u00eb, pa kurrfar\u00eb arsyetimi, shpjegimi dhe pa kritere q\u00eb duhet t\u00eb vlejn\u00eb p\u00ebr t\u00eb gjitha zonat ( si\u00e7 jan\u00eb p\u00ebr shembull numri i banor\u00ebve, numri i xhamive ose xhemat\u00eblinj\u00ebve).<\/li>\n<li>5. N\u00eb Komisionin Zgjedhor\u00eb nuk ka pasur asnj\u00eb an\u00ebtar\u00eb t\u00eb propozuar ose zgjedhur nga kjo trev\u00eb.<\/li>\n<li>6. Bart\u00ebsit jo legjitim t\u00eb k\u00ebtij procesi nuk lejuan q\u00eb kandidat\u00ebt ton\u00eb ti propozojm\u00eb dhe as ti zgjedhim ne me vullnetin ton\u00eb t\u00eb lir\u00eb.<\/li>\n<li>7. T\u00ebr\u00eb procesi ishte i dirigjuar dhe jo transparent.<\/li>\n<li>8. Disa imam\u00eb jan\u00eb k\u00ebrc\u00ebnuar dhe jan\u00eb detyruar q\u00eb t\u00eb marrin pjes\u00eb n\u00eb votime, kurse disa t\u00eb tjer\u00eb kan\u00eb pranuar k\u00ebt\u00eb diskriminim duke lejuar q\u00eb ta ulin numrin e p\u00ebrfaq\u00ebsuesve nga 6 n\u00eb 3 an\u00ebtar\u00eb.<\/li>\n<li>9. Gjat\u00eb procesit zgjedhor\u00eb ka pasur k\u00ebrc\u00ebnime p\u00ebr shkarkimin nga detyra t\u00eb disa imam\u00ebve dhe myrtovelive.<\/li>\n<li>10. Ata q\u00eb kan\u00eb votuar nuk e kan\u00eb pasur p\u00eblqimin e xhematit t\u00eb tyre, por kan\u00eb marr\u00eb pjes\u00eb personalisht p\u00ebr interesa t\u00eb tyre personale. K\u00ebt\u00eb e d\u00ebshmon fakti q\u00eb jan\u00eb akuzuar nga vet xhemati i tyre se nuk kan\u00eb p\u00ebrfaq\u00ebsuar vullnetin e lir\u00eb t\u00eb shumic\u00ebs.<\/li>\n<li>11. Gjat\u00eb votimit ka pasur po ashtu manipulime, konflikte dhe pak\u00ebnaq\u00ebsi mes atyre q\u00eb kan\u00eb marr pjes\u00eb n\u00eb votime. Ka pasur flet\u00eb votime m\u00eb shum\u00eb se votues, ku disa imam\u00eb dhe xhematli kan\u00eb votuar nga 2 her\u00eb. P\u00ebr k\u00ebto arsye NE nuk i pranojm\u00eb tre \u201cp\u00ebrfaq\u00ebsuesit\u201d q\u00eb e \u201cp\u00ebrfaq\u00ebsojn\u00eb\u201d An\u00ebn e Malit.<\/li>\n<li>12. Gjat\u00eb votimit ka pas incidente, ashtu si\u00e7 ka pasur edhe dit\u00ebn kur p\u00ebrfaq\u00ebsuesit e Meshihatit kan\u00eb mbajtur takimin parazgjedhor me Imam\u00ebt dhe Myrtovelit e xhamive t\u00eb An\u00ebs Malit, me dat\u00eb 27 Shkurt 2013. P\u00ebr t\u00eb gjitha k\u00ebto kemi incizimet dhe d\u00ebshmitar\u00eb.<\/li>\n<\/ul>\n<p>Ata q\u00eb kan\u00eb pranuar k\u00ebt\u00eb diskriminim dhe q\u00eb kan\u00eb votuar k\u00ebt\u00eb padrejt\u00ebsi, sot na akuzojn\u00eb neve q\u00eb k\u00ebrkojm\u00eb drejt\u00ebsi dhe dinjitet, sikur ne jemi p\u00ebr ndarje duke na etiketuar dhe k\u00ebrc\u00ebnuar.<\/p>\n<p>Me k\u00ebt\u00eb deklarat\u00eb shprehim pa k\u00ebnaq\u00ebsin\u00eb ton\u00eb p\u00ebr ngjarjet e tre viteve t\u00eb fundit n\u00eb Bashk\u00ebsin\u00eb Islame kur i gjith\u00eb komuniteti islam i k\u00ebsaj zone ka qen\u00eb i p\u00ebrjashtuar nga K\u00ebshilli dhe shprehim q\u00ebndrimin ton\u00eb kund\u00ebr ndarjes s\u00eb Bashk\u00ebsis\u00eb Islame.<br \/>\nNuk pranojm\u00eb vendimin e K\u00ebshillit t\u00eb Bashk\u00ebsis\u00eb Islame p\u00ebr zvog\u00eblimin e p\u00ebrfaq\u00ebsuesve nga Ana e Malit, prej 6 (gjasht\u00eb) n\u00eb 3 (tre) an\u00ebtar\u00eb n\u00eb K\u00ebshillin e Bashk\u00ebsis\u00eb Islame n\u00eb Ulqin, sidomos kur ky zvog\u00eblim na \u00ebsht\u00eb imponuar dhe \u00ebsht\u00eb b\u00ebr\u00eb pa shpjegim dhe pa kritere.<\/p>\n<p><strong>N\u00ebnshkruesit e k\u00ebsaj deklarate:<\/strong><\/p>\n<p><strong>1. Xhamia e Brajshes, Kryetari: Vesel Lleshi<\/strong><br \/>\n<strong> 2. Xhamia e Sukubines, Kryetari: Bilal Kurti<\/strong><br \/>\n<strong> 3. Xhamia e Shtodrit, Kryetari: Dul Osmani<\/strong><br \/>\n<strong> 4. Xhamia e Selites, Kryetari: Sejdo Astafa<\/strong><br \/>\n<strong> 5. Xhamia e Kravarit Nalt, Kryetari: Naim Demiri<\/strong><br \/>\n<strong> 6. Xhamia e Klleznes, Kryetari: Samir Kurti<\/strong><br \/>\n<strong> 7. Xhamia e Bojkut, Kryetari: Dyl Smajli<\/strong><br \/>\n<strong> 8. Xhamia e Rashtish Posht, Kryetari: Ramadan Xhurreta<\/strong><br \/>\n<strong> 9. Xhamia e Kravarit Posht, Kryetari: Xhemal Zeneli<\/strong><\/p>\n<p>&nbsp;<\/p>\n","protected":false},"excerpt":{"rendered":"<p>DEKLARAT\u00cb P\u00cbR MEDIA Me rastin e zgjedhjeve t\u00eb organeve t\u00eb Bashk\u00ebsis\u00eb Islame n\u00eb komun\u00ebn e Ulqinit, ne myrtovelit\u00eb dhe xhemati i 12 xhamive, kemi njoftuar xhematin dhe opinionin, me kronologjin\u00eb e problemeve, manipulimet, padrejt\u00ebsin\u00eb dhe diskriminimin ndaj zon\u00ebs s\u00eb An\u00ebs Malit. P\u00ebr argumentet tona nuk kan\u00eb dh\u00ebn\u00eb asnj\u00eb koment Kryeimami dhe Reisi, sepse mir\u00eb e [&hellip;]<\/p>\n","protected":false},"author":1,"featured_media":0,"comment_status":"open","ping_status":"closed","sticky":false,"template":"","format":"standard","meta":{"spay_email":"","jetpack_publicize_message":"","jetpack_is_tweetstorm":false,"jetpack_publicize_feature_enabled":true},"categories":[1,12],"tags":[5029],"jetpack_publicize_connections":[],"yoast_head":"<!-- This site is optimized with the Yoast SEO plugin v19.1 - https:\/\/yoast.com\/wordpress\/plugins\/seo\/ -->\n<title>Padrejtesit e Bashkesis Islame ndaj besimtareve te Anes Malit - Lajme nga Ulqini<\/title>\n<meta name=\"description\" content=\"DEKLARAT\u00cb P\u00cbR MEDIA Me rastin e zgjedhjeve t\u00eb organeve t\u00eb Bashk\u00ebsis\u00eb Islame n\u00eb komun\u00ebn e Ulqinit, ne myrtovelit\u00eb dhe xhemati i 12 xhamive, kemi njoftuar\" \/>\n<meta name=\"robots\" content=\"index, follow, max-snippet:-1, max-image-preview:large, max-video-preview:-1\" \/>\n<link rel=\"canonical\" href=\"https:\/\/www.visit-ulcinj.com\/blog\/2013\/03\/22\/padrejtesit-e-bashkesis-islame-ndaj-besimtareve-te-anes-malit\/\" \/>\n<meta property=\"og:locale\" content=\"en_US\" \/>\n<meta property=\"og:type\" content=\"article\" \/>\n<meta property=\"og:title\" content=\"Padrejtesit e Bashkesis Islame ndaj besimtareve te Anes Malit - Lajme nga Ulqini\" \/>\n<meta property=\"og:description\" content=\"DEKLARAT\u00cb P\u00cbR MEDIA Me rastin e zgjedhjeve t\u00eb organeve t\u00eb Bashk\u00ebsis\u00eb Islame n\u00eb komun\u00ebn e Ulqinit, ne myrtovelit\u00eb dhe xhemati i 12 xhamive, kemi njoftuar\" \/>\n<meta property=\"og:url\" content=\"https:\/\/www.visit-ulcinj.com\/blog\/2013\/03\/22\/padrejtesit-e-bashkesis-islame-ndaj-besimtareve-te-anes-malit\/\" \/>\n<meta property=\"og:site_name\" content=\"Lajme nga Ulqini\" \/>\n<meta property=\"article:published_time\" content=\"2013-03-22T10:01:45+00:00\" \/>\n<meta property=\"article:modified_time\" content=\"2013-04-02T10:15:08+00:00\" \/>\n<meta name=\"twitter:label1\" content=\"Written by\" \/>\n\t<meta name=\"twitter:data1\" content=\"ulqini\" \/>\n\t<meta name=\"twitter:label2\" content=\"Est. reading time\" \/>\n\t<meta name=\"twitter:data2\" content=\"4 minutes\" \/>\n<script type=\"application\/ld+json\" class=\"yoast-schema-graph\">{\"@context\":\"https:\/\/schema.org\",\"@graph\":[{\"@type\":\"WebSite\",\"@id\":\"https:\/\/www.visit-ulcinj.com\/blog\/#website\",\"url\":\"https:\/\/www.visit-ulcinj.com\/blog\/\",\"name\":\"Lajme nga Ulqini\",\"description\":\"Lajme,Vijesti,Ulqini,Ulqin,Crna Gora,Mali i Zi\",\"potentialAction\":[{\"@type\":\"SearchAction\",\"target\":{\"@type\":\"EntryPoint\",\"urlTemplate\":\"https:\/\/www.visit-ulcinj.com\/blog\/?s={search_term_string}\"},\"query-input\":\"required name=search_term_string\"}],\"inLanguage\":\"en-US\"},{\"@type\":\"WebPage\",\"@id\":\"https:\/\/www.visit-ulcinj.com\/blog\/2013\/03\/22\/padrejtesit-e-bashkesis-islame-ndaj-besimtareve-te-anes-malit\/#webpage\",\"url\":\"https:\/\/www.visit-ulcinj.com\/blog\/2013\/03\/22\/padrejtesit-e-bashkesis-islame-ndaj-besimtareve-te-anes-malit\/\",\"name\":\"Padrejtesit e Bashkesis Islame ndaj besimtareve te Anes Malit - Lajme nga Ulqini\",\"isPartOf\":{\"@id\":\"https:\/\/www.visit-ulcinj.com\/blog\/#website\"},\"datePublished\":\"2013-03-22T10:01:45+00:00\",\"dateModified\":\"2013-04-02T10:15:08+00:00\",\"author\":{\"@id\":\"https:\/\/www.visit-ulcinj.com\/blog\/#\/schema\/person\/dcab619c614d3038751c63bc2aadc06d\"},\"description\":\"DEKLARAT\u00cb P\u00cbR MEDIA Me rastin e zgjedhjeve t\u00eb organeve t\u00eb Bashk\u00ebsis\u00eb Islame n\u00eb komun\u00ebn e Ulqinit, ne myrtovelit\u00eb dhe xhemati i 12 xhamive, kemi njoftuar\",\"breadcrumb\":{\"@id\":\"https:\/\/www.visit-ulcinj.com\/blog\/2013\/03\/22\/padrejtesit-e-bashkesis-islame-ndaj-besimtareve-te-anes-malit\/#breadcrumb\"},\"inLanguage\":\"en-US\",\"potentialAction\":[{\"@type\":\"ReadAction\",\"target\":[\"https:\/\/www.visit-ulcinj.com\/blog\/2013\/03\/22\/padrejtesit-e-bashkesis-islame-ndaj-besimtareve-te-anes-malit\/\"]}]},{\"@type\":\"BreadcrumbList\",\"@id\":\"https:\/\/www.visit-ulcinj.com\/blog\/2013\/03\/22\/padrejtesit-e-bashkesis-islame-ndaj-besimtareve-te-anes-malit\/#breadcrumb\",\"itemListElement\":[{\"@type\":\"ListItem\",\"position\":1,\"name\":\"Padrejtesit e Bashkesis Islame ndaj besimtareve te Anes Malit\"}]},{\"@type\":\"Person\",\"@id\":\"https:\/\/www.visit-ulcinj.com\/blog\/#\/schema\/person\/dcab619c614d3038751c63bc2aadc06d\",\"name\":\"ulqini\",\"sameAs\":[\"http:\/\/www.visit-ulcinj.com\"],\"url\":\"https:\/\/www.visit-ulcinj.com\/blog\/author\/admin\/\"}]}<\/script>\n<!-- \/ Yoast SEO plugin. -->","yoast_head_json":{"title":"Padrejtesit e Bashkesis Islame ndaj besimtareve te Anes Malit - Lajme nga Ulqini","description":"DEKLARAT\u00cb P\u00cbR MEDIA Me rastin e zgjedhjeve t\u00eb organeve t\u00eb Bashk\u00ebsis\u00eb Islame n\u00eb komun\u00ebn e Ulqinit, ne myrtovelit\u00eb dhe xhemati i 12 xhamive, kemi njoftuar","robots":{"index":"index","follow":"follow","max-snippet":"max-snippet:-1","max-image-preview":"max-image-preview:large","max-video-preview":"max-video-preview:-1"},"canonical":"https:\/\/www.visit-ulcinj.com\/blog\/2013\/03\/22\/padrejtesit-e-bashkesis-islame-ndaj-besimtareve-te-anes-malit\/","og_locale":"en_US","og_type":"article","og_title":"Padrejtesit e Bashkesis Islame ndaj besimtareve te Anes Malit - Lajme nga Ulqini","og_description":"DEKLARAT\u00cb P\u00cbR MEDIA Me rastin e zgjedhjeve t\u00eb organeve t\u00eb Bashk\u00ebsis\u00eb Islame n\u00eb komun\u00ebn e Ulqinit, ne myrtovelit\u00eb dhe xhemati i 12 xhamive, kemi njoftuar","og_url":"https:\/\/www.visit-ulcinj.com\/blog\/2013\/03\/22\/padrejtesit-e-bashkesis-islame-ndaj-besimtareve-te-anes-malit\/","og_site_name":"Lajme nga Ulqini","article_published_time":"2013-03-22T10:01:45+00:00","article_modified_time":"2013-04-02T10:15:08+00:00","twitter_misc":{"Written by":"ulqini","Est. reading time":"4 minutes"},"schema":{"@context":"https:\/\/schema.org","@graph":[{"@type":"WebSite","@id":"https:\/\/www.visit-ulcinj.com\/blog\/#website","url":"https:\/\/www.visit-ulcinj.com\/blog\/","name":"Lajme nga Ulqini","description":"Lajme,Vijesti,Ulqini,Ulqin,Crna Gora,Mali i Zi","potentialAction":[{"@type":"SearchAction","target":{"@type":"EntryPoint","urlTemplate":"https:\/\/www.visit-ulcinj.com\/blog\/?s={search_term_string}"},"query-input":"required name=search_term_string"}],"inLanguage":"en-US"},{"@type":"WebPage","@id":"https:\/\/www.visit-ulcinj.com\/blog\/2013\/03\/22\/padrejtesit-e-bashkesis-islame-ndaj-besimtareve-te-anes-malit\/#webpage","url":"https:\/\/www.visit-ulcinj.com\/blog\/2013\/03\/22\/padrejtesit-e-bashkesis-islame-ndaj-besimtareve-te-anes-malit\/","name":"Padrejtesit e Bashkesis Islame ndaj besimtareve te Anes Malit - Lajme nga Ulqini","isPartOf":{"@id":"https:\/\/www.visit-ulcinj.com\/blog\/#website"},"datePublished":"2013-03-22T10:01:45+00:00","dateModified":"2013-04-02T10:15:08+00:00","author":{"@id":"https:\/\/www.visit-ulcinj.com\/blog\/#\/schema\/person\/dcab619c614d3038751c63bc2aadc06d"},"description":"DEKLARAT\u00cb P\u00cbR MEDIA Me rastin e zgjedhjeve t\u00eb organeve t\u00eb Bashk\u00ebsis\u00eb Islame n\u00eb komun\u00ebn e Ulqinit, ne myrtovelit\u00eb dhe xhemati i 12 xhamive, kemi njoftuar","breadcrumb":{"@id":"https:\/\/www.visit-ulcinj.com\/blog\/2013\/03\/22\/padrejtesit-e-bashkesis-islame-ndaj-besimtareve-te-anes-malit\/#breadcrumb"},"inLanguage":"en-US","potentialAction":[{"@type":"ReadAction","target":["https:\/\/www.visit-ulcinj.com\/blog\/2013\/03\/22\/padrejtesit-e-bashkesis-islame-ndaj-besimtareve-te-anes-malit\/"]}]},{"@type":"BreadcrumbList","@id":"https:\/\/www.visit-ulcinj.com\/blog\/2013\/03\/22\/padrejtesit-e-bashkesis-islame-ndaj-besimtareve-te-anes-malit\/#breadcrumb","itemListElement":[{"@type":"ListItem","position":1,"name":"Padrejtesit e Bashkesis Islame ndaj besimtareve te Anes Malit"}]},{"@type":"Person","@id":"https:\/\/www.visit-ulcinj.com\/blog\/#\/schema\/person\/dcab619c614d3038751c63bc2aadc06d","name":"ulqini","sameAs":["http:\/\/www.visit-ulcinj.com"],"url":"https:\/\/www.visit-ulcinj.com\/blog\/author\/admin\/"}]}},"jetpack_featured_media_url":"","jetpack_sharing_enabled":true,"jetpack_shortlink":"https:\/\/wp.me\/pe6lTn-ibH","_links":{"self":[{"href":"https:\/\/www.visit-ulcinj.com\/blog\/wp-json\/wp\/v2\/posts\/69917"}],"collection":[{"href":"https:\/\/www.visit-ulcinj.com\/blog\/wp-json\/wp\/v2\/posts"}],"about":[{"href":"https:\/\/www.visit-ulcinj.com\/blog\/wp-json\/wp\/v2\/types\/post"}],"author":[{"embeddable":true,"href":"https:\/\/www.visit-ulcinj.com\/blog\/wp-json\/wp\/v2\/users\/1"}],"replies":[{"embeddable":true,"href":"https:\/\/www.visit-ulcinj.com\/blog\/wp-json\/wp\/v2\/comments?post=69917"}],"version-history":[{"count":7,"href":"https:\/\/www.visit-ulcinj.com\/blog\/wp-json\/wp\/v2\/posts\/69917\/revisions"}],"predecessor-version":[{"id":70274,"href":"https:\/\/www.visit-ulcinj.com\/blog\/wp-json\/wp\/v2\/posts\/69917\/revisions\/70274"}],"wp:attachment":[{"href":"https:\/\/www.visit-ulcinj.com\/blog\/wp-json\/wp\/v2\/media?parent=69917"}],"wp:term":[{"taxonomy":"category","embeddable":true,"href":"https:\/\/www.visit-ulcinj.com\/blog\/wp-json\/wp\/v2\/categories?post=69917"},{"taxonomy":"post_tag","embeddable":true,"href":"https:\/\/www.visit-ulcinj.com\/blog\/wp-json\/wp\/v2\/tags?post=69917"}],"curies":[{"name":"wp","href":"https:\/\/api.w.org\/{rel}","templated":true}]}}