{"id":69925,"date":"2013-03-22T12:54:45","date_gmt":"2013-03-22T11:54:45","guid":{"rendered":"http:\/\/www.visit-ulcinj.com\/blog\/?p=69925"},"modified":"2013-03-22T12:54:45","modified_gmt":"2013-03-22T11:54:45","slug":"platis-6-dobijes-7-dana-na-adi-bojani","status":"publish","type":"post","link":"https:\/\/www.visit-ulcinj.com\/blog\/2013\/03\/22\/platis-6-dobijes-7-dana-na-adi-bojani\/","title":{"rendered":"Plati\u0161 6 &#8211; dobije\u0161 7 dana na Adi Bojani"},"content":{"rendered":"<p align=\"center\"><b><a href=\"http:\/\/www.visit-ulcinj.com\/blog\/wp-content\/uploads\/2013\/03\/Platis-6-dobijes-7-dana-na-Adi-Bojani.jpg\"><img loading=\"lazy\" class=\"alignleft  wp-image-69926\" alt=\"Platis 6 - dobijes 7 dana na Adi Bojani\" src=\"http:\/\/www.visit-ulcinj.com\/blog\/wp-content\/uploads\/2013\/03\/Platis-6-dobijes-7-dana-na-Adi-Bojani.jpg\" width=\"508\" height=\"299\" \/><\/a>Plati\u0161 6 &#8211; dobije\u0161 7 dana<\/b><\/p>\n<p>&nbsp;<\/p>\n<p>Ulcinj \u2013 \u201ePlati\u0161 6 &#8211; dobije\u0161 7 dana, plati\u0161 10 \u2013 dobije\u0161 12 dana\u201c- u novoj ljetnoj akciji povoljno se mogu bukirati aran\u017emani na Adi Bojani na recepciji i preko agencija sa kojima sara\u0111uje HTP Ulcinjska rivijera. Akcija va\u017ei za boravak gostiju do 5. jula za sve tipove soba. Za boravak u trajanju od dvije nedelje, tako\u0111e se dobijaju dva dana gratis.<\/p>\n<p>Ovog ljeta Ada Bojana \u0107e proslaviti 40 godina svog postojanja, a prvi gosti dolaze \u00a030. Aprila. Do otvaranja Ade, bi\u0107e zavr\u0161ena rekonstrukcija jo\u0161 40 soba tip A gdje se renoviraju kupatila, stolarija, namje\u0161taj, saop\u0161teno je iz ovog preduze\u0107a. Tako\u0111e, svih 70 soba Tip L koje se nalaze pored same pla\u017ee ove godine \u0107e imati nov namje\u0161taj, renovirana kupatila, terase i stolariju. Dio soba na Adi je ve\u0107 renoviran za prethodnu sezonu, tako da \u0107e ovog ljeta biti raspolo\u017eivo ukupno 160 soba ukupnog kapaciteta 350 kreveta.<\/p>\n<p>Na Adi \u0107e ponovo biti u ponudi prepoznatljivi sportski sadr\u017eaji kao \u0161to su surfing, kitesturfing, rekreativno jahanje konja, tenis, odbojka na pijesku, a za gastronomski ugo\u0111aj tu je niz restorana koji u ponudi imaju vrhunske riblje specijalitete i najbolja vina.<\/p>\n<p>Ovo \u201crajsko ostrvo\u201d se nalazi u zagrljaju izme\u0111u rijeke Bojane i Jadranskog mora, 15 km udaljeno od Ulcinja, a \u010duveno \u0161irom svijeta postalo je ve\u0107 davne 1973. Godine kada je prvi put otvoreno nudisti\u010dko naselje.<\/p>\n<p>Cijene polupansiona na Adi Bojani se kre\u0107u od 27 evra u predsezoni i od 37 eura u \u0161picu sezone. Cijena kompleta dvije le\u017ealjke i suncobrana je 6 eura. Rekreativno jahanje konja na Adi u ponudi je od sredine juna do kraja avgusta, a sat vremena jahanja = 10 eura. Sat igre tenisa &#8211; 5 eura danju, 7 evra no\u0107u (pod reflektorima).<\/p>\n<p>&nbsp;<\/p>\n<p><strong>Ana \u017divanovi\u0107<br \/>\n<!--YouTube Error: bad URL entered--><br \/>\n<\/strong><\/p>\n","protected":false},"excerpt":{"rendered":"<p>Plati\u0161 6 &#8211; dobije\u0161 7 dana &nbsp; Ulcinj \u2013 \u201ePlati\u0161 6 &#8211; dobije\u0161 7 dana, plati\u0161 10 \u2013 dobije\u0161 12 dana\u201c- u novoj ljetnoj akciji povoljno se mogu bukirati aran\u017emani na Adi Bojani na recepciji i preko agencija sa kojima sara\u0111uje HTP Ulcinjska rivijera. Akcija va\u017ei za boravak gostiju do 5. jula za sve tipove [&hellip;]<\/p>\n","protected":false},"author":1,"featured_media":0,"comment_status":"open","ping_status":"closed","sticky":false,"template":"","format":"standard","meta":{"spay_email":"","jetpack_publicize_message":"","jetpack_is_tweetstorm":false,"jetpack_publicize_feature_enabled":true},"categories":[8337],"tags":[138,2118,250],"jetpack_publicize_connections":[],"yoast_head":"<!-- This site is optimized with the Yoast SEO plugin v19.1 - https:\/\/yoast.com\/wordpress\/plugins\/seo\/ -->\n<title>Plati\u0161 6 - dobije\u0161 7 dana na Adi Bojani - Lajme nga Ulqini<\/title>\n<meta name=\"description\" content=\"Plati\u0161 6 - dobije\u0161 7 dana &nbsp; Ulcinj \u2013 \u201ePlati\u0161 6 - dobije\u0161 7 dana, plati\u0161 10 \u2013 dobije\u0161 12 dana\u201c- u novoj ljetnoj akciji povoljno se mogu bukirati\" \/>\n<meta name=\"robots\" content=\"index, follow, max-snippet:-1, max-image-preview:large, max-video-preview:-1\" \/>\n<link rel=\"canonical\" href=\"https:\/\/www.visit-ulcinj.com\/blog\/2013\/03\/22\/platis-6-dobijes-7-dana-na-adi-bojani\/\" \/>\n<meta property=\"og:locale\" content=\"en_US\" \/>\n<meta property=\"og:type\" content=\"article\" \/>\n<meta property=\"og:title\" content=\"Plati\u0161 6 - dobije\u0161 7 dana na Adi Bojani - Lajme nga Ulqini\" \/>\n<meta property=\"og:description\" content=\"Plati\u0161 6 - dobije\u0161 7 dana &nbsp; Ulcinj \u2013 \u201ePlati\u0161 6 - dobije\u0161 7 dana, plati\u0161 10 \u2013 dobije\u0161 12 dana\u201c- u novoj ljetnoj akciji povoljno se mogu bukirati\" \/>\n<meta property=\"og:url\" content=\"https:\/\/www.visit-ulcinj.com\/blog\/2013\/03\/22\/platis-6-dobijes-7-dana-na-adi-bojani\/\" \/>\n<meta property=\"og:site_name\" content=\"Lajme nga Ulqini\" \/>\n<meta property=\"article:published_time\" content=\"2013-03-22T11:54:45+00:00\" \/>\n<meta property=\"og:image\" content=\"http:\/\/www.visit-ulcinj.com\/blog\/wp-content\/uploads\/2013\/03\/Platis-6-dobijes-7-dana-na-Adi-Bojani.jpg\" \/>\n<meta name=\"twitter:label1\" content=\"Written by\" \/>\n\t<meta name=\"twitter:data1\" content=\"ulqini\" \/>\n\t<meta name=\"twitter:label2\" content=\"Est. reading time\" \/>\n\t<meta name=\"twitter:data2\" content=\"1 minute\" \/>\n<script type=\"application\/ld+json\" class=\"yoast-schema-graph\">{\"@context\":\"https:\/\/schema.org\",\"@graph\":[{\"@type\":\"WebSite\",\"@id\":\"https:\/\/www.visit-ulcinj.com\/blog\/#website\",\"url\":\"https:\/\/www.visit-ulcinj.com\/blog\/\",\"name\":\"Lajme nga Ulqini\",\"description\":\"Lajme,Vijesti,Ulqini,Ulqin,Crna Gora,Mali i Zi\",\"potentialAction\":[{\"@type\":\"SearchAction\",\"target\":{\"@type\":\"EntryPoint\",\"urlTemplate\":\"https:\/\/www.visit-ulcinj.com\/blog\/?s={search_term_string}\"},\"query-input\":\"required name=search_term_string\"}],\"inLanguage\":\"en-US\"},{\"@type\":\"ImageObject\",\"inLanguage\":\"en-US\",\"@id\":\"https:\/\/www.visit-ulcinj.com\/blog\/2013\/03\/22\/platis-6-dobijes-7-dana-na-adi-bojani\/#primaryimage\",\"url\":\"https:\/\/www.visit-ulcinj.com\/blog\/wp-content\/uploads\/2013\/03\/Platis-6-dobijes-7-dana-na-Adi-Bojani.jpg\",\"contentUrl\":\"https:\/\/www.visit-ulcinj.com\/blog\/wp-content\/uploads\/2013\/03\/Platis-6-dobijes-7-dana-na-Adi-Bojani.jpg\",\"width\":448,\"height\":299},{\"@type\":\"WebPage\",\"@id\":\"https:\/\/www.visit-ulcinj.com\/blog\/2013\/03\/22\/platis-6-dobijes-7-dana-na-adi-bojani\/#webpage\",\"url\":\"https:\/\/www.visit-ulcinj.com\/blog\/2013\/03\/22\/platis-6-dobijes-7-dana-na-adi-bojani\/\",\"name\":\"Plati\u0161 6 - dobije\u0161 7 dana na Adi Bojani - Lajme nga Ulqini\",\"isPartOf\":{\"@id\":\"https:\/\/www.visit-ulcinj.com\/blog\/#website\"},\"primaryImageOfPage\":{\"@id\":\"https:\/\/www.visit-ulcinj.com\/blog\/2013\/03\/22\/platis-6-dobijes-7-dana-na-adi-bojani\/#primaryimage\"},\"datePublished\":\"2013-03-22T11:54:45+00:00\",\"dateModified\":\"2013-03-22T11:54:45+00:00\",\"author\":{\"@id\":\"https:\/\/www.visit-ulcinj.com\/blog\/#\/schema\/person\/dcab619c614d3038751c63bc2aadc06d\"},\"description\":\"Plati\u0161 6 - dobije\u0161 7 dana &nbsp; Ulcinj \u2013 \u201ePlati\u0161 6 - dobije\u0161 7 dana, plati\u0161 10 \u2013 dobije\u0161 12 dana\u201c- u novoj ljetnoj akciji povoljno se mogu bukirati\",\"breadcrumb\":{\"@id\":\"https:\/\/www.visit-ulcinj.com\/blog\/2013\/03\/22\/platis-6-dobijes-7-dana-na-adi-bojani\/#breadcrumb\"},\"inLanguage\":\"en-US\",\"potentialAction\":[{\"@type\":\"ReadAction\",\"target\":[\"https:\/\/www.visit-ulcinj.com\/blog\/2013\/03\/22\/platis-6-dobijes-7-dana-na-adi-bojani\/\"]}]},{\"@type\":\"BreadcrumbList\",\"@id\":\"https:\/\/www.visit-ulcinj.com\/blog\/2013\/03\/22\/platis-6-dobijes-7-dana-na-adi-bojani\/#breadcrumb\",\"itemListElement\":[{\"@type\":\"ListItem\",\"position\":1,\"name\":\"Plati\u0161 6 &#8211; dobije\u0161 7 dana na Adi Bojani\"}]},{\"@type\":\"Person\",\"@id\":\"https:\/\/www.visit-ulcinj.com\/blog\/#\/schema\/person\/dcab619c614d3038751c63bc2aadc06d\",\"name\":\"ulqini\",\"sameAs\":[\"http:\/\/www.visit-ulcinj.com\"],\"url\":\"https:\/\/www.visit-ulcinj.com\/blog\/author\/admin\/\"}]}<\/script>\n<!-- \/ Yoast SEO plugin. -->","yoast_head_json":{"title":"Plati\u0161 6 - dobije\u0161 7 dana na Adi Bojani - Lajme nga Ulqini","description":"Plati\u0161 6 - dobije\u0161 7 dana &nbsp; Ulcinj \u2013 \u201ePlati\u0161 6 - dobije\u0161 7 dana, plati\u0161 10 \u2013 dobije\u0161 12 dana\u201c- u novoj ljetnoj akciji povoljno se mogu bukirati","robots":{"index":"index","follow":"follow","max-snippet":"max-snippet:-1","max-image-preview":"max-image-preview:large","max-video-preview":"max-video-preview:-1"},"canonical":"https:\/\/www.visit-ulcinj.com\/blog\/2013\/03\/22\/platis-6-dobijes-7-dana-na-adi-bojani\/","og_locale":"en_US","og_type":"article","og_title":"Plati\u0161 6 - dobije\u0161 7 dana na Adi Bojani - Lajme nga Ulqini","og_description":"Plati\u0161 6 - dobije\u0161 7 dana &nbsp; Ulcinj \u2013 \u201ePlati\u0161 6 - dobije\u0161 7 dana, plati\u0161 10 \u2013 dobije\u0161 12 dana\u201c- u novoj ljetnoj akciji povoljno se mogu bukirati","og_url":"https:\/\/www.visit-ulcinj.com\/blog\/2013\/03\/22\/platis-6-dobijes-7-dana-na-adi-bojani\/","og_site_name":"Lajme nga Ulqini","article_published_time":"2013-03-22T11:54:45+00:00","og_image":[{"url":"http:\/\/www.visit-ulcinj.com\/blog\/wp-content\/uploads\/2013\/03\/Platis-6-dobijes-7-dana-na-Adi-Bojani.jpg"}],"twitter_misc":{"Written by":"ulqini","Est. reading time":"1 minute"},"schema":{"@context":"https:\/\/schema.org","@graph":[{"@type":"WebSite","@id":"https:\/\/www.visit-ulcinj.com\/blog\/#website","url":"https:\/\/www.visit-ulcinj.com\/blog\/","name":"Lajme nga Ulqini","description":"Lajme,Vijesti,Ulqini,Ulqin,Crna Gora,Mali i Zi","potentialAction":[{"@type":"SearchAction","target":{"@type":"EntryPoint","urlTemplate":"https:\/\/www.visit-ulcinj.com\/blog\/?s={search_term_string}"},"query-input":"required name=search_term_string"}],"inLanguage":"en-US"},{"@type":"ImageObject","inLanguage":"en-US","@id":"https:\/\/www.visit-ulcinj.com\/blog\/2013\/03\/22\/platis-6-dobijes-7-dana-na-adi-bojani\/#primaryimage","url":"https:\/\/www.visit-ulcinj.com\/blog\/wp-content\/uploads\/2013\/03\/Platis-6-dobijes-7-dana-na-Adi-Bojani.jpg","contentUrl":"https:\/\/www.visit-ulcinj.com\/blog\/wp-content\/uploads\/2013\/03\/Platis-6-dobijes-7-dana-na-Adi-Bojani.jpg","width":448,"height":299},{"@type":"WebPage","@id":"https:\/\/www.visit-ulcinj.com\/blog\/2013\/03\/22\/platis-6-dobijes-7-dana-na-adi-bojani\/#webpage","url":"https:\/\/www.visit-ulcinj.com\/blog\/2013\/03\/22\/platis-6-dobijes-7-dana-na-adi-bojani\/","name":"Plati\u0161 6 - dobije\u0161 7 dana na Adi Bojani - Lajme nga Ulqini","isPartOf":{"@id":"https:\/\/www.visit-ulcinj.com\/blog\/#website"},"primaryImageOfPage":{"@id":"https:\/\/www.visit-ulcinj.com\/blog\/2013\/03\/22\/platis-6-dobijes-7-dana-na-adi-bojani\/#primaryimage"},"datePublished":"2013-03-22T11:54:45+00:00","dateModified":"2013-03-22T11:54:45+00:00","author":{"@id":"https:\/\/www.visit-ulcinj.com\/blog\/#\/schema\/person\/dcab619c614d3038751c63bc2aadc06d"},"description":"Plati\u0161 6 - dobije\u0161 7 dana &nbsp; Ulcinj \u2013 \u201ePlati\u0161 6 - dobije\u0161 7 dana, plati\u0161 10 \u2013 dobije\u0161 12 dana\u201c- u novoj ljetnoj akciji povoljno se mogu bukirati","breadcrumb":{"@id":"https:\/\/www.visit-ulcinj.com\/blog\/2013\/03\/22\/platis-6-dobijes-7-dana-na-adi-bojani\/#breadcrumb"},"inLanguage":"en-US","potentialAction":[{"@type":"ReadAction","target":["https:\/\/www.visit-ulcinj.com\/blog\/2013\/03\/22\/platis-6-dobijes-7-dana-na-adi-bojani\/"]}]},{"@type":"BreadcrumbList","@id":"https:\/\/www.visit-ulcinj.com\/blog\/2013\/03\/22\/platis-6-dobijes-7-dana-na-adi-bojani\/#breadcrumb","itemListElement":[{"@type":"ListItem","position":1,"name":"Plati\u0161 6 &#8211; dobije\u0161 7 dana na Adi Bojani"}]},{"@type":"Person","@id":"https:\/\/www.visit-ulcinj.com\/blog\/#\/schema\/person\/dcab619c614d3038751c63bc2aadc06d","name":"ulqini","sameAs":["http:\/\/www.visit-ulcinj.com"],"url":"https:\/\/www.visit-ulcinj.com\/blog\/author\/admin\/"}]}},"jetpack_featured_media_url":"","jetpack_sharing_enabled":true,"jetpack_shortlink":"https:\/\/wp.me\/pe6lTn-ibP","_links":{"self":[{"href":"https:\/\/www.visit-ulcinj.com\/blog\/wp-json\/wp\/v2\/posts\/69925"}],"collection":[{"href":"https:\/\/www.visit-ulcinj.com\/blog\/wp-json\/wp\/v2\/posts"}],"about":[{"href":"https:\/\/www.visit-ulcinj.com\/blog\/wp-json\/wp\/v2\/types\/post"}],"author":[{"embeddable":true,"href":"https:\/\/www.visit-ulcinj.com\/blog\/wp-json\/wp\/v2\/users\/1"}],"replies":[{"embeddable":true,"href":"https:\/\/www.visit-ulcinj.com\/blog\/wp-json\/wp\/v2\/comments?post=69925"}],"version-history":[{"count":1,"href":"https:\/\/www.visit-ulcinj.com\/blog\/wp-json\/wp\/v2\/posts\/69925\/revisions"}],"predecessor-version":[{"id":69927,"href":"https:\/\/www.visit-ulcinj.com\/blog\/wp-json\/wp\/v2\/posts\/69925\/revisions\/69927"}],"wp:attachment":[{"href":"https:\/\/www.visit-ulcinj.com\/blog\/wp-json\/wp\/v2\/media?parent=69925"}],"wp:term":[{"taxonomy":"category","embeddable":true,"href":"https:\/\/www.visit-ulcinj.com\/blog\/wp-json\/wp\/v2\/categories?post=69925"},{"taxonomy":"post_tag","embeddable":true,"href":"https:\/\/www.visit-ulcinj.com\/blog\/wp-json\/wp\/v2\/tags?post=69925"}],"curies":[{"name":"wp","href":"https:\/\/api.w.org\/{rel}","templated":true}]}}