{"id":69964,"date":"2013-03-25T16:25:17","date_gmt":"2013-03-25T15:25:17","guid":{"rendered":"http:\/\/www.visit-ulcinj.com\/blog\/?p=69964"},"modified":"2013-03-25T16:25:17","modified_gmt":"2013-03-25T15:25:17","slug":"florian-beqiri-nje-dite-mund-te-behem-justin-bieber-shqiptar","status":"publish","type":"post","link":"https:\/\/www.visit-ulcinj.com\/blog\/2013\/03\/25\/florian-beqiri-nje-dite-mund-te-behem-justin-bieber-shqiptar\/","title":{"rendered":"Florian Beqiri: Nj\u00eb dit\u00eb mund t\u00eb b\u00ebhem, Justin Bieber shqiptar"},"content":{"rendered":"<p>Popullariteti nuk njeh mosh\u00eb, sa q\u00eb as p\u00ebr Florian Beqirin nuk ka pasur asnj\u00eb lloj pengese, q\u00eb ai t\u00eb shfaqet krah k\u00ebng\u00ebtarit Adrian Gaxha duke performuar n\u00eb clube t\u00eb ndryshme n\u00eb mbar\u00eb bot\u00ebn, andej nga jetojn\u00eb shqiptar\u00ebt. Gjat\u00eb nj\u00eb interviste p\u00ebr \u201cKoha Tjet\u00ebr\u201d, djali 12 vje\u00e7ar, Florian Beqiri, i cili u identifikua si z\u00ebri m\u00eb i bukur p\u00ebrkrah Adrian Gaxh\u00ebs me k\u00ebng\u00ebn \u201cNgjyra e kuqe\u201d n\u00eb festivalin K\u00ebnga Magjike, gjat\u00eb k\u00ebsaj interviste tregon p\u00ebr veten, planet me Gaxh\u00ebn, si dhe k\u00ebnaq\u00ebsin\u00eb e popullaritetit si nj\u00eb adoleshent.<br \/>\n<a href=\"http:\/\/www.visit-ulcinj.com\/blog\/wp-content\/uploads\/2013\/03\/florianbeqiri.jpg\"><img loading=\"lazy\" class=\"alignleft  wp-image-69965\" alt=\"florianbeqiri\" src=\"http:\/\/www.visit-ulcinj.com\/blog\/wp-content\/uploads\/2013\/03\/florianbeqiri.jpg\" width=\"508\" height=\"610\" \/><\/a><\/p>\n<p><strong>Kush \u00ebsht\u00eb Floriani?<\/strong><\/p>\n<p>Jam nj\u00eb djal\u00eb i ri q\u00eb m\u00ebson n\u00eb shkoll\u00eb dhe n\u00eb muzik\u00eb. Jam shum\u00eb gazmor dhe gjat\u00eb t\u00ebr\u00eb koh\u00ebs rri i buz\u00ebqeshur.<\/p>\n<p><strong>Si \u00ebsht\u00eb nj\u00eb 12 vje\u00e7ar kaq i famsh\u00ebm?<\/strong><\/p>\n<p>Nj\u00eb g\u00ebzim i madh p\u00ebr mua dhe m\u00eb duket shum\u00eb interesante, akoma nuk mund ta besoj.<\/p>\n<p><strong>Mos vall\u00eb do b\u00ebhesh nj\u00eb Justin Biber shqiptar?<\/strong><\/p>\n<p>Ndoshta b\u00ebhem si ai, sepse \u00ebsht\u00eb yll shum\u00eb i madh, sidomos p\u00ebr adoleshent\u00ebt.<\/p>\n<p><strong>Femrat, m\u00eb shum\u00eb k\u00ebrkojn\u00eb t\u00eb b\u00ebjn\u00eb foto me ty apo me Adrianin?<\/strong><\/p>\n<p>Me t\u00eb dy. Po t\u00eb them me mua, do i vij\u00eb inat Adrianit, vijn\u00eb t\u00eb b\u00ebjn\u00eb foto me mua pastaj thon\u00eb se po b\u00ebjm\u00eb dhe me Adrianin, k\u00ebshtu q\u00eb i bie me t\u00eb dy\u2026<\/p>\n<p><strong>Si po t\u00eb presin shok\u00ebt dhe m\u00ebsuesit n\u00eb shkoll\u00eb?<\/strong><\/p>\n<p>Pas prezantimit te \u201cK\u00ebnga Magjike\u201d, kur u ktheva n\u00eb shkoll\u00eb m\u00eb kan\u00eb pritur me duartrokitje, nd\u00ebrsa pedagog\u00ebt kishin k\u00ebng\u00ebn time n\u00ebp\u00ebr celular\u00eb. Ato jan\u00eb shum\u00eb t\u00eb mir\u00eb me mua dhe m\u00eb tolerojn\u00eb e nuk m\u00eb b\u00ebjn\u00eb probleme.<\/p>\n<p><strong>Kush kujdeset p\u00ebr look-un tuaj se shfaqeni i veshur bukur gjithmon\u00eb?<\/strong><\/p>\n<p>P\u00ebr k\u00ebt\u00eb gj\u00eb, kujdeset Adriani.<\/p>\n<p><strong>P\u00ebr \u00e7far\u00eb bisedoni me Adrianin gjat\u00eb rrug\u00ebtimeve q\u00eb b\u00ebni?<\/strong><\/p>\n<p>Vet\u00ebm p\u00ebr muzik\u00eb.<\/p>\n<p><strong>K\u00ebndon deri von\u00eb n\u00ebp\u00ebr diskoteka, t\u00eb merr gjumi m\u00eb pas?<\/strong><\/p>\n<p>Disa her\u00eb m\u00eb ka marr\u00eb gjumi kur kemi qen\u00eb jasht\u00eb sken\u00ebs, por Adriani m\u00eb ka q\u00ebndruar pran\u00eb dhe m\u00eb ka zgjuar.<\/p>\n<p><strong>E ke njohur m\u00eb her\u00ebt at\u00eb?<\/strong><\/p>\n<p>E kam njohur shum\u00eb mir\u00eb dhe e kam pasur idhull, gjithmon\u00eb e kam pasur \u00ebnd\u00ebrr t\u00eb k\u00ebndoj bashk\u00eb me t\u00eb, por nuk e kam pritur se kjo do t\u00eb ndodhte kaq shpejt.<\/p>\n<p><strong>Me k\u00eb bisedon Adriani m\u00eb s\u00eb shumti n\u00eb telefon?<\/strong><\/p>\n<p>Ai flet vazhdimisht me dik\u00eb n\u00eb telefon, por p\u00ebr aq sa e kam d\u00ebgjuar flet p\u00ebr pun\u00eb me njer\u00ebz t\u00eb ndrysh\u00ebm.<\/p>\n<p><strong>Cila \u00ebsht\u00eb dhurata m\u00eb e shtrenjt\u00eb q\u00eb t\u00eb ka b\u00ebr\u00eb Adriani ose ndonj\u00eb fanse?<\/strong><\/p>\n<p>Kam pasur shum\u00eb dhurata koh\u00ebve t\u00eb fundit, nuk kam d\u00ebshir\u00eb t\u00eb ve\u00e7oj ndonj\u00ebr\u00ebn, sepse p\u00ebr mua t\u00eb gjitha jan\u00eb t\u00eb ve\u00e7anta.<\/p>\n<p><strong>Kush t\u00eb ka puthur p\u00ebr her\u00eb t\u00eb fundit?<\/strong><\/p>\n<p>Nuk e tregoj, se m\u00eb b\u00ebrtet mami pastaj.<\/p>\n<p><strong>Na e p\u00ebrshkruaj pak Adrianin si \u00ebsht\u00eb?<\/strong><\/p>\n<p>\u00cbsht\u00eb njeri shum\u00eb i mir\u00eb, i kujdessh\u00ebm p\u00ebr mua, i qet\u00eb dhe ende asnj\u00ebher\u00eb s\u2019e kam par\u00eb t\u00eb b\u00ebhet nervoz. Shpresoj k\u00ebshtu t\u00eb vazhdoj\u00eb dhe m\u00eb tej\u2026<\/p>\n<p><strong>Edhe sa koh\u00eb do t\u00eb punoni s\u00eb bashku?<\/strong><\/p>\n<p>Kam kontrat\u00eb pes\u00eb vje\u00e7are me t\u00eb, por shpresojm\u00eb q\u00eb t\u00ebbashk\u00ebpunojm\u00eb edhe m\u00eb shum\u00eb, pse jo!<\/p>\n<!--YouTube Error: bad URL entered-->\n","protected":false},"excerpt":{"rendered":"<p>Popullariteti nuk njeh mosh\u00eb, sa q\u00eb as p\u00ebr Florian Beqirin nuk ka pasur asnj\u00eb lloj pengese, q\u00eb ai t\u00eb shfaqet krah k\u00ebng\u00ebtarit Adrian Gaxha duke performuar n\u00eb clube t\u00eb ndryshme n\u00eb mbar\u00eb bot\u00ebn, andej nga jetojn\u00eb shqiptar\u00ebt. Gjat\u00eb nj\u00eb interviste p\u00ebr \u201cKoha Tjet\u00ebr\u201d, djali 12 vje\u00e7ar, Florian Beqiri, i cili u identifikua si z\u00ebri m\u00eb [&hellip;]<\/p>\n","protected":false},"author":1,"featured_media":0,"comment_status":"open","ping_status":"closed","sticky":false,"template":"","format":"standard","meta":{"spay_email":"","jetpack_publicize_message":"","jetpack_is_tweetstorm":false,"jetpack_publicize_feature_enabled":true},"categories":[1],"tags":[19677,21215,19806,16036,19514,19511,19459,4684,19460],"jetpack_publicize_connections":[],"yoast_head":"<!-- This site is optimized with the Yoast SEO plugin v19.1 - https:\/\/yoast.com\/wordpress\/plugins\/seo\/ -->\n<title>Florian Beqiri: Nj\u00eb dit\u00eb mund t\u00eb b\u00ebhem, Justin Bieber shqiptar - Lajme nga Ulqini<\/title>\n<meta name=\"description\" content=\"Popullariteti nuk njeh mosh\u00eb, sa q\u00eb as p\u00ebr Florian Beqirin nuk ka pasur asnj\u00eb lloj pengese, q\u00eb ai t\u00eb shfaqet krah k\u00ebng\u00ebtarit Adrian Gaxha duke performuar\" \/>\n<meta name=\"robots\" content=\"index, follow, max-snippet:-1, max-image-preview:large, max-video-preview:-1\" \/>\n<link rel=\"canonical\" href=\"https:\/\/www.visit-ulcinj.com\/blog\/2013\/03\/25\/florian-beqiri-nje-dite-mund-te-behem-justin-bieber-shqiptar\/\" \/>\n<meta property=\"og:locale\" content=\"en_US\" \/>\n<meta property=\"og:type\" content=\"article\" \/>\n<meta property=\"og:title\" content=\"Florian Beqiri: Nj\u00eb dit\u00eb mund t\u00eb b\u00ebhem, Justin Bieber shqiptar - Lajme nga Ulqini\" \/>\n<meta property=\"og:description\" content=\"Popullariteti nuk njeh mosh\u00eb, sa q\u00eb as p\u00ebr Florian Beqirin nuk ka pasur asnj\u00eb lloj pengese, q\u00eb ai t\u00eb shfaqet krah k\u00ebng\u00ebtarit Adrian Gaxha duke performuar\" \/>\n<meta property=\"og:url\" content=\"https:\/\/www.visit-ulcinj.com\/blog\/2013\/03\/25\/florian-beqiri-nje-dite-mund-te-behem-justin-bieber-shqiptar\/\" \/>\n<meta property=\"og:site_name\" content=\"Lajme nga Ulqini\" \/>\n<meta property=\"article:published_time\" content=\"2013-03-25T15:25:17+00:00\" \/>\n<meta property=\"og:image\" content=\"http:\/\/www.visit-ulcinj.com\/blog\/wp-content\/uploads\/2013\/03\/florianbeqiri.jpg\" \/>\n<meta name=\"twitter:label1\" content=\"Written by\" \/>\n\t<meta name=\"twitter:data1\" content=\"ulqini\" \/>\n\t<meta name=\"twitter:label2\" content=\"Est. reading time\" \/>\n\t<meta name=\"twitter:data2\" content=\"3 minutes\" \/>\n<script type=\"application\/ld+json\" class=\"yoast-schema-graph\">{\"@context\":\"https:\/\/schema.org\",\"@graph\":[{\"@type\":\"WebSite\",\"@id\":\"https:\/\/www.visit-ulcinj.com\/blog\/#website\",\"url\":\"https:\/\/www.visit-ulcinj.com\/blog\/\",\"name\":\"Lajme nga Ulqini\",\"description\":\"Lajme,Vijesti,Ulqini,Ulqin,Crna Gora,Mali i Zi\",\"potentialAction\":[{\"@type\":\"SearchAction\",\"target\":{\"@type\":\"EntryPoint\",\"urlTemplate\":\"https:\/\/www.visit-ulcinj.com\/blog\/?s={search_term_string}\"},\"query-input\":\"required name=search_term_string\"}],\"inLanguage\":\"en-US\"},{\"@type\":\"ImageObject\",\"inLanguage\":\"en-US\",\"@id\":\"https:\/\/www.visit-ulcinj.com\/blog\/2013\/03\/25\/florian-beqiri-nje-dite-mund-te-behem-justin-bieber-shqiptar\/#primaryimage\",\"url\":\"http:\/\/www.visit-ulcinj.com\/blog\/wp-content\/uploads\/2013\/03\/florianbeqiri.jpg\",\"contentUrl\":\"http:\/\/www.visit-ulcinj.com\/blog\/wp-content\/uploads\/2013\/03\/florianbeqiri.jpg\"},{\"@type\":\"WebPage\",\"@id\":\"https:\/\/www.visit-ulcinj.com\/blog\/2013\/03\/25\/florian-beqiri-nje-dite-mund-te-behem-justin-bieber-shqiptar\/#webpage\",\"url\":\"https:\/\/www.visit-ulcinj.com\/blog\/2013\/03\/25\/florian-beqiri-nje-dite-mund-te-behem-justin-bieber-shqiptar\/\",\"name\":\"Florian Beqiri: Nj\u00eb dit\u00eb mund t\u00eb b\u00ebhem, Justin Bieber shqiptar - Lajme nga Ulqini\",\"isPartOf\":{\"@id\":\"https:\/\/www.visit-ulcinj.com\/blog\/#website\"},\"primaryImageOfPage\":{\"@id\":\"https:\/\/www.visit-ulcinj.com\/blog\/2013\/03\/25\/florian-beqiri-nje-dite-mund-te-behem-justin-bieber-shqiptar\/#primaryimage\"},\"datePublished\":\"2013-03-25T15:25:17+00:00\",\"dateModified\":\"2013-03-25T15:25:17+00:00\",\"author\":{\"@id\":\"https:\/\/www.visit-ulcinj.com\/blog\/#\/schema\/person\/dcab619c614d3038751c63bc2aadc06d\"},\"description\":\"Popullariteti nuk njeh mosh\u00eb, sa q\u00eb as p\u00ebr Florian Beqirin nuk ka pasur asnj\u00eb lloj pengese, q\u00eb ai t\u00eb shfaqet krah k\u00ebng\u00ebtarit Adrian Gaxha duke performuar\",\"breadcrumb\":{\"@id\":\"https:\/\/www.visit-ulcinj.com\/blog\/2013\/03\/25\/florian-beqiri-nje-dite-mund-te-behem-justin-bieber-shqiptar\/#breadcrumb\"},\"inLanguage\":\"en-US\",\"potentialAction\":[{\"@type\":\"ReadAction\",\"target\":[\"https:\/\/www.visit-ulcinj.com\/blog\/2013\/03\/25\/florian-beqiri-nje-dite-mund-te-behem-justin-bieber-shqiptar\/\"]}]},{\"@type\":\"BreadcrumbList\",\"@id\":\"https:\/\/www.visit-ulcinj.com\/blog\/2013\/03\/25\/florian-beqiri-nje-dite-mund-te-behem-justin-bieber-shqiptar\/#breadcrumb\",\"itemListElement\":[{\"@type\":\"ListItem\",\"position\":1,\"name\":\"Florian Beqiri: Nj\u00eb dit\u00eb mund t\u00eb b\u00ebhem, Justin Bieber shqiptar\"}]},{\"@type\":\"Person\",\"@id\":\"https:\/\/www.visit-ulcinj.com\/blog\/#\/schema\/person\/dcab619c614d3038751c63bc2aadc06d\",\"name\":\"ulqini\",\"sameAs\":[\"http:\/\/www.visit-ulcinj.com\"],\"url\":\"https:\/\/www.visit-ulcinj.com\/blog\/author\/admin\/\"}]}<\/script>\n<!-- \/ Yoast SEO plugin. -->","yoast_head_json":{"title":"Florian Beqiri: Nj\u00eb dit\u00eb mund t\u00eb b\u00ebhem, Justin Bieber shqiptar - Lajme nga Ulqini","description":"Popullariteti nuk njeh mosh\u00eb, sa q\u00eb as p\u00ebr Florian Beqirin nuk ka pasur asnj\u00eb lloj pengese, q\u00eb ai t\u00eb shfaqet krah k\u00ebng\u00ebtarit Adrian Gaxha duke performuar","robots":{"index":"index","follow":"follow","max-snippet":"max-snippet:-1","max-image-preview":"max-image-preview:large","max-video-preview":"max-video-preview:-1"},"canonical":"https:\/\/www.visit-ulcinj.com\/blog\/2013\/03\/25\/florian-beqiri-nje-dite-mund-te-behem-justin-bieber-shqiptar\/","og_locale":"en_US","og_type":"article","og_title":"Florian Beqiri: Nj\u00eb dit\u00eb mund t\u00eb b\u00ebhem, Justin Bieber shqiptar - Lajme nga Ulqini","og_description":"Popullariteti nuk njeh mosh\u00eb, sa q\u00eb as p\u00ebr Florian Beqirin nuk ka pasur asnj\u00eb lloj pengese, q\u00eb ai t\u00eb shfaqet krah k\u00ebng\u00ebtarit Adrian Gaxha duke performuar","og_url":"https:\/\/www.visit-ulcinj.com\/blog\/2013\/03\/25\/florian-beqiri-nje-dite-mund-te-behem-justin-bieber-shqiptar\/","og_site_name":"Lajme nga Ulqini","article_published_time":"2013-03-25T15:25:17+00:00","og_image":[{"url":"http:\/\/www.visit-ulcinj.com\/blog\/wp-content\/uploads\/2013\/03\/florianbeqiri.jpg"}],"twitter_misc":{"Written by":"ulqini","Est. reading time":"3 minutes"},"schema":{"@context":"https:\/\/schema.org","@graph":[{"@type":"WebSite","@id":"https:\/\/www.visit-ulcinj.com\/blog\/#website","url":"https:\/\/www.visit-ulcinj.com\/blog\/","name":"Lajme nga Ulqini","description":"Lajme,Vijesti,Ulqini,Ulqin,Crna Gora,Mali i Zi","potentialAction":[{"@type":"SearchAction","target":{"@type":"EntryPoint","urlTemplate":"https:\/\/www.visit-ulcinj.com\/blog\/?s={search_term_string}"},"query-input":"required name=search_term_string"}],"inLanguage":"en-US"},{"@type":"ImageObject","inLanguage":"en-US","@id":"https:\/\/www.visit-ulcinj.com\/blog\/2013\/03\/25\/florian-beqiri-nje-dite-mund-te-behem-justin-bieber-shqiptar\/#primaryimage","url":"http:\/\/www.visit-ulcinj.com\/blog\/wp-content\/uploads\/2013\/03\/florianbeqiri.jpg","contentUrl":"http:\/\/www.visit-ulcinj.com\/blog\/wp-content\/uploads\/2013\/03\/florianbeqiri.jpg"},{"@type":"WebPage","@id":"https:\/\/www.visit-ulcinj.com\/blog\/2013\/03\/25\/florian-beqiri-nje-dite-mund-te-behem-justin-bieber-shqiptar\/#webpage","url":"https:\/\/www.visit-ulcinj.com\/blog\/2013\/03\/25\/florian-beqiri-nje-dite-mund-te-behem-justin-bieber-shqiptar\/","name":"Florian Beqiri: Nj\u00eb dit\u00eb mund t\u00eb b\u00ebhem, Justin Bieber shqiptar - Lajme nga Ulqini","isPartOf":{"@id":"https:\/\/www.visit-ulcinj.com\/blog\/#website"},"primaryImageOfPage":{"@id":"https:\/\/www.visit-ulcinj.com\/blog\/2013\/03\/25\/florian-beqiri-nje-dite-mund-te-behem-justin-bieber-shqiptar\/#primaryimage"},"datePublished":"2013-03-25T15:25:17+00:00","dateModified":"2013-03-25T15:25:17+00:00","author":{"@id":"https:\/\/www.visit-ulcinj.com\/blog\/#\/schema\/person\/dcab619c614d3038751c63bc2aadc06d"},"description":"Popullariteti nuk njeh mosh\u00eb, sa q\u00eb as p\u00ebr Florian Beqirin nuk ka pasur asnj\u00eb lloj pengese, q\u00eb ai t\u00eb shfaqet krah k\u00ebng\u00ebtarit Adrian Gaxha duke performuar","breadcrumb":{"@id":"https:\/\/www.visit-ulcinj.com\/blog\/2013\/03\/25\/florian-beqiri-nje-dite-mund-te-behem-justin-bieber-shqiptar\/#breadcrumb"},"inLanguage":"en-US","potentialAction":[{"@type":"ReadAction","target":["https:\/\/www.visit-ulcinj.com\/blog\/2013\/03\/25\/florian-beqiri-nje-dite-mund-te-behem-justin-bieber-shqiptar\/"]}]},{"@type":"BreadcrumbList","@id":"https:\/\/www.visit-ulcinj.com\/blog\/2013\/03\/25\/florian-beqiri-nje-dite-mund-te-behem-justin-bieber-shqiptar\/#breadcrumb","itemListElement":[{"@type":"ListItem","position":1,"name":"Florian Beqiri: Nj\u00eb dit\u00eb mund t\u00eb b\u00ebhem, Justin Bieber shqiptar"}]},{"@type":"Person","@id":"https:\/\/www.visit-ulcinj.com\/blog\/#\/schema\/person\/dcab619c614d3038751c63bc2aadc06d","name":"ulqini","sameAs":["http:\/\/www.visit-ulcinj.com"],"url":"https:\/\/www.visit-ulcinj.com\/blog\/author\/admin\/"}]}},"jetpack_featured_media_url":"","jetpack_sharing_enabled":true,"jetpack_shortlink":"https:\/\/wp.me\/pe6lTn-ics","_links":{"self":[{"href":"https:\/\/www.visit-ulcinj.com\/blog\/wp-json\/wp\/v2\/posts\/69964"}],"collection":[{"href":"https:\/\/www.visit-ulcinj.com\/blog\/wp-json\/wp\/v2\/posts"}],"about":[{"href":"https:\/\/www.visit-ulcinj.com\/blog\/wp-json\/wp\/v2\/types\/post"}],"author":[{"embeddable":true,"href":"https:\/\/www.visit-ulcinj.com\/blog\/wp-json\/wp\/v2\/users\/1"}],"replies":[{"embeddable":true,"href":"https:\/\/www.visit-ulcinj.com\/blog\/wp-json\/wp\/v2\/comments?post=69964"}],"version-history":[{"count":1,"href":"https:\/\/www.visit-ulcinj.com\/blog\/wp-json\/wp\/v2\/posts\/69964\/revisions"}],"predecessor-version":[{"id":69966,"href":"https:\/\/www.visit-ulcinj.com\/blog\/wp-json\/wp\/v2\/posts\/69964\/revisions\/69966"}],"wp:attachment":[{"href":"https:\/\/www.visit-ulcinj.com\/blog\/wp-json\/wp\/v2\/media?parent=69964"}],"wp:term":[{"taxonomy":"category","embeddable":true,"href":"https:\/\/www.visit-ulcinj.com\/blog\/wp-json\/wp\/v2\/categories?post=69964"},{"taxonomy":"post_tag","embeddable":true,"href":"https:\/\/www.visit-ulcinj.com\/blog\/wp-json\/wp\/v2\/tags?post=69964"}],"curies":[{"name":"wp","href":"https:\/\/api.w.org\/{rel}","templated":true}]}}