{"id":69967,"date":"2013-03-25T16:33:20","date_gmt":"2013-03-25T15:33:20","guid":{"rendered":"http:\/\/www.visit-ulcinj.com\/blog\/?p=69967"},"modified":"2013-03-25T16:33:45","modified_gmt":"2013-03-25T15:33:45","slug":"ciljeta-dhe-noizy-gansta-love-reklama-e-videos","status":"publish","type":"post","link":"https:\/\/www.visit-ulcinj.com\/blog\/2013\/03\/25\/ciljeta-dhe-noizy-gansta-love-reklama-e-videos\/","title":{"rendered":"Ciljeta dhe Noizy \u2013 Gansta Love \u2013 Reklama e videos"},"content":{"rendered":"<p>Rreth 1 muaj m\u00eb par\u00eb \u00c7iljeta Xhilaga solli n\u00eb jet\u00ebn f\u00ebmij\u00ebn e saj t\u00eb par\u00eb,\u00a0 Fernandon, nd\u00ebrkoh\u00eb q\u00eb tashm\u00eb \u00ebsht\u00eb gati t\u00eb debutoj\u00eb n\u00eb muzik\u00eb si n\u00ebn\u00eb.<br \/>\n<a href=\"http:\/\/www.visit-ulcinj.com\/blog\/wp-content\/uploads\/2013\/03\/ciljeta_noizy.jpg\"><img loading=\"lazy\" class=\"alignleft  wp-image-69968\" alt=\"ciljeta_noizy\" src=\"http:\/\/www.visit-ulcinj.com\/blog\/wp-content\/uploads\/2013\/03\/ciljeta_noizy.jpg\" width=\"508\" height=\"356\" \/><\/a><\/p>\n<p>Megjithat\u00eb si\u00e7 duket edhe nga pamjet video \u00ebsht\u00eb regjistruar gjat\u00eb koh\u00ebs kur\u00a0 \u00c7iljeta ka qen\u00eb shtatz\u00ebn\u00eb. K\u00ebnga e saj e rradh\u00ebs \u00ebsht\u00eb nj\u00eb bashk\u00ebpunim me\u00a0 reperin Noizy dhe mban titullin \u201cGansta Love (G Love)\u201d.<\/p>\n<p>Deri m\u00eb tani \u00c7iljeta ka qen\u00eb e fokusuar tek\u00a0 djali i saj, me t\u00eb cilin\u00a0 \u00ebsht\u00eb para dhe fotografuar shpesh.<\/p>\n<p><strong>Panorama<\/p>\n<p><\/strong><br \/>\n<iframe loading=\"lazy\" width=\"508\" height=\"360\" src=\"http:\/\/www.youtube.com\/embed\/O2dpie-twfM\" frameborder=\"0\" allowfullscreen><\/iframe><\/p>\n","protected":false},"excerpt":{"rendered":"<p>Rreth 1 muaj m\u00eb par\u00eb \u00c7iljeta Xhilaga solli n\u00eb jet\u00ebn f\u00ebmij\u00ebn e saj t\u00eb par\u00eb,\u00a0 Fernandon, nd\u00ebrkoh\u00eb q\u00eb tashm\u00eb \u00ebsht\u00eb gati t\u00eb debutoj\u00eb n\u00eb muzik\u00eb si n\u00ebn\u00eb. Megjithat\u00eb si\u00e7 duket edhe nga pamjet video \u00ebsht\u00eb regjistruar gjat\u00eb koh\u00ebs kur\u00a0 \u00c7iljeta ka qen\u00eb shtatz\u00ebn\u00eb. K\u00ebnga e saj e rradh\u00ebs \u00ebsht\u00eb nj\u00eb bashk\u00ebpunim me\u00a0 reperin Noizy dhe [&hellip;]<\/p>\n","protected":false},"author":1,"featured_media":0,"comment_status":"open","ping_status":"closed","sticky":false,"template":"","format":"standard","meta":{"spay_email":"","jetpack_publicize_message":"","jetpack_is_tweetstorm":false,"jetpack_publicize_feature_enabled":true},"categories":[1],"tags":[19677,5456,19806,16036,19514,19511,17191,19459,4684,19460],"jetpack_publicize_connections":[],"yoast_head":"<!-- This site is optimized with the Yoast SEO plugin v19.1 - https:\/\/yoast.com\/wordpress\/plugins\/seo\/ -->\n<title>Ciljeta dhe Noizy \u2013 Gansta Love \u2013 Reklama e videos - Lajme nga Ulqini<\/title>\n<meta name=\"description\" content=\"Rreth 1 muaj m\u00eb par\u00eb \u00c7iljeta Xhilaga solli n\u00eb jet\u00ebn f\u00ebmij\u00ebn e saj t\u00eb par\u00eb,\u00a0 Fernandon, nd\u00ebrkoh\u00eb q\u00eb tashm\u00eb \u00ebsht\u00eb gati t\u00eb debutoj\u00eb n\u00eb muzik\u00eb si n\u00ebn\u00eb.\" \/>\n<meta name=\"robots\" content=\"index, follow, max-snippet:-1, max-image-preview:large, max-video-preview:-1\" \/>\n<link rel=\"canonical\" href=\"https:\/\/www.visit-ulcinj.com\/blog\/2013\/03\/25\/ciljeta-dhe-noizy-gansta-love-reklama-e-videos\/\" \/>\n<meta property=\"og:locale\" content=\"en_US\" \/>\n<meta property=\"og:type\" content=\"article\" \/>\n<meta property=\"og:title\" content=\"Ciljeta dhe Noizy \u2013 Gansta Love \u2013 Reklama e videos - Lajme nga Ulqini\" \/>\n<meta property=\"og:description\" content=\"Rreth 1 muaj m\u00eb par\u00eb \u00c7iljeta Xhilaga solli n\u00eb jet\u00ebn f\u00ebmij\u00ebn e saj t\u00eb par\u00eb,\u00a0 Fernandon, nd\u00ebrkoh\u00eb q\u00eb tashm\u00eb \u00ebsht\u00eb gati t\u00eb debutoj\u00eb n\u00eb muzik\u00eb si n\u00ebn\u00eb.\" \/>\n<meta property=\"og:url\" content=\"https:\/\/www.visit-ulcinj.com\/blog\/2013\/03\/25\/ciljeta-dhe-noizy-gansta-love-reklama-e-videos\/\" \/>\n<meta property=\"og:site_name\" content=\"Lajme nga Ulqini\" \/>\n<meta property=\"article:published_time\" content=\"2013-03-25T15:33:20+00:00\" \/>\n<meta property=\"article:modified_time\" content=\"2013-03-25T15:33:45+00:00\" \/>\n<meta property=\"og:image\" content=\"http:\/\/www.visit-ulcinj.com\/blog\/wp-content\/uploads\/2013\/03\/ciljeta_noizy.jpg\" \/>\n<meta name=\"twitter:label1\" content=\"Written by\" \/>\n\t<meta name=\"twitter:data1\" content=\"ulqini\" \/>\n<script type=\"application\/ld+json\" class=\"yoast-schema-graph\">{\"@context\":\"https:\/\/schema.org\",\"@graph\":[{\"@type\":\"WebSite\",\"@id\":\"https:\/\/www.visit-ulcinj.com\/blog\/#website\",\"url\":\"https:\/\/www.visit-ulcinj.com\/blog\/\",\"name\":\"Lajme nga Ulqini\",\"description\":\"Lajme,Vijesti,Ulqini,Ulqin,Crna Gora,Mali i Zi\",\"potentialAction\":[{\"@type\":\"SearchAction\",\"target\":{\"@type\":\"EntryPoint\",\"urlTemplate\":\"https:\/\/www.visit-ulcinj.com\/blog\/?s={search_term_string}\"},\"query-input\":\"required name=search_term_string\"}],\"inLanguage\":\"en-US\"},{\"@type\":\"ImageObject\",\"inLanguage\":\"en-US\",\"@id\":\"https:\/\/www.visit-ulcinj.com\/blog\/2013\/03\/25\/ciljeta-dhe-noizy-gansta-love-reklama-e-videos\/#primaryimage\",\"url\":\"http:\/\/www.visit-ulcinj.com\/blog\/wp-content\/uploads\/2013\/03\/ciljeta_noizy.jpg\",\"contentUrl\":\"http:\/\/www.visit-ulcinj.com\/blog\/wp-content\/uploads\/2013\/03\/ciljeta_noizy.jpg\"},{\"@type\":\"WebPage\",\"@id\":\"https:\/\/www.visit-ulcinj.com\/blog\/2013\/03\/25\/ciljeta-dhe-noizy-gansta-love-reklama-e-videos\/#webpage\",\"url\":\"https:\/\/www.visit-ulcinj.com\/blog\/2013\/03\/25\/ciljeta-dhe-noizy-gansta-love-reklama-e-videos\/\",\"name\":\"Ciljeta dhe Noizy \u2013 Gansta Love \u2013 Reklama e videos - Lajme nga Ulqini\",\"isPartOf\":{\"@id\":\"https:\/\/www.visit-ulcinj.com\/blog\/#website\"},\"primaryImageOfPage\":{\"@id\":\"https:\/\/www.visit-ulcinj.com\/blog\/2013\/03\/25\/ciljeta-dhe-noizy-gansta-love-reklama-e-videos\/#primaryimage\"},\"datePublished\":\"2013-03-25T15:33:20+00:00\",\"dateModified\":\"2013-03-25T15:33:45+00:00\",\"author\":{\"@id\":\"https:\/\/www.visit-ulcinj.com\/blog\/#\/schema\/person\/dcab619c614d3038751c63bc2aadc06d\"},\"description\":\"Rreth 1 muaj m\u00eb par\u00eb \u00c7iljeta Xhilaga solli n\u00eb jet\u00ebn f\u00ebmij\u00ebn e saj t\u00eb par\u00eb,\u00a0 Fernandon, nd\u00ebrkoh\u00eb q\u00eb tashm\u00eb \u00ebsht\u00eb gati t\u00eb debutoj\u00eb n\u00eb muzik\u00eb si n\u00ebn\u00eb.\",\"breadcrumb\":{\"@id\":\"https:\/\/www.visit-ulcinj.com\/blog\/2013\/03\/25\/ciljeta-dhe-noizy-gansta-love-reklama-e-videos\/#breadcrumb\"},\"inLanguage\":\"en-US\",\"potentialAction\":[{\"@type\":\"ReadAction\",\"target\":[\"https:\/\/www.visit-ulcinj.com\/blog\/2013\/03\/25\/ciljeta-dhe-noizy-gansta-love-reklama-e-videos\/\"]}]},{\"@type\":\"BreadcrumbList\",\"@id\":\"https:\/\/www.visit-ulcinj.com\/blog\/2013\/03\/25\/ciljeta-dhe-noizy-gansta-love-reklama-e-videos\/#breadcrumb\",\"itemListElement\":[{\"@type\":\"ListItem\",\"position\":1,\"name\":\"Ciljeta dhe Noizy \u2013 Gansta Love \u2013 Reklama e videos\"}]},{\"@type\":\"Person\",\"@id\":\"https:\/\/www.visit-ulcinj.com\/blog\/#\/schema\/person\/dcab619c614d3038751c63bc2aadc06d\",\"name\":\"ulqini\",\"sameAs\":[\"http:\/\/www.visit-ulcinj.com\"],\"url\":\"https:\/\/www.visit-ulcinj.com\/blog\/author\/admin\/\"}]}<\/script>\n<!-- \/ Yoast SEO plugin. -->","yoast_head_json":{"title":"Ciljeta dhe Noizy \u2013 Gansta Love \u2013 Reklama e videos - Lajme nga Ulqini","description":"Rreth 1 muaj m\u00eb par\u00eb \u00c7iljeta Xhilaga solli n\u00eb jet\u00ebn f\u00ebmij\u00ebn e saj t\u00eb par\u00eb,\u00a0 Fernandon, nd\u00ebrkoh\u00eb q\u00eb tashm\u00eb \u00ebsht\u00eb gati t\u00eb debutoj\u00eb n\u00eb muzik\u00eb si n\u00ebn\u00eb.","robots":{"index":"index","follow":"follow","max-snippet":"max-snippet:-1","max-image-preview":"max-image-preview:large","max-video-preview":"max-video-preview:-1"},"canonical":"https:\/\/www.visit-ulcinj.com\/blog\/2013\/03\/25\/ciljeta-dhe-noizy-gansta-love-reklama-e-videos\/","og_locale":"en_US","og_type":"article","og_title":"Ciljeta dhe Noizy \u2013 Gansta Love \u2013 Reklama e videos - Lajme nga Ulqini","og_description":"Rreth 1 muaj m\u00eb par\u00eb \u00c7iljeta Xhilaga solli n\u00eb jet\u00ebn f\u00ebmij\u00ebn e saj t\u00eb par\u00eb,\u00a0 Fernandon, nd\u00ebrkoh\u00eb q\u00eb tashm\u00eb \u00ebsht\u00eb gati t\u00eb debutoj\u00eb n\u00eb muzik\u00eb si n\u00ebn\u00eb.","og_url":"https:\/\/www.visit-ulcinj.com\/blog\/2013\/03\/25\/ciljeta-dhe-noizy-gansta-love-reklama-e-videos\/","og_site_name":"Lajme nga Ulqini","article_published_time":"2013-03-25T15:33:20+00:00","article_modified_time":"2013-03-25T15:33:45+00:00","og_image":[{"url":"http:\/\/www.visit-ulcinj.com\/blog\/wp-content\/uploads\/2013\/03\/ciljeta_noizy.jpg"}],"twitter_misc":{"Written by":"ulqini"},"schema":{"@context":"https:\/\/schema.org","@graph":[{"@type":"WebSite","@id":"https:\/\/www.visit-ulcinj.com\/blog\/#website","url":"https:\/\/www.visit-ulcinj.com\/blog\/","name":"Lajme nga Ulqini","description":"Lajme,Vijesti,Ulqini,Ulqin,Crna Gora,Mali i Zi","potentialAction":[{"@type":"SearchAction","target":{"@type":"EntryPoint","urlTemplate":"https:\/\/www.visit-ulcinj.com\/blog\/?s={search_term_string}"},"query-input":"required name=search_term_string"}],"inLanguage":"en-US"},{"@type":"ImageObject","inLanguage":"en-US","@id":"https:\/\/www.visit-ulcinj.com\/blog\/2013\/03\/25\/ciljeta-dhe-noizy-gansta-love-reklama-e-videos\/#primaryimage","url":"http:\/\/www.visit-ulcinj.com\/blog\/wp-content\/uploads\/2013\/03\/ciljeta_noizy.jpg","contentUrl":"http:\/\/www.visit-ulcinj.com\/blog\/wp-content\/uploads\/2013\/03\/ciljeta_noizy.jpg"},{"@type":"WebPage","@id":"https:\/\/www.visit-ulcinj.com\/blog\/2013\/03\/25\/ciljeta-dhe-noizy-gansta-love-reklama-e-videos\/#webpage","url":"https:\/\/www.visit-ulcinj.com\/blog\/2013\/03\/25\/ciljeta-dhe-noizy-gansta-love-reklama-e-videos\/","name":"Ciljeta dhe Noizy \u2013 Gansta Love \u2013 Reklama e videos - Lajme nga Ulqini","isPartOf":{"@id":"https:\/\/www.visit-ulcinj.com\/blog\/#website"},"primaryImageOfPage":{"@id":"https:\/\/www.visit-ulcinj.com\/blog\/2013\/03\/25\/ciljeta-dhe-noizy-gansta-love-reklama-e-videos\/#primaryimage"},"datePublished":"2013-03-25T15:33:20+00:00","dateModified":"2013-03-25T15:33:45+00:00","author":{"@id":"https:\/\/www.visit-ulcinj.com\/blog\/#\/schema\/person\/dcab619c614d3038751c63bc2aadc06d"},"description":"Rreth 1 muaj m\u00eb par\u00eb \u00c7iljeta Xhilaga solli n\u00eb jet\u00ebn f\u00ebmij\u00ebn e saj t\u00eb par\u00eb,\u00a0 Fernandon, nd\u00ebrkoh\u00eb q\u00eb tashm\u00eb \u00ebsht\u00eb gati t\u00eb debutoj\u00eb n\u00eb muzik\u00eb si n\u00ebn\u00eb.","breadcrumb":{"@id":"https:\/\/www.visit-ulcinj.com\/blog\/2013\/03\/25\/ciljeta-dhe-noizy-gansta-love-reklama-e-videos\/#breadcrumb"},"inLanguage":"en-US","potentialAction":[{"@type":"ReadAction","target":["https:\/\/www.visit-ulcinj.com\/blog\/2013\/03\/25\/ciljeta-dhe-noizy-gansta-love-reklama-e-videos\/"]}]},{"@type":"BreadcrumbList","@id":"https:\/\/www.visit-ulcinj.com\/blog\/2013\/03\/25\/ciljeta-dhe-noizy-gansta-love-reklama-e-videos\/#breadcrumb","itemListElement":[{"@type":"ListItem","position":1,"name":"Ciljeta dhe Noizy \u2013 Gansta Love \u2013 Reklama e videos"}]},{"@type":"Person","@id":"https:\/\/www.visit-ulcinj.com\/blog\/#\/schema\/person\/dcab619c614d3038751c63bc2aadc06d","name":"ulqini","sameAs":["http:\/\/www.visit-ulcinj.com"],"url":"https:\/\/www.visit-ulcinj.com\/blog\/author\/admin\/"}]}},"jetpack_featured_media_url":"","jetpack_sharing_enabled":true,"jetpack_shortlink":"https:\/\/wp.me\/pe6lTn-icv","_links":{"self":[{"href":"https:\/\/www.visit-ulcinj.com\/blog\/wp-json\/wp\/v2\/posts\/69967"}],"collection":[{"href":"https:\/\/www.visit-ulcinj.com\/blog\/wp-json\/wp\/v2\/posts"}],"about":[{"href":"https:\/\/www.visit-ulcinj.com\/blog\/wp-json\/wp\/v2\/types\/post"}],"author":[{"embeddable":true,"href":"https:\/\/www.visit-ulcinj.com\/blog\/wp-json\/wp\/v2\/users\/1"}],"replies":[{"embeddable":true,"href":"https:\/\/www.visit-ulcinj.com\/blog\/wp-json\/wp\/v2\/comments?post=69967"}],"version-history":[{"count":2,"href":"https:\/\/www.visit-ulcinj.com\/blog\/wp-json\/wp\/v2\/posts\/69967\/revisions"}],"predecessor-version":[{"id":69970,"href":"https:\/\/www.visit-ulcinj.com\/blog\/wp-json\/wp\/v2\/posts\/69967\/revisions\/69970"}],"wp:attachment":[{"href":"https:\/\/www.visit-ulcinj.com\/blog\/wp-json\/wp\/v2\/media?parent=69967"}],"wp:term":[{"taxonomy":"category","embeddable":true,"href":"https:\/\/www.visit-ulcinj.com\/blog\/wp-json\/wp\/v2\/categories?post=69967"},{"taxonomy":"post_tag","embeddable":true,"href":"https:\/\/www.visit-ulcinj.com\/blog\/wp-json\/wp\/v2\/tags?post=69967"}],"curies":[{"name":"wp","href":"https:\/\/api.w.org\/{rel}","templated":true}]}}