{"id":69980,"date":"2013-03-26T00:01:54","date_gmt":"2013-03-25T23:01:54","guid":{"rendered":"http:\/\/www.visit-ulcinj.com\/blog\/?p=69980"},"modified":"2013-04-02T11:15:32","modified_gmt":"2013-04-02T10:15:32","slug":"ftese-per-pjesemarrje-ne-ekspozite-te-fotografive-dan-xhurretes","status":"publish","type":"post","link":"https:\/\/www.visit-ulcinj.com\/blog\/2013\/03\/26\/ftese-per-pjesemarrje-ne-ekspozite-te-fotografive-dan-xhurretes\/","title":{"rendered":"Ftes\u00eb p\u00ebr pjes\u00ebmarrje n\u00eb ekspozit\u00eb t\u00eb fotografive &#8211; Dan Xhurret\u00ebs &#8211; Audio"},"content":{"rendered":"<p><a href=\"http:\/\/www.visit-ulcinj.com\/blog\/wp-content\/uploads\/2013\/03\/Ftes\u00eb-p\u00ebr-pjes\u00ebmarrje-n\u00eb-ekspozit\u00eb-t\u00eb-fotografive-Dan-Xhurret\u00ebs.jpg\"><img loading=\"lazy\" class=\"alignleft  wp-image-69981\" alt=\"Ftes\u00eb p\u00ebr pjes\u00ebmarrje n\u00eb ekspozit\u00eb t\u00eb fotografive - Dan Xhurret\u00ebs\" src=\"http:\/\/www.visit-ulcinj.com\/blog\/wp-content\/uploads\/2013\/03\/Ftes\u00eb-p\u00ebr-pjes\u00ebmarrje-n\u00eb-ekspozit\u00eb-t\u00eb-fotografive-Dan-Xhurret\u00ebs.jpg\" width=\"508\" height=\"360\" \/><\/a>Ftoheni t\u00eb merrni pjes\u00eb n\u00eb Ekspozit\u00ebn e Fotografive t\u00eb fotografit t\u00eb par\u00eb nga Ana Malit, t\u00eb ndjerit Dan Xhurret\u00ebs.<\/p>\n<p><strong>Expozita do t\u00eb mbahet n\u00eb Qendr\u00ebn p\u00ebr Kultur\u00eb, me dat\u00ebn 30.03.2013, n\u00eb ora 19:00.<\/strong><\/p>\n<p>Falenderoj shoqat\u00ebn shqiptaro-amerikane &#8220;Ana e Malit&#8221; n\u00eb New York dhe &#8220;Nd\u00ebrmarrjen p\u00ebr veprimtari komunale&#8221;-Ulqin, si edhe Qendr\u00ebn p\u00ebr Kultur\u00eb, q\u00eb mund\u00ebsuan realizimin e k\u00ebti projekti<\/p>\n<p>Me respekt kryetarja e shoqat\u00ebs &#8220;Labeat\u00ebt&#8221; Liljeta Avdiu Cura<\/p>\n<p><strong>Lajme nga Ulqini<br \/>\n<\/strong><br \/>\n<iframe loading=\"lazy\" src=\"https:\/\/www.facebook.com\/video\/embed?video_id=600935596603235\" height=\"360\" width=\"508\" frameborder=\"0\"><\/iframe><\/p>\n","protected":false},"excerpt":{"rendered":"<p>Ftoheni t\u00eb merrni pjes\u00eb n\u00eb Ekspozit\u00ebn e Fotografive t\u00eb fotografit t\u00eb par\u00eb nga Ana Malit, t\u00eb ndjerit Dan Xhurret\u00ebs. Expozita do t\u00eb mbahet n\u00eb Qendr\u00ebn p\u00ebr Kultur\u00eb, me dat\u00ebn 30.03.2013, n\u00eb ora 19:00. Falenderoj shoqat\u00ebn shqiptaro-amerikane &#8220;Ana e Malit&#8221; n\u00eb New York dhe &#8220;Nd\u00ebrmarrjen p\u00ebr veprimtari komunale&#8221;-Ulqin, si edhe Qendr\u00ebn p\u00ebr Kultur\u00eb, q\u00eb mund\u00ebsuan realizimin [&hellip;]<\/p>\n","protected":false},"author":1,"featured_media":0,"comment_status":"open","ping_status":"closed","sticky":false,"template":"","format":"standard","meta":{"spay_email":"","jetpack_publicize_message":"","jetpack_is_tweetstorm":false,"jetpack_publicize_feature_enabled":true},"categories":[6950],"tags":[212,21949,200,18],"jetpack_publicize_connections":[],"yoast_head":"<!-- This site is optimized with the Yoast SEO plugin v19.1 - https:\/\/yoast.com\/wordpress\/plugins\/seo\/ -->\n<title>Ftes\u00eb p\u00ebr pjes\u00ebmarrje n\u00eb ekspozit\u00eb t\u00eb fotografive - Dan Xhurret\u00ebs - Audio - Lajme nga Ulqini<\/title>\n<meta name=\"description\" content=\"Ftoheni t\u00eb merrni pjes\u00eb n\u00eb Ekspozit\u00ebn e Fotografive t\u00eb fotografit t\u00eb par\u00eb nga Ana Malit, t\u00eb ndjerit Dan Xhurret\u00ebs. Expozita do t\u00eb mbahet n\u00eb Qendr\u00ebn p\u00ebr\" \/>\n<meta name=\"robots\" content=\"index, follow, max-snippet:-1, max-image-preview:large, max-video-preview:-1\" \/>\n<link rel=\"canonical\" href=\"https:\/\/www.visit-ulcinj.com\/blog\/2013\/03\/26\/ftese-per-pjesemarrje-ne-ekspozite-te-fotografive-dan-xhurretes\/\" \/>\n<meta property=\"og:locale\" content=\"en_US\" \/>\n<meta property=\"og:type\" content=\"article\" \/>\n<meta property=\"og:title\" content=\"Ftes\u00eb p\u00ebr pjes\u00ebmarrje n\u00eb ekspozit\u00eb t\u00eb fotografive - Dan Xhurret\u00ebs - Audio - Lajme nga Ulqini\" \/>\n<meta property=\"og:description\" content=\"Ftoheni t\u00eb merrni pjes\u00eb n\u00eb Ekspozit\u00ebn e Fotografive t\u00eb fotografit t\u00eb par\u00eb nga Ana Malit, t\u00eb ndjerit Dan Xhurret\u00ebs. Expozita do t\u00eb mbahet n\u00eb Qendr\u00ebn p\u00ebr\" \/>\n<meta property=\"og:url\" content=\"https:\/\/www.visit-ulcinj.com\/blog\/2013\/03\/26\/ftese-per-pjesemarrje-ne-ekspozite-te-fotografive-dan-xhurretes\/\" \/>\n<meta property=\"og:site_name\" content=\"Lajme nga Ulqini\" \/>\n<meta property=\"article:published_time\" content=\"2013-03-25T23:01:54+00:00\" \/>\n<meta property=\"article:modified_time\" content=\"2013-04-02T10:15:32+00:00\" \/>\n<meta name=\"twitter:label1\" content=\"Written by\" \/>\n\t<meta name=\"twitter:data1\" content=\"ulqini\" \/>\n<script type=\"application\/ld+json\" class=\"yoast-schema-graph\">{\"@context\":\"https:\/\/schema.org\",\"@graph\":[{\"@type\":\"WebSite\",\"@id\":\"https:\/\/www.visit-ulcinj.com\/blog\/#website\",\"url\":\"https:\/\/www.visit-ulcinj.com\/blog\/\",\"name\":\"Lajme nga Ulqini\",\"description\":\"Lajme,Vijesti,Ulqini,Ulqin,Crna Gora,Mali i Zi\",\"potentialAction\":[{\"@type\":\"SearchAction\",\"target\":{\"@type\":\"EntryPoint\",\"urlTemplate\":\"https:\/\/www.visit-ulcinj.com\/blog\/?s={search_term_string}\"},\"query-input\":\"required name=search_term_string\"}],\"inLanguage\":\"en-US\"},{\"@type\":\"WebPage\",\"@id\":\"https:\/\/www.visit-ulcinj.com\/blog\/2013\/03\/26\/ftese-per-pjesemarrje-ne-ekspozite-te-fotografive-dan-xhurretes\/#webpage\",\"url\":\"https:\/\/www.visit-ulcinj.com\/blog\/2013\/03\/26\/ftese-per-pjesemarrje-ne-ekspozite-te-fotografive-dan-xhurretes\/\",\"name\":\"Ftes\u00eb p\u00ebr pjes\u00ebmarrje n\u00eb ekspozit\u00eb t\u00eb fotografive - Dan Xhurret\u00ebs - Audio - Lajme nga Ulqini\",\"isPartOf\":{\"@id\":\"https:\/\/www.visit-ulcinj.com\/blog\/#website\"},\"datePublished\":\"2013-03-25T23:01:54+00:00\",\"dateModified\":\"2013-04-02T10:15:32+00:00\",\"author\":{\"@id\":\"https:\/\/www.visit-ulcinj.com\/blog\/#\/schema\/person\/dcab619c614d3038751c63bc2aadc06d\"},\"description\":\"Ftoheni t\u00eb merrni pjes\u00eb n\u00eb Ekspozit\u00ebn e Fotografive t\u00eb fotografit t\u00eb par\u00eb nga Ana Malit, t\u00eb ndjerit Dan Xhurret\u00ebs. Expozita do t\u00eb mbahet n\u00eb Qendr\u00ebn p\u00ebr\",\"breadcrumb\":{\"@id\":\"https:\/\/www.visit-ulcinj.com\/blog\/2013\/03\/26\/ftese-per-pjesemarrje-ne-ekspozite-te-fotografive-dan-xhurretes\/#breadcrumb\"},\"inLanguage\":\"en-US\",\"potentialAction\":[{\"@type\":\"ReadAction\",\"target\":[\"https:\/\/www.visit-ulcinj.com\/blog\/2013\/03\/26\/ftese-per-pjesemarrje-ne-ekspozite-te-fotografive-dan-xhurretes\/\"]}]},{\"@type\":\"BreadcrumbList\",\"@id\":\"https:\/\/www.visit-ulcinj.com\/blog\/2013\/03\/26\/ftese-per-pjesemarrje-ne-ekspozite-te-fotografive-dan-xhurretes\/#breadcrumb\",\"itemListElement\":[{\"@type\":\"ListItem\",\"position\":1,\"name\":\"Ftes\u00eb p\u00ebr pjes\u00ebmarrje n\u00eb ekspozit\u00eb t\u00eb fotografive &#8211; Dan Xhurret\u00ebs &#8211; Audio\"}]},{\"@type\":\"Person\",\"@id\":\"https:\/\/www.visit-ulcinj.com\/blog\/#\/schema\/person\/dcab619c614d3038751c63bc2aadc06d\",\"name\":\"ulqini\",\"sameAs\":[\"http:\/\/www.visit-ulcinj.com\"],\"url\":\"https:\/\/www.visit-ulcinj.com\/blog\/author\/admin\/\"}]}<\/script>\n<!-- \/ Yoast SEO plugin. -->","yoast_head_json":{"title":"Ftes\u00eb p\u00ebr pjes\u00ebmarrje n\u00eb ekspozit\u00eb t\u00eb fotografive - Dan Xhurret\u00ebs - Audio - Lajme nga Ulqini","description":"Ftoheni t\u00eb merrni pjes\u00eb n\u00eb Ekspozit\u00ebn e Fotografive t\u00eb fotografit t\u00eb par\u00eb nga Ana Malit, t\u00eb ndjerit Dan Xhurret\u00ebs. Expozita do t\u00eb mbahet n\u00eb Qendr\u00ebn p\u00ebr","robots":{"index":"index","follow":"follow","max-snippet":"max-snippet:-1","max-image-preview":"max-image-preview:large","max-video-preview":"max-video-preview:-1"},"canonical":"https:\/\/www.visit-ulcinj.com\/blog\/2013\/03\/26\/ftese-per-pjesemarrje-ne-ekspozite-te-fotografive-dan-xhurretes\/","og_locale":"en_US","og_type":"article","og_title":"Ftes\u00eb p\u00ebr pjes\u00ebmarrje n\u00eb ekspozit\u00eb t\u00eb fotografive - Dan Xhurret\u00ebs - Audio - Lajme nga Ulqini","og_description":"Ftoheni t\u00eb merrni pjes\u00eb n\u00eb Ekspozit\u00ebn e Fotografive t\u00eb fotografit t\u00eb par\u00eb nga Ana Malit, t\u00eb ndjerit Dan Xhurret\u00ebs. Expozita do t\u00eb mbahet n\u00eb Qendr\u00ebn p\u00ebr","og_url":"https:\/\/www.visit-ulcinj.com\/blog\/2013\/03\/26\/ftese-per-pjesemarrje-ne-ekspozite-te-fotografive-dan-xhurretes\/","og_site_name":"Lajme nga Ulqini","article_published_time":"2013-03-25T23:01:54+00:00","article_modified_time":"2013-04-02T10:15:32+00:00","twitter_misc":{"Written by":"ulqini"},"schema":{"@context":"https:\/\/schema.org","@graph":[{"@type":"WebSite","@id":"https:\/\/www.visit-ulcinj.com\/blog\/#website","url":"https:\/\/www.visit-ulcinj.com\/blog\/","name":"Lajme nga Ulqini","description":"Lajme,Vijesti,Ulqini,Ulqin,Crna Gora,Mali i Zi","potentialAction":[{"@type":"SearchAction","target":{"@type":"EntryPoint","urlTemplate":"https:\/\/www.visit-ulcinj.com\/blog\/?s={search_term_string}"},"query-input":"required name=search_term_string"}],"inLanguage":"en-US"},{"@type":"WebPage","@id":"https:\/\/www.visit-ulcinj.com\/blog\/2013\/03\/26\/ftese-per-pjesemarrje-ne-ekspozite-te-fotografive-dan-xhurretes\/#webpage","url":"https:\/\/www.visit-ulcinj.com\/blog\/2013\/03\/26\/ftese-per-pjesemarrje-ne-ekspozite-te-fotografive-dan-xhurretes\/","name":"Ftes\u00eb p\u00ebr pjes\u00ebmarrje n\u00eb ekspozit\u00eb t\u00eb fotografive - Dan Xhurret\u00ebs - Audio - Lajme nga Ulqini","isPartOf":{"@id":"https:\/\/www.visit-ulcinj.com\/blog\/#website"},"datePublished":"2013-03-25T23:01:54+00:00","dateModified":"2013-04-02T10:15:32+00:00","author":{"@id":"https:\/\/www.visit-ulcinj.com\/blog\/#\/schema\/person\/dcab619c614d3038751c63bc2aadc06d"},"description":"Ftoheni t\u00eb merrni pjes\u00eb n\u00eb Ekspozit\u00ebn e Fotografive t\u00eb fotografit t\u00eb par\u00eb nga Ana Malit, t\u00eb ndjerit Dan Xhurret\u00ebs. Expozita do t\u00eb mbahet n\u00eb Qendr\u00ebn p\u00ebr","breadcrumb":{"@id":"https:\/\/www.visit-ulcinj.com\/blog\/2013\/03\/26\/ftese-per-pjesemarrje-ne-ekspozite-te-fotografive-dan-xhurretes\/#breadcrumb"},"inLanguage":"en-US","potentialAction":[{"@type":"ReadAction","target":["https:\/\/www.visit-ulcinj.com\/blog\/2013\/03\/26\/ftese-per-pjesemarrje-ne-ekspozite-te-fotografive-dan-xhurretes\/"]}]},{"@type":"BreadcrumbList","@id":"https:\/\/www.visit-ulcinj.com\/blog\/2013\/03\/26\/ftese-per-pjesemarrje-ne-ekspozite-te-fotografive-dan-xhurretes\/#breadcrumb","itemListElement":[{"@type":"ListItem","position":1,"name":"Ftes\u00eb p\u00ebr pjes\u00ebmarrje n\u00eb ekspozit\u00eb t\u00eb fotografive &#8211; Dan Xhurret\u00ebs &#8211; Audio"}]},{"@type":"Person","@id":"https:\/\/www.visit-ulcinj.com\/blog\/#\/schema\/person\/dcab619c614d3038751c63bc2aadc06d","name":"ulqini","sameAs":["http:\/\/www.visit-ulcinj.com"],"url":"https:\/\/www.visit-ulcinj.com\/blog\/author\/admin\/"}]}},"jetpack_featured_media_url":"","jetpack_sharing_enabled":true,"jetpack_shortlink":"https:\/\/wp.me\/pe6lTn-icI","_links":{"self":[{"href":"https:\/\/www.visit-ulcinj.com\/blog\/wp-json\/wp\/v2\/posts\/69980"}],"collection":[{"href":"https:\/\/www.visit-ulcinj.com\/blog\/wp-json\/wp\/v2\/posts"}],"about":[{"href":"https:\/\/www.visit-ulcinj.com\/blog\/wp-json\/wp\/v2\/types\/post"}],"author":[{"embeddable":true,"href":"https:\/\/www.visit-ulcinj.com\/blog\/wp-json\/wp\/v2\/users\/1"}],"replies":[{"embeddable":true,"href":"https:\/\/www.visit-ulcinj.com\/blog\/wp-json\/wp\/v2\/comments?post=69980"}],"version-history":[{"count":13,"href":"https:\/\/www.visit-ulcinj.com\/blog\/wp-json\/wp\/v2\/posts\/69980\/revisions"}],"predecessor-version":[{"id":70325,"href":"https:\/\/www.visit-ulcinj.com\/blog\/wp-json\/wp\/v2\/posts\/69980\/revisions\/70325"}],"wp:attachment":[{"href":"https:\/\/www.visit-ulcinj.com\/blog\/wp-json\/wp\/v2\/media?parent=69980"}],"wp:term":[{"taxonomy":"category","embeddable":true,"href":"https:\/\/www.visit-ulcinj.com\/blog\/wp-json\/wp\/v2\/categories?post=69980"},{"taxonomy":"post_tag","embeddable":true,"href":"https:\/\/www.visit-ulcinj.com\/blog\/wp-json\/wp\/v2\/tags?post=69980"}],"curies":[{"name":"wp","href":"https:\/\/api.w.org\/{rel}","templated":true}]}}