{"id":70002,"date":"2013-03-26T18:29:53","date_gmt":"2013-03-26T17:29:53","guid":{"rendered":"http:\/\/www.visit-ulcinj.com\/blog\/?p=70002"},"modified":"2013-03-29T17:24:00","modified_gmt":"2013-03-29T16:24:00","slug":"ulqini-ne-uje-ulqin-te-terun-nuk-ka","status":"publish","type":"post","link":"https:\/\/www.visit-ulcinj.com\/blog\/2013\/03\/26\/ulqini-ne-uje-ulqin-te-terun-nuk-ka\/","title":{"rendered":"Ulqini ne uje &#8211; Ulqin t\u00eb terun nuk ka"},"content":{"rendered":"<p><a href=\"http:\/\/www.visit-ulcinj.com\/blog\/wp-content\/uploads\/2013\/03\/Ulqini-ne-uje.jpg\"><img loading=\"lazy\" class=\"alignleft  wp-image-70003\" alt=\"Ulqini ne uje\" src=\"http:\/\/www.visit-ulcinj.com\/blog\/wp-content\/uploads\/2013\/03\/Ulqini-ne-uje.jpg\" width=\"508\" height=\"360\" \/><\/a>\u201cUlqin t\u00eb terun nuk ka\u201d. K\u00ebshtu thuhet n\u00eb Ulqin p\u00ebr t\u00eb p\u00ebrshkruar se sa shum\u00eb shi bie n\u00eb k\u00ebt\u00eb qytet.<\/p>\n<p>Por dy- tre vitet e fundit, ulqinak\u00ebt jo vet\u00ebm jan\u00eb lagur, por edhe jan\u00eb p\u00ebrmbytur.Reshjet e shiut dhe era e forte ka shkaktuar probleme ne rrug\u00ebt e Ulqinit. Pamvarsisht investimeve te realizuara ne komunen e Ulqinit edhe keto dit\u00eb pranvere permbytjet nga disa centimetra shi do te jen te pa shmangshme. Kan mjaftuar pak centimetra shi qe sot\u00eb ne lagjet kryesore te qytetit te permbyten nga uji.<\/p>\n<p><a href=\"https:\/\/www.facebook.com\/photo.php?v=4834379529604&amp;set=vb.1000158990&amp;type=2&amp;theater\" target=\"_blank\"><strong>Shiko Videon nga Coba Arijeta Facebook<\/strong><\/a><\/p>\n<p><iframe loading=\"lazy\" src=\"https:\/\/www.facebook.com\/video\/embed?video_id=4834379529604\" height=\"360\" width=\"508\" frameborder=\"0\"><\/iframe><\/p>\n","protected":false},"excerpt":{"rendered":"<p>\u201cUlqin t\u00eb terun nuk ka\u201d. K\u00ebshtu thuhet n\u00eb Ulqin p\u00ebr t\u00eb p\u00ebrshkruar se sa shum\u00eb shi bie n\u00eb k\u00ebt\u00eb qytet. Por dy- tre vitet e fundit, ulqinak\u00ebt jo vet\u00ebm jan\u00eb lagur, por edhe jan\u00eb p\u00ebrmbytur.Reshjet e shiut dhe era e forte ka shkaktuar probleme ne rrug\u00ebt e Ulqinit. Pamvarsisht investimeve te realizuara ne komunen e [&hellip;]<\/p>\n","protected":false},"author":1,"featured_media":0,"comment_status":"open","ping_status":"closed","sticky":false,"template":"","format":"standard","meta":{"spay_email":"","jetpack_publicize_message":"","jetpack_is_tweetstorm":false,"jetpack_publicize_feature_enabled":true},"categories":[12],"tags":[16467],"jetpack_publicize_connections":[],"yoast_head":"<!-- This site is optimized with the Yoast SEO plugin v19.1 - https:\/\/yoast.com\/wordpress\/plugins\/seo\/ -->\n<title>Ulqini ne uje - Ulqin t\u00eb terun nuk ka - Lajme nga Ulqini<\/title>\n<meta name=\"description\" content=\"\u201cUlqin t\u00eb terun nuk ka\u201d. K\u00ebshtu thuhet n\u00eb Ulqin p\u00ebr t\u00eb p\u00ebrshkruar se sa shum\u00eb shi bie n\u00eb k\u00ebt\u00eb qytet. Por dy- tre vitet e fundit, ulqinak\u00ebt jo vet\u00ebm jan\u00eb\" \/>\n<meta name=\"robots\" content=\"index, follow, max-snippet:-1, max-image-preview:large, max-video-preview:-1\" \/>\n<link rel=\"canonical\" href=\"https:\/\/www.visit-ulcinj.com\/blog\/2013\/03\/26\/ulqini-ne-uje-ulqin-te-terun-nuk-ka\/\" \/>\n<meta property=\"og:locale\" content=\"en_US\" \/>\n<meta property=\"og:type\" content=\"article\" \/>\n<meta property=\"og:title\" content=\"Ulqini ne uje - Ulqin t\u00eb terun nuk ka - Lajme nga Ulqini\" \/>\n<meta property=\"og:description\" content=\"\u201cUlqin t\u00eb terun nuk ka\u201d. K\u00ebshtu thuhet n\u00eb Ulqin p\u00ebr t\u00eb p\u00ebrshkruar se sa shum\u00eb shi bie n\u00eb k\u00ebt\u00eb qytet. Por dy- tre vitet e fundit, ulqinak\u00ebt jo vet\u00ebm jan\u00eb\" \/>\n<meta property=\"og:url\" content=\"https:\/\/www.visit-ulcinj.com\/blog\/2013\/03\/26\/ulqini-ne-uje-ulqin-te-terun-nuk-ka\/\" \/>\n<meta property=\"og:site_name\" content=\"Lajme nga Ulqini\" \/>\n<meta property=\"article:published_time\" content=\"2013-03-26T17:29:53+00:00\" \/>\n<meta property=\"article:modified_time\" content=\"2013-03-29T16:24:00+00:00\" \/>\n<meta property=\"og:image\" content=\"http:\/\/www.visit-ulcinj.com\/blog\/wp-content\/uploads\/2013\/03\/Ulqini-ne-uje.jpg\" \/>\n<meta name=\"twitter:label1\" content=\"Written by\" \/>\n\t<meta name=\"twitter:data1\" content=\"ulqini\" \/>\n\t<meta name=\"twitter:label2\" content=\"Est. reading time\" \/>\n\t<meta name=\"twitter:data2\" content=\"1 minute\" \/>\n<script type=\"application\/ld+json\" class=\"yoast-schema-graph\">{\"@context\":\"https:\/\/schema.org\",\"@graph\":[{\"@type\":\"WebSite\",\"@id\":\"https:\/\/www.visit-ulcinj.com\/blog\/#website\",\"url\":\"https:\/\/www.visit-ulcinj.com\/blog\/\",\"name\":\"Lajme nga Ulqini\",\"description\":\"Lajme,Vijesti,Ulqini,Ulqin,Crna Gora,Mali i Zi\",\"potentialAction\":[{\"@type\":\"SearchAction\",\"target\":{\"@type\":\"EntryPoint\",\"urlTemplate\":\"https:\/\/www.visit-ulcinj.com\/blog\/?s={search_term_string}\"},\"query-input\":\"required name=search_term_string\"}],\"inLanguage\":\"en-US\"},{\"@type\":\"ImageObject\",\"inLanguage\":\"en-US\",\"@id\":\"https:\/\/www.visit-ulcinj.com\/blog\/2013\/03\/26\/ulqini-ne-uje-ulqin-te-terun-nuk-ka\/#primaryimage\",\"url\":\"https:\/\/www.visit-ulcinj.com\/blog\/wp-content\/uploads\/2013\/03\/Ulqini-ne-uje.jpg\",\"contentUrl\":\"https:\/\/www.visit-ulcinj.com\/blog\/wp-content\/uploads\/2013\/03\/Ulqini-ne-uje.jpg\",\"width\":710,\"height\":440},{\"@type\":\"WebPage\",\"@id\":\"https:\/\/www.visit-ulcinj.com\/blog\/2013\/03\/26\/ulqini-ne-uje-ulqin-te-terun-nuk-ka\/#webpage\",\"url\":\"https:\/\/www.visit-ulcinj.com\/blog\/2013\/03\/26\/ulqini-ne-uje-ulqin-te-terun-nuk-ka\/\",\"name\":\"Ulqini ne uje - Ulqin t\u00eb terun nuk ka - Lajme nga Ulqini\",\"isPartOf\":{\"@id\":\"https:\/\/www.visit-ulcinj.com\/blog\/#website\"},\"primaryImageOfPage\":{\"@id\":\"https:\/\/www.visit-ulcinj.com\/blog\/2013\/03\/26\/ulqini-ne-uje-ulqin-te-terun-nuk-ka\/#primaryimage\"},\"datePublished\":\"2013-03-26T17:29:53+00:00\",\"dateModified\":\"2013-03-29T16:24:00+00:00\",\"author\":{\"@id\":\"https:\/\/www.visit-ulcinj.com\/blog\/#\/schema\/person\/dcab619c614d3038751c63bc2aadc06d\"},\"description\":\"\u201cUlqin t\u00eb terun nuk ka\u201d. K\u00ebshtu thuhet n\u00eb Ulqin p\u00ebr t\u00eb p\u00ebrshkruar se sa shum\u00eb shi bie n\u00eb k\u00ebt\u00eb qytet. Por dy- tre vitet e fundit, ulqinak\u00ebt jo vet\u00ebm jan\u00eb\",\"breadcrumb\":{\"@id\":\"https:\/\/www.visit-ulcinj.com\/blog\/2013\/03\/26\/ulqini-ne-uje-ulqin-te-terun-nuk-ka\/#breadcrumb\"},\"inLanguage\":\"en-US\",\"potentialAction\":[{\"@type\":\"ReadAction\",\"target\":[\"https:\/\/www.visit-ulcinj.com\/blog\/2013\/03\/26\/ulqini-ne-uje-ulqin-te-terun-nuk-ka\/\"]}]},{\"@type\":\"BreadcrumbList\",\"@id\":\"https:\/\/www.visit-ulcinj.com\/blog\/2013\/03\/26\/ulqini-ne-uje-ulqin-te-terun-nuk-ka\/#breadcrumb\",\"itemListElement\":[{\"@type\":\"ListItem\",\"position\":1,\"name\":\"Ulqini ne uje &#8211; Ulqin t\u00eb terun nuk ka\"}]},{\"@type\":\"Person\",\"@id\":\"https:\/\/www.visit-ulcinj.com\/blog\/#\/schema\/person\/dcab619c614d3038751c63bc2aadc06d\",\"name\":\"ulqini\",\"sameAs\":[\"http:\/\/www.visit-ulcinj.com\"],\"url\":\"https:\/\/www.visit-ulcinj.com\/blog\/author\/admin\/\"}]}<\/script>\n<!-- \/ Yoast SEO plugin. -->","yoast_head_json":{"title":"Ulqini ne uje - Ulqin t\u00eb terun nuk ka - Lajme nga Ulqini","description":"\u201cUlqin t\u00eb terun nuk ka\u201d. K\u00ebshtu thuhet n\u00eb Ulqin p\u00ebr t\u00eb p\u00ebrshkruar se sa shum\u00eb shi bie n\u00eb k\u00ebt\u00eb qytet. Por dy- tre vitet e fundit, ulqinak\u00ebt jo vet\u00ebm jan\u00eb","robots":{"index":"index","follow":"follow","max-snippet":"max-snippet:-1","max-image-preview":"max-image-preview:large","max-video-preview":"max-video-preview:-1"},"canonical":"https:\/\/www.visit-ulcinj.com\/blog\/2013\/03\/26\/ulqini-ne-uje-ulqin-te-terun-nuk-ka\/","og_locale":"en_US","og_type":"article","og_title":"Ulqini ne uje - Ulqin t\u00eb terun nuk ka - Lajme nga Ulqini","og_description":"\u201cUlqin t\u00eb terun nuk ka\u201d. K\u00ebshtu thuhet n\u00eb Ulqin p\u00ebr t\u00eb p\u00ebrshkruar se sa shum\u00eb shi bie n\u00eb k\u00ebt\u00eb qytet. Por dy- tre vitet e fundit, ulqinak\u00ebt jo vet\u00ebm jan\u00eb","og_url":"https:\/\/www.visit-ulcinj.com\/blog\/2013\/03\/26\/ulqini-ne-uje-ulqin-te-terun-nuk-ka\/","og_site_name":"Lajme nga Ulqini","article_published_time":"2013-03-26T17:29:53+00:00","article_modified_time":"2013-03-29T16:24:00+00:00","og_image":[{"url":"http:\/\/www.visit-ulcinj.com\/blog\/wp-content\/uploads\/2013\/03\/Ulqini-ne-uje.jpg"}],"twitter_misc":{"Written by":"ulqini","Est. reading time":"1 minute"},"schema":{"@context":"https:\/\/schema.org","@graph":[{"@type":"WebSite","@id":"https:\/\/www.visit-ulcinj.com\/blog\/#website","url":"https:\/\/www.visit-ulcinj.com\/blog\/","name":"Lajme nga Ulqini","description":"Lajme,Vijesti,Ulqini,Ulqin,Crna Gora,Mali i Zi","potentialAction":[{"@type":"SearchAction","target":{"@type":"EntryPoint","urlTemplate":"https:\/\/www.visit-ulcinj.com\/blog\/?s={search_term_string}"},"query-input":"required name=search_term_string"}],"inLanguage":"en-US"},{"@type":"ImageObject","inLanguage":"en-US","@id":"https:\/\/www.visit-ulcinj.com\/blog\/2013\/03\/26\/ulqini-ne-uje-ulqin-te-terun-nuk-ka\/#primaryimage","url":"https:\/\/www.visit-ulcinj.com\/blog\/wp-content\/uploads\/2013\/03\/Ulqini-ne-uje.jpg","contentUrl":"https:\/\/www.visit-ulcinj.com\/blog\/wp-content\/uploads\/2013\/03\/Ulqini-ne-uje.jpg","width":710,"height":440},{"@type":"WebPage","@id":"https:\/\/www.visit-ulcinj.com\/blog\/2013\/03\/26\/ulqini-ne-uje-ulqin-te-terun-nuk-ka\/#webpage","url":"https:\/\/www.visit-ulcinj.com\/blog\/2013\/03\/26\/ulqini-ne-uje-ulqin-te-terun-nuk-ka\/","name":"Ulqini ne uje - Ulqin t\u00eb terun nuk ka - Lajme nga Ulqini","isPartOf":{"@id":"https:\/\/www.visit-ulcinj.com\/blog\/#website"},"primaryImageOfPage":{"@id":"https:\/\/www.visit-ulcinj.com\/blog\/2013\/03\/26\/ulqini-ne-uje-ulqin-te-terun-nuk-ka\/#primaryimage"},"datePublished":"2013-03-26T17:29:53+00:00","dateModified":"2013-03-29T16:24:00+00:00","author":{"@id":"https:\/\/www.visit-ulcinj.com\/blog\/#\/schema\/person\/dcab619c614d3038751c63bc2aadc06d"},"description":"\u201cUlqin t\u00eb terun nuk ka\u201d. K\u00ebshtu thuhet n\u00eb Ulqin p\u00ebr t\u00eb p\u00ebrshkruar se sa shum\u00eb shi bie n\u00eb k\u00ebt\u00eb qytet. Por dy- tre vitet e fundit, ulqinak\u00ebt jo vet\u00ebm jan\u00eb","breadcrumb":{"@id":"https:\/\/www.visit-ulcinj.com\/blog\/2013\/03\/26\/ulqini-ne-uje-ulqin-te-terun-nuk-ka\/#breadcrumb"},"inLanguage":"en-US","potentialAction":[{"@type":"ReadAction","target":["https:\/\/www.visit-ulcinj.com\/blog\/2013\/03\/26\/ulqini-ne-uje-ulqin-te-terun-nuk-ka\/"]}]},{"@type":"BreadcrumbList","@id":"https:\/\/www.visit-ulcinj.com\/blog\/2013\/03\/26\/ulqini-ne-uje-ulqin-te-terun-nuk-ka\/#breadcrumb","itemListElement":[{"@type":"ListItem","position":1,"name":"Ulqini ne uje &#8211; Ulqin t\u00eb terun nuk ka"}]},{"@type":"Person","@id":"https:\/\/www.visit-ulcinj.com\/blog\/#\/schema\/person\/dcab619c614d3038751c63bc2aadc06d","name":"ulqini","sameAs":["http:\/\/www.visit-ulcinj.com"],"url":"https:\/\/www.visit-ulcinj.com\/blog\/author\/admin\/"}]}},"jetpack_featured_media_url":"","jetpack_sharing_enabled":true,"jetpack_shortlink":"https:\/\/wp.me\/pe6lTn-id4","_links":{"self":[{"href":"https:\/\/www.visit-ulcinj.com\/blog\/wp-json\/wp\/v2\/posts\/70002"}],"collection":[{"href":"https:\/\/www.visit-ulcinj.com\/blog\/wp-json\/wp\/v2\/posts"}],"about":[{"href":"https:\/\/www.visit-ulcinj.com\/blog\/wp-json\/wp\/v2\/types\/post"}],"author":[{"embeddable":true,"href":"https:\/\/www.visit-ulcinj.com\/blog\/wp-json\/wp\/v2\/users\/1"}],"replies":[{"embeddable":true,"href":"https:\/\/www.visit-ulcinj.com\/blog\/wp-json\/wp\/v2\/comments?post=70002"}],"version-history":[{"count":3,"href":"https:\/\/www.visit-ulcinj.com\/blog\/wp-json\/wp\/v2\/posts\/70002\/revisions"}],"predecessor-version":[{"id":70119,"href":"https:\/\/www.visit-ulcinj.com\/blog\/wp-json\/wp\/v2\/posts\/70002\/revisions\/70119"}],"wp:attachment":[{"href":"https:\/\/www.visit-ulcinj.com\/blog\/wp-json\/wp\/v2\/media?parent=70002"}],"wp:term":[{"taxonomy":"category","embeddable":true,"href":"https:\/\/www.visit-ulcinj.com\/blog\/wp-json\/wp\/v2\/categories?post=70002"},{"taxonomy":"post_tag","embeddable":true,"href":"https:\/\/www.visit-ulcinj.com\/blog\/wp-json\/wp\/v2\/tags?post=70002"}],"curies":[{"name":"wp","href":"https:\/\/api.w.org\/{rel}","templated":true}]}}