{"id":70010,"date":"2013-03-26T21:28:13","date_gmt":"2013-03-26T20:28:13","guid":{"rendered":"http:\/\/www.visit-ulcinj.com\/blog\/?p=70010"},"modified":"2013-03-27T12:23:00","modified_gmt":"2013-03-27T11:23:00","slug":"dritan-abazoviq-apelon-per-dialog-dhe-tolerance","status":"publish","type":"post","link":"https:\/\/www.visit-ulcinj.com\/blog\/2013\/03\/26\/dritan-abazoviq-apelon-per-dialog-dhe-tolerance\/","title":{"rendered":"Dritan Abazoviq apelon  p\u00ebr  dialog dhe toleranc\u00eb &#8211; Video Tv Boin"},"content":{"rendered":"<p><strong>Qarqeve t\u00eb caktuara politike u konvenon ekzistenca e ndarjeve , ka vler\u00ebsuar deputeti i Malit t\u00eb Zi pozitiv,\u00a0 Driatan Abazoviq, duke b\u00ebr\u00eb ftes\u00eb p\u00ebr toleranc\u00eb dhe zgjidhje paq\u00ebsore t\u00eb problemit n\u00eb Dinosh\u00eb.<\/strong><br \/>\n<a href=\"http:\/\/www.visit-ulcinj.com\/blog\/wp-content\/uploads\/2013\/03\/Dritan-Abazovic-Skupstina.1.jpg\"><img loading=\"lazy\" class=\"alignleft  wp-image-70011\" alt=\"Dritan-Abazovic-Skupstina.1\" src=\"http:\/\/www.visit-ulcinj.com\/blog\/wp-content\/uploads\/2013\/03\/Dritan-Abazovic-Skupstina.1.jpg\" width=\"508\" height=\"360\" \/><\/a><\/p>\n<p>Abazoviq konsideron se ngjarjet n\u00eb Dinosh\u00eb\u00a0 nuk jan\u00eb n\u00eb t\u00eb mir\u00eb t\u00eb asnj\u00ebr\u00ebs pal\u00eb dhe nuk jan\u00eb n\u00eb pajtim me tradit\u00ebn e banor\u00ebve t\u00eb Mal\u00ebsis\u00eb q\u00eb konfliktet t\u00eb zgjidhen me dialog\u00a0 duke shtuar se do t\u00eb ishte mir\u00eb q\u00eb t\u00eb th\u00ebrrasin paq dhe toleranc\u00eb. Abazoviq , e ka ftuar K\u00ebshillin nacional t\u00eb shqiptar\u00ebve q\u00eb sa m\u00eb par\u00eb t\u00eb reagoj\u00eb dhe ti ftoj\u00eb t\u00eb gjith\u00eb lider\u00ebt fetar\u00eb t\u00eb gjitha pal\u00ebt dhe ata q\u00eb jan\u00eb t\u00eb interesuar dhe mund t\u00eb ndihmojn\u00eb n\u00eb zgjidhjen e problemit q\u00eb t\u00eb angazhohen aktivisht.<\/p>\n<p>Abazoviq , si\u00e7 ka theksuar \u00ebsht\u00eb i zhg\u00ebnjyer me ngjarjet e djeshme n\u00eb Tuz me rastin e konfliktimit t\u00eb dy grupeve t\u00eb nx\u00ebn\u00ebsve n\u00eb gjimnazin e atjesh\u00ebm. Mendoj se nuk \u00ebsht\u00eb mir\u00eb q\u00eb tendencat e tilla t\u00eb zgjerohen edhe m\u00eb tej, n\u00eb ve\u00e7anti jo n\u00eb mesin e f\u00ebmij\u00ebve dhe t\u00eb rinjve , ka theksuar Abazoviq.<\/p>\n<p><strong>TVCG<\/strong><\/p>\n<p><iframe loading=\"lazy\" src=\"http:\/\/www.youtube.com\/embed\/hBPa5p63G5Y\" height=\"360\" width=\"508\" allowfullscreen=\"\" frameborder=\"0\"><\/iframe><\/p>\n","protected":false},"excerpt":{"rendered":"<p>Qarqeve t\u00eb caktuara politike u konvenon ekzistenca e ndarjeve , ka vler\u00ebsuar deputeti i Malit t\u00eb Zi pozitiv,\u00a0 Driatan Abazoviq, duke b\u00ebr\u00eb ftes\u00eb p\u00ebr toleranc\u00eb dhe zgjidhje paq\u00ebsore t\u00eb problemit n\u00eb Dinosh\u00eb. Abazoviq konsideron se ngjarjet n\u00eb Dinosh\u00eb\u00a0 nuk jan\u00eb n\u00eb t\u00eb mir\u00eb t\u00eb asnj\u00ebr\u00ebs pal\u00eb dhe nuk jan\u00eb n\u00eb pajtim me tradit\u00ebn e banor\u00ebve [&hellip;]<\/p>\n","protected":false},"author":1,"featured_media":0,"comment_status":"open","ping_status":"closed","sticky":false,"template":"","format":"standard","meta":{"spay_email":"","jetpack_publicize_message":"","jetpack_is_tweetstorm":false,"jetpack_publicize_feature_enabled":true},"categories":[14],"tags":[10529,200,18],"jetpack_publicize_connections":[],"yoast_head":"<!-- This site is optimized with the Yoast SEO plugin v19.1 - https:\/\/yoast.com\/wordpress\/plugins\/seo\/ -->\n<title>Dritan Abazoviq apelon p\u00ebr dialog dhe toleranc\u00eb - Video Tv Boin - Lajme nga Ulqini<\/title>\n<meta name=\"description\" content=\"Qarqeve t\u00eb caktuara politike u konvenon ekzistenca e ndarjeve , ka vler\u00ebsuar deputeti i Malit t\u00eb Zi pozitiv,\u00a0 Driatan Abazoviq, duke b\u00ebr\u00eb ftes\u00eb p\u00ebr\" \/>\n<meta name=\"robots\" content=\"index, follow, max-snippet:-1, max-image-preview:large, max-video-preview:-1\" \/>\n<link rel=\"canonical\" href=\"https:\/\/www.visit-ulcinj.com\/blog\/2013\/03\/26\/dritan-abazoviq-apelon-per-dialog-dhe-tolerance\/\" \/>\n<meta property=\"og:locale\" content=\"en_US\" \/>\n<meta property=\"og:type\" content=\"article\" \/>\n<meta property=\"og:title\" content=\"Dritan Abazoviq apelon p\u00ebr dialog dhe toleranc\u00eb - Video Tv Boin - Lajme nga Ulqini\" \/>\n<meta property=\"og:description\" content=\"Qarqeve t\u00eb caktuara politike u konvenon ekzistenca e ndarjeve , ka vler\u00ebsuar deputeti i Malit t\u00eb Zi pozitiv,\u00a0 Driatan Abazoviq, duke b\u00ebr\u00eb ftes\u00eb p\u00ebr\" \/>\n<meta property=\"og:url\" content=\"https:\/\/www.visit-ulcinj.com\/blog\/2013\/03\/26\/dritan-abazoviq-apelon-per-dialog-dhe-tolerance\/\" \/>\n<meta property=\"og:site_name\" content=\"Lajme nga Ulqini\" \/>\n<meta property=\"article:published_time\" content=\"2013-03-26T20:28:13+00:00\" \/>\n<meta property=\"article:modified_time\" content=\"2013-03-27T11:23:00+00:00\" \/>\n<meta property=\"og:image\" content=\"http:\/\/www.visit-ulcinj.com\/blog\/wp-content\/uploads\/2013\/03\/Dritan-Abazovic-Skupstina.1.jpg\" \/>\n<meta name=\"twitter:label1\" content=\"Written by\" \/>\n\t<meta name=\"twitter:data1\" content=\"ulqini\" \/>\n\t<meta name=\"twitter:label2\" content=\"Est. reading time\" \/>\n\t<meta name=\"twitter:data2\" content=\"1 minute\" \/>\n<script type=\"application\/ld+json\" class=\"yoast-schema-graph\">{\"@context\":\"https:\/\/schema.org\",\"@graph\":[{\"@type\":\"WebSite\",\"@id\":\"https:\/\/www.visit-ulcinj.com\/blog\/#website\",\"url\":\"https:\/\/www.visit-ulcinj.com\/blog\/\",\"name\":\"Lajme nga Ulqini\",\"description\":\"Lajme,Vijesti,Ulqini,Ulqin,Crna Gora,Mali i Zi\",\"potentialAction\":[{\"@type\":\"SearchAction\",\"target\":{\"@type\":\"EntryPoint\",\"urlTemplate\":\"https:\/\/www.visit-ulcinj.com\/blog\/?s={search_term_string}\"},\"query-input\":\"required name=search_term_string\"}],\"inLanguage\":\"en-US\"},{\"@type\":\"ImageObject\",\"inLanguage\":\"en-US\",\"@id\":\"https:\/\/www.visit-ulcinj.com\/blog\/2013\/03\/26\/dritan-abazoviq-apelon-per-dialog-dhe-tolerance\/#primaryimage\",\"url\":\"https:\/\/www.visit-ulcinj.com\/blog\/wp-content\/uploads\/2013\/03\/Dritan-Abazovic-Skupstina.1.jpg\",\"contentUrl\":\"https:\/\/www.visit-ulcinj.com\/blog\/wp-content\/uploads\/2013\/03\/Dritan-Abazovic-Skupstina.1.jpg\",\"width\":595,\"height\":370},{\"@type\":\"WebPage\",\"@id\":\"https:\/\/www.visit-ulcinj.com\/blog\/2013\/03\/26\/dritan-abazoviq-apelon-per-dialog-dhe-tolerance\/#webpage\",\"url\":\"https:\/\/www.visit-ulcinj.com\/blog\/2013\/03\/26\/dritan-abazoviq-apelon-per-dialog-dhe-tolerance\/\",\"name\":\"Dritan Abazoviq apelon p\u00ebr dialog dhe toleranc\u00eb - Video Tv Boin - Lajme nga Ulqini\",\"isPartOf\":{\"@id\":\"https:\/\/www.visit-ulcinj.com\/blog\/#website\"},\"primaryImageOfPage\":{\"@id\":\"https:\/\/www.visit-ulcinj.com\/blog\/2013\/03\/26\/dritan-abazoviq-apelon-per-dialog-dhe-tolerance\/#primaryimage\"},\"datePublished\":\"2013-03-26T20:28:13+00:00\",\"dateModified\":\"2013-03-27T11:23:00+00:00\",\"author\":{\"@id\":\"https:\/\/www.visit-ulcinj.com\/blog\/#\/schema\/person\/dcab619c614d3038751c63bc2aadc06d\"},\"description\":\"Qarqeve t\u00eb caktuara politike u konvenon ekzistenca e ndarjeve , ka vler\u00ebsuar deputeti i Malit t\u00eb Zi pozitiv,\u00a0 Driatan Abazoviq, duke b\u00ebr\u00eb ftes\u00eb p\u00ebr\",\"breadcrumb\":{\"@id\":\"https:\/\/www.visit-ulcinj.com\/blog\/2013\/03\/26\/dritan-abazoviq-apelon-per-dialog-dhe-tolerance\/#breadcrumb\"},\"inLanguage\":\"en-US\",\"potentialAction\":[{\"@type\":\"ReadAction\",\"target\":[\"https:\/\/www.visit-ulcinj.com\/blog\/2013\/03\/26\/dritan-abazoviq-apelon-per-dialog-dhe-tolerance\/\"]}]},{\"@type\":\"BreadcrumbList\",\"@id\":\"https:\/\/www.visit-ulcinj.com\/blog\/2013\/03\/26\/dritan-abazoviq-apelon-per-dialog-dhe-tolerance\/#breadcrumb\",\"itemListElement\":[{\"@type\":\"ListItem\",\"position\":1,\"name\":\"Dritan Abazoviq apelon p\u00ebr dialog dhe toleranc\u00eb &#8211; Video Tv Boin\"}]},{\"@type\":\"Person\",\"@id\":\"https:\/\/www.visit-ulcinj.com\/blog\/#\/schema\/person\/dcab619c614d3038751c63bc2aadc06d\",\"name\":\"ulqini\",\"sameAs\":[\"http:\/\/www.visit-ulcinj.com\"],\"url\":\"https:\/\/www.visit-ulcinj.com\/blog\/author\/admin\/\"}]}<\/script>\n<!-- \/ Yoast SEO plugin. -->","yoast_head_json":{"title":"Dritan Abazoviq apelon p\u00ebr dialog dhe toleranc\u00eb - Video Tv Boin - Lajme nga Ulqini","description":"Qarqeve t\u00eb caktuara politike u konvenon ekzistenca e ndarjeve , ka vler\u00ebsuar deputeti i Malit t\u00eb Zi pozitiv,\u00a0 Driatan Abazoviq, duke b\u00ebr\u00eb ftes\u00eb p\u00ebr","robots":{"index":"index","follow":"follow","max-snippet":"max-snippet:-1","max-image-preview":"max-image-preview:large","max-video-preview":"max-video-preview:-1"},"canonical":"https:\/\/www.visit-ulcinj.com\/blog\/2013\/03\/26\/dritan-abazoviq-apelon-per-dialog-dhe-tolerance\/","og_locale":"en_US","og_type":"article","og_title":"Dritan Abazoviq apelon p\u00ebr dialog dhe toleranc\u00eb - Video Tv Boin - Lajme nga Ulqini","og_description":"Qarqeve t\u00eb caktuara politike u konvenon ekzistenca e ndarjeve , ka vler\u00ebsuar deputeti i Malit t\u00eb Zi pozitiv,\u00a0 Driatan Abazoviq, duke b\u00ebr\u00eb ftes\u00eb p\u00ebr","og_url":"https:\/\/www.visit-ulcinj.com\/blog\/2013\/03\/26\/dritan-abazoviq-apelon-per-dialog-dhe-tolerance\/","og_site_name":"Lajme nga Ulqini","article_published_time":"2013-03-26T20:28:13+00:00","article_modified_time":"2013-03-27T11:23:00+00:00","og_image":[{"url":"http:\/\/www.visit-ulcinj.com\/blog\/wp-content\/uploads\/2013\/03\/Dritan-Abazovic-Skupstina.1.jpg"}],"twitter_misc":{"Written by":"ulqini","Est. reading time":"1 minute"},"schema":{"@context":"https:\/\/schema.org","@graph":[{"@type":"WebSite","@id":"https:\/\/www.visit-ulcinj.com\/blog\/#website","url":"https:\/\/www.visit-ulcinj.com\/blog\/","name":"Lajme nga Ulqini","description":"Lajme,Vijesti,Ulqini,Ulqin,Crna Gora,Mali i Zi","potentialAction":[{"@type":"SearchAction","target":{"@type":"EntryPoint","urlTemplate":"https:\/\/www.visit-ulcinj.com\/blog\/?s={search_term_string}"},"query-input":"required name=search_term_string"}],"inLanguage":"en-US"},{"@type":"ImageObject","inLanguage":"en-US","@id":"https:\/\/www.visit-ulcinj.com\/blog\/2013\/03\/26\/dritan-abazoviq-apelon-per-dialog-dhe-tolerance\/#primaryimage","url":"https:\/\/www.visit-ulcinj.com\/blog\/wp-content\/uploads\/2013\/03\/Dritan-Abazovic-Skupstina.1.jpg","contentUrl":"https:\/\/www.visit-ulcinj.com\/blog\/wp-content\/uploads\/2013\/03\/Dritan-Abazovic-Skupstina.1.jpg","width":595,"height":370},{"@type":"WebPage","@id":"https:\/\/www.visit-ulcinj.com\/blog\/2013\/03\/26\/dritan-abazoviq-apelon-per-dialog-dhe-tolerance\/#webpage","url":"https:\/\/www.visit-ulcinj.com\/blog\/2013\/03\/26\/dritan-abazoviq-apelon-per-dialog-dhe-tolerance\/","name":"Dritan Abazoviq apelon p\u00ebr dialog dhe toleranc\u00eb - Video Tv Boin - Lajme nga Ulqini","isPartOf":{"@id":"https:\/\/www.visit-ulcinj.com\/blog\/#website"},"primaryImageOfPage":{"@id":"https:\/\/www.visit-ulcinj.com\/blog\/2013\/03\/26\/dritan-abazoviq-apelon-per-dialog-dhe-tolerance\/#primaryimage"},"datePublished":"2013-03-26T20:28:13+00:00","dateModified":"2013-03-27T11:23:00+00:00","author":{"@id":"https:\/\/www.visit-ulcinj.com\/blog\/#\/schema\/person\/dcab619c614d3038751c63bc2aadc06d"},"description":"Qarqeve t\u00eb caktuara politike u konvenon ekzistenca e ndarjeve , ka vler\u00ebsuar deputeti i Malit t\u00eb Zi pozitiv,\u00a0 Driatan Abazoviq, duke b\u00ebr\u00eb ftes\u00eb p\u00ebr","breadcrumb":{"@id":"https:\/\/www.visit-ulcinj.com\/blog\/2013\/03\/26\/dritan-abazoviq-apelon-per-dialog-dhe-tolerance\/#breadcrumb"},"inLanguage":"en-US","potentialAction":[{"@type":"ReadAction","target":["https:\/\/www.visit-ulcinj.com\/blog\/2013\/03\/26\/dritan-abazoviq-apelon-per-dialog-dhe-tolerance\/"]}]},{"@type":"BreadcrumbList","@id":"https:\/\/www.visit-ulcinj.com\/blog\/2013\/03\/26\/dritan-abazoviq-apelon-per-dialog-dhe-tolerance\/#breadcrumb","itemListElement":[{"@type":"ListItem","position":1,"name":"Dritan Abazoviq apelon p\u00ebr dialog dhe toleranc\u00eb &#8211; Video Tv Boin"}]},{"@type":"Person","@id":"https:\/\/www.visit-ulcinj.com\/blog\/#\/schema\/person\/dcab619c614d3038751c63bc2aadc06d","name":"ulqini","sameAs":["http:\/\/www.visit-ulcinj.com"],"url":"https:\/\/www.visit-ulcinj.com\/blog\/author\/admin\/"}]}},"jetpack_featured_media_url":"","jetpack_sharing_enabled":true,"jetpack_shortlink":"https:\/\/wp.me\/pe6lTn-idc","_links":{"self":[{"href":"https:\/\/www.visit-ulcinj.com\/blog\/wp-json\/wp\/v2\/posts\/70010"}],"collection":[{"href":"https:\/\/www.visit-ulcinj.com\/blog\/wp-json\/wp\/v2\/posts"}],"about":[{"href":"https:\/\/www.visit-ulcinj.com\/blog\/wp-json\/wp\/v2\/types\/post"}],"author":[{"embeddable":true,"href":"https:\/\/www.visit-ulcinj.com\/blog\/wp-json\/wp\/v2\/users\/1"}],"replies":[{"embeddable":true,"href":"https:\/\/www.visit-ulcinj.com\/blog\/wp-json\/wp\/v2\/comments?post=70010"}],"version-history":[{"count":3,"href":"https:\/\/www.visit-ulcinj.com\/blog\/wp-json\/wp\/v2\/posts\/70010\/revisions"}],"predecessor-version":[{"id":70022,"href":"https:\/\/www.visit-ulcinj.com\/blog\/wp-json\/wp\/v2\/posts\/70010\/revisions\/70022"}],"wp:attachment":[{"href":"https:\/\/www.visit-ulcinj.com\/blog\/wp-json\/wp\/v2\/media?parent=70010"}],"wp:term":[{"taxonomy":"category","embeddable":true,"href":"https:\/\/www.visit-ulcinj.com\/blog\/wp-json\/wp\/v2\/categories?post=70010"},{"taxonomy":"post_tag","embeddable":true,"href":"https:\/\/www.visit-ulcinj.com\/blog\/wp-json\/wp\/v2\/tags?post=70010"}],"curies":[{"name":"wp","href":"https:\/\/api.w.org\/{rel}","templated":true}]}}