{"id":70013,"date":"2013-03-26T21:36:57","date_gmt":"2013-03-26T20:36:57","guid":{"rendered":"http:\/\/www.visit-ulcinj.com\/blog\/?p=70013"},"modified":"2013-03-26T21:36:57","modified_gmt":"2013-03-26T20:36:57","slug":"shtyhet-mbledhja-e-kuvendit-te-ulqinit","status":"publish","type":"post","link":"https:\/\/www.visit-ulcinj.com\/blog\/2013\/03\/26\/shtyhet-mbledhja-e-kuvendit-te-ulqinit\/","title":{"rendered":"Shtyhet mbledhja e Kuvendit t\u00eb Ulqinit"},"content":{"rendered":"<p><a href=\"http:\/\/www.visit-ulcinj.com\/blog\/wp-content\/uploads\/2013\/03\/Milazim-Mustafa.jpg\"><img loading=\"lazy\" class=\"alignleft  wp-image-70014\" alt=\"Milazim Mustafa\" src=\"http:\/\/www.visit-ulcinj.com\/blog\/wp-content\/uploads\/2013\/03\/Milazim-Mustafa.jpg\" width=\"321\" height=\"300\" \/><\/a>Kuvendi Komunal i Ulqinit ka shty mbledhjen e par\u00eb t\u00eb seanc\u00ebs s\u00eb par\u00eb t\u00eb rregullt q\u00eb duhej t\u00eb mahej sot.\u00a0 Kryetari i parlamentit vendor t\u00eb Ulqinit,\u00a0 Milazim Mustafa,\u00a0 na b\u00ebri medie se mbledhja \u00ebsht\u00eb shtyr\u00eb p\u00ebr nj\u00eb dit\u00eb tjet\u00ebr me k\u00ebrkes\u00eb\u00a0 t\u00eb klubit t\u00eb k\u00ebshilltar\u00ebve t\u00eb PDS t\u00eb cilin e kan\u00eb mb\u00ebshtetur edhe klubet e tjera t\u00eb K\u00ebshilltar\u00ebve q\u00eb participojn\u00eb n\u00eb Kuvend.<\/p>\n<p>PDS na tha Mustafa ka b\u00ebr\u00eb k\u00ebrkes\u00eb lidhur me at\u00eb q\u00eb jan\u00eb t\u00eb angazhuar n\u00eb fushat\u00ebn zgjedhore presidenciale n\u00eb t\u00eb cil\u00ebn garon n\u00ebnkryetari i k\u00ebsaj partie , e presidenti aktual ,Filip Vujanoviq. Parlamenti vendori i Ulqinit do t\u00eb mbahet menj\u00ebher\u00eb pas p\u00ebrfundimit t\u00eb zgjedhjeve presidenciale t\u00eb caktuara p\u00ebr me 7 prill.<\/p>\n<p><strong>TVCG<\/strong><\/p>\n","protected":false},"excerpt":{"rendered":"<p>Kuvendi Komunal i Ulqinit ka shty mbledhjen e par\u00eb t\u00eb seanc\u00ebs s\u00eb par\u00eb t\u00eb rregullt q\u00eb duhej t\u00eb mahej sot.\u00a0 Kryetari i parlamentit vendor t\u00eb Ulqinit,\u00a0 Milazim Mustafa,\u00a0 na b\u00ebri medie se mbledhja \u00ebsht\u00eb shtyr\u00eb p\u00ebr nj\u00eb dit\u00eb tjet\u00ebr me k\u00ebrkes\u00eb\u00a0 t\u00eb klubit t\u00eb k\u00ebshilltar\u00ebve t\u00eb PDS t\u00eb cilin e kan\u00eb mb\u00ebshtetur edhe klubet e [&hellip;]<\/p>\n","protected":false},"author":1,"featured_media":0,"comment_status":"open","ping_status":"closed","sticky":false,"template":"","format":"standard","meta":{"spay_email":"","jetpack_publicize_message":"","jetpack_is_tweetstorm":false,"jetpack_publicize_feature_enabled":true},"categories":[6950],"tags":[21951,119,16003,200,18],"jetpack_publicize_connections":[],"yoast_head":"<!-- This site is optimized with the Yoast SEO plugin v19.1 - https:\/\/yoast.com\/wordpress\/plugins\/seo\/ -->\n<title>Shtyhet mbledhja e Kuvendit t\u00eb Ulqinit - Lajme nga Ulqini<\/title>\n<meta name=\"description\" content=\"Kuvendi Komunal i Ulqinit ka shty mbledhjen e par\u00eb t\u00eb seanc\u00ebs s\u00eb par\u00eb t\u00eb rregullt q\u00eb duhej t\u00eb mahej sot.\u00a0 Kryetari i parlamentit vendor t\u00eb Ulqinit,\u00a0\" \/>\n<meta name=\"robots\" content=\"index, follow, max-snippet:-1, max-image-preview:large, max-video-preview:-1\" \/>\n<link rel=\"canonical\" href=\"https:\/\/www.visit-ulcinj.com\/blog\/2013\/03\/26\/shtyhet-mbledhja-e-kuvendit-te-ulqinit\/\" \/>\n<meta property=\"og:locale\" content=\"en_US\" \/>\n<meta property=\"og:type\" content=\"article\" \/>\n<meta property=\"og:title\" content=\"Shtyhet mbledhja e Kuvendit t\u00eb Ulqinit - Lajme nga Ulqini\" \/>\n<meta property=\"og:description\" content=\"Kuvendi Komunal i Ulqinit ka shty mbledhjen e par\u00eb t\u00eb seanc\u00ebs s\u00eb par\u00eb t\u00eb rregullt q\u00eb duhej t\u00eb mahej sot.\u00a0 Kryetari i parlamentit vendor t\u00eb Ulqinit,\u00a0\" \/>\n<meta property=\"og:url\" content=\"https:\/\/www.visit-ulcinj.com\/blog\/2013\/03\/26\/shtyhet-mbledhja-e-kuvendit-te-ulqinit\/\" \/>\n<meta property=\"og:site_name\" content=\"Lajme nga Ulqini\" \/>\n<meta property=\"article:published_time\" content=\"2013-03-26T20:36:57+00:00\" \/>\n<meta property=\"og:image\" content=\"http:\/\/www.visit-ulcinj.com\/blog\/wp-content\/uploads\/2013\/03\/Milazim-Mustafa.jpg\" \/>\n<meta name=\"twitter:label1\" content=\"Written by\" \/>\n\t<meta name=\"twitter:data1\" content=\"ulqini\" \/>\n\t<meta name=\"twitter:label2\" content=\"Est. reading time\" \/>\n\t<meta name=\"twitter:data2\" content=\"1 minute\" \/>\n<script type=\"application\/ld+json\" class=\"yoast-schema-graph\">{\"@context\":\"https:\/\/schema.org\",\"@graph\":[{\"@type\":\"WebSite\",\"@id\":\"https:\/\/www.visit-ulcinj.com\/blog\/#website\",\"url\":\"https:\/\/www.visit-ulcinj.com\/blog\/\",\"name\":\"Lajme nga Ulqini\",\"description\":\"Lajme,Vijesti,Ulqini,Ulqin,Crna Gora,Mali i Zi\",\"potentialAction\":[{\"@type\":\"SearchAction\",\"target\":{\"@type\":\"EntryPoint\",\"urlTemplate\":\"https:\/\/www.visit-ulcinj.com\/blog\/?s={search_term_string}\"},\"query-input\":\"required name=search_term_string\"}],\"inLanguage\":\"en-US\"},{\"@type\":\"ImageObject\",\"inLanguage\":\"en-US\",\"@id\":\"https:\/\/www.visit-ulcinj.com\/blog\/2013\/03\/26\/shtyhet-mbledhja-e-kuvendit-te-ulqinit\/#primaryimage\",\"url\":\"https:\/\/www.visit-ulcinj.com\/blog\/wp-content\/uploads\/2013\/03\/Milazim-Mustafa.jpg\",\"contentUrl\":\"https:\/\/www.visit-ulcinj.com\/blog\/wp-content\/uploads\/2013\/03\/Milazim-Mustafa.jpg\",\"width\":321,\"height\":331},{\"@type\":\"WebPage\",\"@id\":\"https:\/\/www.visit-ulcinj.com\/blog\/2013\/03\/26\/shtyhet-mbledhja-e-kuvendit-te-ulqinit\/#webpage\",\"url\":\"https:\/\/www.visit-ulcinj.com\/blog\/2013\/03\/26\/shtyhet-mbledhja-e-kuvendit-te-ulqinit\/\",\"name\":\"Shtyhet mbledhja e Kuvendit t\u00eb Ulqinit - Lajme nga Ulqini\",\"isPartOf\":{\"@id\":\"https:\/\/www.visit-ulcinj.com\/blog\/#website\"},\"primaryImageOfPage\":{\"@id\":\"https:\/\/www.visit-ulcinj.com\/blog\/2013\/03\/26\/shtyhet-mbledhja-e-kuvendit-te-ulqinit\/#primaryimage\"},\"datePublished\":\"2013-03-26T20:36:57+00:00\",\"dateModified\":\"2013-03-26T20:36:57+00:00\",\"author\":{\"@id\":\"https:\/\/www.visit-ulcinj.com\/blog\/#\/schema\/person\/dcab619c614d3038751c63bc2aadc06d\"},\"description\":\"Kuvendi Komunal i Ulqinit ka shty mbledhjen e par\u00eb t\u00eb seanc\u00ebs s\u00eb par\u00eb t\u00eb rregullt q\u00eb duhej t\u00eb mahej sot.\u00a0 Kryetari i parlamentit vendor t\u00eb Ulqinit,\u00a0\",\"breadcrumb\":{\"@id\":\"https:\/\/www.visit-ulcinj.com\/blog\/2013\/03\/26\/shtyhet-mbledhja-e-kuvendit-te-ulqinit\/#breadcrumb\"},\"inLanguage\":\"en-US\",\"potentialAction\":[{\"@type\":\"ReadAction\",\"target\":[\"https:\/\/www.visit-ulcinj.com\/blog\/2013\/03\/26\/shtyhet-mbledhja-e-kuvendit-te-ulqinit\/\"]}]},{\"@type\":\"BreadcrumbList\",\"@id\":\"https:\/\/www.visit-ulcinj.com\/blog\/2013\/03\/26\/shtyhet-mbledhja-e-kuvendit-te-ulqinit\/#breadcrumb\",\"itemListElement\":[{\"@type\":\"ListItem\",\"position\":1,\"name\":\"Shtyhet mbledhja e Kuvendit t\u00eb Ulqinit\"}]},{\"@type\":\"Person\",\"@id\":\"https:\/\/www.visit-ulcinj.com\/blog\/#\/schema\/person\/dcab619c614d3038751c63bc2aadc06d\",\"name\":\"ulqini\",\"sameAs\":[\"http:\/\/www.visit-ulcinj.com\"],\"url\":\"https:\/\/www.visit-ulcinj.com\/blog\/author\/admin\/\"}]}<\/script>\n<!-- \/ Yoast SEO plugin. -->","yoast_head_json":{"title":"Shtyhet mbledhja e Kuvendit t\u00eb Ulqinit - Lajme nga Ulqini","description":"Kuvendi Komunal i Ulqinit ka shty mbledhjen e par\u00eb t\u00eb seanc\u00ebs s\u00eb par\u00eb t\u00eb rregullt q\u00eb duhej t\u00eb mahej sot.\u00a0 Kryetari i parlamentit vendor t\u00eb Ulqinit,\u00a0","robots":{"index":"index","follow":"follow","max-snippet":"max-snippet:-1","max-image-preview":"max-image-preview:large","max-video-preview":"max-video-preview:-1"},"canonical":"https:\/\/www.visit-ulcinj.com\/blog\/2013\/03\/26\/shtyhet-mbledhja-e-kuvendit-te-ulqinit\/","og_locale":"en_US","og_type":"article","og_title":"Shtyhet mbledhja e Kuvendit t\u00eb Ulqinit - Lajme nga Ulqini","og_description":"Kuvendi Komunal i Ulqinit ka shty mbledhjen e par\u00eb t\u00eb seanc\u00ebs s\u00eb par\u00eb t\u00eb rregullt q\u00eb duhej t\u00eb mahej sot.\u00a0 Kryetari i parlamentit vendor t\u00eb Ulqinit,\u00a0","og_url":"https:\/\/www.visit-ulcinj.com\/blog\/2013\/03\/26\/shtyhet-mbledhja-e-kuvendit-te-ulqinit\/","og_site_name":"Lajme nga Ulqini","article_published_time":"2013-03-26T20:36:57+00:00","og_image":[{"url":"http:\/\/www.visit-ulcinj.com\/blog\/wp-content\/uploads\/2013\/03\/Milazim-Mustafa.jpg"}],"twitter_misc":{"Written by":"ulqini","Est. reading time":"1 minute"},"schema":{"@context":"https:\/\/schema.org","@graph":[{"@type":"WebSite","@id":"https:\/\/www.visit-ulcinj.com\/blog\/#website","url":"https:\/\/www.visit-ulcinj.com\/blog\/","name":"Lajme nga Ulqini","description":"Lajme,Vijesti,Ulqini,Ulqin,Crna Gora,Mali i Zi","potentialAction":[{"@type":"SearchAction","target":{"@type":"EntryPoint","urlTemplate":"https:\/\/www.visit-ulcinj.com\/blog\/?s={search_term_string}"},"query-input":"required name=search_term_string"}],"inLanguage":"en-US"},{"@type":"ImageObject","inLanguage":"en-US","@id":"https:\/\/www.visit-ulcinj.com\/blog\/2013\/03\/26\/shtyhet-mbledhja-e-kuvendit-te-ulqinit\/#primaryimage","url":"https:\/\/www.visit-ulcinj.com\/blog\/wp-content\/uploads\/2013\/03\/Milazim-Mustafa.jpg","contentUrl":"https:\/\/www.visit-ulcinj.com\/blog\/wp-content\/uploads\/2013\/03\/Milazim-Mustafa.jpg","width":321,"height":331},{"@type":"WebPage","@id":"https:\/\/www.visit-ulcinj.com\/blog\/2013\/03\/26\/shtyhet-mbledhja-e-kuvendit-te-ulqinit\/#webpage","url":"https:\/\/www.visit-ulcinj.com\/blog\/2013\/03\/26\/shtyhet-mbledhja-e-kuvendit-te-ulqinit\/","name":"Shtyhet mbledhja e Kuvendit t\u00eb Ulqinit - Lajme nga Ulqini","isPartOf":{"@id":"https:\/\/www.visit-ulcinj.com\/blog\/#website"},"primaryImageOfPage":{"@id":"https:\/\/www.visit-ulcinj.com\/blog\/2013\/03\/26\/shtyhet-mbledhja-e-kuvendit-te-ulqinit\/#primaryimage"},"datePublished":"2013-03-26T20:36:57+00:00","dateModified":"2013-03-26T20:36:57+00:00","author":{"@id":"https:\/\/www.visit-ulcinj.com\/blog\/#\/schema\/person\/dcab619c614d3038751c63bc2aadc06d"},"description":"Kuvendi Komunal i Ulqinit ka shty mbledhjen e par\u00eb t\u00eb seanc\u00ebs s\u00eb par\u00eb t\u00eb rregullt q\u00eb duhej t\u00eb mahej sot.\u00a0 Kryetari i parlamentit vendor t\u00eb Ulqinit,\u00a0","breadcrumb":{"@id":"https:\/\/www.visit-ulcinj.com\/blog\/2013\/03\/26\/shtyhet-mbledhja-e-kuvendit-te-ulqinit\/#breadcrumb"},"inLanguage":"en-US","potentialAction":[{"@type":"ReadAction","target":["https:\/\/www.visit-ulcinj.com\/blog\/2013\/03\/26\/shtyhet-mbledhja-e-kuvendit-te-ulqinit\/"]}]},{"@type":"BreadcrumbList","@id":"https:\/\/www.visit-ulcinj.com\/blog\/2013\/03\/26\/shtyhet-mbledhja-e-kuvendit-te-ulqinit\/#breadcrumb","itemListElement":[{"@type":"ListItem","position":1,"name":"Shtyhet mbledhja e Kuvendit t\u00eb Ulqinit"}]},{"@type":"Person","@id":"https:\/\/www.visit-ulcinj.com\/blog\/#\/schema\/person\/dcab619c614d3038751c63bc2aadc06d","name":"ulqini","sameAs":["http:\/\/www.visit-ulcinj.com"],"url":"https:\/\/www.visit-ulcinj.com\/blog\/author\/admin\/"}]}},"jetpack_featured_media_url":"","jetpack_sharing_enabled":true,"jetpack_shortlink":"https:\/\/wp.me\/pe6lTn-idf","_links":{"self":[{"href":"https:\/\/www.visit-ulcinj.com\/blog\/wp-json\/wp\/v2\/posts\/70013"}],"collection":[{"href":"https:\/\/www.visit-ulcinj.com\/blog\/wp-json\/wp\/v2\/posts"}],"about":[{"href":"https:\/\/www.visit-ulcinj.com\/blog\/wp-json\/wp\/v2\/types\/post"}],"author":[{"embeddable":true,"href":"https:\/\/www.visit-ulcinj.com\/blog\/wp-json\/wp\/v2\/users\/1"}],"replies":[{"embeddable":true,"href":"https:\/\/www.visit-ulcinj.com\/blog\/wp-json\/wp\/v2\/comments?post=70013"}],"version-history":[{"count":1,"href":"https:\/\/www.visit-ulcinj.com\/blog\/wp-json\/wp\/v2\/posts\/70013\/revisions"}],"predecessor-version":[{"id":70015,"href":"https:\/\/www.visit-ulcinj.com\/blog\/wp-json\/wp\/v2\/posts\/70013\/revisions\/70015"}],"wp:attachment":[{"href":"https:\/\/www.visit-ulcinj.com\/blog\/wp-json\/wp\/v2\/media?parent=70013"}],"wp:term":[{"taxonomy":"category","embeddable":true,"href":"https:\/\/www.visit-ulcinj.com\/blog\/wp-json\/wp\/v2\/categories?post=70013"},{"taxonomy":"post_tag","embeddable":true,"href":"https:\/\/www.visit-ulcinj.com\/blog\/wp-json\/wp\/v2\/tags?post=70013"}],"curies":[{"name":"wp","href":"https:\/\/api.w.org\/{rel}","templated":true}]}}