{"id":70018,"date":"2013-03-27T12:08:30","date_gmt":"2013-03-27T11:08:30","guid":{"rendered":"http:\/\/www.visit-ulcinj.com\/blog\/?p=70018"},"modified":"2013-03-27T13:16:48","modified_gmt":"2013-03-27T12:16:48","slug":"ngjarja-ne-dinoshe-studio-e-hapur-video","status":"publish","type":"post","link":"https:\/\/www.visit-ulcinj.com\/blog\/2013\/03\/27\/ngjarja-ne-dinoshe-studio-e-hapur-video\/","title":{"rendered":"Ngjarja n\u00eb Dinosh\u00eb &#8211;  Studio e Hapur &#8211; Video Tv Boin"},"content":{"rendered":"<p><strong><a href=\"http:\/\/www.visit-ulcinj.com\/blog\/wp-content\/uploads\/2013\/03\/kisha-ne-dinosh\u00eb.jpg\"><img loading=\"lazy\" class=\"alignleft  wp-image-70019\" alt=\"kisha ne dinosh\u00eb\" src=\"http:\/\/www.visit-ulcinj.com\/blog\/wp-content\/uploads\/2013\/03\/kisha-ne-dinosh\u00eb.jpg\" width=\"508\" height=\"360\" \/><\/a>P\u00ebrplasje mes shqiptar\u00ebsh n\u00eb Dinosh\u00eb p\u00ebr varreza<\/strong><\/p>\n<p>Dinosh\u00eb, Tuz, 22 mars\u00a0 \u2013\u00a0 Incidenti q\u00eb ndodhi muajin janar n\u00eb Dinosh\u00eb, pran Kish\u00ebs Katolike t\u00eb Sh\u00ebn Mhillit dhe varrezave q\u00eb ndodh\u00ebn aty, po vazhdon t\u00eb p\u00ebrshkall\u00ebzoj\u00eb. Ngjarja e re, situat\u00eb e zymt\u00eb, nisi nat\u00ebn n\u00eb mes 19 dhe 20 marsit, kur persona t\u00eb panjohur l\u00ebvruan tok\u00ebn jasht\u00eb varrezave t\u00eb rrethuara dhe k\u00ebshtu bllokuan qasjen te varrezat, raportoi Mal\u00ebsia. Kjo duket u b\u00eb nga po t\u00eb nj\u00ebjtit q\u00eb protestuan n\u00eb janar dhe po protestojn\u00eb nga dje pran varrezave.<\/p>\n<p>Nj\u00eb grup, vend\u00ebs t\u00eb Dinosh\u00ebs, t\u00eb besimit islam, protestuan dje dhe vazhdojn\u00eb dhe sot duke bllokuar rrug\u00ebn q\u00eb \u00e7on te hyrja e varrezave. Kjo, sipas tyre, me qellim p\u00ebr t\u00eb ndaluar familjen Lulgjuraj t\u00eb pranojn\u00eb ngush\u00ebllimet pran\u00eb varrezave, n\u00eb Kish\u00ebn e Sh\u00ebn Mhillit, q\u00eb kishte vdekur n\u00eb SHBA, me arsyetimin se familja Lulgjuraj aty nuk i ka varrezat familjare dhe se nuk jan\u00eb vend\u00ebs, prandaj dhe e kan\u00eb t\u00eb ndaluar t\u00eb pranojn\u00eb ngush\u00ebllimet aty.<\/p>\n<p>Arkivoli me trupin e t\u00eb ndjer\u00ebs Lulgjuraj nuk \u00ebsht\u00eb lejuar t\u00eb futet n\u00eb Kish\u00eb.<\/p>\n<p>Gjendja ishte mjaft e tensionuar dhe n\u00eb frik\u00eb q\u00eb situata mos t\u00eb dal\u00eb krejt\u00ebsisht kontrollit, kur banor\u00eb nga t\u00eb dy besimet nuk l\u00ebviznin, nj\u00ebra t\u00eb futej n\u00eb kish\u00eb me kufom\u00ebn, tjetra t\u00eb mos i lejoj\u00eb. Rreth mesnat\u00ebs policia p\u00ebrdori shkopinjt\u00eb p\u00ebr t\u00eb hapur rrug\u00ebn, e cila ishte e bllokuar q\u00eb dy dit\u00eb.<\/p>\n<p>Ishin rreth 20 veta, kryesisht t\u00eb rinj, t\u00eb cil\u00ebt nuk pranuan t\u00eb largohen edhe pas marr\u00ebveshjes e cila u arrit n\u00eb mes t\u00eb p\u00ebrfaq\u00ebsuesve t\u00eb Qeveris\u00eb, kryeqytetit dhe vend\u00ebsve q\u00eb po protestonin dhe familjar\u00ebve t\u00eb s\u00eb ndjer\u00ebs Lulgjuraj. Nd\u00ebrkoh\u00eb familjar\u00ebt Lulgjuraj kaluan n\u00eb drejtim t\u00eb varrezave dhe vendosen arkivolin brenda n\u00eb Kish\u00eb.<\/p>\n<p>Funksionari i UDSH-s\u00eb dhe ish-minist\u00ebr i pakicave, Hamdi Hasani, iu drejtua vendasve q\u00eb t\u00eb mos ngrijn\u00eb tensionet dhe t\u00eb tregojn\u00eb se shqiptar\u00ebt nuk ndahen n\u00eb baza fetare, ashtu si\u00e7 disa duan t\u00eb na shohin.<\/p>\n<p>Hasani m\u00eb her\u00ebt k\u00ebrkoi nga protestuesit t\u00eb largohen nga rruga dhe t\u00eb lejojn\u00eb q\u00eb familjar\u00ebt t\u00eb vendosin arkivolin me trupin e t\u00eb ndjer\u00ebs n\u00eb kapel\u00ebn e varrezave. Ai iu sqaroi vendasve se n\u00eb negociata \u00ebsht\u00eb propozuar q\u00eb t\u00eb premt\u00ebn t\u00eb lejohet pranimi i ngush\u00ebllimeve dhe kryerja funeralit, kurse t\u00eb h\u00ebn\u00ebn p\u00ebrfaq\u00ebsues t\u00eb Komun\u00ebs urbane t\u00eb Tuzit, bashk\u00ebsis\u00eb lokale dhe p\u00ebrfaq\u00ebsues t\u00eb Dinosh\u00ebs t\u00eb bisedojn\u00eb me administrues t\u00eb kryeqytetit p\u00ebr t\u00eb gjetur nj\u00eb zgjedhje n\u00eb lidhje me k\u00ebt\u00eb problem.\u00a0 Megjithat\u00eb deri me tani, protestuesit vendas nuk pranuan propozimin.<\/p>\n<p><strong>Koha Net<\/strong><\/p>\n<p><strong>Q\u00eb ta keni m\u00eb t\u00eb qart\u00eb se p\u00ebr \u00e7ka \u00ebsht\u00eb fjala, shikoni materialin e p\u00ebrgatitur nga TV Boin.<\/strong><\/p>\n<p><iframe loading=\"lazy\" src=\"http:\/\/www.youtube.com\/embed\/woOS7L-pFcw\" height=\"360\" width=\"508\" allowfullscreen=\"\" frameborder=\"0\"><\/iframe><\/p>\n","protected":false},"excerpt":{"rendered":"<p>P\u00ebrplasje mes shqiptar\u00ebsh n\u00eb Dinosh\u00eb p\u00ebr varreza Dinosh\u00eb, Tuz, 22 mars\u00a0 \u2013\u00a0 Incidenti q\u00eb ndodhi muajin janar n\u00eb Dinosh\u00eb, pran Kish\u00ebs Katolike t\u00eb Sh\u00ebn Mhillit dhe varrezave q\u00eb ndodh\u00ebn aty, po vazhdon t\u00eb p\u00ebrshkall\u00ebzoj\u00eb. Ngjarja e re, situat\u00eb e zymt\u00eb, nisi nat\u00ebn n\u00eb mes 19 dhe 20 marsit, kur persona t\u00eb panjohur l\u00ebvruan tok\u00ebn jasht\u00eb [&hellip;]<\/p>\n","protected":false},"author":1,"featured_media":0,"comment_status":"open","ping_status":"closed","sticky":false,"template":"","format":"standard","meta":{"spay_email":"","jetpack_publicize_message":"","jetpack_is_tweetstorm":false,"jetpack_publicize_feature_enabled":true},"categories":[14],"tags":[21952],"jetpack_publicize_connections":[],"yoast_head":"<!-- This site is optimized with the Yoast SEO plugin v19.1 - https:\/\/yoast.com\/wordpress\/plugins\/seo\/ -->\n<title>Ngjarja n\u00eb Dinosh\u00eb - Studio e Hapur - Video Tv Boin - Lajme nga Ulqini<\/title>\n<meta name=\"description\" content=\"P\u00ebrplasje mes shqiptar\u00ebsh n\u00eb Dinosh\u00eb p\u00ebr varreza Dinosh\u00eb, Tuz, 22 mars\u00a0 \u2013\u00a0 Incidenti q\u00eb ndodhi muajin janar n\u00eb Dinosh\u00eb, pran Kish\u00ebs Katolike t\u00eb Sh\u00ebn\" \/>\n<meta name=\"robots\" content=\"index, follow, max-snippet:-1, max-image-preview:large, max-video-preview:-1\" \/>\n<link rel=\"canonical\" href=\"https:\/\/www.visit-ulcinj.com\/blog\/2013\/03\/27\/ngjarja-ne-dinoshe-studio-e-hapur-video\/\" \/>\n<meta property=\"og:locale\" content=\"en_US\" \/>\n<meta property=\"og:type\" content=\"article\" \/>\n<meta property=\"og:title\" content=\"Ngjarja n\u00eb Dinosh\u00eb - Studio e Hapur - Video Tv Boin - Lajme nga Ulqini\" \/>\n<meta property=\"og:description\" content=\"P\u00ebrplasje mes shqiptar\u00ebsh n\u00eb Dinosh\u00eb p\u00ebr varreza Dinosh\u00eb, Tuz, 22 mars\u00a0 \u2013\u00a0 Incidenti q\u00eb ndodhi muajin janar n\u00eb Dinosh\u00eb, pran Kish\u00ebs Katolike t\u00eb Sh\u00ebn\" \/>\n<meta property=\"og:url\" content=\"https:\/\/www.visit-ulcinj.com\/blog\/2013\/03\/27\/ngjarja-ne-dinoshe-studio-e-hapur-video\/\" \/>\n<meta property=\"og:site_name\" content=\"Lajme nga Ulqini\" \/>\n<meta property=\"article:published_time\" content=\"2013-03-27T11:08:30+00:00\" \/>\n<meta property=\"article:modified_time\" content=\"2013-03-27T12:16:48+00:00\" \/>\n<meta name=\"twitter:label1\" content=\"Written by\" \/>\n\t<meta name=\"twitter:data1\" content=\"ulqini\" \/>\n\t<meta name=\"twitter:label2\" content=\"Est. reading time\" \/>\n\t<meta name=\"twitter:data2\" content=\"2 minutes\" \/>\n<script type=\"application\/ld+json\" class=\"yoast-schema-graph\">{\"@context\":\"https:\/\/schema.org\",\"@graph\":[{\"@type\":\"WebSite\",\"@id\":\"https:\/\/www.visit-ulcinj.com\/blog\/#website\",\"url\":\"https:\/\/www.visit-ulcinj.com\/blog\/\",\"name\":\"Lajme nga Ulqini\",\"description\":\"Lajme,Vijesti,Ulqini,Ulqin,Crna Gora,Mali i Zi\",\"potentialAction\":[{\"@type\":\"SearchAction\",\"target\":{\"@type\":\"EntryPoint\",\"urlTemplate\":\"https:\/\/www.visit-ulcinj.com\/blog\/?s={search_term_string}\"},\"query-input\":\"required name=search_term_string\"}],\"inLanguage\":\"en-US\"},{\"@type\":\"WebPage\",\"@id\":\"https:\/\/www.visit-ulcinj.com\/blog\/2013\/03\/27\/ngjarja-ne-dinoshe-studio-e-hapur-video\/#webpage\",\"url\":\"https:\/\/www.visit-ulcinj.com\/blog\/2013\/03\/27\/ngjarja-ne-dinoshe-studio-e-hapur-video\/\",\"name\":\"Ngjarja n\u00eb Dinosh\u00eb - Studio e Hapur - Video Tv Boin - Lajme nga Ulqini\",\"isPartOf\":{\"@id\":\"https:\/\/www.visit-ulcinj.com\/blog\/#website\"},\"datePublished\":\"2013-03-27T11:08:30+00:00\",\"dateModified\":\"2013-03-27T12:16:48+00:00\",\"author\":{\"@id\":\"https:\/\/www.visit-ulcinj.com\/blog\/#\/schema\/person\/dcab619c614d3038751c63bc2aadc06d\"},\"description\":\"P\u00ebrplasje mes shqiptar\u00ebsh n\u00eb Dinosh\u00eb p\u00ebr varreza Dinosh\u00eb, Tuz, 22 mars\u00a0 \u2013\u00a0 Incidenti q\u00eb ndodhi muajin janar n\u00eb Dinosh\u00eb, pran Kish\u00ebs Katolike t\u00eb Sh\u00ebn\",\"breadcrumb\":{\"@id\":\"https:\/\/www.visit-ulcinj.com\/blog\/2013\/03\/27\/ngjarja-ne-dinoshe-studio-e-hapur-video\/#breadcrumb\"},\"inLanguage\":\"en-US\",\"potentialAction\":[{\"@type\":\"ReadAction\",\"target\":[\"https:\/\/www.visit-ulcinj.com\/blog\/2013\/03\/27\/ngjarja-ne-dinoshe-studio-e-hapur-video\/\"]}]},{\"@type\":\"BreadcrumbList\",\"@id\":\"https:\/\/www.visit-ulcinj.com\/blog\/2013\/03\/27\/ngjarja-ne-dinoshe-studio-e-hapur-video\/#breadcrumb\",\"itemListElement\":[{\"@type\":\"ListItem\",\"position\":1,\"name\":\"Ngjarja n\u00eb Dinosh\u00eb &#8211; Studio e Hapur &#8211; Video Tv Boin\"}]},{\"@type\":\"Person\",\"@id\":\"https:\/\/www.visit-ulcinj.com\/blog\/#\/schema\/person\/dcab619c614d3038751c63bc2aadc06d\",\"name\":\"ulqini\",\"sameAs\":[\"http:\/\/www.visit-ulcinj.com\"],\"url\":\"https:\/\/www.visit-ulcinj.com\/blog\/author\/admin\/\"}]}<\/script>\n<!-- \/ Yoast SEO plugin. -->","yoast_head_json":{"title":"Ngjarja n\u00eb Dinosh\u00eb - Studio e Hapur - Video Tv Boin - Lajme nga Ulqini","description":"P\u00ebrplasje mes shqiptar\u00ebsh n\u00eb Dinosh\u00eb p\u00ebr varreza Dinosh\u00eb, Tuz, 22 mars\u00a0 \u2013\u00a0 Incidenti q\u00eb ndodhi muajin janar n\u00eb Dinosh\u00eb, pran Kish\u00ebs Katolike t\u00eb Sh\u00ebn","robots":{"index":"index","follow":"follow","max-snippet":"max-snippet:-1","max-image-preview":"max-image-preview:large","max-video-preview":"max-video-preview:-1"},"canonical":"https:\/\/www.visit-ulcinj.com\/blog\/2013\/03\/27\/ngjarja-ne-dinoshe-studio-e-hapur-video\/","og_locale":"en_US","og_type":"article","og_title":"Ngjarja n\u00eb Dinosh\u00eb - Studio e Hapur - Video Tv Boin - Lajme nga Ulqini","og_description":"P\u00ebrplasje mes shqiptar\u00ebsh n\u00eb Dinosh\u00eb p\u00ebr varreza Dinosh\u00eb, Tuz, 22 mars\u00a0 \u2013\u00a0 Incidenti q\u00eb ndodhi muajin janar n\u00eb Dinosh\u00eb, pran Kish\u00ebs Katolike t\u00eb Sh\u00ebn","og_url":"https:\/\/www.visit-ulcinj.com\/blog\/2013\/03\/27\/ngjarja-ne-dinoshe-studio-e-hapur-video\/","og_site_name":"Lajme nga Ulqini","article_published_time":"2013-03-27T11:08:30+00:00","article_modified_time":"2013-03-27T12:16:48+00:00","twitter_misc":{"Written by":"ulqini","Est. reading time":"2 minutes"},"schema":{"@context":"https:\/\/schema.org","@graph":[{"@type":"WebSite","@id":"https:\/\/www.visit-ulcinj.com\/blog\/#website","url":"https:\/\/www.visit-ulcinj.com\/blog\/","name":"Lajme nga Ulqini","description":"Lajme,Vijesti,Ulqini,Ulqin,Crna Gora,Mali i Zi","potentialAction":[{"@type":"SearchAction","target":{"@type":"EntryPoint","urlTemplate":"https:\/\/www.visit-ulcinj.com\/blog\/?s={search_term_string}"},"query-input":"required name=search_term_string"}],"inLanguage":"en-US"},{"@type":"WebPage","@id":"https:\/\/www.visit-ulcinj.com\/blog\/2013\/03\/27\/ngjarja-ne-dinoshe-studio-e-hapur-video\/#webpage","url":"https:\/\/www.visit-ulcinj.com\/blog\/2013\/03\/27\/ngjarja-ne-dinoshe-studio-e-hapur-video\/","name":"Ngjarja n\u00eb Dinosh\u00eb - Studio e Hapur - Video Tv Boin - Lajme nga Ulqini","isPartOf":{"@id":"https:\/\/www.visit-ulcinj.com\/blog\/#website"},"datePublished":"2013-03-27T11:08:30+00:00","dateModified":"2013-03-27T12:16:48+00:00","author":{"@id":"https:\/\/www.visit-ulcinj.com\/blog\/#\/schema\/person\/dcab619c614d3038751c63bc2aadc06d"},"description":"P\u00ebrplasje mes shqiptar\u00ebsh n\u00eb Dinosh\u00eb p\u00ebr varreza Dinosh\u00eb, Tuz, 22 mars\u00a0 \u2013\u00a0 Incidenti q\u00eb ndodhi muajin janar n\u00eb Dinosh\u00eb, pran Kish\u00ebs Katolike t\u00eb Sh\u00ebn","breadcrumb":{"@id":"https:\/\/www.visit-ulcinj.com\/blog\/2013\/03\/27\/ngjarja-ne-dinoshe-studio-e-hapur-video\/#breadcrumb"},"inLanguage":"en-US","potentialAction":[{"@type":"ReadAction","target":["https:\/\/www.visit-ulcinj.com\/blog\/2013\/03\/27\/ngjarja-ne-dinoshe-studio-e-hapur-video\/"]}]},{"@type":"BreadcrumbList","@id":"https:\/\/www.visit-ulcinj.com\/blog\/2013\/03\/27\/ngjarja-ne-dinoshe-studio-e-hapur-video\/#breadcrumb","itemListElement":[{"@type":"ListItem","position":1,"name":"Ngjarja n\u00eb Dinosh\u00eb &#8211; Studio e Hapur &#8211; Video Tv Boin"}]},{"@type":"Person","@id":"https:\/\/www.visit-ulcinj.com\/blog\/#\/schema\/person\/dcab619c614d3038751c63bc2aadc06d","name":"ulqini","sameAs":["http:\/\/www.visit-ulcinj.com"],"url":"https:\/\/www.visit-ulcinj.com\/blog\/author\/admin\/"}]}},"jetpack_featured_media_url":"","jetpack_sharing_enabled":true,"jetpack_shortlink":"https:\/\/wp.me\/pe6lTn-idk","_links":{"self":[{"href":"https:\/\/www.visit-ulcinj.com\/blog\/wp-json\/wp\/v2\/posts\/70018"}],"collection":[{"href":"https:\/\/www.visit-ulcinj.com\/blog\/wp-json\/wp\/v2\/posts"}],"about":[{"href":"https:\/\/www.visit-ulcinj.com\/blog\/wp-json\/wp\/v2\/types\/post"}],"author":[{"embeddable":true,"href":"https:\/\/www.visit-ulcinj.com\/blog\/wp-json\/wp\/v2\/users\/1"}],"replies":[{"embeddable":true,"href":"https:\/\/www.visit-ulcinj.com\/blog\/wp-json\/wp\/v2\/comments?post=70018"}],"version-history":[{"count":3,"href":"https:\/\/www.visit-ulcinj.com\/blog\/wp-json\/wp\/v2\/posts\/70018\/revisions"}],"predecessor-version":[{"id":70033,"href":"https:\/\/www.visit-ulcinj.com\/blog\/wp-json\/wp\/v2\/posts\/70018\/revisions\/70033"}],"wp:attachment":[{"href":"https:\/\/www.visit-ulcinj.com\/blog\/wp-json\/wp\/v2\/media?parent=70018"}],"wp:term":[{"taxonomy":"category","embeddable":true,"href":"https:\/\/www.visit-ulcinj.com\/blog\/wp-json\/wp\/v2\/categories?post=70018"},{"taxonomy":"post_tag","embeddable":true,"href":"https:\/\/www.visit-ulcinj.com\/blog\/wp-json\/wp\/v2\/tags?post=70018"}],"curies":[{"name":"wp","href":"https:\/\/api.w.org\/{rel}","templated":true}]}}