{"id":70023,"date":"2013-03-27T12:44:42","date_gmt":"2013-03-27T11:44:42","guid":{"rendered":"http:\/\/www.visit-ulcinj.com\/blog\/?p=70023"},"modified":"2013-03-27T12:44:42","modified_gmt":"2013-03-27T11:44:42","slug":"interviste-me-adrian-lulgjuraj-video-tv-boin","status":"publish","type":"post","link":"https:\/\/www.visit-ulcinj.com\/blog\/2013\/03\/27\/interviste-me-adrian-lulgjuraj-video-tv-boin\/","title":{"rendered":"Intervist\u00eb me Adrian Lulgjuraj &#8211; Video Tv Boin"},"content":{"rendered":"<p><span style=\"color: #000000;\"><strong><a href=\"http:\/\/www.visit-ulcinj.com\/blog\/wp-content\/uploads\/2013\/03\/Intervist\u00eb-me-Adrian-Lulgjuraj.jpg\"><img loading=\"lazy\" class=\"alignleft  wp-image-70024\" alt=\"Intervist\u00eb me Adrian Lulgjuraj\" src=\"http:\/\/www.visit-ulcinj.com\/blog\/wp-content\/uploads\/2013\/03\/Intervist\u00eb-me-Adrian-Lulgjuraj.jpg\" width=\"508\" height=\"360\" \/><\/a>Intervist\u00eb Ekskluzive: Parashikimet p\u00ebr Eurovizion jan\u00eb relative<\/strong><\/span><\/p>\n<p><span style=\"color: #000000;\"><b>Intervist\u00eb ekskluzive p\u00ebr \u201cZhurnal Plus\u201d me k\u00ebng\u00ebtarin Adrian Lulgjuraj<\/b><\/span><\/p>\n<p>K\u00ebnga \u201cIdentitet\u201d nga Adrian Lulgjuraj dhe Bledar Seiko ka dal\u00eb fituese e edicionit t\u00eb 51-t\u00eb t\u00eb Festivalit t\u00eb K\u00ebng\u00ebs n\u00eb RTSH. K\u00ebng\u00ebtari ulqinak dhe kitaristi i famsh\u00ebm shqiptar kan\u00eb triumfuar n\u00eb nat\u00ebn finale t\u00eb festivalit dhe n\u00eb k\u00ebt\u00eb m\u00ebnyr\u00eb kan\u00eb fituar t\u00eb drejt\u00ebn ta prezantojn\u00eb Shqip\u00ebrin\u00eb n\u00eb Festivalin e ardhsh\u00ebm Evropian, i cili do t\u00eb mbahet m\u00eb 14, 16 dhe 18 maj t\u00eb k\u00ebtij viti n\u00eb Malme t\u00eb Suedis\u00eb.Adrian Lulgjuraj t\u00eb shtun\u00ebn k\u00ebndoi p\u00ebr her\u00eb t\u00eb par\u00eb n\u00eb Tetov\u00eb n\u00eb hapjen solemne t\u00eb\u00a0 marketit \u201cPrince 2\u201d dhe me nd\u00ebrmjet\u00ebsimin e Produksionit Muzikor \u2018DEA\u201d arrit\u00ebm ta b\u00ebjm\u00eb nj\u00eb bised\u00eb ekskluzive p\u00ebr \u201cZhurnal Plus\u201d<br \/>\n<span style=\"color: #ff0000;\"><br \/>\n<\/span><b><span style=\"color: #ff0000;\"><span style=\"color: #000000;\">\u201cZhurnal plus\u201d: Si shkojn\u00eb p\u00ebrgatitjet p\u00ebr Eurovizionin 2013?<\/span><\/p>\n<p><\/span>Adrian Lulgjuraj:<\/b> Sa u p\u00ebrket p\u00ebrgatitjeve, n\u00eb fakt gjysma e pun\u00ebs \u00ebsht\u00eb p\u00ebrfunduar, p\u00ebr t\u00eb mos th\u00ebn\u00eb m\u00eb shum\u00eb se gjysma. K\u00ebnga \u00ebsht\u00eb regjistruar n\u00eb Suedi, aty ku edhe e kishim n\u00eb plan. Doli shum\u00eb mir\u00eb.Tani jemi n\u00eb faz\u00ebn p\u00ebrfundimtare t\u00eb incizimit t\u00eb videoklipit. Faza e par\u00eb p\u00ebrfundoi para nj\u00eb jave. K\u00ebto dit\u00eb do b\u00ebhet edhe pjesa e dyt\u00eb dhe pastaj do b\u00ebhet montimi dhe shum\u00eb shpejt do plasohet videoklipi me gjith\u00eb k\u00ebng\u00ebn.<br \/>\n<b><br \/>\n<span style=\"color: #000000;\">\u201cZhurnal plus\u201d: Do plasohet n\u00eb faqen zyrtare t\u00eb Euroizionit?<\/span><\/p>\n<p>Adrian Lulgjuraj:<\/b> Do plasohet n\u00ebp\u00ebr televizionet e ndryshme lokale, regjionale, komb\u00ebtare , ballkanike etj. dhe n\u00eb faqen zyrtare t\u00eb Eurovizionit. Sigurisht e presin me interesim, sepse kemi paralajm\u00ebruar p\u00ebr disa ndryshime.Tema ka mbetur e nj\u00ebjt\u00eb, mir\u00ebpo ka disa nd\u00ebrrime n\u00eb aranzhman, k\u00ebnga \u00ebsht\u00eb shkurtuar, duke e pasur parasysh se ajo n\u00eb festival ka qen\u00eb 4 minuta e dhjet\u00eb sekonda, tani \u00ebsht\u00eb diku fiks 3 minuta.<br \/>\n<b><br \/>\n<span style=\"color: #ff0000;\"><span style=\"color: #000000;\">\u201cZhurnal plus\u201d: Do k\u00ebndohet edhe n\u00eb anglisht apo?<\/span><\/p>\n<p><\/span>Adrian Lulgjuraj: <\/b>Jo. Vet\u00eb fakti q\u00eb k\u00ebnga e ka titullin \u201cIdentitet\u201d , e kemi p\u00ebr detyr\u00eb q\u00eb ta k\u00ebndojm\u00eb vet\u00ebm n\u00eb shqip. Shpresoj q\u00eb t\u00eb na mir\u00ebkuptojn\u00eb dhe ta mir\u00ebpresin edhe fansat e Eurovizionit, q\u00eb mos ta keqkuptojn\u00eb pse nuk \u00ebsht\u00eb k\u00ebnduar n\u00eb anglisht, se \u00ebsht\u00eb nj\u00eb arsye dhe arsye e vetme \u00ebsht\u00eb se prezanton identitetin shqiptar dhe \u00ebsht\u00eb bukur t\u00eb prezantohet n\u00eb gjuh\u00ebn shqipe.<\/p>\n<p><b><span style=\"color: #ff0000;\"><span style=\"color: #000000;\">\u201cZhurnal plus\u201d: \u00c7far\u00eb parashikimesh keni p\u00ebr fatin e k\u00ebng\u00ebs? \u00c7far\u00eb plasimi mund t\u00eb ket\u00eb? \u00c7ka prisni ju? A do ket\u00eb ndikimin e tij edhe marketingu q\u00eb do t`i b\u00ebhet k\u00ebng\u00ebs?<\/span><\/p>\n<p><\/span>Adrian Lulgjuraj: <\/b>Sigursht q\u00eb edhe gjith\u00eb ky marketing q\u00eb pritet t\u00eb b\u00ebhet, pastaj lobimi nga ekipi shqiptar i Eurovizionit duhet t\u00eb ket\u00eb ndikimin e tij. Parashikimet jan\u00eb relative. Ndjek reagimet e njer\u00ebzve n\u00eb Youtube, ka njer\u00ebz q\u00eb e p\u00eblqejn\u00eb, ka t\u00eb tjer\u00eb q\u00eb e kritikojn\u00eb. Jan\u00eb shum\u00eb relative k\u00ebto mendime. Lexova edhe para disa dit\u00ebve p\u00ebr sondazhet q\u00eb b\u00ebhen dhe ku Shqip\u00ebria renditej e fundit ose e parafundit, t\u00eb cil\u00ebn nuk e marr\u00eb p\u00ebr baz\u00eb sepse si mundet q\u00eb k\u00ebnga e p\u00ebrfaq\u00ebsuesit t\u00eb Serbis\u00eb t\u00eb jet\u00eb e gjashta, kur ajo ende nuk \u00ebsht\u00eb publikuar. Nuk pres shum\u00eb nga k\u00ebto komente, po nga performanca q\u00eb do b\u00ebjm\u00eb n\u00eb gjysm\u00ebfinale. Nga ajo varet a do t\u00eb kalojm\u00eb n\u00eb finale. N\u00ebse kalojm\u00eb n\u00eb finale, q\u00eb shpresoj shum\u00eb t\u00eb ndodh, at\u00ebher\u00eb jam i bindur se kjo k\u00ebng\u00eb do jet\u00eb nj\u00ebra nga k\u00ebng\u00ebt favorite, sepse \u00ebsht\u00eb nj\u00eb k\u00ebng\u00eb shum\u00eb energjike dhe do ta p\u00eblqejn\u00eb njer\u00ebzit.<\/p>\n<p><b><span style=\"color: #000000;\">\u201cZhurnal plus\u201d: Zakonisht prezantimet b\u00ebhen n\u00eb fillim t\u00eb bised\u00ebs, po k\u00ebsaj radhe po jua k\u00ebrkojm\u00eb n\u00eb fund t\u00eb saj. Duam nj\u00eb portret tuajin drejtp\u00ebrdrejt nga ju!<\/span><\/p>\n<p>Adrian Lulgjuraj:<\/b>\u00a0 Jam Adriani dhe vij nga qyteti i Ulqinit. Studimet p\u00ebr p\u00ebr Jurispudenc\u00eb i kam mbaruar para 6-7 vitesh n\u00eb Prishtin\u00eb. Pasi u pun\u00ebsova n\u00eb Gjykat\u00ebn e Ulqinit si jurist fillova q\u00eb t\u00eb merresha edhe me muzik\u00eb.Pra,kam filluar shum\u00eb von\u00eb t\u00eb merrem me muzik\u00eb. Un\u00eb muzik\u00ebn e mora si hobi, si nj\u00eb pjes\u00eb ku un\u00eb t\u00eb mbush veten dhe d\u00ebshir\u00ebn p\u00ebr t\u00eb k\u00ebnduar.Pastaj,me kalimin e koh\u00ebs kjo d\u00ebshir\u00eb u shtua, sepse filluan t\u00eb m\u00eb\u00a0 k\u00ebrkonin n\u00ebp\u00ebr klube t\u00eb ndryshme t\u00eb nat\u00ebs dhe un\u00eb isha vet\u00ebm si k\u00ebng\u00ebtar klubesh. Nd\u00ebrkoh\u00eb,kur publikova k\u00ebng\u00ebt e mia n\u00eb Top Fest dhe kur n\u00eb \u201cTop Fest 9\u201d mora edhe \u00c7mimin \u201cBest Male\u201d, ndikoi definitivisht tek un\u00eb q\u00eb t\u00eb nd\u00ebrmarr\u00eb ndonj\u00eb hap m\u00eb shum\u00eb n\u00eb karrier\u00ebn time muzikore. Kur Bledar Sejko, t\u00eb cilin e kam edhe shok, m\u00eb ofroi q\u00eb t\u00eb b\u00ebjm\u00eb nj\u00eb duet,pa e d\u00ebgjuar k\u00ebng\u00ebn un\u00eb e pranova ftes\u00ebn, nd\u00ebrkoh\u00eb q\u00eb kur e d\u00ebgjova u binda m\u00eb shum\u00eb q\u00eb nuk kisha gabuar\u00a0 dhe ajo doli\u00a0 shum\u00eb m\u00eb mir\u00eb se sa \u00e7`e prisnim. Fituam Festivalin 51- t\u00eb t\u00eb K\u00ebng\u00ebs n\u00eb RTSH, q\u00eb as nuk e prisja, mir\u00ebpo nganj\u00ebhher\u00eb kur pret pak edhe fiton shum\u00eb.Tani jan\u00eb p\u00ebrgatitjet e Eurovizionit. Shpresojm\u00eb q\u00eb t`i p\u00ebrfaq\u00ebsojm\u00eb sa m\u00eb denj\u00ebsisht shqiptar\u00ebt.<\/p>\n<p><span style=\"color: #000000;\"><strong>(Intervistoi: E. Neziri)<\/strong><\/span><br \/>\n<span style=\"color: #000000;\"><strong>Zhurnal Plus<\/strong><\/span><i><b><br \/>\n<\/b><\/i><\/p>\n<p><iframe loading=\"lazy\" width=\"508\" height=\"360\" src=\"http:\/\/www.youtube.com\/embed\/v7G-2qDElCI\" frameborder=\"0\" allowfullscreen><\/iframe><\/p>\n","protected":false},"excerpt":{"rendered":"<p>Intervist\u00eb Ekskluzive: Parashikimet p\u00ebr Eurovizion jan\u00eb relative Intervist\u00eb ekskluzive p\u00ebr \u201cZhurnal Plus\u201d me k\u00ebng\u00ebtarin Adrian Lulgjuraj K\u00ebnga \u201cIdentitet\u201d nga Adrian Lulgjuraj dhe Bledar Seiko ka dal\u00eb fituese e edicionit t\u00eb 51-t\u00eb t\u00eb Festivalit t\u00eb K\u00ebng\u00ebs n\u00eb RTSH. K\u00ebng\u00ebtari ulqinak dhe kitaristi i famsh\u00ebm shqiptar kan\u00eb triumfuar n\u00eb nat\u00ebn finale t\u00eb festivalit dhe n\u00eb k\u00ebt\u00eb m\u00ebnyr\u00eb [&hellip;]<\/p>\n","protected":false},"author":1,"featured_media":0,"comment_status":"open","ping_status":"closed","sticky":false,"template":"","format":"standard","meta":{"spay_email":"","jetpack_publicize_message":"","jetpack_is_tweetstorm":false,"jetpack_publicize_feature_enabled":true},"categories":[5],"tags":[17977],"jetpack_publicize_connections":[],"yoast_head":"<!-- This site is optimized with the Yoast SEO plugin v19.1 - https:\/\/yoast.com\/wordpress\/plugins\/seo\/ -->\n<title>Intervist\u00eb me Adrian Lulgjuraj - Video Tv Boin - Lajme nga Ulqini<\/title>\n<meta name=\"description\" content=\"Intervist\u00eb Ekskluzive: Parashikimet p\u00ebr Eurovizion jan\u00eb relative Intervist\u00eb ekskluzive p\u00ebr \u201cZhurnal Plus\u201d me k\u00ebng\u00ebtarin Adrian Lulgjuraj K\u00ebnga \u201cIdentitet\u201d\" \/>\n<meta name=\"robots\" content=\"index, follow, max-snippet:-1, max-image-preview:large, max-video-preview:-1\" \/>\n<link rel=\"canonical\" href=\"https:\/\/www.visit-ulcinj.com\/blog\/2013\/03\/27\/interviste-me-adrian-lulgjuraj-video-tv-boin\/\" \/>\n<meta property=\"og:locale\" content=\"en_US\" \/>\n<meta property=\"og:type\" content=\"article\" \/>\n<meta property=\"og:title\" content=\"Intervist\u00eb me Adrian Lulgjuraj - Video Tv Boin - Lajme nga Ulqini\" \/>\n<meta property=\"og:description\" content=\"Intervist\u00eb Ekskluzive: Parashikimet p\u00ebr Eurovizion jan\u00eb relative Intervist\u00eb ekskluzive p\u00ebr \u201cZhurnal Plus\u201d me k\u00ebng\u00ebtarin Adrian Lulgjuraj K\u00ebnga \u201cIdentitet\u201d\" \/>\n<meta property=\"og:url\" content=\"https:\/\/www.visit-ulcinj.com\/blog\/2013\/03\/27\/interviste-me-adrian-lulgjuraj-video-tv-boin\/\" \/>\n<meta property=\"og:site_name\" content=\"Lajme nga Ulqini\" \/>\n<meta property=\"article:published_time\" content=\"2013-03-27T11:44:42+00:00\" \/>\n<meta name=\"twitter:label1\" content=\"Written by\" \/>\n\t<meta name=\"twitter:data1\" content=\"ulqini\" \/>\n\t<meta name=\"twitter:label2\" content=\"Est. reading time\" \/>\n\t<meta name=\"twitter:data2\" content=\"4 minutes\" \/>\n<script type=\"application\/ld+json\" class=\"yoast-schema-graph\">{\"@context\":\"https:\/\/schema.org\",\"@graph\":[{\"@type\":\"WebSite\",\"@id\":\"https:\/\/www.visit-ulcinj.com\/blog\/#website\",\"url\":\"https:\/\/www.visit-ulcinj.com\/blog\/\",\"name\":\"Lajme nga Ulqini\",\"description\":\"Lajme,Vijesti,Ulqini,Ulqin,Crna Gora,Mali i Zi\",\"potentialAction\":[{\"@type\":\"SearchAction\",\"target\":{\"@type\":\"EntryPoint\",\"urlTemplate\":\"https:\/\/www.visit-ulcinj.com\/blog\/?s={search_term_string}\"},\"query-input\":\"required name=search_term_string\"}],\"inLanguage\":\"en-US\"},{\"@type\":\"WebPage\",\"@id\":\"https:\/\/www.visit-ulcinj.com\/blog\/2013\/03\/27\/interviste-me-adrian-lulgjuraj-video-tv-boin\/#webpage\",\"url\":\"https:\/\/www.visit-ulcinj.com\/blog\/2013\/03\/27\/interviste-me-adrian-lulgjuraj-video-tv-boin\/\",\"name\":\"Intervist\u00eb me Adrian Lulgjuraj - Video Tv Boin - Lajme nga Ulqini\",\"isPartOf\":{\"@id\":\"https:\/\/www.visit-ulcinj.com\/blog\/#website\"},\"datePublished\":\"2013-03-27T11:44:42+00:00\",\"dateModified\":\"2013-03-27T11:44:42+00:00\",\"author\":{\"@id\":\"https:\/\/www.visit-ulcinj.com\/blog\/#\/schema\/person\/dcab619c614d3038751c63bc2aadc06d\"},\"description\":\"Intervist\u00eb Ekskluzive: Parashikimet p\u00ebr Eurovizion jan\u00eb relative Intervist\u00eb ekskluzive p\u00ebr \u201cZhurnal Plus\u201d me k\u00ebng\u00ebtarin Adrian Lulgjuraj K\u00ebnga \u201cIdentitet\u201d\",\"breadcrumb\":{\"@id\":\"https:\/\/www.visit-ulcinj.com\/blog\/2013\/03\/27\/interviste-me-adrian-lulgjuraj-video-tv-boin\/#breadcrumb\"},\"inLanguage\":\"en-US\",\"potentialAction\":[{\"@type\":\"ReadAction\",\"target\":[\"https:\/\/www.visit-ulcinj.com\/blog\/2013\/03\/27\/interviste-me-adrian-lulgjuraj-video-tv-boin\/\"]}]},{\"@type\":\"BreadcrumbList\",\"@id\":\"https:\/\/www.visit-ulcinj.com\/blog\/2013\/03\/27\/interviste-me-adrian-lulgjuraj-video-tv-boin\/#breadcrumb\",\"itemListElement\":[{\"@type\":\"ListItem\",\"position\":1,\"name\":\"Intervist\u00eb me Adrian Lulgjuraj &#8211; Video Tv Boin\"}]},{\"@type\":\"Person\",\"@id\":\"https:\/\/www.visit-ulcinj.com\/blog\/#\/schema\/person\/dcab619c614d3038751c63bc2aadc06d\",\"name\":\"ulqini\",\"sameAs\":[\"http:\/\/www.visit-ulcinj.com\"],\"url\":\"https:\/\/www.visit-ulcinj.com\/blog\/author\/admin\/\"}]}<\/script>\n<!-- \/ Yoast SEO plugin. -->","yoast_head_json":{"title":"Intervist\u00eb me Adrian Lulgjuraj - Video Tv Boin - Lajme nga Ulqini","description":"Intervist\u00eb Ekskluzive: Parashikimet p\u00ebr Eurovizion jan\u00eb relative Intervist\u00eb ekskluzive p\u00ebr \u201cZhurnal Plus\u201d me k\u00ebng\u00ebtarin Adrian Lulgjuraj K\u00ebnga \u201cIdentitet\u201d","robots":{"index":"index","follow":"follow","max-snippet":"max-snippet:-1","max-image-preview":"max-image-preview:large","max-video-preview":"max-video-preview:-1"},"canonical":"https:\/\/www.visit-ulcinj.com\/blog\/2013\/03\/27\/interviste-me-adrian-lulgjuraj-video-tv-boin\/","og_locale":"en_US","og_type":"article","og_title":"Intervist\u00eb me Adrian Lulgjuraj - Video Tv Boin - Lajme nga Ulqini","og_description":"Intervist\u00eb Ekskluzive: Parashikimet p\u00ebr Eurovizion jan\u00eb relative Intervist\u00eb ekskluzive p\u00ebr \u201cZhurnal Plus\u201d me k\u00ebng\u00ebtarin Adrian Lulgjuraj K\u00ebnga \u201cIdentitet\u201d","og_url":"https:\/\/www.visit-ulcinj.com\/blog\/2013\/03\/27\/interviste-me-adrian-lulgjuraj-video-tv-boin\/","og_site_name":"Lajme nga Ulqini","article_published_time":"2013-03-27T11:44:42+00:00","twitter_misc":{"Written by":"ulqini","Est. reading time":"4 minutes"},"schema":{"@context":"https:\/\/schema.org","@graph":[{"@type":"WebSite","@id":"https:\/\/www.visit-ulcinj.com\/blog\/#website","url":"https:\/\/www.visit-ulcinj.com\/blog\/","name":"Lajme nga Ulqini","description":"Lajme,Vijesti,Ulqini,Ulqin,Crna Gora,Mali i Zi","potentialAction":[{"@type":"SearchAction","target":{"@type":"EntryPoint","urlTemplate":"https:\/\/www.visit-ulcinj.com\/blog\/?s={search_term_string}"},"query-input":"required name=search_term_string"}],"inLanguage":"en-US"},{"@type":"WebPage","@id":"https:\/\/www.visit-ulcinj.com\/blog\/2013\/03\/27\/interviste-me-adrian-lulgjuraj-video-tv-boin\/#webpage","url":"https:\/\/www.visit-ulcinj.com\/blog\/2013\/03\/27\/interviste-me-adrian-lulgjuraj-video-tv-boin\/","name":"Intervist\u00eb me Adrian Lulgjuraj - Video Tv Boin - Lajme nga Ulqini","isPartOf":{"@id":"https:\/\/www.visit-ulcinj.com\/blog\/#website"},"datePublished":"2013-03-27T11:44:42+00:00","dateModified":"2013-03-27T11:44:42+00:00","author":{"@id":"https:\/\/www.visit-ulcinj.com\/blog\/#\/schema\/person\/dcab619c614d3038751c63bc2aadc06d"},"description":"Intervist\u00eb Ekskluzive: Parashikimet p\u00ebr Eurovizion jan\u00eb relative Intervist\u00eb ekskluzive p\u00ebr \u201cZhurnal Plus\u201d me k\u00ebng\u00ebtarin Adrian Lulgjuraj K\u00ebnga \u201cIdentitet\u201d","breadcrumb":{"@id":"https:\/\/www.visit-ulcinj.com\/blog\/2013\/03\/27\/interviste-me-adrian-lulgjuraj-video-tv-boin\/#breadcrumb"},"inLanguage":"en-US","potentialAction":[{"@type":"ReadAction","target":["https:\/\/www.visit-ulcinj.com\/blog\/2013\/03\/27\/interviste-me-adrian-lulgjuraj-video-tv-boin\/"]}]},{"@type":"BreadcrumbList","@id":"https:\/\/www.visit-ulcinj.com\/blog\/2013\/03\/27\/interviste-me-adrian-lulgjuraj-video-tv-boin\/#breadcrumb","itemListElement":[{"@type":"ListItem","position":1,"name":"Intervist\u00eb me Adrian Lulgjuraj &#8211; Video Tv Boin"}]},{"@type":"Person","@id":"https:\/\/www.visit-ulcinj.com\/blog\/#\/schema\/person\/dcab619c614d3038751c63bc2aadc06d","name":"ulqini","sameAs":["http:\/\/www.visit-ulcinj.com"],"url":"https:\/\/www.visit-ulcinj.com\/blog\/author\/admin\/"}]}},"jetpack_featured_media_url":"","jetpack_sharing_enabled":true,"jetpack_shortlink":"https:\/\/wp.me\/pe6lTn-idp","_links":{"self":[{"href":"https:\/\/www.visit-ulcinj.com\/blog\/wp-json\/wp\/v2\/posts\/70023"}],"collection":[{"href":"https:\/\/www.visit-ulcinj.com\/blog\/wp-json\/wp\/v2\/posts"}],"about":[{"href":"https:\/\/www.visit-ulcinj.com\/blog\/wp-json\/wp\/v2\/types\/post"}],"author":[{"embeddable":true,"href":"https:\/\/www.visit-ulcinj.com\/blog\/wp-json\/wp\/v2\/users\/1"}],"replies":[{"embeddable":true,"href":"https:\/\/www.visit-ulcinj.com\/blog\/wp-json\/wp\/v2\/comments?post=70023"}],"version-history":[{"count":1,"href":"https:\/\/www.visit-ulcinj.com\/blog\/wp-json\/wp\/v2\/posts\/70023\/revisions"}],"predecessor-version":[{"id":70025,"href":"https:\/\/www.visit-ulcinj.com\/blog\/wp-json\/wp\/v2\/posts\/70023\/revisions\/70025"}],"wp:attachment":[{"href":"https:\/\/www.visit-ulcinj.com\/blog\/wp-json\/wp\/v2\/media?parent=70023"}],"wp:term":[{"taxonomy":"category","embeddable":true,"href":"https:\/\/www.visit-ulcinj.com\/blog\/wp-json\/wp\/v2\/categories?post=70023"},{"taxonomy":"post_tag","embeddable":true,"href":"https:\/\/www.visit-ulcinj.com\/blog\/wp-json\/wp\/v2\/tags?post=70023"}],"curies":[{"name":"wp","href":"https:\/\/api.w.org\/{rel}","templated":true}]}}