{"id":70030,"date":"2013-03-27T13:15:13","date_gmt":"2013-03-27T12:15:13","guid":{"rendered":"http:\/\/www.visit-ulcinj.com\/blog\/?p=70030"},"modified":"2013-03-27T13:15:13","modified_gmt":"2013-03-27T12:15:13","slug":"ulcinj-na-nekoliko-automobila-nozem-izbusene-gume","status":"publish","type":"post","link":"https:\/\/www.visit-ulcinj.com\/blog\/2013\/03\/27\/ulcinj-na-nekoliko-automobila-nozem-izbusene-gume\/","title":{"rendered":"Ulcinj: Na nekoliko automobila no\u017eem izbu\u0161ene gume"},"content":{"rendered":"<div id=\"attachment_70031\" style=\"width: 360px\" class=\"wp-caption alignleft\"><a href=\"http:\/\/www.visit-ulcinj.com\/blog\/wp-content\/uploads\/2013\/03\/Izbusene-Gume-u-Ulcinj.jpg\"><img aria-describedby=\"caption-attachment-70031\" loading=\"lazy\" class=\" wp-image-70031\" alt=\"Izbusene Gume u Ulcinj\" src=\"http:\/\/www.visit-ulcinj.com\/blog\/wp-content\/uploads\/2013\/03\/Izbusene-Gume-u-Ulcinj.jpg\" width=\"350\" height=\"400\" \/><\/a><p id=\"caption-attachment-70031\" class=\"wp-caption-text\">Foto: Samir Adrovi\u0107<\/p><\/div>\n<p>Na nekoliko automobila, parkiranih u Ulcinju, u no\u0107i izme\u0111u nedjelje i ponedjeljka, no\u017eem su izbu\u0161ene gume.<\/p>\n<p>Prema nezvani\u010dnim informacijama \u201cVijesti\u201d, \u0161teta je pri\u010dinjena na najmanje pet automobila, a jedan od njih je i \u201cKia\u201d, vlasni\u0161tvo Hajra Resulbegovi\u0107a (70).<\/p>\n<p>Resulbegovi\u0107ev automobil bio je parkiran ispod Starog grada, preko puta O\u0160 Bo\u0161ko Strugar. Tragovi no\u017ea vidljivi su na sve \u010detiri gume.<\/p>\n<p>\u201cNe znam ko je mogao da mi uradi ne\u0161to ovako. Nemam neprijatelja i zaista ne znam motive ovog bezumnog \u010dina\u201d, kazao je Resulbegovi\u0107 \u201cVijestima\u201d.<\/p>\n<p>Osim Resulbegovi\u0107evog, stradao je automoibil \u201cKlio\u201d (UL-AL411) na kom su izbu\u0161ene tri gume. Na meti vandala, bila su jo\u0161 najmanje dva automobila na Pristanu, ali tu nije kraj spiska o\u0161te\u0107enih.<\/p>\n<p>Iz policije se ju\u010de nijesu mogle dobiti detaljnije informacije o nesvakida\u0161njem huliganskom pohodu, ali to \u0161to vlasnici nijesu u srodnim vezama i \u017eive u razli\u010ditim djelovima grada, upu\u0107uje na zaklju\u010dak da nijesu u pitanju bilo kakvi motivi li\u010dne prirode.<\/p>\n<p>Resulbegovi\u0107 je pretprio \u0161tetu od oko 250 eura, nove gume bile su i na susjednom autu&#8230;<\/p>\n<p>\u201cOvo nije prvi put. Isto se dogodilo i prije \u010detiri godine ali policija ni do danas nije otkrila vinovnike\u201d, rekao je Resulbegovi\u0107.<\/p>\n<p>On je i ju\u010dera\u0161nji slu\u010daj prijavio policiji.<\/p>\n<p><a href=\"http:\/\/www.vijesti.me\/vijesti\/ulcinj-na-nekoliko-automobila-nozem-izbusene-gume-clanak-119952\" target=\"_blank\"><strong>Samir Adrovi\u0107<\/strong><\/a><br \/>\n<a href=\"http:\/\/www.vijesti.me\/vijesti\/ulcinj-na-nekoliko-automobila-nozem-izbusene-gume-clanak-119952\" target=\"_blank\"><strong>Vijesti online<\/strong><\/a><\/p>\n","protected":false},"excerpt":{"rendered":"<p>Na nekoliko automobila, parkiranih u Ulcinju, u no\u0107i izme\u0111u nedjelje i ponedjeljka, no\u017eem su izbu\u0161ene gume. Prema nezvani\u010dnim informacijama \u201cVijesti\u201d, \u0161teta je pri\u010dinjena na najmanje pet automobila, a jedan od njih je i \u201cKia\u201d, vlasni\u0161tvo Hajra Resulbegovi\u0107a (70). Resulbegovi\u0107ev automobil bio je parkiran ispod Starog grada, preko puta O\u0160 Bo\u0161ko Strugar. Tragovi no\u017ea vidljivi su [&hellip;]<\/p>\n","protected":false},"author":1,"featured_media":0,"comment_status":"open","ping_status":"closed","sticky":false,"template":"","format":"standard","meta":{"spay_email":"","jetpack_publicize_message":"","jetpack_is_tweetstorm":false,"jetpack_publicize_feature_enabled":true},"categories":[6950],"tags":[19],"jetpack_publicize_connections":[],"yoast_head":"<!-- This site is optimized with the Yoast SEO plugin v19.1 - https:\/\/yoast.com\/wordpress\/plugins\/seo\/ -->\n<title>Ulcinj: Na nekoliko automobila no\u017eem izbu\u0161ene gume - Lajme nga Ulqini<\/title>\n<meta name=\"description\" content=\"Na nekoliko automobila, parkiranih u Ulcinju, u no\u0107i izme\u0111u nedjelje i ponedjeljka, no\u017eem su izbu\u0161ene gume. Prema nezvani\u010dnim informacijama \u201cVijesti\u201d,\" \/>\n<meta name=\"robots\" content=\"index, follow, max-snippet:-1, max-image-preview:large, max-video-preview:-1\" \/>\n<link rel=\"canonical\" href=\"https:\/\/www.visit-ulcinj.com\/blog\/2013\/03\/27\/ulcinj-na-nekoliko-automobila-nozem-izbusene-gume\/\" \/>\n<meta property=\"og:locale\" content=\"en_US\" \/>\n<meta property=\"og:type\" content=\"article\" \/>\n<meta property=\"og:title\" content=\"Ulcinj: Na nekoliko automobila no\u017eem izbu\u0161ene gume - Lajme nga Ulqini\" \/>\n<meta property=\"og:description\" content=\"Na nekoliko automobila, parkiranih u Ulcinju, u no\u0107i izme\u0111u nedjelje i ponedjeljka, no\u017eem su izbu\u0161ene gume. Prema nezvani\u010dnim informacijama \u201cVijesti\u201d,\" \/>\n<meta property=\"og:url\" content=\"https:\/\/www.visit-ulcinj.com\/blog\/2013\/03\/27\/ulcinj-na-nekoliko-automobila-nozem-izbusene-gume\/\" \/>\n<meta property=\"og:site_name\" content=\"Lajme nga Ulqini\" \/>\n<meta property=\"article:published_time\" content=\"2013-03-27T12:15:13+00:00\" \/>\n<meta property=\"og:image\" content=\"http:\/\/www.visit-ulcinj.com\/blog\/wp-content\/uploads\/2013\/03\/Izbusene-Gume-u-Ulcinj.jpg\" \/>\n<meta name=\"twitter:label1\" content=\"Written by\" \/>\n\t<meta name=\"twitter:data1\" content=\"ulqini\" \/>\n\t<meta name=\"twitter:label2\" content=\"Est. reading time\" \/>\n\t<meta name=\"twitter:data2\" content=\"1 minute\" \/>\n<script type=\"application\/ld+json\" class=\"yoast-schema-graph\">{\"@context\":\"https:\/\/schema.org\",\"@graph\":[{\"@type\":\"WebSite\",\"@id\":\"https:\/\/www.visit-ulcinj.com\/blog\/#website\",\"url\":\"https:\/\/www.visit-ulcinj.com\/blog\/\",\"name\":\"Lajme nga Ulqini\",\"description\":\"Lajme,Vijesti,Ulqini,Ulqin,Crna Gora,Mali i Zi\",\"potentialAction\":[{\"@type\":\"SearchAction\",\"target\":{\"@type\":\"EntryPoint\",\"urlTemplate\":\"https:\/\/www.visit-ulcinj.com\/blog\/?s={search_term_string}\"},\"query-input\":\"required name=search_term_string\"}],\"inLanguage\":\"en-US\"},{\"@type\":\"ImageObject\",\"inLanguage\":\"en-US\",\"@id\":\"https:\/\/www.visit-ulcinj.com\/blog\/2013\/03\/27\/ulcinj-na-nekoliko-automobila-nozem-izbusene-gume\/#primaryimage\",\"url\":\"https:\/\/www.visit-ulcinj.com\/blog\/wp-content\/uploads\/2013\/03\/Izbusene-Gume-u-Ulcinj.jpg\",\"contentUrl\":\"https:\/\/www.visit-ulcinj.com\/blog\/wp-content\/uploads\/2013\/03\/Izbusene-Gume-u-Ulcinj.jpg\",\"width\":462,\"height\":750},{\"@type\":\"WebPage\",\"@id\":\"https:\/\/www.visit-ulcinj.com\/blog\/2013\/03\/27\/ulcinj-na-nekoliko-automobila-nozem-izbusene-gume\/#webpage\",\"url\":\"https:\/\/www.visit-ulcinj.com\/blog\/2013\/03\/27\/ulcinj-na-nekoliko-automobila-nozem-izbusene-gume\/\",\"name\":\"Ulcinj: Na nekoliko automobila no\u017eem izbu\u0161ene gume - Lajme nga Ulqini\",\"isPartOf\":{\"@id\":\"https:\/\/www.visit-ulcinj.com\/blog\/#website\"},\"primaryImageOfPage\":{\"@id\":\"https:\/\/www.visit-ulcinj.com\/blog\/2013\/03\/27\/ulcinj-na-nekoliko-automobila-nozem-izbusene-gume\/#primaryimage\"},\"datePublished\":\"2013-03-27T12:15:13+00:00\",\"dateModified\":\"2013-03-27T12:15:13+00:00\",\"author\":{\"@id\":\"https:\/\/www.visit-ulcinj.com\/blog\/#\/schema\/person\/dcab619c614d3038751c63bc2aadc06d\"},\"description\":\"Na nekoliko automobila, parkiranih u Ulcinju, u no\u0107i izme\u0111u nedjelje i ponedjeljka, no\u017eem su izbu\u0161ene gume. Prema nezvani\u010dnim informacijama \u201cVijesti\u201d,\",\"breadcrumb\":{\"@id\":\"https:\/\/www.visit-ulcinj.com\/blog\/2013\/03\/27\/ulcinj-na-nekoliko-automobila-nozem-izbusene-gume\/#breadcrumb\"},\"inLanguage\":\"en-US\",\"potentialAction\":[{\"@type\":\"ReadAction\",\"target\":[\"https:\/\/www.visit-ulcinj.com\/blog\/2013\/03\/27\/ulcinj-na-nekoliko-automobila-nozem-izbusene-gume\/\"]}]},{\"@type\":\"BreadcrumbList\",\"@id\":\"https:\/\/www.visit-ulcinj.com\/blog\/2013\/03\/27\/ulcinj-na-nekoliko-automobila-nozem-izbusene-gume\/#breadcrumb\",\"itemListElement\":[{\"@type\":\"ListItem\",\"position\":1,\"name\":\"Ulcinj: Na nekoliko automobila no\u017eem izbu\u0161ene gume\"}]},{\"@type\":\"Person\",\"@id\":\"https:\/\/www.visit-ulcinj.com\/blog\/#\/schema\/person\/dcab619c614d3038751c63bc2aadc06d\",\"name\":\"ulqini\",\"sameAs\":[\"http:\/\/www.visit-ulcinj.com\"],\"url\":\"https:\/\/www.visit-ulcinj.com\/blog\/author\/admin\/\"}]}<\/script>\n<!-- \/ Yoast SEO plugin. -->","yoast_head_json":{"title":"Ulcinj: Na nekoliko automobila no\u017eem izbu\u0161ene gume - Lajme nga Ulqini","description":"Na nekoliko automobila, parkiranih u Ulcinju, u no\u0107i izme\u0111u nedjelje i ponedjeljka, no\u017eem su izbu\u0161ene gume. Prema nezvani\u010dnim informacijama \u201cVijesti\u201d,","robots":{"index":"index","follow":"follow","max-snippet":"max-snippet:-1","max-image-preview":"max-image-preview:large","max-video-preview":"max-video-preview:-1"},"canonical":"https:\/\/www.visit-ulcinj.com\/blog\/2013\/03\/27\/ulcinj-na-nekoliko-automobila-nozem-izbusene-gume\/","og_locale":"en_US","og_type":"article","og_title":"Ulcinj: Na nekoliko automobila no\u017eem izbu\u0161ene gume - Lajme nga Ulqini","og_description":"Na nekoliko automobila, parkiranih u Ulcinju, u no\u0107i izme\u0111u nedjelje i ponedjeljka, no\u017eem su izbu\u0161ene gume. Prema nezvani\u010dnim informacijama \u201cVijesti\u201d,","og_url":"https:\/\/www.visit-ulcinj.com\/blog\/2013\/03\/27\/ulcinj-na-nekoliko-automobila-nozem-izbusene-gume\/","og_site_name":"Lajme nga Ulqini","article_published_time":"2013-03-27T12:15:13+00:00","og_image":[{"url":"http:\/\/www.visit-ulcinj.com\/blog\/wp-content\/uploads\/2013\/03\/Izbusene-Gume-u-Ulcinj.jpg"}],"twitter_misc":{"Written by":"ulqini","Est. reading time":"1 minute"},"schema":{"@context":"https:\/\/schema.org","@graph":[{"@type":"WebSite","@id":"https:\/\/www.visit-ulcinj.com\/blog\/#website","url":"https:\/\/www.visit-ulcinj.com\/blog\/","name":"Lajme nga Ulqini","description":"Lajme,Vijesti,Ulqini,Ulqin,Crna Gora,Mali i Zi","potentialAction":[{"@type":"SearchAction","target":{"@type":"EntryPoint","urlTemplate":"https:\/\/www.visit-ulcinj.com\/blog\/?s={search_term_string}"},"query-input":"required name=search_term_string"}],"inLanguage":"en-US"},{"@type":"ImageObject","inLanguage":"en-US","@id":"https:\/\/www.visit-ulcinj.com\/blog\/2013\/03\/27\/ulcinj-na-nekoliko-automobila-nozem-izbusene-gume\/#primaryimage","url":"https:\/\/www.visit-ulcinj.com\/blog\/wp-content\/uploads\/2013\/03\/Izbusene-Gume-u-Ulcinj.jpg","contentUrl":"https:\/\/www.visit-ulcinj.com\/blog\/wp-content\/uploads\/2013\/03\/Izbusene-Gume-u-Ulcinj.jpg","width":462,"height":750},{"@type":"WebPage","@id":"https:\/\/www.visit-ulcinj.com\/blog\/2013\/03\/27\/ulcinj-na-nekoliko-automobila-nozem-izbusene-gume\/#webpage","url":"https:\/\/www.visit-ulcinj.com\/blog\/2013\/03\/27\/ulcinj-na-nekoliko-automobila-nozem-izbusene-gume\/","name":"Ulcinj: Na nekoliko automobila no\u017eem izbu\u0161ene gume - Lajme nga Ulqini","isPartOf":{"@id":"https:\/\/www.visit-ulcinj.com\/blog\/#website"},"primaryImageOfPage":{"@id":"https:\/\/www.visit-ulcinj.com\/blog\/2013\/03\/27\/ulcinj-na-nekoliko-automobila-nozem-izbusene-gume\/#primaryimage"},"datePublished":"2013-03-27T12:15:13+00:00","dateModified":"2013-03-27T12:15:13+00:00","author":{"@id":"https:\/\/www.visit-ulcinj.com\/blog\/#\/schema\/person\/dcab619c614d3038751c63bc2aadc06d"},"description":"Na nekoliko automobila, parkiranih u Ulcinju, u no\u0107i izme\u0111u nedjelje i ponedjeljka, no\u017eem su izbu\u0161ene gume. Prema nezvani\u010dnim informacijama \u201cVijesti\u201d,","breadcrumb":{"@id":"https:\/\/www.visit-ulcinj.com\/blog\/2013\/03\/27\/ulcinj-na-nekoliko-automobila-nozem-izbusene-gume\/#breadcrumb"},"inLanguage":"en-US","potentialAction":[{"@type":"ReadAction","target":["https:\/\/www.visit-ulcinj.com\/blog\/2013\/03\/27\/ulcinj-na-nekoliko-automobila-nozem-izbusene-gume\/"]}]},{"@type":"BreadcrumbList","@id":"https:\/\/www.visit-ulcinj.com\/blog\/2013\/03\/27\/ulcinj-na-nekoliko-automobila-nozem-izbusene-gume\/#breadcrumb","itemListElement":[{"@type":"ListItem","position":1,"name":"Ulcinj: Na nekoliko automobila no\u017eem izbu\u0161ene gume"}]},{"@type":"Person","@id":"https:\/\/www.visit-ulcinj.com\/blog\/#\/schema\/person\/dcab619c614d3038751c63bc2aadc06d","name":"ulqini","sameAs":["http:\/\/www.visit-ulcinj.com"],"url":"https:\/\/www.visit-ulcinj.com\/blog\/author\/admin\/"}]}},"jetpack_featured_media_url":"","jetpack_sharing_enabled":true,"jetpack_shortlink":"https:\/\/wp.me\/pe6lTn-idw","_links":{"self":[{"href":"https:\/\/www.visit-ulcinj.com\/blog\/wp-json\/wp\/v2\/posts\/70030"}],"collection":[{"href":"https:\/\/www.visit-ulcinj.com\/blog\/wp-json\/wp\/v2\/posts"}],"about":[{"href":"https:\/\/www.visit-ulcinj.com\/blog\/wp-json\/wp\/v2\/types\/post"}],"author":[{"embeddable":true,"href":"https:\/\/www.visit-ulcinj.com\/blog\/wp-json\/wp\/v2\/users\/1"}],"replies":[{"embeddable":true,"href":"https:\/\/www.visit-ulcinj.com\/blog\/wp-json\/wp\/v2\/comments?post=70030"}],"version-history":[{"count":1,"href":"https:\/\/www.visit-ulcinj.com\/blog\/wp-json\/wp\/v2\/posts\/70030\/revisions"}],"predecessor-version":[{"id":70032,"href":"https:\/\/www.visit-ulcinj.com\/blog\/wp-json\/wp\/v2\/posts\/70030\/revisions\/70032"}],"wp:attachment":[{"href":"https:\/\/www.visit-ulcinj.com\/blog\/wp-json\/wp\/v2\/media?parent=70030"}],"wp:term":[{"taxonomy":"category","embeddable":true,"href":"https:\/\/www.visit-ulcinj.com\/blog\/wp-json\/wp\/v2\/categories?post=70030"},{"taxonomy":"post_tag","embeddable":true,"href":"https:\/\/www.visit-ulcinj.com\/blog\/wp-json\/wp\/v2\/tags?post=70030"}],"curies":[{"name":"wp","href":"https:\/\/api.w.org\/{rel}","templated":true}]}}