{"id":70043,"date":"2013-03-27T15:00:17","date_gmt":"2013-03-27T14:00:17","guid":{"rendered":"http:\/\/www.visit-ulcinj.com\/blog\/?p=70043"},"modified":"2013-03-27T15:00:36","modified_gmt":"2013-03-27T14:00:36","slug":"reshjet-e-shiut-perkeqesojne-situaten-ne-zonat-e-nenshkodres-video","status":"publish","type":"post","link":"https:\/\/www.visit-ulcinj.com\/blog\/2013\/03\/27\/reshjet-e-shiut-perkeqesojne-situaten-ne-zonat-e-nenshkodres-video\/","title":{"rendered":"Reshjet e shiut p\u00ebrkeq\u00ebsojn\u00eb situat\u00ebn n\u00eb zonat e N\u00ebnshkodr\u00ebs &#8211; Video"},"content":{"rendered":"<p><a href=\"http:\/\/www.visit-ulcinj.com\/blog\/wp-content\/uploads\/2013\/03\/perbytjet-ne-shkoder.jpg\"><img loading=\"lazy\" class=\"alignleft  wp-image-70045\" alt=\"perbytjet ne shkoder\" src=\"http:\/\/www.visit-ulcinj.com\/blog\/wp-content\/uploads\/2013\/03\/perbytjet-ne-shkoder.jpg\" width=\"508\" height=\"360\" \/><\/a>Reshjet e dendura q\u00eb kan\u00eb r\u00ebn\u00eb gjat\u00eb dy dit\u00ebve t\u00eb fundit kan\u00eb p\u00ebrkeq\u00ebsuar situat\u00ebn e p\u00ebrmbytjeve n\u00eb Qarkun e Shkodr\u00ebs.<\/p>\n<p>Krahas problemeve q\u00eb ekzistonin, si p\u00ebrmbytje t\u00eb sip\u00ebrfaqeve t\u00eb m\u00ebdha t\u00eb tokave bujq\u00ebsore, izolimi i banesave etj., situata \u00ebsht\u00eb p\u00ebrkeq\u00ebsuar edhe n\u00eb qarkullimin e automjeteve. Sipas informacioneve nga qarku, problematike \u00ebsht\u00eb situata n\u00eb akset rrugore, Shkod\u00ebr-Daj\u00e7, Shkod\u00ebr-Obot dhe Shkod\u00ebr-Velipoj\u00eb.<\/p>\n<p>Niveli i ujit n\u00eb komunat Obot dhe Daj\u00e7 ka arritur deri n\u00eb 80 cm, nd\u00ebrsa 310 banesa jan\u00eb t\u00eb izoluara dhe 4100 ha tok\u00eb jan\u00eb n\u00ebn uj\u00eb.<\/p>\n<p>Situata paraqitet m\u00eb problematike n\u00eb fshatin Obot, ku qarkullimi me automjete n\u00eb k\u00ebt\u00eb zon\u00eb \u00ebsht\u00eb b\u00ebr\u00eb i rreziksh\u00ebm ose i pa mundur p\u00ebr shkak t\u00eb rritjes s\u00eb nivelit t\u00eb ujit, megjithat\u00eb qarkullimi i banor\u00ebve t\u00eb fshatit realizohet me makina t\u00eb larta, apo me varka.<\/p>\n<p>&nbsp;<\/p>\n<p>P\u00ebr t\u00eb shkuar n\u00eb komun\u00ebn e Velipoj\u00ebs, apo n\u00eb fshatin Daj\u00e7, duhet t\u00eb kalosh nga segmenti rrugor\u00eb i Torovic\u00ebs, sepse kalimi tek ura e \u201cDed\u00eb Gjo Lulit\u201d \u00ebsht\u00eb tep\u00ebr i rreziksh\u00ebm.<\/p>\n<p>Niveli i HEC-eve ka arritur pik\u00ebn kritike, megjith\u00ebse hidrocentrali i Vau-Dej\u00ebs punon me kapacitete t\u00eb plota, pra me t\u00eb kat\u00ebr turbinat, nga ana tjet\u00ebr pritet edhe hapja e portave n\u00ebse reshjet do vazhdojn\u00eb, n\u00eb dit\u00ebt n\u00eb vijim. Hapja e portave do t\u00eb shkaktonte nj\u00eb gjendje kritike p\u00ebr banor\u00ebt e zonave t\u00eb N\u00ebn-Shkodr\u00ebs, si dhe do t\u00eb zgjeronte hart\u00ebn e p\u00ebrmbytjeve me dy komuna t\u00eb tjera, at\u00eb t\u00eb Bushatit dhe t\u00eb B\u00ebrdic\u00ebs. Nj\u00eb gj\u00eb e till\u00eb do ta p\u00ebrkeq\u00ebsonte gjendjen duke \u00e7uar drejt nj\u00eb katastrofe sociale.<\/p>\n<p>Nga ana tjet\u00ebr, liqeni i Shkodr\u00ebs ka arritur nivelet maksimale t\u00eb tij, madje dy dit\u00eb m\u00eb par\u00eb niveli i tij, ka dal\u00eb n\u00eb vende t\u00eb caktuara p\u00ebrgjat\u00eb segmentit \u00a0Shirok\u00eb-Zogaj. Rritja e nivelit t\u00eb Bun\u00ebs ka shkaktuar edhe p\u00ebrmbytjen e disa lagjeve t\u00eb qytetit pran\u00eb saj\u00eb.<\/p>\n<p>Bajpasi i Shkodr\u00ebs i cili pritej t\u00eb pengonte p\u00ebrmbytjet e mundshme t\u00eb qytetit sipas burimeve, nuk \u00ebsht\u00eb funksional.<\/p>\n<p>Banor\u00ebt tashm\u00eb p\u00ebrballen p\u00ebr t\u00eb disatin vit radhazi me nj\u00eb situat\u00eb t\u00eb till\u00eb p\u00ebrmbytjesh, gj\u00eb e cila ka v\u00ebshtir\u00ebsuar s\u00eb tep\u00ebrmi rrekjet e tyre p\u00ebr mbijetes\u00eb, \u00a0po t\u00eb kemi parasysh se, ato ende nuk kan\u00eb marr\u00eb d\u00ebmshp\u00ebrblimet e p\u00ebrmbytjeve t\u00eb vitit t\u00eb kaluar.<\/p>\n<p>D\u00ebmet q\u00eb ka shkaktuar p\u00ebrmbytja jan\u00eb n\u00eb shifra t\u00eb m\u00ebdha si n\u00eb orendi sht\u00ebpiake, apo edhe n\u00eb gj\u00ebn\u00eb e gjall\u00eb me t\u00eb cil\u00ebn mbajn\u00eb frym\u00ebn k\u00ebta banor\u00eb; mjafton t\u00eb p\u00ebrmendim jet\u00ebn e shkurt\u00ebr q\u00eb do t\u00eb ken\u00eb ato banesa t\u00eb p\u00ebrmbytura p\u00ebr disa vite radhazi.<\/p>\n<p>Banor\u00ebt e k\u00ebtyre zonave tashm\u00eb k\u00ebrkojn\u00eb ndihm\u00eb nga pushteti lokal apo qendror\u00eb, i cili duket se do t i l\u00ebr\u00eb n\u00eb m\u00ebshir\u00eb t\u00eb Zotit, apo natyr\u00ebs.<\/p>\n<p>N\u00eb nj\u00eb kriz\u00eb ekonomike dhe n\u00eb nj\u00eb kalvar p\u00ebrmbytjesh t\u00eb p\u00ebrs\u00ebritura duket se, banor\u00ebt e k\u00ebtyre fshatrave do t\u00eb zhyten n\u00eb mjerim social.<\/p>\n<p><strong>\/Shekulli Online\/ P\u00ebrgatiti: N.M\/<br \/>\n<!--YouTube Error: bad URL entered--><br \/>\n<\/strong><\/p>\n","protected":false},"excerpt":{"rendered":"<p>Reshjet e dendura q\u00eb kan\u00eb r\u00ebn\u00eb gjat\u00eb dy dit\u00ebve t\u00eb fundit kan\u00eb p\u00ebrkeq\u00ebsuar situat\u00ebn e p\u00ebrmbytjeve n\u00eb Qarkun e Shkodr\u00ebs. Krahas problemeve q\u00eb ekzistonin, si p\u00ebrmbytje t\u00eb sip\u00ebrfaqeve t\u00eb m\u00ebdha t\u00eb tokave bujq\u00ebsore, izolimi i banesave etj., situata \u00ebsht\u00eb p\u00ebrkeq\u00ebsuar edhe n\u00eb qarkullimin e automjeteve. Sipas informacioneve nga qarku, problematike \u00ebsht\u00eb situata n\u00eb akset rrugore, [&hellip;]<\/p>\n","protected":false},"author":1,"featured_media":0,"comment_status":"open","ping_status":"closed","sticky":false,"template":"","format":"standard","meta":{"spay_email":"","jetpack_publicize_message":"","jetpack_is_tweetstorm":false,"jetpack_publicize_feature_enabled":true},"categories":[7],"tags":[21955,21954],"jetpack_publicize_connections":[],"yoast_head":"<!-- This site is optimized with the Yoast SEO plugin v19.1 - https:\/\/yoast.com\/wordpress\/plugins\/seo\/ -->\n<title>Reshjet e shiut p\u00ebrkeq\u00ebsojn\u00eb situat\u00ebn n\u00eb zonat e N\u00ebnshkodr\u00ebs - Video - Lajme nga Ulqini<\/title>\n<meta name=\"description\" content=\"Reshjet e dendura q\u00eb kan\u00eb r\u00ebn\u00eb gjat\u00eb dy dit\u00ebve t\u00eb fundit kan\u00eb p\u00ebrkeq\u00ebsuar situat\u00ebn e p\u00ebrmbytjeve n\u00eb Qarkun e Shkodr\u00ebs. Krahas problemeve q\u00eb ekzistonin, si\" \/>\n<meta name=\"robots\" content=\"index, follow, max-snippet:-1, max-image-preview:large, max-video-preview:-1\" \/>\n<link rel=\"canonical\" href=\"https:\/\/www.visit-ulcinj.com\/blog\/2013\/03\/27\/reshjet-e-shiut-perkeqesojne-situaten-ne-zonat-e-nenshkodres-video\/\" \/>\n<meta property=\"og:locale\" content=\"en_US\" \/>\n<meta property=\"og:type\" content=\"article\" \/>\n<meta property=\"og:title\" content=\"Reshjet e shiut p\u00ebrkeq\u00ebsojn\u00eb situat\u00ebn n\u00eb zonat e N\u00ebnshkodr\u00ebs - Video - Lajme nga Ulqini\" \/>\n<meta property=\"og:description\" content=\"Reshjet e dendura q\u00eb kan\u00eb r\u00ebn\u00eb gjat\u00eb dy dit\u00ebve t\u00eb fundit kan\u00eb p\u00ebrkeq\u00ebsuar situat\u00ebn e p\u00ebrmbytjeve n\u00eb Qarkun e Shkodr\u00ebs. Krahas problemeve q\u00eb ekzistonin, si\" \/>\n<meta property=\"og:url\" content=\"https:\/\/www.visit-ulcinj.com\/blog\/2013\/03\/27\/reshjet-e-shiut-perkeqesojne-situaten-ne-zonat-e-nenshkodres-video\/\" \/>\n<meta property=\"og:site_name\" content=\"Lajme nga Ulqini\" \/>\n<meta property=\"article:published_time\" content=\"2013-03-27T14:00:17+00:00\" \/>\n<meta property=\"article:modified_time\" content=\"2013-03-27T14:00:36+00:00\" \/>\n<meta property=\"og:image\" content=\"http:\/\/www.visit-ulcinj.com\/blog\/wp-content\/uploads\/2013\/03\/perbytjet-ne-shkoder.jpg\" \/>\n<meta name=\"twitter:label1\" content=\"Written by\" \/>\n\t<meta name=\"twitter:data1\" content=\"ulqini\" \/>\n\t<meta name=\"twitter:label2\" content=\"Est. reading time\" \/>\n\t<meta name=\"twitter:data2\" content=\"3 minutes\" \/>\n<script type=\"application\/ld+json\" class=\"yoast-schema-graph\">{\"@context\":\"https:\/\/schema.org\",\"@graph\":[{\"@type\":\"WebSite\",\"@id\":\"https:\/\/www.visit-ulcinj.com\/blog\/#website\",\"url\":\"https:\/\/www.visit-ulcinj.com\/blog\/\",\"name\":\"Lajme nga Ulqini\",\"description\":\"Lajme,Vijesti,Ulqini,Ulqin,Crna Gora,Mali i Zi\",\"potentialAction\":[{\"@type\":\"SearchAction\",\"target\":{\"@type\":\"EntryPoint\",\"urlTemplate\":\"https:\/\/www.visit-ulcinj.com\/blog\/?s={search_term_string}\"},\"query-input\":\"required name=search_term_string\"}],\"inLanguage\":\"en-US\"},{\"@type\":\"ImageObject\",\"inLanguage\":\"en-US\",\"@id\":\"https:\/\/www.visit-ulcinj.com\/blog\/2013\/03\/27\/reshjet-e-shiut-perkeqesojne-situaten-ne-zonat-e-nenshkodres-video\/#primaryimage\",\"url\":\"https:\/\/www.visit-ulcinj.com\/blog\/wp-content\/uploads\/2013\/03\/perbytjet-ne-shkoder.jpg\",\"contentUrl\":\"https:\/\/www.visit-ulcinj.com\/blog\/wp-content\/uploads\/2013\/03\/perbytjet-ne-shkoder.jpg\",\"width\":800,\"height\":532},{\"@type\":\"WebPage\",\"@id\":\"https:\/\/www.visit-ulcinj.com\/blog\/2013\/03\/27\/reshjet-e-shiut-perkeqesojne-situaten-ne-zonat-e-nenshkodres-video\/#webpage\",\"url\":\"https:\/\/www.visit-ulcinj.com\/blog\/2013\/03\/27\/reshjet-e-shiut-perkeqesojne-situaten-ne-zonat-e-nenshkodres-video\/\",\"name\":\"Reshjet e shiut p\u00ebrkeq\u00ebsojn\u00eb situat\u00ebn n\u00eb zonat e N\u00ebnshkodr\u00ebs - Video - Lajme nga Ulqini\",\"isPartOf\":{\"@id\":\"https:\/\/www.visit-ulcinj.com\/blog\/#website\"},\"primaryImageOfPage\":{\"@id\":\"https:\/\/www.visit-ulcinj.com\/blog\/2013\/03\/27\/reshjet-e-shiut-perkeqesojne-situaten-ne-zonat-e-nenshkodres-video\/#primaryimage\"},\"datePublished\":\"2013-03-27T14:00:17+00:00\",\"dateModified\":\"2013-03-27T14:00:36+00:00\",\"author\":{\"@id\":\"https:\/\/www.visit-ulcinj.com\/blog\/#\/schema\/person\/dcab619c614d3038751c63bc2aadc06d\"},\"description\":\"Reshjet e dendura q\u00eb kan\u00eb r\u00ebn\u00eb gjat\u00eb dy dit\u00ebve t\u00eb fundit kan\u00eb p\u00ebrkeq\u00ebsuar situat\u00ebn e p\u00ebrmbytjeve n\u00eb Qarkun e Shkodr\u00ebs. Krahas problemeve q\u00eb ekzistonin, si\",\"breadcrumb\":{\"@id\":\"https:\/\/www.visit-ulcinj.com\/blog\/2013\/03\/27\/reshjet-e-shiut-perkeqesojne-situaten-ne-zonat-e-nenshkodres-video\/#breadcrumb\"},\"inLanguage\":\"en-US\",\"potentialAction\":[{\"@type\":\"ReadAction\",\"target\":[\"https:\/\/www.visit-ulcinj.com\/blog\/2013\/03\/27\/reshjet-e-shiut-perkeqesojne-situaten-ne-zonat-e-nenshkodres-video\/\"]}]},{\"@type\":\"BreadcrumbList\",\"@id\":\"https:\/\/www.visit-ulcinj.com\/blog\/2013\/03\/27\/reshjet-e-shiut-perkeqesojne-situaten-ne-zonat-e-nenshkodres-video\/#breadcrumb\",\"itemListElement\":[{\"@type\":\"ListItem\",\"position\":1,\"name\":\"Reshjet e shiut p\u00ebrkeq\u00ebsojn\u00eb situat\u00ebn n\u00eb zonat e N\u00ebnshkodr\u00ebs &#8211; Video\"}]},{\"@type\":\"Person\",\"@id\":\"https:\/\/www.visit-ulcinj.com\/blog\/#\/schema\/person\/dcab619c614d3038751c63bc2aadc06d\",\"name\":\"ulqini\",\"sameAs\":[\"http:\/\/www.visit-ulcinj.com\"],\"url\":\"https:\/\/www.visit-ulcinj.com\/blog\/author\/admin\/\"}]}<\/script>\n<!-- \/ Yoast SEO plugin. -->","yoast_head_json":{"title":"Reshjet e shiut p\u00ebrkeq\u00ebsojn\u00eb situat\u00ebn n\u00eb zonat e N\u00ebnshkodr\u00ebs - Video - Lajme nga Ulqini","description":"Reshjet e dendura q\u00eb kan\u00eb r\u00ebn\u00eb gjat\u00eb dy dit\u00ebve t\u00eb fundit kan\u00eb p\u00ebrkeq\u00ebsuar situat\u00ebn e p\u00ebrmbytjeve n\u00eb Qarkun e Shkodr\u00ebs. Krahas problemeve q\u00eb ekzistonin, si","robots":{"index":"index","follow":"follow","max-snippet":"max-snippet:-1","max-image-preview":"max-image-preview:large","max-video-preview":"max-video-preview:-1"},"canonical":"https:\/\/www.visit-ulcinj.com\/blog\/2013\/03\/27\/reshjet-e-shiut-perkeqesojne-situaten-ne-zonat-e-nenshkodres-video\/","og_locale":"en_US","og_type":"article","og_title":"Reshjet e shiut p\u00ebrkeq\u00ebsojn\u00eb situat\u00ebn n\u00eb zonat e N\u00ebnshkodr\u00ebs - Video - Lajme nga Ulqini","og_description":"Reshjet e dendura q\u00eb kan\u00eb r\u00ebn\u00eb gjat\u00eb dy dit\u00ebve t\u00eb fundit kan\u00eb p\u00ebrkeq\u00ebsuar situat\u00ebn e p\u00ebrmbytjeve n\u00eb Qarkun e Shkodr\u00ebs. Krahas problemeve q\u00eb ekzistonin, si","og_url":"https:\/\/www.visit-ulcinj.com\/blog\/2013\/03\/27\/reshjet-e-shiut-perkeqesojne-situaten-ne-zonat-e-nenshkodres-video\/","og_site_name":"Lajme nga Ulqini","article_published_time":"2013-03-27T14:00:17+00:00","article_modified_time":"2013-03-27T14:00:36+00:00","og_image":[{"url":"http:\/\/www.visit-ulcinj.com\/blog\/wp-content\/uploads\/2013\/03\/perbytjet-ne-shkoder.jpg"}],"twitter_misc":{"Written by":"ulqini","Est. reading time":"3 minutes"},"schema":{"@context":"https:\/\/schema.org","@graph":[{"@type":"WebSite","@id":"https:\/\/www.visit-ulcinj.com\/blog\/#website","url":"https:\/\/www.visit-ulcinj.com\/blog\/","name":"Lajme nga Ulqini","description":"Lajme,Vijesti,Ulqini,Ulqin,Crna Gora,Mali i Zi","potentialAction":[{"@type":"SearchAction","target":{"@type":"EntryPoint","urlTemplate":"https:\/\/www.visit-ulcinj.com\/blog\/?s={search_term_string}"},"query-input":"required name=search_term_string"}],"inLanguage":"en-US"},{"@type":"ImageObject","inLanguage":"en-US","@id":"https:\/\/www.visit-ulcinj.com\/blog\/2013\/03\/27\/reshjet-e-shiut-perkeqesojne-situaten-ne-zonat-e-nenshkodres-video\/#primaryimage","url":"https:\/\/www.visit-ulcinj.com\/blog\/wp-content\/uploads\/2013\/03\/perbytjet-ne-shkoder.jpg","contentUrl":"https:\/\/www.visit-ulcinj.com\/blog\/wp-content\/uploads\/2013\/03\/perbytjet-ne-shkoder.jpg","width":800,"height":532},{"@type":"WebPage","@id":"https:\/\/www.visit-ulcinj.com\/blog\/2013\/03\/27\/reshjet-e-shiut-perkeqesojne-situaten-ne-zonat-e-nenshkodres-video\/#webpage","url":"https:\/\/www.visit-ulcinj.com\/blog\/2013\/03\/27\/reshjet-e-shiut-perkeqesojne-situaten-ne-zonat-e-nenshkodres-video\/","name":"Reshjet e shiut p\u00ebrkeq\u00ebsojn\u00eb situat\u00ebn n\u00eb zonat e N\u00ebnshkodr\u00ebs - Video - Lajme nga Ulqini","isPartOf":{"@id":"https:\/\/www.visit-ulcinj.com\/blog\/#website"},"primaryImageOfPage":{"@id":"https:\/\/www.visit-ulcinj.com\/blog\/2013\/03\/27\/reshjet-e-shiut-perkeqesojne-situaten-ne-zonat-e-nenshkodres-video\/#primaryimage"},"datePublished":"2013-03-27T14:00:17+00:00","dateModified":"2013-03-27T14:00:36+00:00","author":{"@id":"https:\/\/www.visit-ulcinj.com\/blog\/#\/schema\/person\/dcab619c614d3038751c63bc2aadc06d"},"description":"Reshjet e dendura q\u00eb kan\u00eb r\u00ebn\u00eb gjat\u00eb dy dit\u00ebve t\u00eb fundit kan\u00eb p\u00ebrkeq\u00ebsuar situat\u00ebn e p\u00ebrmbytjeve n\u00eb Qarkun e Shkodr\u00ebs. Krahas problemeve q\u00eb ekzistonin, si","breadcrumb":{"@id":"https:\/\/www.visit-ulcinj.com\/blog\/2013\/03\/27\/reshjet-e-shiut-perkeqesojne-situaten-ne-zonat-e-nenshkodres-video\/#breadcrumb"},"inLanguage":"en-US","potentialAction":[{"@type":"ReadAction","target":["https:\/\/www.visit-ulcinj.com\/blog\/2013\/03\/27\/reshjet-e-shiut-perkeqesojne-situaten-ne-zonat-e-nenshkodres-video\/"]}]},{"@type":"BreadcrumbList","@id":"https:\/\/www.visit-ulcinj.com\/blog\/2013\/03\/27\/reshjet-e-shiut-perkeqesojne-situaten-ne-zonat-e-nenshkodres-video\/#breadcrumb","itemListElement":[{"@type":"ListItem","position":1,"name":"Reshjet e shiut p\u00ebrkeq\u00ebsojn\u00eb situat\u00ebn n\u00eb zonat e N\u00ebnshkodr\u00ebs &#8211; Video"}]},{"@type":"Person","@id":"https:\/\/www.visit-ulcinj.com\/blog\/#\/schema\/person\/dcab619c614d3038751c63bc2aadc06d","name":"ulqini","sameAs":["http:\/\/www.visit-ulcinj.com"],"url":"https:\/\/www.visit-ulcinj.com\/blog\/author\/admin\/"}]}},"jetpack_featured_media_url":"","jetpack_sharing_enabled":true,"jetpack_shortlink":"https:\/\/wp.me\/pe6lTn-idJ","_links":{"self":[{"href":"https:\/\/www.visit-ulcinj.com\/blog\/wp-json\/wp\/v2\/posts\/70043"}],"collection":[{"href":"https:\/\/www.visit-ulcinj.com\/blog\/wp-json\/wp\/v2\/posts"}],"about":[{"href":"https:\/\/www.visit-ulcinj.com\/blog\/wp-json\/wp\/v2\/types\/post"}],"author":[{"embeddable":true,"href":"https:\/\/www.visit-ulcinj.com\/blog\/wp-json\/wp\/v2\/users\/1"}],"replies":[{"embeddable":true,"href":"https:\/\/www.visit-ulcinj.com\/blog\/wp-json\/wp\/v2\/comments?post=70043"}],"version-history":[{"count":3,"href":"https:\/\/www.visit-ulcinj.com\/blog\/wp-json\/wp\/v2\/posts\/70043\/revisions"}],"predecessor-version":[{"id":70047,"href":"https:\/\/www.visit-ulcinj.com\/blog\/wp-json\/wp\/v2\/posts\/70043\/revisions\/70047"}],"wp:attachment":[{"href":"https:\/\/www.visit-ulcinj.com\/blog\/wp-json\/wp\/v2\/media?parent=70043"}],"wp:term":[{"taxonomy":"category","embeddable":true,"href":"https:\/\/www.visit-ulcinj.com\/blog\/wp-json\/wp\/v2\/categories?post=70043"},{"taxonomy":"post_tag","embeddable":true,"href":"https:\/\/www.visit-ulcinj.com\/blog\/wp-json\/wp\/v2\/tags?post=70043"}],"curies":[{"name":"wp","href":"https:\/\/api.w.org\/{rel}","templated":true}]}}