{"id":70049,"date":"2013-03-27T16:11:23","date_gmt":"2013-03-27T15:11:23","guid":{"rendered":"http:\/\/www.visit-ulcinj.com\/blog\/?p=70049"},"modified":"2013-03-27T16:13:41","modified_gmt":"2013-03-27T15:13:41","slug":"forca-telegram-urimi-ali-ahmetit-te-bdi-se","status":"publish","type":"post","link":"https:\/\/www.visit-ulcinj.com\/blog\/2013\/03\/27\/forca-telegram-urimi-ali-ahmetit-te-bdi-se\/","title":{"rendered":"Forca: Telegram urimi Ali Ahmetit t\u00eb BDI-s\u00eb"},"content":{"rendered":"<p><strong>FORCA E RE DEMOKRATIKE<a href=\"http:\/\/www.visit-ulcinj.com\/blog\/wp-content\/uploads\/2013\/03\/FORCA-E-RE-DEMOKRATIKE-_logo.jpg\"><img loading=\"lazy\" class=\" wp-image-70050 alignleft\" alt=\"FORCA E RE DEMOKRATIKE _logo\" src=\"http:\/\/www.visit-ulcinj.com\/blog\/wp-content\/uploads\/2013\/03\/FORCA-E-RE-DEMOKRATIKE-_logo.jpg\" width=\"240\" height=\"200\" \/><\/a><\/strong><\/p>\n<p><strong>NOVA DEMOKRATSKA SNAGA<\/strong><\/p>\n<p>Bul. Skenderbeupn\/bb 85360 Ulqin\/Ulcinj<\/p>\n<p>Tel:. +382 030 401 760 Fax:; +382 030 401 761<\/p>\n<p><strong><a href=\"mailto: www.forca.me\" target=\"_blank\">www.forca.me<\/a>, <a href=\"www.forca.me\" target=\"_blank\">www.forca.me<\/a><\/strong><\/p>\n<p>&nbsp;<\/p>\n<p align=\"right\">Ulqin me 27.03.2013<\/p>\n<p align=\"right\">Nr.27 \/13<\/p>\n<p>&nbsp;<\/p>\n<p><b>BASHKIMI DEMOKRATIK PER INTEGRIM<\/b><\/p>\n<p><b>Kryetarit z. Ali Ahmeti<\/b><\/p>\n<p>I nderuari zoteri Ahmeti<\/p>\n<p>&nbsp;<\/p>\n<p>Me shum\u00eb vemendje kemi p\u00ebrcjellur procesin zgjedhor ne Maqedoni, me interesim t\u00eb posa\u00e7\u00ebm p\u00ebr partit\u00eb shqiptare. Me\u00a0 shum\u00eb k\u00ebnaq\u00ebsi e pranuam lajmin p\u00ebr fitoren e partis\u00eb Tuaj dhe suksesin e arritur ne k\u00ebto zgjedhje lokale, sidomos n\u00eb Komun\u00ebn e K\u00ebr\u00e7ov\u00ebs ku pas 70 vitesh do te drejtohet nga shqiptaret.<\/p>\n<p>Prandaj, n\u00eb em\u00ebr t\u00eb Partis\u00eb FORCA dhe n\u00eb emrin tim personal ju uroj Juve dhe t\u00eb gjith\u00eb shqiptar\u00ebve n\u00eb Maqedoni k\u00ebt\u00eb fitore t\u00eb madhe dhe ju d\u00ebshirojm\u00eb suksese t\u00eb m\u00ebtejme n\u00eb procesin e zhvillimit demokratik t\u00eb shqiptar\u00ebve n\u00eb Maqedoni, duke shpresuar q\u00eb n\u00eb t\u00eb ardhmen bashk\u00ebpunimi partiak n\u00eb mes t\u00eb BDI-se dhe FORCES do t\u00eb ngritet n\u00eb nivel edhe m\u00eb t\u00eb lart\u00eb.<\/p>\n<p>&nbsp;<\/p>\n<p><strong>Me rrespekt<\/strong><\/p>\n<p><strong>Kryetari i Forces se Re Demokratike<\/strong><\/p>\n<p><strong>Nazif Cungu<\/strong><\/p>\n<p><a href=\"http:\/\/www.visit-ulcinj.com\/blog\/wp-content\/uploads\/2013\/03\/FORCA-E-RE-DEMOKRATIKE-_nenshkrimi-Nazif-Cungu.jpg\"><img loading=\"lazy\" class=\"alignleft size-full wp-image-70051\" alt=\"FORCA E RE DEMOKRATIKE _nenshkrimi Nazif Cungu\" src=\"http:\/\/www.visit-ulcinj.com\/blog\/wp-content\/uploads\/2013\/03\/FORCA-E-RE-DEMOKRATIKE-_nenshkrimi-Nazif-Cungu.jpg\" width=\"194\" height=\"117\" \/><\/a><\/p>\n<p>&nbsp;<\/p>\n","protected":false},"excerpt":{"rendered":"<p>FORCA E RE DEMOKRATIKE NOVA DEMOKRATSKA SNAGA Bul. Skenderbeupn\/bb 85360 Ulqin\/Ulcinj Tel:. +382 030 401 760 Fax:; +382 030 401 761 www.forca.me, www.forca.me &nbsp; Ulqin me 27.03.2013 Nr.27 \/13 &nbsp; BASHKIMI DEMOKRATIK PER INTEGRIM Kryetarit z. Ali Ahmeti I nderuari zoteri Ahmeti &nbsp; Me shum\u00eb vemendje kemi p\u00ebrcjellur procesin zgjedhor ne Maqedoni, me interesim t\u00eb [&hellip;]<\/p>\n","protected":false},"author":1,"featured_media":0,"comment_status":"open","ping_status":"closed","sticky":false,"template":"","format":"standard","meta":{"spay_email":"","jetpack_publicize_message":"","jetpack_is_tweetstorm":false,"jetpack_publicize_feature_enabled":true},"categories":[12],"tags":[874,21956,200,18],"jetpack_publicize_connections":[],"yoast_head":"<!-- This site is optimized with the Yoast SEO plugin v19.1 - https:\/\/yoast.com\/wordpress\/plugins\/seo\/ -->\n<title>Forca: Telegram urimi Ali Ahmetit t\u00eb BDI-s\u00eb - Lajme nga Ulqini<\/title>\n<meta name=\"description\" content=\"FORCA E RE DEMOKRATIKE NOVA DEMOKRATSKA SNAGA Bul. Skenderbeupn\/bb 85360 Ulqin\/Ulcinj Tel:. +382 030 401 760 Fax:; +382 030 401 761 www.forca.me,\" \/>\n<meta name=\"robots\" content=\"index, follow, max-snippet:-1, max-image-preview:large, max-video-preview:-1\" \/>\n<link rel=\"canonical\" href=\"https:\/\/www.visit-ulcinj.com\/blog\/2013\/03\/27\/forca-telegram-urimi-ali-ahmetit-te-bdi-se\/\" \/>\n<meta property=\"og:locale\" content=\"en_US\" \/>\n<meta property=\"og:type\" content=\"article\" \/>\n<meta property=\"og:title\" content=\"Forca: Telegram urimi Ali Ahmetit t\u00eb BDI-s\u00eb - Lajme nga Ulqini\" \/>\n<meta property=\"og:description\" content=\"FORCA E RE DEMOKRATIKE NOVA DEMOKRATSKA SNAGA Bul. Skenderbeupn\/bb 85360 Ulqin\/Ulcinj Tel:. +382 030 401 760 Fax:; +382 030 401 761 www.forca.me,\" \/>\n<meta property=\"og:url\" content=\"https:\/\/www.visit-ulcinj.com\/blog\/2013\/03\/27\/forca-telegram-urimi-ali-ahmetit-te-bdi-se\/\" \/>\n<meta property=\"og:site_name\" content=\"Lajme nga Ulqini\" \/>\n<meta property=\"article:published_time\" content=\"2013-03-27T15:11:23+00:00\" \/>\n<meta property=\"article:modified_time\" content=\"2013-03-27T15:13:41+00:00\" \/>\n<meta property=\"og:image\" content=\"http:\/\/www.visit-ulcinj.com\/blog\/wp-content\/uploads\/2013\/03\/FORCA-E-RE-DEMOKRATIKE-_logo.jpg\" \/>\n<meta name=\"twitter:label1\" content=\"Written by\" \/>\n\t<meta name=\"twitter:data1\" content=\"ulqini\" \/>\n\t<meta name=\"twitter:label2\" content=\"Est. reading time\" \/>\n\t<meta name=\"twitter:data2\" content=\"1 minute\" \/>\n<script type=\"application\/ld+json\" class=\"yoast-schema-graph\">{\"@context\":\"https:\/\/schema.org\",\"@graph\":[{\"@type\":\"WebSite\",\"@id\":\"https:\/\/www.visit-ulcinj.com\/blog\/#website\",\"url\":\"https:\/\/www.visit-ulcinj.com\/blog\/\",\"name\":\"Lajme nga Ulqini\",\"description\":\"Lajme,Vijesti,Ulqini,Ulqin,Crna Gora,Mali i Zi\",\"potentialAction\":[{\"@type\":\"SearchAction\",\"target\":{\"@type\":\"EntryPoint\",\"urlTemplate\":\"https:\/\/www.visit-ulcinj.com\/blog\/?s={search_term_string}\"},\"query-input\":\"required name=search_term_string\"}],\"inLanguage\":\"en-US\"},{\"@type\":\"ImageObject\",\"inLanguage\":\"en-US\",\"@id\":\"https:\/\/www.visit-ulcinj.com\/blog\/2013\/03\/27\/forca-telegram-urimi-ali-ahmetit-te-bdi-se\/#primaryimage\",\"url\":\"https:\/\/www.visit-ulcinj.com\/blog\/wp-content\/uploads\/2013\/03\/FORCA-E-RE-DEMOKRATIKE-_logo.jpg\",\"contentUrl\":\"https:\/\/www.visit-ulcinj.com\/blog\/wp-content\/uploads\/2013\/03\/FORCA-E-RE-DEMOKRATIKE-_logo.jpg\",\"width\":173,\"height\":148},{\"@type\":\"WebPage\",\"@id\":\"https:\/\/www.visit-ulcinj.com\/blog\/2013\/03\/27\/forca-telegram-urimi-ali-ahmetit-te-bdi-se\/#webpage\",\"url\":\"https:\/\/www.visit-ulcinj.com\/blog\/2013\/03\/27\/forca-telegram-urimi-ali-ahmetit-te-bdi-se\/\",\"name\":\"Forca: Telegram urimi Ali Ahmetit t\u00eb BDI-s\u00eb - Lajme nga Ulqini\",\"isPartOf\":{\"@id\":\"https:\/\/www.visit-ulcinj.com\/blog\/#website\"},\"primaryImageOfPage\":{\"@id\":\"https:\/\/www.visit-ulcinj.com\/blog\/2013\/03\/27\/forca-telegram-urimi-ali-ahmetit-te-bdi-se\/#primaryimage\"},\"datePublished\":\"2013-03-27T15:11:23+00:00\",\"dateModified\":\"2013-03-27T15:13:41+00:00\",\"author\":{\"@id\":\"https:\/\/www.visit-ulcinj.com\/blog\/#\/schema\/person\/dcab619c614d3038751c63bc2aadc06d\"},\"description\":\"FORCA E RE DEMOKRATIKE NOVA DEMOKRATSKA SNAGA Bul. Skenderbeupn\/bb 85360 Ulqin\/Ulcinj Tel:. +382 030 401 760 Fax:; +382 030 401 761 www.forca.me,\",\"breadcrumb\":{\"@id\":\"https:\/\/www.visit-ulcinj.com\/blog\/2013\/03\/27\/forca-telegram-urimi-ali-ahmetit-te-bdi-se\/#breadcrumb\"},\"inLanguage\":\"en-US\",\"potentialAction\":[{\"@type\":\"ReadAction\",\"target\":[\"https:\/\/www.visit-ulcinj.com\/blog\/2013\/03\/27\/forca-telegram-urimi-ali-ahmetit-te-bdi-se\/\"]}]},{\"@type\":\"BreadcrumbList\",\"@id\":\"https:\/\/www.visit-ulcinj.com\/blog\/2013\/03\/27\/forca-telegram-urimi-ali-ahmetit-te-bdi-se\/#breadcrumb\",\"itemListElement\":[{\"@type\":\"ListItem\",\"position\":1,\"name\":\"Forca: Telegram urimi Ali Ahmetit t\u00eb BDI-s\u00eb\"}]},{\"@type\":\"Person\",\"@id\":\"https:\/\/www.visit-ulcinj.com\/blog\/#\/schema\/person\/dcab619c614d3038751c63bc2aadc06d\",\"name\":\"ulqini\",\"sameAs\":[\"http:\/\/www.visit-ulcinj.com\"],\"url\":\"https:\/\/www.visit-ulcinj.com\/blog\/author\/admin\/\"}]}<\/script>\n<!-- \/ Yoast SEO plugin. -->","yoast_head_json":{"title":"Forca: Telegram urimi Ali Ahmetit t\u00eb BDI-s\u00eb - Lajme nga Ulqini","description":"FORCA E RE DEMOKRATIKE NOVA DEMOKRATSKA SNAGA Bul. Skenderbeupn\/bb 85360 Ulqin\/Ulcinj Tel:. +382 030 401 760 Fax:; +382 030 401 761 www.forca.me,","robots":{"index":"index","follow":"follow","max-snippet":"max-snippet:-1","max-image-preview":"max-image-preview:large","max-video-preview":"max-video-preview:-1"},"canonical":"https:\/\/www.visit-ulcinj.com\/blog\/2013\/03\/27\/forca-telegram-urimi-ali-ahmetit-te-bdi-se\/","og_locale":"en_US","og_type":"article","og_title":"Forca: Telegram urimi Ali Ahmetit t\u00eb BDI-s\u00eb - Lajme nga Ulqini","og_description":"FORCA E RE DEMOKRATIKE NOVA DEMOKRATSKA SNAGA Bul. Skenderbeupn\/bb 85360 Ulqin\/Ulcinj Tel:. +382 030 401 760 Fax:; +382 030 401 761 www.forca.me,","og_url":"https:\/\/www.visit-ulcinj.com\/blog\/2013\/03\/27\/forca-telegram-urimi-ali-ahmetit-te-bdi-se\/","og_site_name":"Lajme nga Ulqini","article_published_time":"2013-03-27T15:11:23+00:00","article_modified_time":"2013-03-27T15:13:41+00:00","og_image":[{"url":"http:\/\/www.visit-ulcinj.com\/blog\/wp-content\/uploads\/2013\/03\/FORCA-E-RE-DEMOKRATIKE-_logo.jpg"}],"twitter_misc":{"Written by":"ulqini","Est. reading time":"1 minute"},"schema":{"@context":"https:\/\/schema.org","@graph":[{"@type":"WebSite","@id":"https:\/\/www.visit-ulcinj.com\/blog\/#website","url":"https:\/\/www.visit-ulcinj.com\/blog\/","name":"Lajme nga Ulqini","description":"Lajme,Vijesti,Ulqini,Ulqin,Crna Gora,Mali i Zi","potentialAction":[{"@type":"SearchAction","target":{"@type":"EntryPoint","urlTemplate":"https:\/\/www.visit-ulcinj.com\/blog\/?s={search_term_string}"},"query-input":"required name=search_term_string"}],"inLanguage":"en-US"},{"@type":"ImageObject","inLanguage":"en-US","@id":"https:\/\/www.visit-ulcinj.com\/blog\/2013\/03\/27\/forca-telegram-urimi-ali-ahmetit-te-bdi-se\/#primaryimage","url":"https:\/\/www.visit-ulcinj.com\/blog\/wp-content\/uploads\/2013\/03\/FORCA-E-RE-DEMOKRATIKE-_logo.jpg","contentUrl":"https:\/\/www.visit-ulcinj.com\/blog\/wp-content\/uploads\/2013\/03\/FORCA-E-RE-DEMOKRATIKE-_logo.jpg","width":173,"height":148},{"@type":"WebPage","@id":"https:\/\/www.visit-ulcinj.com\/blog\/2013\/03\/27\/forca-telegram-urimi-ali-ahmetit-te-bdi-se\/#webpage","url":"https:\/\/www.visit-ulcinj.com\/blog\/2013\/03\/27\/forca-telegram-urimi-ali-ahmetit-te-bdi-se\/","name":"Forca: Telegram urimi Ali Ahmetit t\u00eb BDI-s\u00eb - Lajme nga Ulqini","isPartOf":{"@id":"https:\/\/www.visit-ulcinj.com\/blog\/#website"},"primaryImageOfPage":{"@id":"https:\/\/www.visit-ulcinj.com\/blog\/2013\/03\/27\/forca-telegram-urimi-ali-ahmetit-te-bdi-se\/#primaryimage"},"datePublished":"2013-03-27T15:11:23+00:00","dateModified":"2013-03-27T15:13:41+00:00","author":{"@id":"https:\/\/www.visit-ulcinj.com\/blog\/#\/schema\/person\/dcab619c614d3038751c63bc2aadc06d"},"description":"FORCA E RE DEMOKRATIKE NOVA DEMOKRATSKA SNAGA Bul. Skenderbeupn\/bb 85360 Ulqin\/Ulcinj Tel:. +382 030 401 760 Fax:; +382 030 401 761 www.forca.me,","breadcrumb":{"@id":"https:\/\/www.visit-ulcinj.com\/blog\/2013\/03\/27\/forca-telegram-urimi-ali-ahmetit-te-bdi-se\/#breadcrumb"},"inLanguage":"en-US","potentialAction":[{"@type":"ReadAction","target":["https:\/\/www.visit-ulcinj.com\/blog\/2013\/03\/27\/forca-telegram-urimi-ali-ahmetit-te-bdi-se\/"]}]},{"@type":"BreadcrumbList","@id":"https:\/\/www.visit-ulcinj.com\/blog\/2013\/03\/27\/forca-telegram-urimi-ali-ahmetit-te-bdi-se\/#breadcrumb","itemListElement":[{"@type":"ListItem","position":1,"name":"Forca: Telegram urimi Ali Ahmetit t\u00eb BDI-s\u00eb"}]},{"@type":"Person","@id":"https:\/\/www.visit-ulcinj.com\/blog\/#\/schema\/person\/dcab619c614d3038751c63bc2aadc06d","name":"ulqini","sameAs":["http:\/\/www.visit-ulcinj.com"],"url":"https:\/\/www.visit-ulcinj.com\/blog\/author\/admin\/"}]}},"jetpack_featured_media_url":"","jetpack_sharing_enabled":true,"jetpack_shortlink":"https:\/\/wp.me\/pe6lTn-idP","_links":{"self":[{"href":"https:\/\/www.visit-ulcinj.com\/blog\/wp-json\/wp\/v2\/posts\/70049"}],"collection":[{"href":"https:\/\/www.visit-ulcinj.com\/blog\/wp-json\/wp\/v2\/posts"}],"about":[{"href":"https:\/\/www.visit-ulcinj.com\/blog\/wp-json\/wp\/v2\/types\/post"}],"author":[{"embeddable":true,"href":"https:\/\/www.visit-ulcinj.com\/blog\/wp-json\/wp\/v2\/users\/1"}],"replies":[{"embeddable":true,"href":"https:\/\/www.visit-ulcinj.com\/blog\/wp-json\/wp\/v2\/comments?post=70049"}],"version-history":[{"count":4,"href":"https:\/\/www.visit-ulcinj.com\/blog\/wp-json\/wp\/v2\/posts\/70049\/revisions"}],"predecessor-version":[{"id":70055,"href":"https:\/\/www.visit-ulcinj.com\/blog\/wp-json\/wp\/v2\/posts\/70049\/revisions\/70055"}],"wp:attachment":[{"href":"https:\/\/www.visit-ulcinj.com\/blog\/wp-json\/wp\/v2\/media?parent=70049"}],"wp:term":[{"taxonomy":"category","embeddable":true,"href":"https:\/\/www.visit-ulcinj.com\/blog\/wp-json\/wp\/v2\/categories?post=70049"},{"taxonomy":"post_tag","embeddable":true,"href":"https:\/\/www.visit-ulcinj.com\/blog\/wp-json\/wp\/v2\/tags?post=70049"}],"curies":[{"name":"wp","href":"https:\/\/api.w.org\/{rel}","templated":true}]}}