{"id":70056,"date":"2013-03-27T19:03:13","date_gmt":"2013-03-27T18:03:13","guid":{"rendered":"http:\/\/www.visit-ulcinj.com\/blog\/?p=70056"},"modified":"2013-03-28T14:30:37","modified_gmt":"2013-03-28T13:30:37","slug":"dy-kosovare-vdesin-ne-mal-te-zi-video","status":"publish","type":"post","link":"https:\/\/www.visit-ulcinj.com\/blog\/2013\/03\/27\/dy-kosovare-vdesin-ne-mal-te-zi-video\/","title":{"rendered":"Dy kosovar\u00eb vdesin n\u00eb Mal t\u00eb Zi &#8211; Video"},"content":{"rendered":"<div id=\"attachment_70057\" style=\"width: 518px\" class=\"wp-caption alignleft\"><a href=\"http:\/\/www.visit-ulcinj.com\/blog\/wp-content\/uploads\/2013\/03\/Tragjedia-ne-Sutomore-2-kosovar-te-vdekur.jpg\"><img aria-describedby=\"caption-attachment-70057\" loading=\"lazy\" class=\" wp-image-70057\" alt=\"Tragjedia ne Sutomore - 2 kosovar te vdekur\" src=\"http:\/\/www.visit-ulcinj.com\/blog\/wp-content\/uploads\/2013\/03\/Tragjedia-ne-Sutomore-2-kosovar-te-vdekur.jpg\" width=\"508\" height=\"360\" \/><\/a><p id=\"caption-attachment-70057\" class=\"wp-caption-text\">Foto: Vijesti<\/p><\/div>\n<p>Dy kosovar\u00eb kan\u00eb humbur jet\u00ebn dhe tre t\u00eb tjer\u00eb jan\u00eb l\u00ebnduar n\u00eb Sutomore t\u00eb Malit t\u00eb Zi, si pasoj\u00eb e rr\u00ebshqitjes s\u00eb dheut n\u00eb punishten ku ishin angazhuar. Televizioni publik malazez, ka b\u00ebr\u00eb t\u00eb ditur se n\u00eb aksidentin q\u00eb ka ndodhur pran\u00eb hotelit \u201cKorali\u201d kan\u00eb p\u00ebsuar Rushit Ibra dhe Ekrem Bytyqi, derisa n\u00eb spitalin e Tivarit, n\u00eb gjendje jasht\u00eb rreziku p\u00ebr jet\u00eb jan\u00eb shtrir\u00eb Sokol Bytyqi, Asllan Dulaj dhe Mustaf\u00eb Ibra, q\u00eb t\u00eb gjith\u00eb nga Prizreni.<br \/>\nAksidenti ndodhi kur nga rr\u00ebshqitja e dheut u shemb nj\u00eb mur gjat\u00eb nd\u00ebrrtimit t\u00eb objektit pes\u00ebkat\u00ebsh, q\u00eb po realizohet nga kompania \u201cKalamper\u201d.<br \/>\nKlan Kosova nuk ka arritur t\u00eb konfirmoj\u00eb lajmin nga burime zyrtare n\u00eb Prizren.<\/p>\n<p><strong>KlanKosova<br \/>\n<object style=\"width: 340px; height: 320px;\" type=\"application\/x-oleobject\" classid=\"CLSID:6BF52A52-394A-11d3-B153-00C04F79FAA6\"><param value=\"http:\/\/videos.klankosova.com\/lajme\/Lajmet_20h_2603.wmv\" name=\"URL\"><param value=\"1\" name=\"stretchToFit\"><param value=\"1\" name=\"showControls\"><param value=\"0\" name=\"showStatusBar\"><param value=\"1\" name=\"animationAtStart\"><param value=\"0\" name=\"autoStart\"><param value=\"1\" name=\"enableFullScreenControls\"><\/object><br \/>\n<\/strong><\/p>\n<p><iframe loading=\"lazy\" src=\"http:\/\/www.youtube.com\/embed\/w2T_UxeMB-M\" height=\"360\" width=\"508\" allowfullscreen=\"\" frameborder=\"0\"><\/iframe><\/p>\n","protected":false},"excerpt":{"rendered":"<p>Dy kosovar\u00eb kan\u00eb humbur jet\u00ebn dhe tre t\u00eb tjer\u00eb jan\u00eb l\u00ebnduar n\u00eb Sutomore t\u00eb Malit t\u00eb Zi, si pasoj\u00eb e rr\u00ebshqitjes s\u00eb dheut n\u00eb punishten ku ishin angazhuar. Televizioni publik malazez, ka b\u00ebr\u00eb t\u00eb ditur se n\u00eb aksidentin q\u00eb ka ndodhur pran\u00eb hotelit \u201cKorali\u201d kan\u00eb p\u00ebsuar Rushit Ibra dhe Ekrem Bytyqi, derisa n\u00eb spitalin e [&hellip;]<\/p>\n","protected":false},"author":1,"featured_media":0,"comment_status":"open","ping_status":"closed","sticky":false,"template":"","format":"standard","meta":{"spay_email":"","jetpack_publicize_message":"","jetpack_is_tweetstorm":false,"jetpack_publicize_feature_enabled":true},"categories":[1,6950],"tags":[21957,3383,21958],"jetpack_publicize_connections":[],"yoast_head":"<!-- This site is optimized with the Yoast SEO plugin v19.1 - https:\/\/yoast.com\/wordpress\/plugins\/seo\/ -->\n<title>Dy kosovar\u00eb vdesin n\u00eb Mal t\u00eb Zi - Video - Lajme nga Ulqini<\/title>\n<meta name=\"description\" content=\"Dy kosovar\u00eb kan\u00eb humbur jet\u00ebn dhe tre t\u00eb tjer\u00eb jan\u00eb l\u00ebnduar n\u00eb Sutomore t\u00eb Malit t\u00eb Zi, si pasoj\u00eb e rr\u00ebshqitjes s\u00eb dheut n\u00eb punishten ku ishin angazhuar.\" \/>\n<meta name=\"robots\" content=\"index, follow, max-snippet:-1, max-image-preview:large, max-video-preview:-1\" \/>\n<link rel=\"canonical\" href=\"https:\/\/www.visit-ulcinj.com\/blog\/2013\/03\/27\/dy-kosovare-vdesin-ne-mal-te-zi-video\/\" \/>\n<meta property=\"og:locale\" content=\"en_US\" \/>\n<meta property=\"og:type\" content=\"article\" \/>\n<meta property=\"og:title\" content=\"Dy kosovar\u00eb vdesin n\u00eb Mal t\u00eb Zi - Video - Lajme nga Ulqini\" \/>\n<meta property=\"og:description\" content=\"Dy kosovar\u00eb kan\u00eb humbur jet\u00ebn dhe tre t\u00eb tjer\u00eb jan\u00eb l\u00ebnduar n\u00eb Sutomore t\u00eb Malit t\u00eb Zi, si pasoj\u00eb e rr\u00ebshqitjes s\u00eb dheut n\u00eb punishten ku ishin angazhuar.\" \/>\n<meta property=\"og:url\" content=\"https:\/\/www.visit-ulcinj.com\/blog\/2013\/03\/27\/dy-kosovare-vdesin-ne-mal-te-zi-video\/\" \/>\n<meta property=\"og:site_name\" content=\"Lajme nga Ulqini\" \/>\n<meta property=\"article:published_time\" content=\"2013-03-27T18:03:13+00:00\" \/>\n<meta property=\"article:modified_time\" content=\"2013-03-28T13:30:37+00:00\" \/>\n<meta property=\"og:image\" content=\"http:\/\/www.visit-ulcinj.com\/blog\/wp-content\/uploads\/2013\/03\/Tragjedia-ne-Sutomore-2-kosovar-te-vdekur.jpg\" \/>\n<meta name=\"twitter:label1\" content=\"Written by\" \/>\n\t<meta name=\"twitter:data1\" content=\"ulqini\" \/>\n\t<meta name=\"twitter:label2\" content=\"Est. reading time\" \/>\n\t<meta name=\"twitter:data2\" content=\"1 minute\" \/>\n<script type=\"application\/ld+json\" class=\"yoast-schema-graph\">{\"@context\":\"https:\/\/schema.org\",\"@graph\":[{\"@type\":\"WebSite\",\"@id\":\"https:\/\/www.visit-ulcinj.com\/blog\/#website\",\"url\":\"https:\/\/www.visit-ulcinj.com\/blog\/\",\"name\":\"Lajme nga Ulqini\",\"description\":\"Lajme,Vijesti,Ulqini,Ulqin,Crna Gora,Mali i Zi\",\"potentialAction\":[{\"@type\":\"SearchAction\",\"target\":{\"@type\":\"EntryPoint\",\"urlTemplate\":\"https:\/\/www.visit-ulcinj.com\/blog\/?s={search_term_string}\"},\"query-input\":\"required name=search_term_string\"}],\"inLanguage\":\"en-US\"},{\"@type\":\"ImageObject\",\"inLanguage\":\"en-US\",\"@id\":\"https:\/\/www.visit-ulcinj.com\/blog\/2013\/03\/27\/dy-kosovare-vdesin-ne-mal-te-zi-video\/#primaryimage\",\"url\":\"https:\/\/www.visit-ulcinj.com\/blog\/wp-content\/uploads\/2013\/03\/Tragjedia-ne-Sutomore-2-kosovar-te-vdekur.jpg\",\"contentUrl\":\"https:\/\/www.visit-ulcinj.com\/blog\/wp-content\/uploads\/2013\/03\/Tragjedia-ne-Sutomore-2-kosovar-te-vdekur.jpg\",\"width\":1000,\"height\":662},{\"@type\":\"WebPage\",\"@id\":\"https:\/\/www.visit-ulcinj.com\/blog\/2013\/03\/27\/dy-kosovare-vdesin-ne-mal-te-zi-video\/#webpage\",\"url\":\"https:\/\/www.visit-ulcinj.com\/blog\/2013\/03\/27\/dy-kosovare-vdesin-ne-mal-te-zi-video\/\",\"name\":\"Dy kosovar\u00eb vdesin n\u00eb Mal t\u00eb Zi - Video - Lajme nga Ulqini\",\"isPartOf\":{\"@id\":\"https:\/\/www.visit-ulcinj.com\/blog\/#website\"},\"primaryImageOfPage\":{\"@id\":\"https:\/\/www.visit-ulcinj.com\/blog\/2013\/03\/27\/dy-kosovare-vdesin-ne-mal-te-zi-video\/#primaryimage\"},\"datePublished\":\"2013-03-27T18:03:13+00:00\",\"dateModified\":\"2013-03-28T13:30:37+00:00\",\"author\":{\"@id\":\"https:\/\/www.visit-ulcinj.com\/blog\/#\/schema\/person\/dcab619c614d3038751c63bc2aadc06d\"},\"description\":\"Dy kosovar\u00eb kan\u00eb humbur jet\u00ebn dhe tre t\u00eb tjer\u00eb jan\u00eb l\u00ebnduar n\u00eb Sutomore t\u00eb Malit t\u00eb Zi, si pasoj\u00eb e rr\u00ebshqitjes s\u00eb dheut n\u00eb punishten ku ishin angazhuar.\",\"breadcrumb\":{\"@id\":\"https:\/\/www.visit-ulcinj.com\/blog\/2013\/03\/27\/dy-kosovare-vdesin-ne-mal-te-zi-video\/#breadcrumb\"},\"inLanguage\":\"en-US\",\"potentialAction\":[{\"@type\":\"ReadAction\",\"target\":[\"https:\/\/www.visit-ulcinj.com\/blog\/2013\/03\/27\/dy-kosovare-vdesin-ne-mal-te-zi-video\/\"]}]},{\"@type\":\"BreadcrumbList\",\"@id\":\"https:\/\/www.visit-ulcinj.com\/blog\/2013\/03\/27\/dy-kosovare-vdesin-ne-mal-te-zi-video\/#breadcrumb\",\"itemListElement\":[{\"@type\":\"ListItem\",\"position\":1,\"name\":\"Dy kosovar\u00eb vdesin n\u00eb Mal t\u00eb Zi &#8211; Video\"}]},{\"@type\":\"Person\",\"@id\":\"https:\/\/www.visit-ulcinj.com\/blog\/#\/schema\/person\/dcab619c614d3038751c63bc2aadc06d\",\"name\":\"ulqini\",\"sameAs\":[\"http:\/\/www.visit-ulcinj.com\"],\"url\":\"https:\/\/www.visit-ulcinj.com\/blog\/author\/admin\/\"}]}<\/script>\n<!-- \/ Yoast SEO plugin. -->","yoast_head_json":{"title":"Dy kosovar\u00eb vdesin n\u00eb Mal t\u00eb Zi - Video - Lajme nga Ulqini","description":"Dy kosovar\u00eb kan\u00eb humbur jet\u00ebn dhe tre t\u00eb tjer\u00eb jan\u00eb l\u00ebnduar n\u00eb Sutomore t\u00eb Malit t\u00eb Zi, si pasoj\u00eb e rr\u00ebshqitjes s\u00eb dheut n\u00eb punishten ku ishin angazhuar.","robots":{"index":"index","follow":"follow","max-snippet":"max-snippet:-1","max-image-preview":"max-image-preview:large","max-video-preview":"max-video-preview:-1"},"canonical":"https:\/\/www.visit-ulcinj.com\/blog\/2013\/03\/27\/dy-kosovare-vdesin-ne-mal-te-zi-video\/","og_locale":"en_US","og_type":"article","og_title":"Dy kosovar\u00eb vdesin n\u00eb Mal t\u00eb Zi - Video - Lajme nga Ulqini","og_description":"Dy kosovar\u00eb kan\u00eb humbur jet\u00ebn dhe tre t\u00eb tjer\u00eb jan\u00eb l\u00ebnduar n\u00eb Sutomore t\u00eb Malit t\u00eb Zi, si pasoj\u00eb e rr\u00ebshqitjes s\u00eb dheut n\u00eb punishten ku ishin angazhuar.","og_url":"https:\/\/www.visit-ulcinj.com\/blog\/2013\/03\/27\/dy-kosovare-vdesin-ne-mal-te-zi-video\/","og_site_name":"Lajme nga Ulqini","article_published_time":"2013-03-27T18:03:13+00:00","article_modified_time":"2013-03-28T13:30:37+00:00","og_image":[{"url":"http:\/\/www.visit-ulcinj.com\/blog\/wp-content\/uploads\/2013\/03\/Tragjedia-ne-Sutomore-2-kosovar-te-vdekur.jpg"}],"twitter_misc":{"Written by":"ulqini","Est. reading time":"1 minute"},"schema":{"@context":"https:\/\/schema.org","@graph":[{"@type":"WebSite","@id":"https:\/\/www.visit-ulcinj.com\/blog\/#website","url":"https:\/\/www.visit-ulcinj.com\/blog\/","name":"Lajme nga Ulqini","description":"Lajme,Vijesti,Ulqini,Ulqin,Crna Gora,Mali i Zi","potentialAction":[{"@type":"SearchAction","target":{"@type":"EntryPoint","urlTemplate":"https:\/\/www.visit-ulcinj.com\/blog\/?s={search_term_string}"},"query-input":"required name=search_term_string"}],"inLanguage":"en-US"},{"@type":"ImageObject","inLanguage":"en-US","@id":"https:\/\/www.visit-ulcinj.com\/blog\/2013\/03\/27\/dy-kosovare-vdesin-ne-mal-te-zi-video\/#primaryimage","url":"https:\/\/www.visit-ulcinj.com\/blog\/wp-content\/uploads\/2013\/03\/Tragjedia-ne-Sutomore-2-kosovar-te-vdekur.jpg","contentUrl":"https:\/\/www.visit-ulcinj.com\/blog\/wp-content\/uploads\/2013\/03\/Tragjedia-ne-Sutomore-2-kosovar-te-vdekur.jpg","width":1000,"height":662},{"@type":"WebPage","@id":"https:\/\/www.visit-ulcinj.com\/blog\/2013\/03\/27\/dy-kosovare-vdesin-ne-mal-te-zi-video\/#webpage","url":"https:\/\/www.visit-ulcinj.com\/blog\/2013\/03\/27\/dy-kosovare-vdesin-ne-mal-te-zi-video\/","name":"Dy kosovar\u00eb vdesin n\u00eb Mal t\u00eb Zi - Video - Lajme nga Ulqini","isPartOf":{"@id":"https:\/\/www.visit-ulcinj.com\/blog\/#website"},"primaryImageOfPage":{"@id":"https:\/\/www.visit-ulcinj.com\/blog\/2013\/03\/27\/dy-kosovare-vdesin-ne-mal-te-zi-video\/#primaryimage"},"datePublished":"2013-03-27T18:03:13+00:00","dateModified":"2013-03-28T13:30:37+00:00","author":{"@id":"https:\/\/www.visit-ulcinj.com\/blog\/#\/schema\/person\/dcab619c614d3038751c63bc2aadc06d"},"description":"Dy kosovar\u00eb kan\u00eb humbur jet\u00ebn dhe tre t\u00eb tjer\u00eb jan\u00eb l\u00ebnduar n\u00eb Sutomore t\u00eb Malit t\u00eb Zi, si pasoj\u00eb e rr\u00ebshqitjes s\u00eb dheut n\u00eb punishten ku ishin angazhuar.","breadcrumb":{"@id":"https:\/\/www.visit-ulcinj.com\/blog\/2013\/03\/27\/dy-kosovare-vdesin-ne-mal-te-zi-video\/#breadcrumb"},"inLanguage":"en-US","potentialAction":[{"@type":"ReadAction","target":["https:\/\/www.visit-ulcinj.com\/blog\/2013\/03\/27\/dy-kosovare-vdesin-ne-mal-te-zi-video\/"]}]},{"@type":"BreadcrumbList","@id":"https:\/\/www.visit-ulcinj.com\/blog\/2013\/03\/27\/dy-kosovare-vdesin-ne-mal-te-zi-video\/#breadcrumb","itemListElement":[{"@type":"ListItem","position":1,"name":"Dy kosovar\u00eb vdesin n\u00eb Mal t\u00eb Zi &#8211; Video"}]},{"@type":"Person","@id":"https:\/\/www.visit-ulcinj.com\/blog\/#\/schema\/person\/dcab619c614d3038751c63bc2aadc06d","name":"ulqini","sameAs":["http:\/\/www.visit-ulcinj.com"],"url":"https:\/\/www.visit-ulcinj.com\/blog\/author\/admin\/"}]}},"jetpack_featured_media_url":"","jetpack_sharing_enabled":true,"jetpack_shortlink":"https:\/\/wp.me\/pe6lTn-idW","_links":{"self":[{"href":"https:\/\/www.visit-ulcinj.com\/blog\/wp-json\/wp\/v2\/posts\/70056"}],"collection":[{"href":"https:\/\/www.visit-ulcinj.com\/blog\/wp-json\/wp\/v2\/posts"}],"about":[{"href":"https:\/\/www.visit-ulcinj.com\/blog\/wp-json\/wp\/v2\/types\/post"}],"author":[{"embeddable":true,"href":"https:\/\/www.visit-ulcinj.com\/blog\/wp-json\/wp\/v2\/users\/1"}],"replies":[{"embeddable":true,"href":"https:\/\/www.visit-ulcinj.com\/blog\/wp-json\/wp\/v2\/comments?post=70056"}],"version-history":[{"count":9,"href":"https:\/\/www.visit-ulcinj.com\/blog\/wp-json\/wp\/v2\/posts\/70056\/revisions"}],"predecessor-version":[{"id":70088,"href":"https:\/\/www.visit-ulcinj.com\/blog\/wp-json\/wp\/v2\/posts\/70056\/revisions\/70088"}],"wp:attachment":[{"href":"https:\/\/www.visit-ulcinj.com\/blog\/wp-json\/wp\/v2\/media?parent=70056"}],"wp:term":[{"taxonomy":"category","embeddable":true,"href":"https:\/\/www.visit-ulcinj.com\/blog\/wp-json\/wp\/v2\/categories?post=70056"},{"taxonomy":"post_tag","embeddable":true,"href":"https:\/\/www.visit-ulcinj.com\/blog\/wp-json\/wp\/v2\/tags?post=70056"}],"curies":[{"name":"wp","href":"https:\/\/api.w.org\/{rel}","templated":true}]}}