{"id":7006,"date":"2008-12-09T14:42:32","date_gmt":"2008-12-09T13:42:32","guid":{"rendered":"http:\/\/www.visit-ulcinj.com\/blog\/?p=7006"},"modified":"2008-12-09T14:42:32","modified_gmt":"2008-12-09T13:42:32","slug":"predrag-jelusic-sniziti-cijene-karata","status":"publish","type":"post","link":"https:\/\/www.visit-ulcinj.com\/blog\/2008\/12\/09\/predrag-jelusic-sniziti-cijene-karata\/","title":{"rendered":"Predrag Jelu\u0161i?: Sniziti cijene karata"},"content":{"rendered":"<p><a href=\"http:\/\/www.visit-ulcinj.com\/blog\/wp-content\/uploads\/2008\/12\/predrag-jelusic.jpg\"><img loading=\"lazy\" class=\"alignleft size-medium wp-image-7007\" title=\"predrag-jelusic\" src=\"http:\/\/www.visit-ulcinj.com\/blog\/wp-content\/uploads\/2008\/12\/predrag-jelusic-213x300.jpg\" alt=\"\" width=\"213\" height=\"300\" srcset=\"https:\/\/www.visit-ulcinj.com\/blog\/wp-content\/uploads\/2008\/12\/predrag-jelusic-213x300.jpg 213w, https:\/\/www.visit-ulcinj.com\/blog\/wp-content\/uploads\/2008\/12\/predrag-jelusic.jpg 392w\" sizes=\"(max-width: 213px) 100vw, 213px\" \/><\/a>Tivat &#8211; Predsjednik Crnogorskog turisti?kog udru\u017eenja i direktor tivatskog HTP Primorje Predrag Jelu\u0161i?, pozvao je dr\u017eavnu aviokompaniju Montengro erlajnz \u201cda u zajedni?kim naporima usmjerenim na zadr\u017eavanje uspje\u0161nosti turisti?ke sezone u Crnoj Gori naredne godine, bude kooperativnija prema turisti?koj privredi\u201d.<br \/>\nAvio-prevoz je od izuzetne va\u017enosti za dolazak stranih turista u Crnu Goru imaju?i u vidu veoma lo\u0161e stanje na\u0161e putne i \u017eeljezni?ke infrastrukture, pa su u uslovima narastaju?e globalne ekonomske krize, tro\u0161kovi avio-karata veoma zna?ajni za ukupnu cijenu jednog turisti?kog aran\u017emana.<\/p>\n<p>Jelu\u0161i? je podsjetio da je nedavno u Ministarstvu turizma odr\u017ean sastanak predstavnika turisti?ke privrede, tog ministarstva i Montenegro erlajnza kako bi se na\u0161ao model \u201epo kome bi ta kompanija bila vi\u0161e kooperativna prema turisti?koj privredi\u201c.<\/p>\n<p>&#8211; Prosto, poku\u0161avamo da napravimo neke paket-aran\u017emane koji podrazumijevaju jeftiniju cijenu avio-karte nego \u0161to je ona sada da bismo uspjeli da animiramo evidentno smanjenu turisti?ku tra\u017enju u naredoj godini, odnosno da na najjednostavniji na?in privu?emo goste i u?inimo im Crnu Goru dostupnom &#8211; kazao je \u201eVijestima\u201c predsjednik CTU.<\/p>\n<p>&#8211; Cijena povratne karte u ?arter-prevozu sa kojom se barata za Zapadnu Evropu i Skandinaviju, od 250 eura, jeste neka cijena koju bi gosti u nekom paket-aran\u017emanu mogli da plate, ali mislim da tu jo\u0161 realno ima prostora za sni\u017eavanje. Zbog toga je i dobro da imamo taj direktni kontakt i \u201epregovara?ki link\u201c hotelijera sa Montenegro erlajnzom. Poku\u0161a?emo da uskladimo cjenovnu politiku hotelijera i cjenovnu politiku Montenegro erlajnza i u?inimo prilagodljivom i \u0161to prihvatljivijom za na\u0161e potencijalne goste, pogotovo za organizovane grupe turista &#8211; kazao je Jelu\u0161i?, dodaju?i da je to posebno bitno za period pred i nakon glavne ljetnje sezone \u201ekada prakti?no svaki hotelijer \u017eivi od tih organizovanih skupova, kongresnog turizma i sli?no\u201c.<\/p>\n<p>Sama ljetnja sezona nije toliko problemati?na sa stanovi\u0161ta tro\u0161kova avio-prevoza, jer tada ve?ina turista, koje u Crnu Goru dovode veliki strani tur-operatori, ionako ne sti\u017ee Montenegro erlajnzom, ve? posebnim ?arter-letovima u organizaciji samih tur-operatora. Predsjednik CTU smatra da crnogorska dr\u017eavna aviokompanija, imaju?i u vidu drasti?an pad cijena goriva i smanjenje tro\u0161kova hendlinga i lendinga na zapadnoevropskim aerodromima, ima prostora da smanji cijene karata za turiste.<a href=\"http:\/\/www.visit-ulcinj.com\/blog\/wp-content\/uploads\/2008\/11\/montenegro_airlines.jpg\"><img loading=\"lazy\" class=\"size-medium wp-image-6106 alignright\" title=\"montenegro_airlines\" src=\"http:\/\/www.visit-ulcinj.com\/blog\/wp-content\/uploads\/2008\/11\/montenegro_airlines-300x153.jpg\" alt=\"\" width=\"300\" height=\"153\" srcset=\"https:\/\/www.visit-ulcinj.com\/blog\/wp-content\/uploads\/2008\/11\/montenegro_airlines-300x153.jpg 300w, https:\/\/www.visit-ulcinj.com\/blog\/wp-content\/uploads\/2008\/11\/montenegro_airlines.jpg 488w\" sizes=\"(max-width: 300px) 100vw, 300px\" \/><\/a><\/p>\n<p>&#8211; Za o?ekivati je da Montenegro erlajnz pomogne turisti?koj privredi smanjenjem cijene karata &#8211; kazao je Jelu\u0161i?, podsje?aju?i da je Vlada ve? indirektno dotirala tu aviokompaniju da otvori nove linije za Milano i London i pove?a broj rotacija na nekim drugim destinacijama.<br \/>\nNa pitanje da li turisti?ka privreda razmi\u0161lja o eventualnom osnivanju sopstvene aviokompanije, Jelu\u0161i? je kazao da takav primjer ve? postoji u najbli\u017eem susjedstvu gdje su turisti?ki poslenici dubrova?ke regije osnovali uspje\u0161nu kompaniju Dubrovnik Airline.<\/p>\n<p>&#8211; Mislim da je konkurencija uvijek zdrava pojava, samo treba vidjeti pod kojim uslovima se to mo\u017ee desiti. Ipak, smatram da je za sada pravo rije\u0161enje da Montenegro erlajnz smanji svoje cijene, da bude vi\u0161e u funkciji turisti?ke privrede i da je tu mogu?e na?i jedan dobar model saradnje &#8211; zaklju?io je Jelu\u0161?.<\/p>\n<p><strong>Subvencije ve? postoje<\/strong><\/p>\n<p>Nacionalna aviokompanija je ina?e, pravi miljenik Vlade kada je u pitanju direktna ili indirektna pomo?. Tako Vlada subvencionira Montenegro erlajnz da uvodi nove linije od kojih neke, poput one za Milano, jo\u0161 nisu pokazale ekonomsku opravdanost, ili pove?ava broj rotacija na nekim linijama poput one za Moskvu gdje to nije logi?no budu?i da ljeti iz Rusije za Crnu Goru leti veliki broj ruskih kompanija. Svoju trenutnu ekonomsku uspje\u0161nost Montenegro erlajnz u dobroj mjeri duguje JP Aerodromi Crne Gore, koji avione nacionalne kompanije opslu\u017euje po gotovo bagatelnoj cijeni od u prosjeku 300 eura po slijetanju, a jo\u0161 vi\u0161e zbog toga \u0161to je odlukom Vlade, Aerodromima Crne Gore prakti?no oduzeto 50 odsto aerodromske takse po svakom putniku Montenegro erlajnza. Zbog toga ta aviokompanija za usluge koje je putniku pru\u017eio aerodrom, inkasira jo\u0161 po 7,5 eura po svakom putniku koji iz Podgorice ili Tivta odleti avionom Montenegro erlajnza.<br \/>\n<strong>S.L.<br \/>\nizvor \/ Vijesti<\/strong><\/p>\n","protected":false},"excerpt":{"rendered":"<p>Tivat &#8211; Predsjednik Crnogorskog turisti?kog udru\u017eenja i direktor tivatskog HTP Primorje Predrag Jelu\u0161i?, pozvao je dr\u017eavnu aviokompaniju Montengro erlajnz \u201cda u zajedni?kim naporima usmjerenim na zadr\u017eavanje uspje\u0161nosti turisti?ke sezone u Crnoj Gori naredne godine, bude kooperativnija prema turisti?koj privredi\u201d. Avio-prevoz je od izuzetne va\u017enosti za dolazak stranih turista u Crnu Goru imaju?i u vidu veoma [&hellip;]<\/p>\n","protected":false},"author":1,"featured_media":0,"comment_status":"open","ping_status":"closed","sticky":false,"template":"","format":"standard","meta":{"spay_email":"","jetpack_publicize_message":"","jetpack_is_tweetstorm":false,"jetpack_publicize_feature_enabled":true},"categories":[15],"tags":[20,3606,5181],"jetpack_publicize_connections":[],"yoast_head":"<!-- This site is optimized with the Yoast SEO plugin v19.1 - https:\/\/yoast.com\/wordpress\/plugins\/seo\/ -->\n<title>Predrag Jelu\u0161i?: Sniziti cijene karata - Lajme nga Ulqini<\/title>\n<meta name=\"description\" content=\"Tivat - Predsjednik Crnogorskog turisti?kog udru\u017eenja i direktor tivatskog HTP Primorje Predrag Jelu\u0161i?, pozvao je dr\u017eavnu aviokompaniju Montengro erlajnz\" \/>\n<meta name=\"robots\" content=\"index, follow, max-snippet:-1, max-image-preview:large, max-video-preview:-1\" \/>\n<link rel=\"canonical\" href=\"https:\/\/www.visit-ulcinj.com\/blog\/2008\/12\/09\/predrag-jelusic-sniziti-cijene-karata\/\" \/>\n<meta property=\"og:locale\" content=\"en_US\" \/>\n<meta property=\"og:type\" content=\"article\" \/>\n<meta property=\"og:title\" content=\"Predrag Jelu\u0161i?: Sniziti cijene karata - Lajme nga Ulqini\" \/>\n<meta property=\"og:description\" content=\"Tivat - Predsjednik Crnogorskog turisti?kog udru\u017eenja i direktor tivatskog HTP Primorje Predrag Jelu\u0161i?, pozvao je dr\u017eavnu aviokompaniju Montengro erlajnz\" \/>\n<meta property=\"og:url\" content=\"https:\/\/www.visit-ulcinj.com\/blog\/2008\/12\/09\/predrag-jelusic-sniziti-cijene-karata\/\" \/>\n<meta property=\"og:site_name\" content=\"Lajme nga Ulqini\" \/>\n<meta property=\"article:published_time\" content=\"2008-12-09T13:42:32+00:00\" \/>\n<meta property=\"og:image\" content=\"http:\/\/www.visit-ulcinj.com\/blog\/wp-content\/uploads\/2008\/12\/predrag-jelusic-213x300.jpg\" \/>\n<meta name=\"twitter:label1\" content=\"Written by\" \/>\n\t<meta name=\"twitter:data1\" content=\"ulqini\" \/>\n\t<meta name=\"twitter:label2\" content=\"Est. reading time\" \/>\n\t<meta name=\"twitter:data2\" content=\"4 minutes\" \/>\n<script type=\"application\/ld+json\" class=\"yoast-schema-graph\">{\"@context\":\"https:\/\/schema.org\",\"@graph\":[{\"@type\":\"WebSite\",\"@id\":\"https:\/\/www.visit-ulcinj.com\/blog\/#website\",\"url\":\"https:\/\/www.visit-ulcinj.com\/blog\/\",\"name\":\"Lajme nga Ulqini\",\"description\":\"Lajme,Vijesti,Ulqini,Ulqin,Crna Gora,Mali i Zi\",\"potentialAction\":[{\"@type\":\"SearchAction\",\"target\":{\"@type\":\"EntryPoint\",\"urlTemplate\":\"https:\/\/www.visit-ulcinj.com\/blog\/?s={search_term_string}\"},\"query-input\":\"required name=search_term_string\"}],\"inLanguage\":\"en-US\"},{\"@type\":\"ImageObject\",\"inLanguage\":\"en-US\",\"@id\":\"https:\/\/www.visit-ulcinj.com\/blog\/2008\/12\/09\/predrag-jelusic-sniziti-cijene-karata\/#primaryimage\",\"url\":\"http:\/\/www.visit-ulcinj.com\/blog\/wp-content\/uploads\/2008\/12\/predrag-jelusic-213x300.jpg\",\"contentUrl\":\"http:\/\/www.visit-ulcinj.com\/blog\/wp-content\/uploads\/2008\/12\/predrag-jelusic-213x300.jpg\"},{\"@type\":\"WebPage\",\"@id\":\"https:\/\/www.visit-ulcinj.com\/blog\/2008\/12\/09\/predrag-jelusic-sniziti-cijene-karata\/#webpage\",\"url\":\"https:\/\/www.visit-ulcinj.com\/blog\/2008\/12\/09\/predrag-jelusic-sniziti-cijene-karata\/\",\"name\":\"Predrag Jelu\u0161i?: Sniziti cijene karata - Lajme nga Ulqini\",\"isPartOf\":{\"@id\":\"https:\/\/www.visit-ulcinj.com\/blog\/#website\"},\"primaryImageOfPage\":{\"@id\":\"https:\/\/www.visit-ulcinj.com\/blog\/2008\/12\/09\/predrag-jelusic-sniziti-cijene-karata\/#primaryimage\"},\"datePublished\":\"2008-12-09T13:42:32+00:00\",\"dateModified\":\"2008-12-09T13:42:32+00:00\",\"author\":{\"@id\":\"https:\/\/www.visit-ulcinj.com\/blog\/#\/schema\/person\/dcab619c614d3038751c63bc2aadc06d\"},\"description\":\"Tivat - Predsjednik Crnogorskog turisti?kog udru\u017eenja i direktor tivatskog HTP Primorje Predrag Jelu\u0161i?, pozvao je dr\u017eavnu aviokompaniju Montengro erlajnz\",\"breadcrumb\":{\"@id\":\"https:\/\/www.visit-ulcinj.com\/blog\/2008\/12\/09\/predrag-jelusic-sniziti-cijene-karata\/#breadcrumb\"},\"inLanguage\":\"en-US\",\"potentialAction\":[{\"@type\":\"ReadAction\",\"target\":[\"https:\/\/www.visit-ulcinj.com\/blog\/2008\/12\/09\/predrag-jelusic-sniziti-cijene-karata\/\"]}]},{\"@type\":\"BreadcrumbList\",\"@id\":\"https:\/\/www.visit-ulcinj.com\/blog\/2008\/12\/09\/predrag-jelusic-sniziti-cijene-karata\/#breadcrumb\",\"itemListElement\":[{\"@type\":\"ListItem\",\"position\":1,\"name\":\"Predrag Jelu\u0161i?: Sniziti cijene karata\"}]},{\"@type\":\"Person\",\"@id\":\"https:\/\/www.visit-ulcinj.com\/blog\/#\/schema\/person\/dcab619c614d3038751c63bc2aadc06d\",\"name\":\"ulqini\",\"sameAs\":[\"http:\/\/www.visit-ulcinj.com\"],\"url\":\"https:\/\/www.visit-ulcinj.com\/blog\/author\/admin\/\"}]}<\/script>\n<!-- \/ Yoast SEO plugin. -->","yoast_head_json":{"title":"Predrag Jelu\u0161i?: Sniziti cijene karata - Lajme nga Ulqini","description":"Tivat - Predsjednik Crnogorskog turisti?kog udru\u017eenja i direktor tivatskog HTP Primorje Predrag Jelu\u0161i?, pozvao je dr\u017eavnu aviokompaniju Montengro erlajnz","robots":{"index":"index","follow":"follow","max-snippet":"max-snippet:-1","max-image-preview":"max-image-preview:large","max-video-preview":"max-video-preview:-1"},"canonical":"https:\/\/www.visit-ulcinj.com\/blog\/2008\/12\/09\/predrag-jelusic-sniziti-cijene-karata\/","og_locale":"en_US","og_type":"article","og_title":"Predrag Jelu\u0161i?: Sniziti cijene karata - Lajme nga Ulqini","og_description":"Tivat - Predsjednik Crnogorskog turisti?kog udru\u017eenja i direktor tivatskog HTP Primorje Predrag Jelu\u0161i?, pozvao je dr\u017eavnu aviokompaniju Montengro erlajnz","og_url":"https:\/\/www.visit-ulcinj.com\/blog\/2008\/12\/09\/predrag-jelusic-sniziti-cijene-karata\/","og_site_name":"Lajme nga Ulqini","article_published_time":"2008-12-09T13:42:32+00:00","og_image":[{"url":"http:\/\/www.visit-ulcinj.com\/blog\/wp-content\/uploads\/2008\/12\/predrag-jelusic-213x300.jpg"}],"twitter_misc":{"Written by":"ulqini","Est. reading time":"4 minutes"},"schema":{"@context":"https:\/\/schema.org","@graph":[{"@type":"WebSite","@id":"https:\/\/www.visit-ulcinj.com\/blog\/#website","url":"https:\/\/www.visit-ulcinj.com\/blog\/","name":"Lajme nga Ulqini","description":"Lajme,Vijesti,Ulqini,Ulqin,Crna Gora,Mali i Zi","potentialAction":[{"@type":"SearchAction","target":{"@type":"EntryPoint","urlTemplate":"https:\/\/www.visit-ulcinj.com\/blog\/?s={search_term_string}"},"query-input":"required name=search_term_string"}],"inLanguage":"en-US"},{"@type":"ImageObject","inLanguage":"en-US","@id":"https:\/\/www.visit-ulcinj.com\/blog\/2008\/12\/09\/predrag-jelusic-sniziti-cijene-karata\/#primaryimage","url":"http:\/\/www.visit-ulcinj.com\/blog\/wp-content\/uploads\/2008\/12\/predrag-jelusic-213x300.jpg","contentUrl":"http:\/\/www.visit-ulcinj.com\/blog\/wp-content\/uploads\/2008\/12\/predrag-jelusic-213x300.jpg"},{"@type":"WebPage","@id":"https:\/\/www.visit-ulcinj.com\/blog\/2008\/12\/09\/predrag-jelusic-sniziti-cijene-karata\/#webpage","url":"https:\/\/www.visit-ulcinj.com\/blog\/2008\/12\/09\/predrag-jelusic-sniziti-cijene-karata\/","name":"Predrag Jelu\u0161i?: Sniziti cijene karata - Lajme nga Ulqini","isPartOf":{"@id":"https:\/\/www.visit-ulcinj.com\/blog\/#website"},"primaryImageOfPage":{"@id":"https:\/\/www.visit-ulcinj.com\/blog\/2008\/12\/09\/predrag-jelusic-sniziti-cijene-karata\/#primaryimage"},"datePublished":"2008-12-09T13:42:32+00:00","dateModified":"2008-12-09T13:42:32+00:00","author":{"@id":"https:\/\/www.visit-ulcinj.com\/blog\/#\/schema\/person\/dcab619c614d3038751c63bc2aadc06d"},"description":"Tivat - Predsjednik Crnogorskog turisti?kog udru\u017eenja i direktor tivatskog HTP Primorje Predrag Jelu\u0161i?, pozvao je dr\u017eavnu aviokompaniju Montengro erlajnz","breadcrumb":{"@id":"https:\/\/www.visit-ulcinj.com\/blog\/2008\/12\/09\/predrag-jelusic-sniziti-cijene-karata\/#breadcrumb"},"inLanguage":"en-US","potentialAction":[{"@type":"ReadAction","target":["https:\/\/www.visit-ulcinj.com\/blog\/2008\/12\/09\/predrag-jelusic-sniziti-cijene-karata\/"]}]},{"@type":"BreadcrumbList","@id":"https:\/\/www.visit-ulcinj.com\/blog\/2008\/12\/09\/predrag-jelusic-sniziti-cijene-karata\/#breadcrumb","itemListElement":[{"@type":"ListItem","position":1,"name":"Predrag Jelu\u0161i?: Sniziti cijene karata"}]},{"@type":"Person","@id":"https:\/\/www.visit-ulcinj.com\/blog\/#\/schema\/person\/dcab619c614d3038751c63bc2aadc06d","name":"ulqini","sameAs":["http:\/\/www.visit-ulcinj.com"],"url":"https:\/\/www.visit-ulcinj.com\/blog\/author\/admin\/"}]}},"jetpack_featured_media_url":"","jetpack_sharing_enabled":true,"jetpack_shortlink":"https:\/\/wp.me\/pe6lTn-1P0","_links":{"self":[{"href":"https:\/\/www.visit-ulcinj.com\/blog\/wp-json\/wp\/v2\/posts\/7006"}],"collection":[{"href":"https:\/\/www.visit-ulcinj.com\/blog\/wp-json\/wp\/v2\/posts"}],"about":[{"href":"https:\/\/www.visit-ulcinj.com\/blog\/wp-json\/wp\/v2\/types\/post"}],"author":[{"embeddable":true,"href":"https:\/\/www.visit-ulcinj.com\/blog\/wp-json\/wp\/v2\/users\/1"}],"replies":[{"embeddable":true,"href":"https:\/\/www.visit-ulcinj.com\/blog\/wp-json\/wp\/v2\/comments?post=7006"}],"version-history":[{"count":0,"href":"https:\/\/www.visit-ulcinj.com\/blog\/wp-json\/wp\/v2\/posts\/7006\/revisions"}],"wp:attachment":[{"href":"https:\/\/www.visit-ulcinj.com\/blog\/wp-json\/wp\/v2\/media?parent=7006"}],"wp:term":[{"taxonomy":"category","embeddable":true,"href":"https:\/\/www.visit-ulcinj.com\/blog\/wp-json\/wp\/v2\/categories?post=7006"},{"taxonomy":"post_tag","embeddable":true,"href":"https:\/\/www.visit-ulcinj.com\/blog\/wp-json\/wp\/v2\/tags?post=7006"}],"curies":[{"name":"wp","href":"https:\/\/api.w.org\/{rel}","templated":true}]}}