{"id":70079,"date":"2013-03-28T14:24:22","date_gmt":"2013-03-28T13:24:22","guid":{"rendered":"http:\/\/www.visit-ulcinj.com\/blog\/?p=70079"},"modified":"2013-03-29T15:47:44","modified_gmt":"2013-03-29T14:47:44","slug":"ot-e-ulqinit-merr-pjes-ne-panairin-e-turizmit-ne-sarajeve","status":"publish","type":"post","link":"https:\/\/www.visit-ulcinj.com\/blog\/2013\/03\/28\/ot-e-ulqinit-merr-pjes-ne-panairin-e-turizmit-ne-sarajeve\/","title":{"rendered":"OT e Ulqinit merr pjes n\u00eb panairin e turizmit n\u00eb Sarajev\u00eb"},"content":{"rendered":"<p><strong><a href=\"http:\/\/www.visit-ulcinj.com\/blog\/wp-content\/uploads\/2013\/03\/Organizata-Turistike-e-Ulqinit-ne-Sarajeve.jpg\"><img loading=\"lazy\" class=\"alignleft  wp-image-70080\" alt=\"Organizata Turistike e Ulqinit ne Sarajeve\" src=\"http:\/\/www.visit-ulcinj.com\/blog\/wp-content\/uploads\/2013\/03\/Organizata-Turistike-e-Ulqinit-ne-Sarajeve.jpg\" width=\"508\" height=\"360\" \/><\/a>Panairi n\u00eb Sarajev\u00eb 27.03.2013<\/strong><\/p>\n<p>N\u00eb panairin nd\u00ebrkomb\u00ebtar t\u00eb 36 i cili mbahet n\u00eb kuader t\u00eb manifestimit Dit\u00ebt e turizmit n\u00eb Sarajev\u00eb prej dat\u00ebs 27 deri me 29.03.2013, Organizata Turistike e Ulqinit eshte duke marre pjese n\u00eb bashk\u00ebpunim me organizatat lokale bregdetare t\u00eb Herceg Novit dhe Tivatit si dhe me organizatat lokale nga veriu i Malit t\u00eb Zi. Prezentimin e p\u00ebrbashk\u00ebt t\u00eb organizatave lokale e ka perkrahur nj\u00eb num\u00ebr i madh i afarist\u00ebve si me ane t\u00eb materijaleve promovuese por edhe me prezencen e tyre. Prej afarist\u00ebve ofert\u00ebn e vet turistike kan\u00eb vendosur ta prezentojne Htp Plazhi i madh, hoteli Mediteran, agjensia turistike IN Montenegro Travel, Institucioni i Igalos si dhe hoteli Hungest Sun Resort nga Herceg Novi. Duhet p\u00ebrmendur q\u00eb dit\u00ebn e par\u00eb banakun tone e ka vizituar edhe drejtori i Organizates Nacionale Turistike n\u00eb Sarajev\u00eb \u00a0Faruk \u00c7aluk.<\/p>\n<p>Diten e pare vizita ka qene shume e mire dhe banakun tone te perbashket e kane vizituar shume agjensi turistike qe kane shprehur kenaqesine dhe gatishmerine te bashkepunojne me afaristet nga qyteti yne.<br \/>\n<a href=\"http:\/\/www.visit-ulcinj.com\/blog\/wp-content\/uploads\/2013\/03\/Organizata-Turistike-e-Ulqinit-ne-Sarajeve.1.jpg\"><img loading=\"lazy\" class=\"alignleft  wp-image-70081\" alt=\"Organizata Turistike e Ulqinit ne Sarajeve.1\" src=\"http:\/\/www.visit-ulcinj.com\/blog\/wp-content\/uploads\/2013\/03\/Organizata-Turistike-e-Ulqinit-ne-Sarajeve.1.jpg\" width=\"508\" height=\"300\" \/><\/a><\/p>\n<p>Me q\u00ebllim t\u00eb nj\u00eb promovimi m\u00eb kvalitativ dhe p\u00ebr t\u00eb njohur publikun boshnjak me t\u00eb rejat e ofert\u00ebs turistike t\u00eb Malit t\u00eb Zi, dit\u00ebn e dyt\u00eb kane qene prezente medijat m\u00eb t\u00eb njohur t\u00eb Bosn\u00ebs sic jane TV kantoni i Sarajeves, TV Vogoshqa, radio Dnevni Avaz etj, ku eshte bere nj\u00eb shoq\u00ebrim me gazetar\u00eb me prezentimin tradicional t\u00eb ver\u00ebrave dhe specijaliteteve malazeze. Organizata Turistike e Ulqinit e ka prezantuar qytetin si nj\u00eb destinacion turistik atraktiv per pushim aktiv dhe meqen\u00ebse viteve te fundit numri i turist\u00ebve nga Bosna dhe Hercegovina \u00ebsht\u00eb shum\u00eb i madh, tregu i Bosnes \u00ebsht\u00eb shum\u00eb i r\u00ebndesish\u00ebm p\u00ebr ne k\u00ebshtu q\u00eb planifikohet edhe pjes\u00ebmarrja n\u00eb panairin e Lukavcit (Kantoni i Tuzl\u00ebs) i cili \u00ebsht\u00eb nj\u00ebri nd\u00ebr panairet m\u00eb t\u00eb r\u00ebndesish\u00ebm n\u00eb Bosn\u00eb i cili do t\u00eb mbahet prej 9 deri me 11 maj t\u00eb k\u00ebtij viti.<\/p>\n<p>Ky panair ka vertetuar interesimin e madh te turisteve nga Bosna per Ulqinin dhe ata kane shprehur deshiren qe edhe kete vit pushimet e tyre ti kalojne ne qytetin tone.<\/p>\n<p>Sipas t\u00eb dh\u00ebnave statistikore gjat\u00eb vitit 2012 qytetin ton\u00eb e kan\u00eb vizituar 7.240 turist\u00eb nga Bosna t\u00eb cil\u00ebt kan\u00eb realizuar 61.385 fjetje, mirepo pritet qe ky numer kete vit te jete edhe me i madh.<\/p>\n<p>&nbsp;<\/p>\n<p><strong>Sh\u00ebrbimi i Organizat\u00ebs Turistike<br \/>\n\n\t\t<style type=\"text\/css\">\n\t\t\t#gallery-1 {\n\t\t\t\tmargin: auto;\n\t\t\t}\n\t\t\t#gallery-1 .gallery-item {\n\t\t\t\tfloat: left;\n\t\t\t\tmargin-top: 10px;\n\t\t\t\ttext-align: center;\n\t\t\t\twidth: 33%;\n\t\t\t}\n\t\t\t#gallery-1 img {\n\t\t\t\tborder: 2px solid #cfcfcf;\n\t\t\t}\n\t\t\t#gallery-1 .gallery-caption {\n\t\t\t\tmargin-left: 0;\n\t\t\t}\n\t\t\t\/* see gallery_shortcode() in wp-includes\/media.php *\/\n\t\t<\/style>\n\t\t<div id='gallery-1' class='gallery galleryid-70079 gallery-columns-3 gallery-size-thumbnail'><dl class='gallery-item'>\n\t\t\t<dt class='gallery-icon landscape'>\n\t\t\t\t<a href='https:\/\/www.visit-ulcinj.com\/blog\/2013\/03\/28\/ot-e-ulqinit-merr-pjes-ne-panairin-e-turizmit-ne-sarajeve\/organizata-turistike-e-ulqinit-ne-sarajeve-2\/'><img width=\"150\" height=\"150\" src=\"https:\/\/www.visit-ulcinj.com\/blog\/wp-content\/uploads\/2013\/03\/Organizata-Turistike-e-Ulqinit-ne-Sarajeve.2-150x150.jpg\" class=\"attachment-thumbnail size-thumbnail\" alt=\"\" loading=\"lazy\" \/><\/a>\n\t\t\t<\/dt><\/dl><dl class='gallery-item'>\n\t\t\t<dt class='gallery-icon portrait'>\n\t\t\t\t<a href='https:\/\/www.visit-ulcinj.com\/blog\/2013\/03\/28\/ot-e-ulqinit-merr-pjes-ne-panairin-e-turizmit-ne-sarajeve\/organizata-turistike-e-ulqinit-ne-sarajeve-3\/'><img width=\"150\" height=\"150\" src=\"https:\/\/www.visit-ulcinj.com\/blog\/wp-content\/uploads\/2013\/03\/Organizata-Turistike-e-Ulqinit-ne-Sarajeve.3-150x150.jpg\" class=\"attachment-thumbnail size-thumbnail\" alt=\"\" loading=\"lazy\" \/><\/a>\n\t\t\t<\/dt><\/dl><dl class='gallery-item'>\n\t\t\t<dt class='gallery-icon landscape'>\n\t\t\t\t<a href='https:\/\/www.visit-ulcinj.com\/blog\/2013\/03\/28\/ot-e-ulqinit-merr-pjes-ne-panairin-e-turizmit-ne-sarajeve\/organizata-turistike-e-ulqinit-ne-sarajeve-4\/'><img width=\"150\" height=\"150\" src=\"https:\/\/www.visit-ulcinj.com\/blog\/wp-content\/uploads\/2013\/03\/Organizata-Turistike-e-Ulqinit-ne-Sarajeve.4-150x150.jpg\" class=\"attachment-thumbnail size-thumbnail\" alt=\"\" loading=\"lazy\" \/><\/a>\n\t\t\t<\/dt><\/dl><br style=\"clear: both\" \/><dl class='gallery-item'>\n\t\t\t<dt class='gallery-icon landscape'>\n\t\t\t\t<a href='https:\/\/www.visit-ulcinj.com\/blog\/2013\/03\/28\/ot-e-ulqinit-merr-pjes-ne-panairin-e-turizmit-ne-sarajeve\/organizata-turistike-e-ulqinit-ne-sarajeve-5\/'><img width=\"150\" height=\"150\" src=\"https:\/\/www.visit-ulcinj.com\/blog\/wp-content\/uploads\/2013\/03\/Organizata-Turistike-e-Ulqinit-ne-Sarajeve.5-150x150.jpg\" class=\"attachment-thumbnail size-thumbnail\" alt=\"\" loading=\"lazy\" \/><\/a>\n\t\t\t<\/dt><\/dl><dl class='gallery-item'>\n\t\t\t<dt class='gallery-icon landscape'>\n\t\t\t\t<a href='https:\/\/www.visit-ulcinj.com\/blog\/2013\/03\/28\/ot-e-ulqinit-merr-pjes-ne-panairin-e-turizmit-ne-sarajeve\/organizata-turistike-e-ulqinit-ne-sarajeve-6\/'><img width=\"150\" height=\"150\" src=\"https:\/\/www.visit-ulcinj.com\/blog\/wp-content\/uploads\/2013\/03\/Organizata-Turistike-e-Ulqinit-ne-Sarajeve.6-150x150.jpg\" class=\"attachment-thumbnail size-thumbnail\" alt=\"\" loading=\"lazy\" \/><\/a>\n\t\t\t<\/dt><\/dl><dl class='gallery-item'>\n\t\t\t<dt class='gallery-icon landscape'>\n\t\t\t\t<a href='https:\/\/www.visit-ulcinj.com\/blog\/2013\/03\/28\/ot-e-ulqinit-merr-pjes-ne-panairin-e-turizmit-ne-sarajeve\/organizata-turistike-e-ulqinit-ne-sarajeve-1\/'><img width=\"150\" height=\"150\" src=\"https:\/\/www.visit-ulcinj.com\/blog\/wp-content\/uploads\/2013\/03\/Organizata-Turistike-e-Ulqinit-ne-Sarajeve.1-150x150.jpg\" class=\"attachment-thumbnail size-thumbnail\" alt=\"\" loading=\"lazy\" \/><\/a>\n\t\t\t<\/dt><\/dl><br style=\"clear: both\" \/>\n\t\t<\/div>\n<br \/>\n<\/strong><br \/>\n<iframe loading=\"lazy\" src=\"https:\/\/www.facebook.com\/video\/embed?video_id=559361127417284\" height=\"330\" width=\"508\" frameborder=\"0\"><\/iframe><\/p>\n","protected":false},"excerpt":{"rendered":"<p>Panairi n\u00eb Sarajev\u00eb 27.03.2013 N\u00eb panairin nd\u00ebrkomb\u00ebtar t\u00eb 36 i cili mbahet n\u00eb kuader t\u00eb manifestimit Dit\u00ebt e turizmit n\u00eb Sarajev\u00eb prej dat\u00ebs 27 deri me 29.03.2013, Organizata Turistike e Ulqinit eshte duke marre pjese n\u00eb bashk\u00ebpunim me organizatat lokale bregdetare t\u00eb Herceg Novit dhe Tivatit si dhe me organizatat lokale nga veriu i Malit [&hellip;]<\/p>\n","protected":false},"author":1,"featured_media":0,"comment_status":"open","ping_status":"closed","sticky":false,"template":"","format":"standard","meta":{"spay_email":"","jetpack_publicize_message":"","jetpack_is_tweetstorm":false,"jetpack_publicize_feature_enabled":true},"categories":[1,15],"tags":[538,20223,21963],"jetpack_publicize_connections":[],"yoast_head":"<!-- This site is optimized with the Yoast SEO plugin v19.1 - https:\/\/yoast.com\/wordpress\/plugins\/seo\/ -->\n<title>OT e Ulqinit merr pjes n\u00eb panairin e turizmit n\u00eb Sarajev\u00eb - Lajme nga Ulqini<\/title>\n<meta name=\"description\" content=\"Panairi n\u00eb Sarajev\u00eb 27.03.2013 N\u00eb panairin nd\u00ebrkomb\u00ebtar t\u00eb 36 i cili mbahet n\u00eb kuader t\u00eb manifestimit Dit\u00ebt e turizmit n\u00eb Sarajev\u00eb prej dat\u00ebs 27 deri me\" \/>\n<meta name=\"robots\" content=\"index, follow, max-snippet:-1, max-image-preview:large, max-video-preview:-1\" \/>\n<link rel=\"canonical\" href=\"https:\/\/www.visit-ulcinj.com\/blog\/2013\/03\/28\/ot-e-ulqinit-merr-pjes-ne-panairin-e-turizmit-ne-sarajeve\/\" \/>\n<meta property=\"og:locale\" content=\"en_US\" \/>\n<meta property=\"og:type\" content=\"article\" \/>\n<meta property=\"og:title\" content=\"OT e Ulqinit merr pjes n\u00eb panairin e turizmit n\u00eb Sarajev\u00eb - Lajme nga Ulqini\" \/>\n<meta property=\"og:description\" content=\"Panairi n\u00eb Sarajev\u00eb 27.03.2013 N\u00eb panairin nd\u00ebrkomb\u00ebtar t\u00eb 36 i cili mbahet n\u00eb kuader t\u00eb manifestimit Dit\u00ebt e turizmit n\u00eb Sarajev\u00eb prej dat\u00ebs 27 deri me\" \/>\n<meta property=\"og:url\" content=\"https:\/\/www.visit-ulcinj.com\/blog\/2013\/03\/28\/ot-e-ulqinit-merr-pjes-ne-panairin-e-turizmit-ne-sarajeve\/\" \/>\n<meta property=\"og:site_name\" content=\"Lajme nga Ulqini\" \/>\n<meta property=\"article:published_time\" content=\"2013-03-28T13:24:22+00:00\" \/>\n<meta property=\"article:modified_time\" content=\"2013-03-29T14:47:44+00:00\" \/>\n<meta property=\"og:image\" content=\"https:\/\/www.visit-ulcinj.com\/blog\/wp-content\/uploads\/2013\/03\/Organizata-Turistike-e-Ulqinit-ne-Sarajeve.2-150x150.jpg\" \/>\n<meta name=\"twitter:label1\" content=\"Written by\" \/>\n\t<meta name=\"twitter:data1\" content=\"ulqini\" \/>\n\t<meta name=\"twitter:label2\" content=\"Est. reading time\" \/>\n\t<meta name=\"twitter:data2\" content=\"2 minutes\" \/>\n<script type=\"application\/ld+json\" class=\"yoast-schema-graph\">{\"@context\":\"https:\/\/schema.org\",\"@graph\":[{\"@type\":\"WebSite\",\"@id\":\"https:\/\/www.visit-ulcinj.com\/blog\/#website\",\"url\":\"https:\/\/www.visit-ulcinj.com\/blog\/\",\"name\":\"Lajme nga Ulqini\",\"description\":\"Lajme,Vijesti,Ulqini,Ulqin,Crna Gora,Mali i Zi\",\"potentialAction\":[{\"@type\":\"SearchAction\",\"target\":{\"@type\":\"EntryPoint\",\"urlTemplate\":\"https:\/\/www.visit-ulcinj.com\/blog\/?s={search_term_string}\"},\"query-input\":\"required name=search_term_string\"}],\"inLanguage\":\"en-US\"},{\"@type\":\"ImageObject\",\"inLanguage\":\"en-US\",\"@id\":\"https:\/\/www.visit-ulcinj.com\/blog\/2013\/03\/28\/ot-e-ulqinit-merr-pjes-ne-panairin-e-turizmit-ne-sarajeve\/#primaryimage\",\"url\":\"https:\/\/www.visit-ulcinj.com\/blog\/wp-content\/uploads\/2013\/03\/Organizata-Turistike-e-Ulqinit-ne-Sarajeve.jpg\",\"contentUrl\":\"https:\/\/www.visit-ulcinj.com\/blog\/wp-content\/uploads\/2013\/03\/Organizata-Turistike-e-Ulqinit-ne-Sarajeve.jpg\",\"width\":800,\"height\":598},{\"@type\":\"WebPage\",\"@id\":\"https:\/\/www.visit-ulcinj.com\/blog\/2013\/03\/28\/ot-e-ulqinit-merr-pjes-ne-panairin-e-turizmit-ne-sarajeve\/#webpage\",\"url\":\"https:\/\/www.visit-ulcinj.com\/blog\/2013\/03\/28\/ot-e-ulqinit-merr-pjes-ne-panairin-e-turizmit-ne-sarajeve\/\",\"name\":\"OT e Ulqinit merr pjes n\u00eb panairin e turizmit n\u00eb Sarajev\u00eb - Lajme nga Ulqini\",\"isPartOf\":{\"@id\":\"https:\/\/www.visit-ulcinj.com\/blog\/#website\"},\"primaryImageOfPage\":{\"@id\":\"https:\/\/www.visit-ulcinj.com\/blog\/2013\/03\/28\/ot-e-ulqinit-merr-pjes-ne-panairin-e-turizmit-ne-sarajeve\/#primaryimage\"},\"datePublished\":\"2013-03-28T13:24:22+00:00\",\"dateModified\":\"2013-03-29T14:47:44+00:00\",\"author\":{\"@id\":\"https:\/\/www.visit-ulcinj.com\/blog\/#\/schema\/person\/dcab619c614d3038751c63bc2aadc06d\"},\"description\":\"Panairi n\u00eb Sarajev\u00eb 27.03.2013 N\u00eb panairin nd\u00ebrkomb\u00ebtar t\u00eb 36 i cili mbahet n\u00eb kuader t\u00eb manifestimit Dit\u00ebt e turizmit n\u00eb Sarajev\u00eb prej dat\u00ebs 27 deri me\",\"breadcrumb\":{\"@id\":\"https:\/\/www.visit-ulcinj.com\/blog\/2013\/03\/28\/ot-e-ulqinit-merr-pjes-ne-panairin-e-turizmit-ne-sarajeve\/#breadcrumb\"},\"inLanguage\":\"en-US\",\"potentialAction\":[{\"@type\":\"ReadAction\",\"target\":[\"https:\/\/www.visit-ulcinj.com\/blog\/2013\/03\/28\/ot-e-ulqinit-merr-pjes-ne-panairin-e-turizmit-ne-sarajeve\/\"]}]},{\"@type\":\"BreadcrumbList\",\"@id\":\"https:\/\/www.visit-ulcinj.com\/blog\/2013\/03\/28\/ot-e-ulqinit-merr-pjes-ne-panairin-e-turizmit-ne-sarajeve\/#breadcrumb\",\"itemListElement\":[{\"@type\":\"ListItem\",\"position\":1,\"name\":\"OT e Ulqinit merr pjes n\u00eb panairin e turizmit n\u00eb Sarajev\u00eb\"}]},{\"@type\":\"Person\",\"@id\":\"https:\/\/www.visit-ulcinj.com\/blog\/#\/schema\/person\/dcab619c614d3038751c63bc2aadc06d\",\"name\":\"ulqini\",\"sameAs\":[\"http:\/\/www.visit-ulcinj.com\"],\"url\":\"https:\/\/www.visit-ulcinj.com\/blog\/author\/admin\/\"}]}<\/script>\n<!-- \/ Yoast SEO plugin. -->","yoast_head_json":{"title":"OT e Ulqinit merr pjes n\u00eb panairin e turizmit n\u00eb Sarajev\u00eb - Lajme nga Ulqini","description":"Panairi n\u00eb Sarajev\u00eb 27.03.2013 N\u00eb panairin nd\u00ebrkomb\u00ebtar t\u00eb 36 i cili mbahet n\u00eb kuader t\u00eb manifestimit Dit\u00ebt e turizmit n\u00eb Sarajev\u00eb prej dat\u00ebs 27 deri me","robots":{"index":"index","follow":"follow","max-snippet":"max-snippet:-1","max-image-preview":"max-image-preview:large","max-video-preview":"max-video-preview:-1"},"canonical":"https:\/\/www.visit-ulcinj.com\/blog\/2013\/03\/28\/ot-e-ulqinit-merr-pjes-ne-panairin-e-turizmit-ne-sarajeve\/","og_locale":"en_US","og_type":"article","og_title":"OT e Ulqinit merr pjes n\u00eb panairin e turizmit n\u00eb Sarajev\u00eb - Lajme nga Ulqini","og_description":"Panairi n\u00eb Sarajev\u00eb 27.03.2013 N\u00eb panairin nd\u00ebrkomb\u00ebtar t\u00eb 36 i cili mbahet n\u00eb kuader t\u00eb manifestimit Dit\u00ebt e turizmit n\u00eb Sarajev\u00eb prej dat\u00ebs 27 deri me","og_url":"https:\/\/www.visit-ulcinj.com\/blog\/2013\/03\/28\/ot-e-ulqinit-merr-pjes-ne-panairin-e-turizmit-ne-sarajeve\/","og_site_name":"Lajme nga Ulqini","article_published_time":"2013-03-28T13:24:22+00:00","article_modified_time":"2013-03-29T14:47:44+00:00","og_image":[{"url":"https:\/\/www.visit-ulcinj.com\/blog\/wp-content\/uploads\/2013\/03\/Organizata-Turistike-e-Ulqinit-ne-Sarajeve.2-150x150.jpg"}],"twitter_misc":{"Written by":"ulqini","Est. reading time":"2 minutes"},"schema":{"@context":"https:\/\/schema.org","@graph":[{"@type":"WebSite","@id":"https:\/\/www.visit-ulcinj.com\/blog\/#website","url":"https:\/\/www.visit-ulcinj.com\/blog\/","name":"Lajme nga Ulqini","description":"Lajme,Vijesti,Ulqini,Ulqin,Crna Gora,Mali i Zi","potentialAction":[{"@type":"SearchAction","target":{"@type":"EntryPoint","urlTemplate":"https:\/\/www.visit-ulcinj.com\/blog\/?s={search_term_string}"},"query-input":"required name=search_term_string"}],"inLanguage":"en-US"},{"@type":"ImageObject","inLanguage":"en-US","@id":"https:\/\/www.visit-ulcinj.com\/blog\/2013\/03\/28\/ot-e-ulqinit-merr-pjes-ne-panairin-e-turizmit-ne-sarajeve\/#primaryimage","url":"https:\/\/www.visit-ulcinj.com\/blog\/wp-content\/uploads\/2013\/03\/Organizata-Turistike-e-Ulqinit-ne-Sarajeve.jpg","contentUrl":"https:\/\/www.visit-ulcinj.com\/blog\/wp-content\/uploads\/2013\/03\/Organizata-Turistike-e-Ulqinit-ne-Sarajeve.jpg","width":800,"height":598},{"@type":"WebPage","@id":"https:\/\/www.visit-ulcinj.com\/blog\/2013\/03\/28\/ot-e-ulqinit-merr-pjes-ne-panairin-e-turizmit-ne-sarajeve\/#webpage","url":"https:\/\/www.visit-ulcinj.com\/blog\/2013\/03\/28\/ot-e-ulqinit-merr-pjes-ne-panairin-e-turizmit-ne-sarajeve\/","name":"OT e Ulqinit merr pjes n\u00eb panairin e turizmit n\u00eb Sarajev\u00eb - Lajme nga Ulqini","isPartOf":{"@id":"https:\/\/www.visit-ulcinj.com\/blog\/#website"},"primaryImageOfPage":{"@id":"https:\/\/www.visit-ulcinj.com\/blog\/2013\/03\/28\/ot-e-ulqinit-merr-pjes-ne-panairin-e-turizmit-ne-sarajeve\/#primaryimage"},"datePublished":"2013-03-28T13:24:22+00:00","dateModified":"2013-03-29T14:47:44+00:00","author":{"@id":"https:\/\/www.visit-ulcinj.com\/blog\/#\/schema\/person\/dcab619c614d3038751c63bc2aadc06d"},"description":"Panairi n\u00eb Sarajev\u00eb 27.03.2013 N\u00eb panairin nd\u00ebrkomb\u00ebtar t\u00eb 36 i cili mbahet n\u00eb kuader t\u00eb manifestimit Dit\u00ebt e turizmit n\u00eb Sarajev\u00eb prej dat\u00ebs 27 deri me","breadcrumb":{"@id":"https:\/\/www.visit-ulcinj.com\/blog\/2013\/03\/28\/ot-e-ulqinit-merr-pjes-ne-panairin-e-turizmit-ne-sarajeve\/#breadcrumb"},"inLanguage":"en-US","potentialAction":[{"@type":"ReadAction","target":["https:\/\/www.visit-ulcinj.com\/blog\/2013\/03\/28\/ot-e-ulqinit-merr-pjes-ne-panairin-e-turizmit-ne-sarajeve\/"]}]},{"@type":"BreadcrumbList","@id":"https:\/\/www.visit-ulcinj.com\/blog\/2013\/03\/28\/ot-e-ulqinit-merr-pjes-ne-panairin-e-turizmit-ne-sarajeve\/#breadcrumb","itemListElement":[{"@type":"ListItem","position":1,"name":"OT e Ulqinit merr pjes n\u00eb panairin e turizmit n\u00eb Sarajev\u00eb"}]},{"@type":"Person","@id":"https:\/\/www.visit-ulcinj.com\/blog\/#\/schema\/person\/dcab619c614d3038751c63bc2aadc06d","name":"ulqini","sameAs":["http:\/\/www.visit-ulcinj.com"],"url":"https:\/\/www.visit-ulcinj.com\/blog\/author\/admin\/"}]}},"jetpack_featured_media_url":"","jetpack_sharing_enabled":true,"jetpack_shortlink":"https:\/\/wp.me\/pe6lTn-iej","_links":{"self":[{"href":"https:\/\/www.visit-ulcinj.com\/blog\/wp-json\/wp\/v2\/posts\/70079"}],"collection":[{"href":"https:\/\/www.visit-ulcinj.com\/blog\/wp-json\/wp\/v2\/posts"}],"about":[{"href":"https:\/\/www.visit-ulcinj.com\/blog\/wp-json\/wp\/v2\/types\/post"}],"author":[{"embeddable":true,"href":"https:\/\/www.visit-ulcinj.com\/blog\/wp-json\/wp\/v2\/users\/1"}],"replies":[{"embeddable":true,"href":"https:\/\/www.visit-ulcinj.com\/blog\/wp-json\/wp\/v2\/comments?post=70079"}],"version-history":[{"count":2,"href":"https:\/\/www.visit-ulcinj.com\/blog\/wp-json\/wp\/v2\/posts\/70079\/revisions"}],"predecessor-version":[{"id":70102,"href":"https:\/\/www.visit-ulcinj.com\/blog\/wp-json\/wp\/v2\/posts\/70079\/revisions\/70102"}],"wp:attachment":[{"href":"https:\/\/www.visit-ulcinj.com\/blog\/wp-json\/wp\/v2\/media?parent=70079"}],"wp:term":[{"taxonomy":"category","embeddable":true,"href":"https:\/\/www.visit-ulcinj.com\/blog\/wp-json\/wp\/v2\/categories?post=70079"},{"taxonomy":"post_tag","embeddable":true,"href":"https:\/\/www.visit-ulcinj.com\/blog\/wp-json\/wp\/v2\/tags?post=70079"}],"curies":[{"name":"wp","href":"https:\/\/api.w.org\/{rel}","templated":true}]}}