{"id":70093,"date":"2013-03-28T18:14:23","date_gmt":"2013-03-28T17:14:23","guid":{"rendered":"http:\/\/www.visit-ulcinj.com\/blog\/?p=70093"},"modified":"2013-03-28T18:14:23","modified_gmt":"2013-03-28T17:14:23","slug":"veceras-u-19-sati-okupe-u-velikoj-sali-skupstine-opstine-ulcinj","status":"publish","type":"post","link":"https:\/\/www.visit-ulcinj.com\/blog\/2013\/03\/28\/veceras-u-19-sati-okupe-u-velikoj-sali-skupstine-opstine-ulcinj\/","title":{"rendered":"Ve\u010deras u 19 sati okupe u Velikoj sali Skup\u0161tine op\u0161tine Ulcinj"},"content":{"rendered":"<p><span style=\"font-size: medium;\"><a href=\"http:\/\/www.visit-ulcinj.com\/blog\/wp-content\/uploads\/2013\/03\/Sazivanje-skupstine-Opstine-Ulcinj.jpg\"><img loading=\"lazy\" class=\"alignleft  wp-image-70094\" alt=\"Sazivanje-skupstine-Opstine-Ulcinj\" src=\"http:\/\/www.visit-ulcinj.com\/blog\/wp-content\/uploads\/2013\/03\/Sazivanje-skupstine-Opstine-Ulcinj.jpg\" width=\"508\" height=\"360\" \/><\/a>Tek kratka obavijest da su <\/span><span style=\"font-size: medium;\">Odbor za povra\u0107aj Maslinade Valdanos i Udru\u017eenje maslinara Ulcinj pozvali\u00a0predstavnike Vlade, op\u0161tine Ulcinj, poslanike u dr\u017eavnom Parlamentu, predsjednike politi\u010dkih stranaka iz Ulcinja, vjerske lidere i nevladine aktiviste da se ve\u010deras u 19 sati okupe u Velikoj sali Skup\u0161tine op\u0161tine Ulcinj. Neposredni povod sastanka je akt Ministarstva finansija od 11. marta ove godine u kojem se navodi da nema pravnog osnova za vra\u0107anje ili obe\u0161te\u0107enje ranijih vlasnika. <\/span><\/p>\n","protected":false},"excerpt":{"rendered":"<p>Tek kratka obavijest da su Odbor za povra\u0107aj Maslinade Valdanos i Udru\u017eenje maslinara Ulcinj pozvali\u00a0predstavnike Vlade, op\u0161tine Ulcinj, poslanike u dr\u017eavnom Parlamentu, predsjednike politi\u010dkih stranaka iz Ulcinja, vjerske lidere i nevladine aktiviste da se ve\u010deras u 19 sati okupe u Velikoj sali Skup\u0161tine op\u0161tine Ulcinj. Neposredni povod sastanka je akt Ministarstva finansija od 11. marta [&hellip;]<\/p>\n","protected":false},"author":1,"featured_media":0,"comment_status":"open","ping_status":"closed","sticky":false,"template":"","format":"standard","meta":{"spay_email":"","jetpack_publicize_message":"","jetpack_is_tweetstorm":false,"jetpack_publicize_feature_enabled":true},"categories":[6950],"tags":[19],"jetpack_publicize_connections":[],"yoast_head":"<!-- This site is optimized with the Yoast SEO plugin v19.1 - https:\/\/yoast.com\/wordpress\/plugins\/seo\/ -->\n<title>Ve\u010deras u 19 sati okupe u Velikoj sali Skup\u0161tine op\u0161tine Ulcinj - Lajme nga Ulqini<\/title>\n<meta name=\"description\" content=\"Tek kratka obavijest da su Odbor za povra\u0107aj Maslinade Valdanos i Udru\u017eenje maslinara Ulcinj pozvali\u00a0predstavnike Vlade, op\u0161tine Ulcinj, poslanike u\" \/>\n<meta name=\"robots\" content=\"index, follow, max-snippet:-1, max-image-preview:large, max-video-preview:-1\" \/>\n<link rel=\"canonical\" href=\"https:\/\/www.visit-ulcinj.com\/blog\/2013\/03\/28\/veceras-u-19-sati-okupe-u-velikoj-sali-skupstine-opstine-ulcinj\/\" \/>\n<meta property=\"og:locale\" content=\"en_US\" \/>\n<meta property=\"og:type\" content=\"article\" \/>\n<meta property=\"og:title\" content=\"Ve\u010deras u 19 sati okupe u Velikoj sali Skup\u0161tine op\u0161tine Ulcinj - Lajme nga Ulqini\" \/>\n<meta property=\"og:description\" content=\"Tek kratka obavijest da su Odbor za povra\u0107aj Maslinade Valdanos i Udru\u017eenje maslinara Ulcinj pozvali\u00a0predstavnike Vlade, op\u0161tine Ulcinj, poslanike u\" \/>\n<meta property=\"og:url\" content=\"https:\/\/www.visit-ulcinj.com\/blog\/2013\/03\/28\/veceras-u-19-sati-okupe-u-velikoj-sali-skupstine-opstine-ulcinj\/\" \/>\n<meta property=\"og:site_name\" content=\"Lajme nga Ulqini\" \/>\n<meta property=\"article:published_time\" content=\"2013-03-28T17:14:23+00:00\" \/>\n<meta property=\"og:image\" content=\"http:\/\/www.visit-ulcinj.com\/blog\/wp-content\/uploads\/2013\/03\/Sazivanje-skupstine-Opstine-Ulcinj.jpg\" \/>\n<meta name=\"twitter:label1\" content=\"Written by\" \/>\n\t<meta name=\"twitter:data1\" content=\"ulqini\" \/>\n<script type=\"application\/ld+json\" class=\"yoast-schema-graph\">{\"@context\":\"https:\/\/schema.org\",\"@graph\":[{\"@type\":\"WebSite\",\"@id\":\"https:\/\/www.visit-ulcinj.com\/blog\/#website\",\"url\":\"https:\/\/www.visit-ulcinj.com\/blog\/\",\"name\":\"Lajme nga Ulqini\",\"description\":\"Lajme,Vijesti,Ulqini,Ulqin,Crna Gora,Mali i Zi\",\"potentialAction\":[{\"@type\":\"SearchAction\",\"target\":{\"@type\":\"EntryPoint\",\"urlTemplate\":\"https:\/\/www.visit-ulcinj.com\/blog\/?s={search_term_string}\"},\"query-input\":\"required name=search_term_string\"}],\"inLanguage\":\"en-US\"},{\"@type\":\"ImageObject\",\"inLanguage\":\"en-US\",\"@id\":\"https:\/\/www.visit-ulcinj.com\/blog\/2013\/03\/28\/veceras-u-19-sati-okupe-u-velikoj-sali-skupstine-opstine-ulcinj\/#primaryimage\",\"url\":\"https:\/\/www.visit-ulcinj.com\/blog\/wp-content\/uploads\/2013\/03\/Sazivanje-skupstine-Opstine-Ulcinj.jpg\",\"contentUrl\":\"https:\/\/www.visit-ulcinj.com\/blog\/wp-content\/uploads\/2013\/03\/Sazivanje-skupstine-Opstine-Ulcinj.jpg\",\"width\":640,\"height\":450},{\"@type\":\"WebPage\",\"@id\":\"https:\/\/www.visit-ulcinj.com\/blog\/2013\/03\/28\/veceras-u-19-sati-okupe-u-velikoj-sali-skupstine-opstine-ulcinj\/#webpage\",\"url\":\"https:\/\/www.visit-ulcinj.com\/blog\/2013\/03\/28\/veceras-u-19-sati-okupe-u-velikoj-sali-skupstine-opstine-ulcinj\/\",\"name\":\"Ve\u010deras u 19 sati okupe u Velikoj sali Skup\u0161tine op\u0161tine Ulcinj - Lajme nga Ulqini\",\"isPartOf\":{\"@id\":\"https:\/\/www.visit-ulcinj.com\/blog\/#website\"},\"primaryImageOfPage\":{\"@id\":\"https:\/\/www.visit-ulcinj.com\/blog\/2013\/03\/28\/veceras-u-19-sati-okupe-u-velikoj-sali-skupstine-opstine-ulcinj\/#primaryimage\"},\"datePublished\":\"2013-03-28T17:14:23+00:00\",\"dateModified\":\"2013-03-28T17:14:23+00:00\",\"author\":{\"@id\":\"https:\/\/www.visit-ulcinj.com\/blog\/#\/schema\/person\/dcab619c614d3038751c63bc2aadc06d\"},\"description\":\"Tek kratka obavijest da su Odbor za povra\u0107aj Maslinade Valdanos i Udru\u017eenje maslinara Ulcinj pozvali\u00a0predstavnike Vlade, op\u0161tine Ulcinj, poslanike u\",\"breadcrumb\":{\"@id\":\"https:\/\/www.visit-ulcinj.com\/blog\/2013\/03\/28\/veceras-u-19-sati-okupe-u-velikoj-sali-skupstine-opstine-ulcinj\/#breadcrumb\"},\"inLanguage\":\"en-US\",\"potentialAction\":[{\"@type\":\"ReadAction\",\"target\":[\"https:\/\/www.visit-ulcinj.com\/blog\/2013\/03\/28\/veceras-u-19-sati-okupe-u-velikoj-sali-skupstine-opstine-ulcinj\/\"]}]},{\"@type\":\"BreadcrumbList\",\"@id\":\"https:\/\/www.visit-ulcinj.com\/blog\/2013\/03\/28\/veceras-u-19-sati-okupe-u-velikoj-sali-skupstine-opstine-ulcinj\/#breadcrumb\",\"itemListElement\":[{\"@type\":\"ListItem\",\"position\":1,\"name\":\"Ve\u010deras u 19 sati okupe u Velikoj sali Skup\u0161tine op\u0161tine Ulcinj\"}]},{\"@type\":\"Person\",\"@id\":\"https:\/\/www.visit-ulcinj.com\/blog\/#\/schema\/person\/dcab619c614d3038751c63bc2aadc06d\",\"name\":\"ulqini\",\"sameAs\":[\"http:\/\/www.visit-ulcinj.com\"],\"url\":\"https:\/\/www.visit-ulcinj.com\/blog\/author\/admin\/\"}]}<\/script>\n<!-- \/ Yoast SEO plugin. -->","yoast_head_json":{"title":"Ve\u010deras u 19 sati okupe u Velikoj sali Skup\u0161tine op\u0161tine Ulcinj - Lajme nga Ulqini","description":"Tek kratka obavijest da su Odbor za povra\u0107aj Maslinade Valdanos i Udru\u017eenje maslinara Ulcinj pozvali\u00a0predstavnike Vlade, op\u0161tine Ulcinj, poslanike u","robots":{"index":"index","follow":"follow","max-snippet":"max-snippet:-1","max-image-preview":"max-image-preview:large","max-video-preview":"max-video-preview:-1"},"canonical":"https:\/\/www.visit-ulcinj.com\/blog\/2013\/03\/28\/veceras-u-19-sati-okupe-u-velikoj-sali-skupstine-opstine-ulcinj\/","og_locale":"en_US","og_type":"article","og_title":"Ve\u010deras u 19 sati okupe u Velikoj sali Skup\u0161tine op\u0161tine Ulcinj - Lajme nga Ulqini","og_description":"Tek kratka obavijest da su Odbor za povra\u0107aj Maslinade Valdanos i Udru\u017eenje maslinara Ulcinj pozvali\u00a0predstavnike Vlade, op\u0161tine Ulcinj, poslanike u","og_url":"https:\/\/www.visit-ulcinj.com\/blog\/2013\/03\/28\/veceras-u-19-sati-okupe-u-velikoj-sali-skupstine-opstine-ulcinj\/","og_site_name":"Lajme nga Ulqini","article_published_time":"2013-03-28T17:14:23+00:00","og_image":[{"url":"http:\/\/www.visit-ulcinj.com\/blog\/wp-content\/uploads\/2013\/03\/Sazivanje-skupstine-Opstine-Ulcinj.jpg"}],"twitter_misc":{"Written by":"ulqini"},"schema":{"@context":"https:\/\/schema.org","@graph":[{"@type":"WebSite","@id":"https:\/\/www.visit-ulcinj.com\/blog\/#website","url":"https:\/\/www.visit-ulcinj.com\/blog\/","name":"Lajme nga Ulqini","description":"Lajme,Vijesti,Ulqini,Ulqin,Crna Gora,Mali i Zi","potentialAction":[{"@type":"SearchAction","target":{"@type":"EntryPoint","urlTemplate":"https:\/\/www.visit-ulcinj.com\/blog\/?s={search_term_string}"},"query-input":"required name=search_term_string"}],"inLanguage":"en-US"},{"@type":"ImageObject","inLanguage":"en-US","@id":"https:\/\/www.visit-ulcinj.com\/blog\/2013\/03\/28\/veceras-u-19-sati-okupe-u-velikoj-sali-skupstine-opstine-ulcinj\/#primaryimage","url":"https:\/\/www.visit-ulcinj.com\/blog\/wp-content\/uploads\/2013\/03\/Sazivanje-skupstine-Opstine-Ulcinj.jpg","contentUrl":"https:\/\/www.visit-ulcinj.com\/blog\/wp-content\/uploads\/2013\/03\/Sazivanje-skupstine-Opstine-Ulcinj.jpg","width":640,"height":450},{"@type":"WebPage","@id":"https:\/\/www.visit-ulcinj.com\/blog\/2013\/03\/28\/veceras-u-19-sati-okupe-u-velikoj-sali-skupstine-opstine-ulcinj\/#webpage","url":"https:\/\/www.visit-ulcinj.com\/blog\/2013\/03\/28\/veceras-u-19-sati-okupe-u-velikoj-sali-skupstine-opstine-ulcinj\/","name":"Ve\u010deras u 19 sati okupe u Velikoj sali Skup\u0161tine op\u0161tine Ulcinj - Lajme nga Ulqini","isPartOf":{"@id":"https:\/\/www.visit-ulcinj.com\/blog\/#website"},"primaryImageOfPage":{"@id":"https:\/\/www.visit-ulcinj.com\/blog\/2013\/03\/28\/veceras-u-19-sati-okupe-u-velikoj-sali-skupstine-opstine-ulcinj\/#primaryimage"},"datePublished":"2013-03-28T17:14:23+00:00","dateModified":"2013-03-28T17:14:23+00:00","author":{"@id":"https:\/\/www.visit-ulcinj.com\/blog\/#\/schema\/person\/dcab619c614d3038751c63bc2aadc06d"},"description":"Tek kratka obavijest da su Odbor za povra\u0107aj Maslinade Valdanos i Udru\u017eenje maslinara Ulcinj pozvali\u00a0predstavnike Vlade, op\u0161tine Ulcinj, poslanike u","breadcrumb":{"@id":"https:\/\/www.visit-ulcinj.com\/blog\/2013\/03\/28\/veceras-u-19-sati-okupe-u-velikoj-sali-skupstine-opstine-ulcinj\/#breadcrumb"},"inLanguage":"en-US","potentialAction":[{"@type":"ReadAction","target":["https:\/\/www.visit-ulcinj.com\/blog\/2013\/03\/28\/veceras-u-19-sati-okupe-u-velikoj-sali-skupstine-opstine-ulcinj\/"]}]},{"@type":"BreadcrumbList","@id":"https:\/\/www.visit-ulcinj.com\/blog\/2013\/03\/28\/veceras-u-19-sati-okupe-u-velikoj-sali-skupstine-opstine-ulcinj\/#breadcrumb","itemListElement":[{"@type":"ListItem","position":1,"name":"Ve\u010deras u 19 sati okupe u Velikoj sali Skup\u0161tine op\u0161tine Ulcinj"}]},{"@type":"Person","@id":"https:\/\/www.visit-ulcinj.com\/blog\/#\/schema\/person\/dcab619c614d3038751c63bc2aadc06d","name":"ulqini","sameAs":["http:\/\/www.visit-ulcinj.com"],"url":"https:\/\/www.visit-ulcinj.com\/blog\/author\/admin\/"}]}},"jetpack_featured_media_url":"","jetpack_sharing_enabled":true,"jetpack_shortlink":"https:\/\/wp.me\/pe6lTn-iex","_links":{"self":[{"href":"https:\/\/www.visit-ulcinj.com\/blog\/wp-json\/wp\/v2\/posts\/70093"}],"collection":[{"href":"https:\/\/www.visit-ulcinj.com\/blog\/wp-json\/wp\/v2\/posts"}],"about":[{"href":"https:\/\/www.visit-ulcinj.com\/blog\/wp-json\/wp\/v2\/types\/post"}],"author":[{"embeddable":true,"href":"https:\/\/www.visit-ulcinj.com\/blog\/wp-json\/wp\/v2\/users\/1"}],"replies":[{"embeddable":true,"href":"https:\/\/www.visit-ulcinj.com\/blog\/wp-json\/wp\/v2\/comments?post=70093"}],"version-history":[{"count":1,"href":"https:\/\/www.visit-ulcinj.com\/blog\/wp-json\/wp\/v2\/posts\/70093\/revisions"}],"predecessor-version":[{"id":70095,"href":"https:\/\/www.visit-ulcinj.com\/blog\/wp-json\/wp\/v2\/posts\/70093\/revisions\/70095"}],"wp:attachment":[{"href":"https:\/\/www.visit-ulcinj.com\/blog\/wp-json\/wp\/v2\/media?parent=70093"}],"wp:term":[{"taxonomy":"category","embeddable":true,"href":"https:\/\/www.visit-ulcinj.com\/blog\/wp-json\/wp\/v2\/categories?post=70093"},{"taxonomy":"post_tag","embeddable":true,"href":"https:\/\/www.visit-ulcinj.com\/blog\/wp-json\/wp\/v2\/tags?post=70093"}],"curies":[{"name":"wp","href":"https:\/\/api.w.org\/{rel}","templated":true}]}}