{"id":70113,"date":"2013-03-29T17:19:57","date_gmt":"2013-03-29T16:19:57","guid":{"rendered":"http:\/\/www.visit-ulcinj.com\/blog\/?p=70113"},"modified":"2013-03-30T22:31:44","modified_gmt":"2013-03-30T21:31:44","slug":"fabrika-kurti-fiton-shperblimin-e-arte-ne-expo-trophy-2013-budva-video","status":"publish","type":"post","link":"https:\/\/www.visit-ulcinj.com\/blog\/2013\/03\/29\/fabrika-kurti-fiton-shperblimin-e-arte-ne-expo-trophy-2013-budva-video\/","title":{"rendered":"Fabrika Kurti fiton shp\u00ebrblimin e Art\u00eb n\u00eb  &#8220;EXPO TROPHY 2013&#8221; Budva &#8211; Video"},"content":{"rendered":"<p><a href=\"http:\/\/www.visit-ulcinj.com\/blog\/wp-content\/uploads\/2013\/03\/Zlatna-plaketa-za-Fabriku-Namje\u0161taja-Kurti-Doo-\u2013-Ulcinj-.jpg\"><img loading=\"lazy\" class=\"alignleft  wp-image-70104\" alt=\"Zlatna plaketa  za Fabriku Namje\u0161taja Kurti Doo \u2013 Ulcinj\" src=\"http:\/\/www.visit-ulcinj.com\/blog\/wp-content\/uploads\/2013\/03\/Zlatna-plaketa-za-Fabriku-Namje\u0161taja-Kurti-Doo-\u2013-Ulcinj-.jpg\" width=\"508\" height=\"360\" \/><\/a>Nd\u00ebrmarja Kurti mori pjes\u00eb n\u00eb panairin e mobiljeve &#8220;EXPO TROPHY 2013&#8221; q\u00eb u mbajt n\u00eb Budve, ku dhe u shp\u00ebrblye me vendin e par\u00eb me plaket\u00ebn e art\u00eb\u00a0 &#8220;EXPO TROPHY 2013&#8221; p\u00ebr kualitetin q\u00eb dispononte Fabrika Kurti.<\/p>\n<p>Kjo nd\u00ebrmarje meret me p\u00ebrpunumin e drurit dhe si produkt final nxjer prodhimet e ndryshme nga druri si\u00e7 jan\u00eb: mobiljet, kuzhinat, paradhomat, dhoma fjetjesh etj.<br \/>\nQ\u00ebllimi kryesor i pronarit Kabil Kurtit n\u00eb fillim ishte q\u00eb ta zvog\u00eblonte papunsin\u00eb e cila ishte n\u00eb nj\u00eb num\u00ebr mjaft t\u00eb madh n\u00eb Ulqin, si dhe me hulumtimin e tregut ai v\u00ebrejti se qytetit tone i mungonte nj\u00eb nd\u00ebrmarj\u00eb e till\u00eb prandaj edhe ishte shum\u00eb i vendosur q\u00eb t\u00eb arrinte k\u00ebt\u00eb q\u00ebllim ku m\u00eb n\u00eb fund dhe ja doli.<br \/>\nN\u00eb nj\u00eb intervist\u00eb te pronarit Kabil Kurti u deklaru se duke u bazuar n\u00eb rezultatet e deritanishme q\u00eb i ka treguar nd\u00ebrmarrja, \u00a0suksesi nuk ka munguar mir\u00ebpo asnj\u00ebher\u00eb nuk duhet k\u00ebnaqur me at\u00eb q\u00eb kemi arritur por \u00e7\u2019do her\u00eb duhet t\u00eb k\u00ebrkojm\u00eb q\u00eb t\u00eb ngjitemi sa m\u00eb lart.<br \/>\n<a href=\"http:\/\/www.visit-ulcinj.com\/blog\/wp-content\/uploads\/2013\/03\/Zlatna-plaketa-za-Fabriku-Namje\u0161taja-Kurti-Doo-\u2013-Ulcinj-.1.jpg\"><img loading=\"lazy\" class=\"alignleft  wp-image-70105\" alt=\"Zlatna plaketa  za Fabriku Namje\u0161taja Kurti Doo \u2013 Ulcinj .1\" src=\"http:\/\/www.visit-ulcinj.com\/blog\/wp-content\/uploads\/2013\/03\/Zlatna-plaketa-za-Fabriku-Namje\u0161taja-Kurti-Doo-\u2013-Ulcinj-.1.jpg\" width=\"508\" height=\"300\" \/><\/a><\/p>\n<p><strong>Di\u00e7ka p\u00ebr panairin &#8220;EXPO TROPHY 2013&#8243;n\u00eb Budve<\/strong><\/p>\n<p>N\u00eb panair &#8220;EXPO TROPHY 2013&#8243;ne Budve ka pasur mund\u00ebsi t\u00eb shikohen trendet m\u00eb t\u00eb reja n\u00eb prodhimtarin\u00eb e mobiljeve p\u00ebr sht\u00ebpi, p\u00ebr kuzhin\u00eb, banjo, dhoma gjumi, dhoma f\u00ebmij\u00ebsh, mobilje p\u00ebr zyra, mobilje p\u00ebr objekte publike, p\u00ebr industri dhe ngjash\u00ebm.<\/p>\n<p>N\u00eb Panairin e Budves u mbajt Panairi nd\u00ebrkomb\u00ebtar p\u00ebr mobilje, n\u00eb t\u00eb cilin edicionin te sivjet\u00ebshem u prezantuen\u00a0 shum\u00eb ekspozues t\u00eb drejtp\u00ebrdrejt\u00eb nga vendi dhe vendet e huaja.<\/p>\n<p>&#8220;Ky \u00ebsht\u00eb nd\u00ebr manifestimet m\u00eb atraktive t\u00eb panaireve ne Budve, vend i shk\u00eblqyesh\u00ebm p\u00ebr fillim t\u00eb bashk\u00ebpunimit midis kompanive vendore dhe t\u00eb huaja.<br \/>\n<a href=\"http:\/\/www.visit-ulcinj.com\/blog\/wp-content\/uploads\/2013\/03\/Fabrika-Kurti-fiton-shp\u00ebrblimin-e-Art\u00eb-n\u00eb-EXPO-TROPHY-2013-Budva.jpg\"><img loading=\"lazy\" class=\"alignleft  wp-image-70114\" alt=\"Fabrika Kurti fiton shp\u00ebrblimin e Art\u00eb n\u00eb -EXPO TROPHY 2013-Budva\" src=\"http:\/\/www.visit-ulcinj.com\/blog\/wp-content\/uploads\/2013\/03\/Fabrika-Kurti-fiton-shp\u00ebrblimin-e-Art\u00eb-n\u00eb-EXPO-TROPHY-2013-Budva.jpg\" width=\"508\" height=\"300\" \/><\/a><\/p>\n<p>N\u00eb panair &#8220;EXPO TROPHY 2013&#8243;ne Budve \u00a0ishin te pranishme edhe kompani tjera nga Ulqini, Maqedonia, Kosova, Serbia, Kroacia, Bosna dhe Hercegovina etj.<\/p>\n<p>N\u00eb ket\u00eb panair pati mund\u00ebsi t\u00eb shikohen trendet m\u00eb t\u00eb reja n\u00eb prodhimtarin\u00eb e mobiljeve p\u00ebr sht\u00ebpi, p\u00ebr kuzhin\u00eb, banjo, dhoma gjumi, dhoma f\u00ebmij\u00ebsh, mobilje p\u00ebr zyra, mobilje p\u00ebr objekte publike, p\u00ebr industri dhe ngjash\u00ebm.<\/p>\n<p>Vitin e kaluar k\u00ebt\u00eb manifestim t\u00eb panairit e kan\u00eb vizituar mbi 30.000 vizitor\u00eb, nd\u00ebrsa k\u00ebt\u00eb vit presin n\u00eb gjasht\u00eb pjes\u00ebt e panairit t\u00eb t\u00ebrheqin num\u00ebr m\u00eb t\u00eb madh t\u00eb vizitor\u00ebve. Ajo konsideron se kjo ka t\u00eb b\u00ebj\u00eb me nevoj\u00ebn p\u00ebr disenjin e ri, p\u00ebr ndryshim, adaptim t\u00eb sht\u00ebpive t\u00eb tyre&#8230;<\/p>\n<p>Tradicionalisht u nda \u00e7mimi p\u00ebr prodhuesit dhe tregtar\u00ebt, nd\u00ebrsa \u00ebsht\u00eb parashikuar edhe \u00e7mim shp\u00ebrblyes p\u00ebr vizitor\u00ebt.<br \/>\n\n\t\t<style type=\"text\/css\">\n\t\t\t#gallery-1 {\n\t\t\t\tmargin: auto;\n\t\t\t}\n\t\t\t#gallery-1 .gallery-item {\n\t\t\t\tfloat: left;\n\t\t\t\tmargin-top: 10px;\n\t\t\t\ttext-align: center;\n\t\t\t\twidth: 33%;\n\t\t\t}\n\t\t\t#gallery-1 img {\n\t\t\t\tborder: 2px solid #cfcfcf;\n\t\t\t}\n\t\t\t#gallery-1 .gallery-caption {\n\t\t\t\tmargin-left: 0;\n\t\t\t}\n\t\t\t\/* see gallery_shortcode() in wp-includes\/media.php *\/\n\t\t<\/style>\n\t\t<div id='gallery-1' class='gallery galleryid-70113 gallery-columns-3 gallery-size-thumbnail'><dl class='gallery-item'>\n\t\t\t<dt class='gallery-icon landscape'>\n\t\t\t\t<a href='https:\/\/www.visit-ulcinj.com\/blog\/2013\/03\/29\/zlatna-plaketa-za-fabriku-namjestaja-kurti-doo-ulcinj-video\/fabrika-kurti-ulqin-ulcinj-2\/'><img width=\"150\" height=\"150\" src=\"https:\/\/www.visit-ulcinj.com\/blog\/wp-content\/uploads\/2013\/03\/Fabrika-Kurti-Ulqin-Ulcinj.2-150x150.jpg\" class=\"attachment-thumbnail size-thumbnail\" alt=\"\" loading=\"lazy\" \/><\/a>\n\t\t\t<\/dt><\/dl><dl class='gallery-item'>\n\t\t\t<dt class='gallery-icon landscape'>\n\t\t\t\t<a href='https:\/\/www.visit-ulcinj.com\/blog\/2013\/03\/29\/zlatna-plaketa-za-fabriku-namjestaja-kurti-doo-ulcinj-video\/fabrika-kurti-ulqin-ulcinj\/'><img width=\"150\" height=\"150\" src=\"https:\/\/www.visit-ulcinj.com\/blog\/wp-content\/uploads\/2013\/03\/Fabrika-Kurti-Ulqin-Ulcinj-150x150.jpg\" class=\"attachment-thumbnail size-thumbnail\" alt=\"\" loading=\"lazy\" \/><\/a>\n\t\t\t<\/dt><\/dl><dl class='gallery-item'>\n\t\t\t<dt class='gallery-icon landscape'>\n\t\t\t\t<a href='https:\/\/www.visit-ulcinj.com\/blog\/2013\/03\/29\/zlatna-plaketa-za-fabriku-namjestaja-kurti-doo-ulcinj-video\/fabrika-kurti-ulqin-ulcinj-6\/'><img width=\"150\" height=\"150\" src=\"https:\/\/www.visit-ulcinj.com\/blog\/wp-content\/uploads\/2013\/03\/Fabrika-Kurti-Ulqin-Ulcinj.6-150x150.jpg\" class=\"attachment-thumbnail size-thumbnail\" alt=\"\" loading=\"lazy\" \/><\/a>\n\t\t\t<\/dt><\/dl><br style=\"clear: both\" \/><dl class='gallery-item'>\n\t\t\t<dt class='gallery-icon landscape'>\n\t\t\t\t<a href='https:\/\/www.visit-ulcinj.com\/blog\/2013\/03\/29\/zlatna-plaketa-za-fabriku-namjestaja-kurti-doo-ulcinj-video\/fabrika-kurti-ulqin-ulcinj-5\/'><img width=\"150\" height=\"150\" src=\"https:\/\/www.visit-ulcinj.com\/blog\/wp-content\/uploads\/2013\/03\/Fabrika-Kurti-Ulqin-Ulcinj.5-150x150.jpg\" class=\"attachment-thumbnail size-thumbnail\" alt=\"\" loading=\"lazy\" \/><\/a>\n\t\t\t<\/dt><\/dl><dl class='gallery-item'>\n\t\t\t<dt class='gallery-icon landscape'>\n\t\t\t\t<a href='https:\/\/www.visit-ulcinj.com\/blog\/2013\/03\/29\/zlatna-plaketa-za-fabriku-namjestaja-kurti-doo-ulcinj-video\/fabrika-kurti-ulqin-ulcinj-4\/'><img width=\"150\" height=\"150\" src=\"https:\/\/www.visit-ulcinj.com\/blog\/wp-content\/uploads\/2013\/03\/Fabrika-Kurti-Ulqin-Ulcinj.4-150x150.jpg\" class=\"attachment-thumbnail size-thumbnail\" alt=\"\" loading=\"lazy\" \/><\/a>\n\t\t\t<\/dt><\/dl><dl class='gallery-item'>\n\t\t\t<dt class='gallery-icon landscape'>\n\t\t\t\t<a href='https:\/\/www.visit-ulcinj.com\/blog\/2013\/03\/29\/zlatna-plaketa-za-fabriku-namjestaja-kurti-doo-ulcinj-video\/fabrika-kurti-ulqin-ulcinj-3\/'><img width=\"150\" height=\"150\" src=\"https:\/\/www.visit-ulcinj.com\/blog\/wp-content\/uploads\/2013\/03\/Fabrika-Kurti-Ulqin-Ulcinj.3-150x150.jpg\" class=\"attachment-thumbnail size-thumbnail\" alt=\"\" loading=\"lazy\" \/><\/a>\n\t\t\t<\/dt><\/dl><br style=\"clear: both\" \/>\n\t\t<\/div>\n<\/p>\n<!--YouTube Error: bad URL entered-->\n","protected":false},"excerpt":{"rendered":"<p>Nd\u00ebrmarja Kurti mori pjes\u00eb n\u00eb panairin e mobiljeve &#8220;EXPO TROPHY 2013&#8221; q\u00eb u mbajt n\u00eb Budve, ku dhe u shp\u00ebrblye me vendin e par\u00eb me plaket\u00ebn e art\u00eb\u00a0 &#8220;EXPO TROPHY 2013&#8221; p\u00ebr kualitetin q\u00eb dispononte Fabrika Kurti. Kjo nd\u00ebrmarje meret me p\u00ebrpunumin e drurit dhe si produkt final nxjer prodhimet e ndryshme nga druri si\u00e7 [&hellip;]<\/p>\n","protected":false},"author":1,"featured_media":0,"comment_status":"open","ping_status":"closed","sticky":false,"template":"","format":"standard","meta":{"spay_email":"","jetpack_publicize_message":"","jetpack_is_tweetstorm":false,"jetpack_publicize_feature_enabled":true},"categories":[10,1],"tags":[21970,20978,21969,200,18],"jetpack_publicize_connections":[],"yoast_head":"<!-- This site is optimized with the Yoast SEO plugin v19.1 - https:\/\/yoast.com\/wordpress\/plugins\/seo\/ -->\n<title>Fabrika Kurti fiton shp\u00ebrblimin e Art\u00eb n\u00eb &quot;EXPO TROPHY 2013&quot; Budva - Video - Lajme nga Ulqini<\/title>\n<meta name=\"description\" content=\"Nd\u00ebrmarja Kurti mori pjes\u00eb n\u00eb panairin e mobiljeve &quot;EXPO TROPHY 2013&quot; q\u00eb u mbajt n\u00eb Budve, ku dhe u shp\u00ebrblye me vendin e par\u00eb me plaket\u00ebn e art\u00eb\u00a0 &quot;EXPO\" \/>\n<meta name=\"robots\" content=\"index, follow, max-snippet:-1, max-image-preview:large, max-video-preview:-1\" \/>\n<link rel=\"canonical\" href=\"https:\/\/www.visit-ulcinj.com\/blog\/2013\/03\/29\/fabrika-kurti-fiton-shperblimin-e-arte-ne-expo-trophy-2013-budva-video\/\" \/>\n<meta property=\"og:locale\" content=\"en_US\" \/>\n<meta property=\"og:type\" content=\"article\" \/>\n<meta property=\"og:title\" content=\"Fabrika Kurti fiton shp\u00ebrblimin e Art\u00eb n\u00eb &quot;EXPO TROPHY 2013&quot; Budva - Video - Lajme nga Ulqini\" \/>\n<meta property=\"og:description\" content=\"Nd\u00ebrmarja Kurti mori pjes\u00eb n\u00eb panairin e mobiljeve &quot;EXPO TROPHY 2013&quot; q\u00eb u mbajt n\u00eb Budve, ku dhe u shp\u00ebrblye me vendin e par\u00eb me plaket\u00ebn e art\u00eb\u00a0 &quot;EXPO\" \/>\n<meta property=\"og:url\" content=\"https:\/\/www.visit-ulcinj.com\/blog\/2013\/03\/29\/fabrika-kurti-fiton-shperblimin-e-arte-ne-expo-trophy-2013-budva-video\/\" \/>\n<meta property=\"og:site_name\" content=\"Lajme nga Ulqini\" \/>\n<meta property=\"article:published_time\" content=\"2013-03-29T16:19:57+00:00\" \/>\n<meta property=\"article:modified_time\" content=\"2013-03-30T21:31:44+00:00\" \/>\n<meta property=\"og:image\" content=\"https:\/\/www.visit-ulcinj.com\/blog\/wp-content\/uploads\/2013\/03\/Fabrika-Kurti-Ulqin-Ulcinj.2-150x150.jpg\" \/>\n<meta name=\"twitter:label1\" content=\"Written by\" \/>\n\t<meta name=\"twitter:data1\" content=\"ulqini\" \/>\n\t<meta name=\"twitter:label2\" content=\"Est. reading time\" \/>\n\t<meta name=\"twitter:data2\" content=\"2 minutes\" \/>\n<script type=\"application\/ld+json\" class=\"yoast-schema-graph\">{\"@context\":\"https:\/\/schema.org\",\"@graph\":[{\"@type\":\"WebSite\",\"@id\":\"https:\/\/www.visit-ulcinj.com\/blog\/#website\",\"url\":\"https:\/\/www.visit-ulcinj.com\/blog\/\",\"name\":\"Lajme nga Ulqini\",\"description\":\"Lajme,Vijesti,Ulqini,Ulqin,Crna Gora,Mali i Zi\",\"potentialAction\":[{\"@type\":\"SearchAction\",\"target\":{\"@type\":\"EntryPoint\",\"urlTemplate\":\"https:\/\/www.visit-ulcinj.com\/blog\/?s={search_term_string}\"},\"query-input\":\"required name=search_term_string\"}],\"inLanguage\":\"en-US\"},{\"@type\":\"WebPage\",\"@id\":\"https:\/\/www.visit-ulcinj.com\/blog\/2013\/03\/29\/fabrika-kurti-fiton-shperblimin-e-arte-ne-expo-trophy-2013-budva-video\/#webpage\",\"url\":\"https:\/\/www.visit-ulcinj.com\/blog\/2013\/03\/29\/fabrika-kurti-fiton-shperblimin-e-arte-ne-expo-trophy-2013-budva-video\/\",\"name\":\"Fabrika Kurti fiton shp\u00ebrblimin e Art\u00eb n\u00eb \\\"EXPO TROPHY 2013\\\" Budva - Video - Lajme nga Ulqini\",\"isPartOf\":{\"@id\":\"https:\/\/www.visit-ulcinj.com\/blog\/#website\"},\"datePublished\":\"2013-03-29T16:19:57+00:00\",\"dateModified\":\"2013-03-30T21:31:44+00:00\",\"author\":{\"@id\":\"https:\/\/www.visit-ulcinj.com\/blog\/#\/schema\/person\/dcab619c614d3038751c63bc2aadc06d\"},\"description\":\"Nd\u00ebrmarja Kurti mori pjes\u00eb n\u00eb panairin e mobiljeve \\\"EXPO TROPHY 2013\\\" q\u00eb u mbajt n\u00eb Budve, ku dhe u shp\u00ebrblye me vendin e par\u00eb me plaket\u00ebn e art\u00eb\u00a0 \\\"EXPO\",\"breadcrumb\":{\"@id\":\"https:\/\/www.visit-ulcinj.com\/blog\/2013\/03\/29\/fabrika-kurti-fiton-shperblimin-e-arte-ne-expo-trophy-2013-budva-video\/#breadcrumb\"},\"inLanguage\":\"en-US\",\"potentialAction\":[{\"@type\":\"ReadAction\",\"target\":[\"https:\/\/www.visit-ulcinj.com\/blog\/2013\/03\/29\/fabrika-kurti-fiton-shperblimin-e-arte-ne-expo-trophy-2013-budva-video\/\"]}]},{\"@type\":\"BreadcrumbList\",\"@id\":\"https:\/\/www.visit-ulcinj.com\/blog\/2013\/03\/29\/fabrika-kurti-fiton-shperblimin-e-arte-ne-expo-trophy-2013-budva-video\/#breadcrumb\",\"itemListElement\":[{\"@type\":\"ListItem\",\"position\":1,\"name\":\"Fabrika Kurti fiton shp\u00ebrblimin e Art\u00eb n\u00eb &#8220;EXPO TROPHY 2013&#8221; Budva &#8211; Video\"}]},{\"@type\":\"Person\",\"@id\":\"https:\/\/www.visit-ulcinj.com\/blog\/#\/schema\/person\/dcab619c614d3038751c63bc2aadc06d\",\"name\":\"ulqini\",\"sameAs\":[\"http:\/\/www.visit-ulcinj.com\"],\"url\":\"https:\/\/www.visit-ulcinj.com\/blog\/author\/admin\/\"}]}<\/script>\n<!-- \/ Yoast SEO plugin. -->","yoast_head_json":{"title":"Fabrika Kurti fiton shp\u00ebrblimin e Art\u00eb n\u00eb \"EXPO TROPHY 2013\" Budva - Video - Lajme nga Ulqini","description":"Nd\u00ebrmarja Kurti mori pjes\u00eb n\u00eb panairin e mobiljeve \"EXPO TROPHY 2013\" q\u00eb u mbajt n\u00eb Budve, ku dhe u shp\u00ebrblye me vendin e par\u00eb me plaket\u00ebn e art\u00eb\u00a0 \"EXPO","robots":{"index":"index","follow":"follow","max-snippet":"max-snippet:-1","max-image-preview":"max-image-preview:large","max-video-preview":"max-video-preview:-1"},"canonical":"https:\/\/www.visit-ulcinj.com\/blog\/2013\/03\/29\/fabrika-kurti-fiton-shperblimin-e-arte-ne-expo-trophy-2013-budva-video\/","og_locale":"en_US","og_type":"article","og_title":"Fabrika Kurti fiton shp\u00ebrblimin e Art\u00eb n\u00eb \"EXPO TROPHY 2013\" Budva - Video - Lajme nga Ulqini","og_description":"Nd\u00ebrmarja Kurti mori pjes\u00eb n\u00eb panairin e mobiljeve \"EXPO TROPHY 2013\" q\u00eb u mbajt n\u00eb Budve, ku dhe u shp\u00ebrblye me vendin e par\u00eb me plaket\u00ebn e art\u00eb\u00a0 \"EXPO","og_url":"https:\/\/www.visit-ulcinj.com\/blog\/2013\/03\/29\/fabrika-kurti-fiton-shperblimin-e-arte-ne-expo-trophy-2013-budva-video\/","og_site_name":"Lajme nga Ulqini","article_published_time":"2013-03-29T16:19:57+00:00","article_modified_time":"2013-03-30T21:31:44+00:00","og_image":[{"url":"https:\/\/www.visit-ulcinj.com\/blog\/wp-content\/uploads\/2013\/03\/Fabrika-Kurti-Ulqin-Ulcinj.2-150x150.jpg"}],"twitter_misc":{"Written by":"ulqini","Est. reading time":"2 minutes"},"schema":{"@context":"https:\/\/schema.org","@graph":[{"@type":"WebSite","@id":"https:\/\/www.visit-ulcinj.com\/blog\/#website","url":"https:\/\/www.visit-ulcinj.com\/blog\/","name":"Lajme nga Ulqini","description":"Lajme,Vijesti,Ulqini,Ulqin,Crna Gora,Mali i Zi","potentialAction":[{"@type":"SearchAction","target":{"@type":"EntryPoint","urlTemplate":"https:\/\/www.visit-ulcinj.com\/blog\/?s={search_term_string}"},"query-input":"required name=search_term_string"}],"inLanguage":"en-US"},{"@type":"WebPage","@id":"https:\/\/www.visit-ulcinj.com\/blog\/2013\/03\/29\/fabrika-kurti-fiton-shperblimin-e-arte-ne-expo-trophy-2013-budva-video\/#webpage","url":"https:\/\/www.visit-ulcinj.com\/blog\/2013\/03\/29\/fabrika-kurti-fiton-shperblimin-e-arte-ne-expo-trophy-2013-budva-video\/","name":"Fabrika Kurti fiton shp\u00ebrblimin e Art\u00eb n\u00eb \"EXPO TROPHY 2013\" Budva - Video - Lajme nga Ulqini","isPartOf":{"@id":"https:\/\/www.visit-ulcinj.com\/blog\/#website"},"datePublished":"2013-03-29T16:19:57+00:00","dateModified":"2013-03-30T21:31:44+00:00","author":{"@id":"https:\/\/www.visit-ulcinj.com\/blog\/#\/schema\/person\/dcab619c614d3038751c63bc2aadc06d"},"description":"Nd\u00ebrmarja Kurti mori pjes\u00eb n\u00eb panairin e mobiljeve \"EXPO TROPHY 2013\" q\u00eb u mbajt n\u00eb Budve, ku dhe u shp\u00ebrblye me vendin e par\u00eb me plaket\u00ebn e art\u00eb\u00a0 \"EXPO","breadcrumb":{"@id":"https:\/\/www.visit-ulcinj.com\/blog\/2013\/03\/29\/fabrika-kurti-fiton-shperblimin-e-arte-ne-expo-trophy-2013-budva-video\/#breadcrumb"},"inLanguage":"en-US","potentialAction":[{"@type":"ReadAction","target":["https:\/\/www.visit-ulcinj.com\/blog\/2013\/03\/29\/fabrika-kurti-fiton-shperblimin-e-arte-ne-expo-trophy-2013-budva-video\/"]}]},{"@type":"BreadcrumbList","@id":"https:\/\/www.visit-ulcinj.com\/blog\/2013\/03\/29\/fabrika-kurti-fiton-shperblimin-e-arte-ne-expo-trophy-2013-budva-video\/#breadcrumb","itemListElement":[{"@type":"ListItem","position":1,"name":"Fabrika Kurti fiton shp\u00ebrblimin e Art\u00eb n\u00eb &#8220;EXPO TROPHY 2013&#8221; Budva &#8211; Video"}]},{"@type":"Person","@id":"https:\/\/www.visit-ulcinj.com\/blog\/#\/schema\/person\/dcab619c614d3038751c63bc2aadc06d","name":"ulqini","sameAs":["http:\/\/www.visit-ulcinj.com"],"url":"https:\/\/www.visit-ulcinj.com\/blog\/author\/admin\/"}]}},"jetpack_featured_media_url":"","jetpack_sharing_enabled":true,"jetpack_shortlink":"https:\/\/wp.me\/pe6lTn-ieR","_links":{"self":[{"href":"https:\/\/www.visit-ulcinj.com\/blog\/wp-json\/wp\/v2\/posts\/70113"}],"collection":[{"href":"https:\/\/www.visit-ulcinj.com\/blog\/wp-json\/wp\/v2\/posts"}],"about":[{"href":"https:\/\/www.visit-ulcinj.com\/blog\/wp-json\/wp\/v2\/types\/post"}],"author":[{"embeddable":true,"href":"https:\/\/www.visit-ulcinj.com\/blog\/wp-json\/wp\/v2\/users\/1"}],"replies":[{"embeddable":true,"href":"https:\/\/www.visit-ulcinj.com\/blog\/wp-json\/wp\/v2\/comments?post=70113"}],"version-history":[{"count":4,"href":"https:\/\/www.visit-ulcinj.com\/blog\/wp-json\/wp\/v2\/posts\/70113\/revisions"}],"predecessor-version":[{"id":70182,"href":"https:\/\/www.visit-ulcinj.com\/blog\/wp-json\/wp\/v2\/posts\/70113\/revisions\/70182"}],"wp:attachment":[{"href":"https:\/\/www.visit-ulcinj.com\/blog\/wp-json\/wp\/v2\/media?parent=70113"}],"wp:term":[{"taxonomy":"category","embeddable":true,"href":"https:\/\/www.visit-ulcinj.com\/blog\/wp-json\/wp\/v2\/categories?post=70113"},{"taxonomy":"post_tag","embeddable":true,"href":"https:\/\/www.visit-ulcinj.com\/blog\/wp-json\/wp\/v2\/tags?post=70113"}],"curies":[{"name":"wp","href":"https:\/\/api.w.org\/{rel}","templated":true}]}}