{"id":70126,"date":"2013-03-29T19:26:51","date_gmt":"2013-03-29T18:26:51","guid":{"rendered":"http:\/\/www.visit-ulcinj.com\/blog\/?p=70126"},"modified":"2013-03-30T22:33:13","modified_gmt":"2013-03-30T21:33:13","slug":"dan-ob%c2%adjav%c2%adlju%c2%adje-spi%c2%adsak-upla%c2%adta-ul%c2%adcinj%c2%adskog-jav%c2%adnog-pred%c2%adu%c2%adze%c2%adca-pred-ok%c2%adto%c2%adbar%c2%adske-iz%c2%adbo%c2%adre-ko","status":"publish","type":"post","link":"https:\/\/www.visit-ulcinj.com\/blog\/2013\/03\/29\/dan-ob%c2%adjav%c2%adlju%c2%adje-spi%c2%adsak-upla%c2%adta-ul%c2%adcinj%c2%adskog-jav%c2%adnog-pred%c2%adu%c2%adze%c2%adca-pred-ok%c2%adto%c2%adbar%c2%adske-iz%c2%adbo%c2%adre-ko\/","title":{"rendered":"\u201eDan\u201d Ob\u00adjav\u00adlju\u00adje Spi\u00adsak Upla\u00adta Ul\u00adcinj\u00adskog Jav\u00adnog Pred\u00adu\u00adze\u00ad\u0107a Pred Ok\u00adto\u00adbar\u00adske Iz\u00adbo\u00adre ko\u00adji do\u00adka\u00adzu\u00adje zlo\u00adu\u00adpo\u00adtre\u00adbu Dr\u00ad\u017eav\u00adnih Sred\u00adsta\u00adva"},"content":{"rendered":"<p><strong>Vo\u00addo\u00advod po\u00adli\u00adci\u00adji da\u00advao pred\u00adiz\u00adbor\u00adne do\u00adna\u00adci\u00adje<\/strong><\/p>\n<p>\u010cak 12 do\u00adna\u00adci\u00adja oprav\u00adda\u00adno te\u00ad\u0161kom ma\u00adte\u00adri\u00adjal\u00adnom si\u00adtu\u00ada\u00adci\u00adjom, iako se me\u00ad\u0111u li\u00adci\u00adma ko\u00adja su do\u00adbi\u00adla no\u00advac na\u00adla\u00adzi i Mu\u00adsta\u00adfa Aljo\u00ad\u0161i, \u010dlan UO Vo\u00addo\u00advo\u00adda i funk\u00adci\u00ado\u00adner vla\u00adda\u00adju\u00ad\u0107e ko\u00ada\u00adli\u00adci\u00adje, ko\u00adji je do\u00adbio 456 eura .<br \/>\nNa spi\u00adsku se na\u00adla\u00adzi 75 li\u00adca, a ve\u00ad\u0107i\u00adna njih su pri\u00adsta\u00adli\u00adce ili ak\u00adti\u00advi\u00adsti par\u00adti\u00adja na vla\u00adsti<br \/>\n<a href=\"http:\/\/www.visit-ulcinj.com\/blog\/wp-content\/uploads\/2013\/03\/Spisak-Uplata-Ulcinjskog-Javnog-Preduzeca-za-oktombarske-Izbore.jpg\"><img loading=\"lazy\" class=\"alignleft  wp-image-70129\" alt=\"Spisak Uplata Ulcinjskog Javnog Preduzeca za oktombarske Izbore\" src=\"http:\/\/www.visit-ulcinj.com\/blog\/wp-content\/uploads\/2013\/03\/Spisak-Uplata-Ulcinjskog-Javnog-Preduzeca-za-oktombarske-Izbore.jpg\" width=\"508\" height=\"670\" \/><\/a><\/p>\n<p><a href=\"http:\/\/www.dan.co.me\/?nivo=3&amp;rubrika=Vijest%20dana&amp;clanak=373573&amp;datum=2013-03-29&amp;naslov=Vodovod%20policiji%20davao%20predizborne%20donacije\" target=\"_blank\"><strong>Foto DAN ONLINE<\/strong><\/a><br \/>\nIz ka\u00adse JP Vo\u00addo\u00advod u Ul\u00adci\u00adnju pri\u00adje ok\u00adto\u00adbar\u00adskih iz\u00adbo\u00adra is\u00adpla\u00ad\u0107e\u00adno je 27 hi\u00adlja\u00adda eura do\u00adna\u00adci\u00adja gla\u00adsa\u00ad\u010di\u00adma i sim\u00adpa\u00adti\u00adze\u00adri\u00adma De\u00admo\u00adkrat\u00adske par\u00adti\u00adje so\u00adci\u00adja\u00adli\u00adsta i nje\u00adnog ko\u00ada\u00adli\u00adci\u00ado\u00adnog part\u00adne\u00adra De\u00admo\u00adkrat\u00adske par\u00adti\u00adje. Na spi\u00adsku za do\u00adna\u00adci\u00adje na\u00adla\u00adze se ime\u00adna 75 po\u00adje\u00addi\u00adna\u00adca i or\u00adga\u00adni\u00adza\u00adci\u00adja. No\u00advac je prav\u00addan li\u010d\u00adnim za\u00adhtje\u00advi\u00adma za po\u00adtre\u00adbe po\u00adje\u00addi\u00adna\u00adca (\u0161to je u ne\u00adkim slu\u00ad\u010da\u00adje\u00advi\u00adma stvar\u00adno bi\u00adlo u pi\u00adta\u00adnju), ali i za raz\u00adne ak\u00adtiv\u00adno\u00adsti mje\u00adsnih sim\u00adpa\u00adti\u00adze\u00adra stra\u00adna\u00adka ko\u00adje vr\u00ad\u0161e vlast u Ul\u00adci\u00adnju, kao i nji\u00adho\u00advih gla\u00adsa\u00ad\u010da. Do\u00adbar dio do\u00adna\u00adci\u00adja is\u00adpla\u00ad\u0107en je uo\u010di stra\u00adna\u010d\u00adkih oku\u00adplja\u00adnja i po\u00adsje\u00adta par\u00adtij\u00adskih funk\u00adci\u00ado\u00adne\u00adra ne\u00adpo\u00adsred\u00adno pred odr\u00ad\u017ea\u00adva\u00adnje par\u00adla\u00admen\u00adtar\u00adnih iz\u00adbo\u00adra u ok\u00adto\u00adbru pro\u00ad\u0161le go\u00addi\u00adne.<br \/>\nPri\u00adje ok\u00adto\u00adbar\u00adskih iz\u00adbo\u00adra, na \u010de\u00adlu ul\u00adcinj\u00adskog Vo\u00addo\u00advo\u00adda bio je Fat\u00admir \u0110e\u00adka, pred\u00adsjed\u00adnik De\u00admo\u00adkrat\u00adske par\u00adti\u00adje, ko\u00ada\u00adli\u00adci\u00ado\u00adnog part\u00adne\u00adra De\u00admo\u00adkrat\u00adske par\u00adti\u00adje so\u00adci\u00adja\u00adli\u00adsta. Na\u00adkon iz\u00adbo\u00adra, \u0110e\u00adka je iza\u00adbran za po\u00adsla\u00adni\u00adka, zbog \u010de\u00adga je pod\u00adnio ostav\u00adku na mje\u00adsto di\u00adrek\u00adto\u00adra JP Vo\u00addo\u00advod Ul\u00adcinj.<br \/>\nNaj\u00adfra\u00adpant\u00adni\u00adje do\u00adna\u00adci\u00adje iz bu\u00add\u017ee\u00adta ul\u00adcinj\u00adskog Vo\u00addo\u00advo\u00adda upla\u00ad\u0107e\u00adne su MUP-u i gra\u00adni\u010d\u00adnoj po\u00adli\u00adci\u00adji, a to je prav\u00adda\u00adno tro\u00ad\u0161ko\u00advi\u00adma za go\u00adri\u00advo. Vo\u00addo\u00advod je gra\u00adni\u010d\u00adnoj po\u00adli\u00adci\u00adji u pet tran\u00ad\u0161i upla\u00adtio ukup\u00adno 650 eura za tro\u00ad\u0161ko\u00adve go\u00adri\u00adva (100, 100, 150, 150 i 150 eura), a MUP-u je, po istom osno\u00advu, upla\u00adtio \u010de\u00adti\u00adri do\u00adna\u00adci\u00adje ukup\u00adne vri\u00adjed\u00adno\u00adsti 450 eura (50, 150, 50 i 200 eura). Ul\u00adcinj\u00adska po\u00adli\u00adci\u00adja je jav\u00adno\u00adsti po\u00adznat i po to\u00adme \u0161to je njen \u010del\u00adnik Ru\u00addolf Ele\u00adzo\u00advi\u0107 pri\u00adsu\u00adstvo\u00advao sku\u00adpu mla\u00addih DPS-a, iako zbog funk\u00adci\u00adje ko\u00adju oba\u00advlja to ne bi smio da ra\u00addi.<br \/>\nPre\u00adma sa\u00adzna\u00adnji\u00adma \u201eDa\u00adna\u201d, upla\u00adte po ra\u00adznim osno\u00adva\u00adma obi\u010d\u00adno su vr\u00ad\u0161e\u00adne uo\u010di sa\u00adsta\u00adna\u00adka funk\u00adci\u00ado\u00adne\u00adra DPS-a i DP-a sa par\u00adtij\u00adskim \u010dlan\u00adstvom i ak\u00adti\u00advi\u00adsti\u00adma. S ob\u00adzi\u00adrom na to da je prak\u00adsa vla\u00adda\u00adju\u00ad\u0107ih stra\u00adna\u00adka, po\u00adseb\u00adno DPS-a, da to\u00adkom pred\u00adiz\u00adbor\u00adne kam\u00adpa\u00adnje u par\u00adtij\u00adske svr\u00adhe ko\u00adri\u00adste dr\u00ad\u017eav\u00adna sred\u00adstva i re\u00adsur\u00adse, sum\u00adnja se da je i no\u00advac za go\u00adri\u00advo ko\u00adji je Vo\u00addo\u00advod upla\u00ad\u0107i\u00advao MUP-u i gra\u00adni\u010d\u00adnoj po\u00adli\u00adci\u00adji slu\u00ad\u017eio upra\u00advo za pred\u00adiz\u00adbor\u00adne svr\u00adhe, to jest za obi\u00adla\u00adzak si\u00adgur\u00adnih gla\u00adsa\u00ad\u010da. Pre\u00adma par\u00adtij\u00adskoj prak\u00adsi, na taj na\u00ad\u010din na\u00addok\u00adna\u00ad\u0111u\u00adje se tro\u00ad\u0161ak za slu\u017ebena vo\u00adzi\u00adla jer go\u00adri\u00advo tro\u00ad\u0161e u stra\u00adna\u010d\u00adke pred\u00adiz\u00adbor\u00adne svr\u00adhe. Ni\u00adje po\u00adzna\u00adta prak\u00adsa da jed\u00adno op\u00ad\u0161tin\u00adsko pred\u00adu\u00adze\u00ad\u0107e fi\u00adnan\u00adsi\u00adra dr\u00ad\u017eav\u00adni or\u00adgan, \u0161to je slu\u00ad\u010daj sa ul\u00adcinj\u00adskim Vo\u00addo\u00advo\u00addom.<br \/>\nNa spi\u00adsku do\u00adna\u00adci\u00adja Vo\u00addo\u00advo\u00adda na\u00adla\u00adze se 22 upla\u00adte za mje\u00adsne za\u00adjed\u00adni\u00adce, od\u00adno\u00adsno ime\u00adna po\u00adje\u00addi\u00adna\u00adca za in\u00adfra\u00adstruk\u00adtur\u00adne objek\u00adte. Iako je po\u00adzna\u00adto da mje\u00adsne za\u00adjed\u00adni\u00adce ima\u00adju \u017ei\u00adro-ra\u00ad\u010du\u00adne na ko\u00adje se upla\u00ad\u0107u\u00adje no\u00advac za in\u00adfra\u00adstruk\u00adtu\u00adru, ul\u00adcinj\u00adski Vo\u00addo\u00advod je pre\u00adkr\u00ad\u0161io to pra\u00advi\u00adlo i po\u00adje\u00addin\u00adci\u00adma upla\u00ad\u0107i\u00advao do\u00adna\u00adci\u00adje za na\u00advod\u00adne po\u00adtre\u00adbe mje\u00adsnih za\u00adjed\u00adni\u00adca. Na ime te\u00ad\u0161ke fi\u00adnan\u00adsij\u00adske si\u00adtu\u00ada\u00adci\u00adje da\u00adto je 12 do\u00adna\u00adci\u00adja, dok je 11 upla\u00adta iz\u00advr\u00ad\u0161e\u00adno u svr\u00adhu na\u00adstav\u00adka \u0161ko\u00adlo\u00adva\u00adnja i post\u00addi\u00adplom\u00adskih stu\u00addi\u00adja. Ve\u00ad\u0107i\u00adna li\u00adca na spi\u00adsku su pri\u00adsta\u00adli\u00adce ili sim\u00adpa\u00adti\u00adze\u00adri par\u00adti\u00adja vla\u00adda\u00adju\u00ad\u0107e ko\u00ada\u00adli\u00adci\u00adje.<br \/>\nPre\u00adma in\u00adfor\u00adma\u00adci\u00adja\u00adma \u201eDa\u00adna\u201d, me\u00ad\u0111u li\u00adci\u00adma ko\u00adja se na\u00adla\u00adze na spi\u00adsku onih ko\u00adji su do\u00adbi\u00adli do\u00adna\u00adci\u00adje naj\u00advi\u00ad\u0161e je \u010dla\u00adno\u00adva i funk\u00adci\u00ado\u00adne\u00adra \u0110e\u00adki\u00adne De\u00admo\u00adkrat\u00adske par\u00adti\u00adje, ali i ima i \u010dla\u00adno\u00adva For\u00adce, SDP-a i li\u00adste Al\u00adter\u00adna\u00adti\u00adva. Funk\u00adci\u00ado\u00adner DP-a Mu\u00adsta\u00adfa Aljo\u00ad\u0161i do\u00adbio je 456 eura od Vo\u00addo\u00advo\u00adda, u ko\u00adjem \u010dlan UO, na ime po\u00admo\u00ad\u0107i zbog te\u00ad\u0161ke fi\u00adnan\u00adsij\u00adske si\u00adtu\u00ada\u00adci\u00adje. Ta na\u00adci\u00ado\u00adnal\u00adna stran\u00adka Al\u00adba\u00adna\u00adca je na\u00adkon par\u00adla\u00admen\u00adtar\u00adnih iz\u00adbo\u00adra u ko\u00ada\u00adli\u00adci\u00adji sa DPS- om.<br \/>\nNaj\u00advi\u00ad\u0161e do\u00adna\u00adci\u00adja da\u00adto je za iz\u00adgrad\u00adnju pu\u00adte\u00adva i vo\u00addo\u00advo\u00adda u se\u00adli\u00adma Kru\u00adte, Ga\u010d, Ko\u00adlom\u00adza, Pi\u00adstu\u00adla, Bra\u00adti\u00adca, Kra\u00adva\u00adri, Braj\u00ad\u0161e, Le\u00adskov\u00adce i Kle\u00adzna, i to upra\u00advo pri\u00adje iz\u00adbo\u00adra u ok\u00adto\u00adbru, a iz\u00adno\u00adsi do\u00addi\u00adje\u00adlje\u00adne po\u00admo\u00ad\u0107i, ka\u00adko se na\u00advo\u00addi u do\u00adku\u00admen\u00adtu, kre\u00adta\u00adli su se od 168 eura do 6.282 eura.<br \/>\nVla\u00adda\u00adju\u00ad\u0107a ko\u00ada\u00adli\u00adci\u00adja, ko\u00adju \u010di\u00adne For\u00adca, DP, SDP i li\u00adsta Per\u00adspek\u00adti\u00adva, pre\u00adu\u00adze\u00adla je vlast u naj\u00adju\u00ad\u017eni\u00adjoj op\u00ad\u0161ti\u00adni kra\u00adjem 2011. go\u00addi\u00adne na\u00adkon ras\u00adcje\u00adpa u DUA, ko\u00adja je bi\u00adla u ko\u00ada\u00adli\u00adci\u00adji sa DPS-om. Na\u00adkon to\u00adga je do\u00adgo\u00advo\u00adre\u00adno da se ru\u00adko\u00advo\u00ad\u0111e\u00adnje pred\u00adu\u00adze\u00ad\u0107em po\u00advje\u00adri DP-u (ta\u00adda ot\u00adci\u00adje\u00adplje\u00adnom ogran\u00adku DUA), ali da na ni\u00ad\u017eim funk\u00adci\u00adja\u00adma bu\u00addu i \u010dla\u00adno\u00advi osta\u00adlih par\u00adti\u00adja iz vla\u00adsti. Na\u00adkon \u0110e\u00adke, na \u010de\u00adlo pred\u00adu\u00adze\u00ad\u0107a do\u00ad\u0161ao je nje\u00adgov par\u00adtij\u00adski drug Fe\u00adhim Av\u00addiu. Osta\u00adla ru\u00adko\u00advo\u00adde\u00ad\u0107a mje\u00adsta u pred\u00adu\u00adze\u00ad\u0107u i u UO za\u00adu\u00adzi\u00adma\u00adju ka\u00addro\u00advi dru\u00adgih \u010dla\u00adni\u00adca ko\u00ada\u00adli\u00adci\u00adje, \u010dak i DPS-a, \u010di\u00adji je funk\u00adci\u00ado\u00adner Ni\u00adko\u00adla Mar\u00adni\u00adko\u00advi\u0107 ru\u00adko\u00advo\u00addi\u00adlac prav\u00adno-eko\u00adnom\u00adske slu\u00ad\u017ebe. Di\u00adrek\u00adtor fi\u00adnan\u00adsij\u00adske slu\u00ad\u017ebe je Na\u00adim Ho\u00add\u017ea iz DP-a, a o prav\u00adnoj re\u00adgu\u00adla\u00adti\u00advi bri\u00adne nje\u00adgov stra\u00adna\u010d\u00adki ko\u00adle\u00adga Ma\u00adhir Ho\u00add\u017ea. Funk\u00adci\u00adje po\u00admo\u0107\u00adni\u00adka di\u00adrek\u00adto\u00adra od pro\u00ad\u0161le go\u00addi\u00adne po\u00adkri\u00adva\u00adju ka\u00addro\u00advi PDP-a i For\u00adce Blje\u00adrim Ho\u00adli i Na\u00addil Mi\u00adla, \u0161to upu\u00ad\u0107u\u00adje na za\u00adklju\u00ad\u010dak da su svi ru\u00adko\u00advo\u00addi\u00ado\u00adci bi\u00adli upo\u00adzna\u00adti sa fi\u00adnan\u00adsij\u00adskim po\u00adslo\u00adva\u00adnjem, a u kon\u00adkret\u00adnom slu\u00ad\u010da\u00adju sa iz\u00adno\u00adsom sred\u00adsta\u00adva ko\u00adja su do\u00adni\u00adra\u00adna. Ta\u00adko\u00ad\u0111e, vla\u00adda\u00adju\u00ad\u0107a ko\u00ada\u00adli\u00adci\u00adja ima \u0161est \u010dla\u00adno\u00adva u sed\u00admo\u00ad\u010dla\u00adnom UO, ko\u00adji je za\u00addu\u00ad\u017een za kon\u00adtro\u00adlu po\u00adslo\u00adva\u00adnja. Pred\u00adsjed\u00adnik Se\u00adlja\u00adtin Ma\u00adraj i Fu\u00adad Ha\u00add\u017ei\u00adbe\u00adti su iz For\u00adce, Fej\u00adzo Ho\u00add\u017ea je pred\u00adstav\u00adnik SDP-a, a DP za\u00adstu\u00adpa\u00adju Mu\u00adsta\u00adfa Aljo\u00ad\u0161i, Zej\u00adnel Se\u00adla i Dri\u00adtan Re\u00add\u017ea.<br \/>\nJe\u00addi\u00adni opo\u00adzi\u00adci\u00ado\u00adni pred\u00adstav\u00adnik u UO je od\u00adbor\u00adnik ko\u00ada\u00adli\u00adci\u00adje \u201eBo\u00adlji Ul\u00adcinj \u2013 bo\u00adlja Cr\u00adna Go\u00adra\u201c (SNP) An\u00addri\u00adja \u0106et\u00adko\u00advi\u0107. On je ne\u00addav\u00adno i upo\u00adzo\u00adrio da u po\u00adslo\u00adva\u00adnju pred\u00adu\u00adze\u00ad\u0107a ima ele\u00adme\u00adna\u00adta po\u00adli\u00adti\u010d\u00adke ko\u00adrup\u00adci\u00adje, ne\u00adsa\u00advje\u00adsnog po\u00adslo\u00adva\u00adnja i zlo\u00adu\u00adpo\u00adtre\u00adbe slu\u00ad\u017ebe\u00adnog po\u00adlo\u00ad\u017ea\u00adja. \u0106et\u00adko\u00advi\u0107 je iz\u00adja\u00advio da \u0107e in\u00adsi\u00adsti\u00adra\u00adti na pro\u00advje\u00adri fi\u00adnan\u00adsij\u00adskog po\u00adslo\u00adva\u00adnja i utvr\u00ad\u0111i\u00adva\u00adnju od\u00adgo\u00advor\u00adno\u00adsti uko\u00adli\u00adko se po\u00adka\u00ad\u017ee da je bi\u00adlo zlo\u00adu\u00adpo\u00adtre\u00adba.<\/p>\n<p><strong>M. KNE\u00ad\u017dE\u00adVI\u0106<\/strong><\/p>\n<p><strong> Rad\u00adni\u00adci\u00adma du\u00adgu\u00adju \u0161est pla\u00adta za pro\u00ad\u0161lu go\u00addi\u00adnu<\/strong><\/p>\n<p>Vo\u00addo\u00advod je do\u00adna\u00adci\u00adje upla\u00adtio u go\u00addi\u00adni u ko\u00adjoj su rad\u00adni\u00adci tog pred\u00adu\u00adze\u00ad\u0107a us\u00adkra\u00ad\u0107e\u00adni za \u0161est pla\u00adta \u201ezbog te\u00ad\u0161ke fi\u00adnan\u00adsij\u00adske si\u00adtu\u00ada\u00adci\u00adje u fir\u00admi\u201d. Pro\u00ad\u0161le go\u00addi\u00adne pred\u00adu\u00adze\u00ad\u0107u je is\u00adklju\u00ad\u010de\u00adna stru\u00adja zbog du\u00adga od 200 hi\u00adlja\u00adda eura, a bez na\u00adpa\u00adja\u00adnja su osta\u00adle i pum\u00adpe za vo\u00addu na ne\u00adko\u00adli\u00adko iz\u00advo\u00adri\u00ad\u0161ta, zbog \u010de\u00adga gra\u00ad\u0111a\u00adni Ul\u00adci\u00adnja ni\u00adje\u00adsu ima\u00adli vo\u00addu \u010de\u00adti\u00adri da\u00adna.<\/p>\n<p><strong>MUP ne\u00adma ob\u00adja\u00ad\u0161nje\u00adnje<\/strong><\/p>\n<p>Ru\u00adko\u00advo\u00addi\u00adlac Eks\u00adpo\u00adzi\u00adtu\u00adre po\u00adgra\u00adni\u010d\u00adne po\u00adli\u00adci\u00adje u Ul\u00adci\u00adnju Sve\u00adti\u00adslav Fi\u00adli\u00adpo\u00advi\u0107 ni\u00adje mo\u00adgao da od\u00adgo\u00advo\u00adri na pi\u00adta\u00adnje ko\u00adli\u00adko nov\u00adca su do\u00adbi\u00adli kao do\u00adna\u00adci\u00adju od JP Vo\u00addo\u00advod. On ni\u00adje mo\u00adgao da ob\u00adja\u00adsni ni da li je uobi\u00ad\u010da\u00adje\u00adno da jed\u00adno lo\u00adkal\u00adno pred\u00adu\u00adze\u00ad\u0107e fi\u00adnan\u00adsij\u00adski po\u00adma\u00ad\u017ee dr\u00ad\u017eav\u00adni or\u00adgan.<br \/>\nFi\u00adli\u00adpo\u00advi\u0107 nas je za te in\u00adfor\u00adma\u00adci\u00adje upu\u00adtio na Upra\u00advu gra\u00adni\u010d\u00adne po\u00adli\u00adci\u00adje u Pod\u00adgo\u00adri\u00adci.<br \/>\n<a href=\"http:\/\/www.visit-ulcinj.com\/blog\/wp-content\/uploads\/2013\/03\/Fatmir-Gjeka.jpg\"><img loading=\"lazy\" class=\"alignleft  wp-image-70130\" alt=\"Fatmir Gjeka\" src=\"http:\/\/www.visit-ulcinj.com\/blog\/wp-content\/uploads\/2013\/03\/Fatmir-Gjeka.jpg\" width=\"508\" height=\"300\" srcset=\"https:\/\/www.visit-ulcinj.com\/blog\/wp-content\/uploads\/2013\/03\/Fatmir-Gjeka.jpg 600w, https:\/\/www.visit-ulcinj.com\/blog\/wp-content\/uploads\/2013\/03\/Fatmir-Gjeka-300x177.jpg 300w\" sizes=\"(max-width: 508px) 100vw, 508px\" \/><\/a><\/p>\n<p><strong>Pla\u0107ali prije i poslije izbora<\/strong><\/p>\n<p>Po\u00adtvr\u00ad\u0111u\u00adju\u00ad\u0107i da su u pro\u00ad\u0161loj fi\u00adskal\u00adnoj go\u00addi\u00adni is\u00adpla\u00ad\u0107e\u00adne do\u00adna\u00adci\u00adje po ra\u00adznim osno\u00adva\u00adma, a na osno\u00advu od\u00adlu\u00adka fir\u00adme, Fat\u00admir \u0110e\u00adka je ka\u00adzao za \u201eDa\u00adnu\u201d da ni\u00adje bi\u00adlo zlo\u00adu\u00adpo\u00adtre\u00adba sred\u00adsta\u00adva ko\u00adja su to\u00adkom 2012. do\u00adni\u00adra\u00adna gra\u00ad\u0111a\u00adni\u00adma i or\u00adga\u00adni\u00adza\u00adci\u00adja\u00adma. On ni\u00adje \u017ee\u00adlio da ko\u00admen\u00adta\u00adri\u00ad\u0161e spi\u00adsak do\u00adna\u00adci\u00adja, na\u00adgla\u00ad\u0161a\u00adva\u00adju\u00ad\u0107i da \u0107e to u\u010di\u00adni\u00adti tek ka\u00adda bu\u00adde imao zva\u00adni\u010d\u00adni do\u00adku\u00adment iz pred\u00adu\u00adze\u00ad\u0107a.<br \/>\n\u2013Ter\u00admin do\u00adna\u00adci\u00adja po\u00adsto\u00adji u fi\u00adnan\u00adsij\u00adskom po\u00adslo\u00adva\u00adnju. U kon\u00adkret\u00adnom slu\u00ad\u010da\u00adju, ra\u00addi se o sred\u00adstvi\u00adma ko\u00adja su na osno\u00advu od\u00adlu\u00adka do\u00adni\u00adra\u00adna to\u00adkom fi\u00adskal\u00adne go\u00addi\u00adne. Da\u00adkle, no\u00advac ni\u00adje is\u00adpla\u00ad\u0107en od\u00adjed\u00adnom. Ko\u00adli\u00adko se sje\u00ad\u0107am, po\u00adma\u00adga\u00adli smo li\u00adci\u00adma i or\u00adga\u00adni\u00adza\u00adci\u00adja\u00adma ko\u00adji su nam se obra\u00adti\u00adli, ali ni\u00adje\u00adsmo mo\u00adgli da po\u00adzi\u00adtiv\u00adno od\u00adgo\u00advo\u00adri\u00admo na sve za\u00adhtje\u00adve \u2013 ka\u00adzao je \u0110e\u00adka. On je do\u00addao da je to uglav\u00adnom bi\u00adla po\u00admo\u0107 za sa\u00adna\u00adci\u00adju i iz\u00adgrad\u00adnju in\u00adfra\u00adstruk\u00adtur\u00adnih obje\u00adka\u00adta, po\u00admo\u0107 sport\u00adskim or\u00adga\u00adni\u00adza\u00adci\u00adja\u00adma, NVO sek\u00adto\u00adru, stu\u00adden\u00adti\u00adma i so\u00adci\u00adjal\u00adno ugro\u00ad\u017ee\u00adnim li\u00adci\u00adma, kao i da su na za\u00adhtjev jed\u00adnog li\u00adca ku\u00adpi\u00adli pum\u00adpu za vo\u00addu neo\u00adp\u00adhod\u00adnu za vo\u00addo\u00adsnab\u00addi\u00adje\u00adva\u00adnje ne\u00adko\u00adli\u00adko se\u00adla.<br \/>\nNi\u00adje si\u00adgu\u00adran na ko\u00adji pe\u00adri\u00adod u to\u00adku go\u00addi\u00adne se od\u00adno\u00adse od\u00adre\u00ad\u0111e\u00adne is\u00adpla\u00adte, ali \u201epo\u00adsto\u00adji mo\u00adgu\u0107\u00adnost da ih je bi\u00adlo i pri\u00adje i po\u00adsli\u00adje iz\u00adbo\u00adra\u201d. Pro\u00adcje\u00adnju\u00adje da je uku\u00adpan iz\u00adnos po\u00admo\u00ad\u0107i naj\u00advje\u00adro\u00advat\u00adni\u00adje ma\u00adnji od jed\u00adne \u010de\u00adtvr\u00adti\u00adne ukup\u00adnih mje\u00adse\u010d\u00adnih sred\u00adsta\u00adva po\u00adtreb\u00adnih za jed\u00adnu pla\u00adtu za\u00adpo\u00adsle\u00adnih.<br \/>\n\u2013Mi\u00adslim da su mje\u00adse\u010d\u00adne oba\u00adve\u00adze pred\u00adu\u00adze\u00ad\u0107a za li\u010d\u00adne do\u00adhot\u00adke bi\u00adle oko 120 hi\u00adlja\u00adda eura. Zbog to\u00adga ne sma\u00adtram da smo ugro\u00adzi\u00adli pri\u00adma\u00adnja rad\u00adni\u00adka, jer je pro\u00adsjek do\u00adna\u00adci\u00adja mo\u00adgao da bu\u00adde ne\u00ad\u0161to pre\u00adko dvi\u00adje hi\u00adlja\u00adde eura mje\u00adse\u010d\u00adno \u2013 tvr\u00addi \u0110e\u00adka.<\/p>\n<p><a href=\"http:\/\/www.dan.co.me\/?nivo=3&amp;rubrika=Vijest%20dana&amp;clanak=373573&amp;datum=2013-03-29&amp;naslov=Vodovod%20policiji%20davao%20predizborne%20donacije\" target=\"_blank\"><strong>Izvor: DAN<\/strong><\/a><\/p>\n","protected":false},"excerpt":{"rendered":"<p>Vo\u00addo\u00advod po\u00adli\u00adci\u00adji da\u00advao pred\u00adiz\u00adbor\u00adne do\u00adna\u00adci\u00adje \u010cak 12 do\u00adna\u00adci\u00adja oprav\u00adda\u00adno te\u00ad\u0161kom ma\u00adte\u00adri\u00adjal\u00adnom si\u00adtu\u00ada\u00adci\u00adjom, iako se me\u00ad\u0111u li\u00adci\u00adma ko\u00adja su do\u00adbi\u00adla no\u00advac na\u00adla\u00adzi i Mu\u00adsta\u00adfa Aljo\u00ad\u0161i, \u010dlan UO Vo\u00addo\u00advo\u00adda i funk\u00adci\u00ado\u00adner vla\u00adda\u00adju\u00ad\u0107e ko\u00ada\u00adli\u00adci\u00adje, ko\u00adji je do\u00adbio 456 eura . Na spi\u00adsku se na\u00adla\u00adzi 75 li\u00adca, a ve\u00ad\u0107i\u00adna njih su pri\u00adsta\u00adli\u00adce ili ak\u00adti\u00advi\u00adsti par\u00adti\u00adja na vla\u00adsti Foto DAN [&hellip;]<\/p>\n","protected":false},"author":1,"featured_media":0,"comment_status":"open","ping_status":"closed","sticky":false,"template":"","format":"standard","meta":{"spay_email":"","jetpack_publicize_message":"","jetpack_is_tweetstorm":false,"jetpack_publicize_feature_enabled":true},"categories":[6950],"tags":[21971,19],"jetpack_publicize_connections":[],"yoast_head":"<!-- This site is optimized with the Yoast SEO plugin v19.1 - https:\/\/yoast.com\/wordpress\/plugins\/seo\/ -->\n<title>\u201eDan\u201d Ob\u00adjav\u00adlju\u00adje Spi\u00adsak Upla\u00adta Ul\u00adcinj\u00adskog Jav\u00adnog Pred\u00adu\u00adze\u00ad\u0107a Pred Ok\u00adto\u00adbar\u00adske Iz\u00adbo\u00adre ko\u00adji do\u00adka\u00adzu\u00adje zlo\u00adu\u00adpo\u00adtre\u00adbu Dr\u00ad\u017eav\u00adnih Sred\u00adsta\u00adva - Lajme nga Ulqini<\/title>\n<meta name=\"description\" content=\"Vo\u00addo\u00advod po\u00adli\u00adci\u00adji da\u00advao pred\u00adiz\u00adbor\u00adne do\u00adna\u00adci\u00adje \u010cak 12 do\u00adna\u00adci\u00adja oprav\u00adda\u00adno te\u00ad\u0161kom ma\u00adte\u00adri\u00adjal\u00adnom si\u00adtu\u00ada\u00adci\u00adjom, iako se me\u00ad\u0111u li\u00adci\u00adma\" \/>\n<meta name=\"robots\" content=\"index, follow, max-snippet:-1, max-image-preview:large, max-video-preview:-1\" \/>\n<link rel=\"canonical\" href=\"https:\/\/www.visit-ulcinj.com\/blog\/2013\/03\/29\/dan-ob\u00adjav\u00adlju\u00adje-spi\u00adsak-upla\u00adta-ul\u00adcinj\u00adskog-jav\u00adnog-pred\u00adu\u00adze\u00adca-pred-ok\u00adto\u00adbar\u00adske-iz\u00adbo\u00adre-ko\/\" \/>\n<meta property=\"og:locale\" content=\"en_US\" \/>\n<meta property=\"og:type\" content=\"article\" \/>\n<meta property=\"og:title\" content=\"\u201eDan\u201d Ob\u00adjav\u00adlju\u00adje Spi\u00adsak Upla\u00adta Ul\u00adcinj\u00adskog Jav\u00adnog Pred\u00adu\u00adze\u00ad\u0107a Pred Ok\u00adto\u00adbar\u00adske Iz\u00adbo\u00adre ko\u00adji do\u00adka\u00adzu\u00adje zlo\u00adu\u00adpo\u00adtre\u00adbu Dr\u00ad\u017eav\u00adnih Sred\u00adsta\u00adva - Lajme nga Ulqini\" \/>\n<meta property=\"og:description\" content=\"Vo\u00addo\u00advod po\u00adli\u00adci\u00adji da\u00advao pred\u00adiz\u00adbor\u00adne do\u00adna\u00adci\u00adje \u010cak 12 do\u00adna\u00adci\u00adja oprav\u00adda\u00adno te\u00ad\u0161kom ma\u00adte\u00adri\u00adjal\u00adnom si\u00adtu\u00ada\u00adci\u00adjom, iako se me\u00ad\u0111u li\u00adci\u00adma\" \/>\n<meta property=\"og:url\" content=\"https:\/\/www.visit-ulcinj.com\/blog\/2013\/03\/29\/dan-ob\u00adjav\u00adlju\u00adje-spi\u00adsak-upla\u00adta-ul\u00adcinj\u00adskog-jav\u00adnog-pred\u00adu\u00adze\u00adca-pred-ok\u00adto\u00adbar\u00adske-iz\u00adbo\u00adre-ko\/\" \/>\n<meta property=\"og:site_name\" content=\"Lajme nga Ulqini\" \/>\n<meta property=\"article:published_time\" content=\"2013-03-29T18:26:51+00:00\" \/>\n<meta property=\"article:modified_time\" content=\"2013-03-30T21:33:13+00:00\" \/>\n<meta property=\"og:image\" content=\"http:\/\/www.visit-ulcinj.com\/blog\/wp-content\/uploads\/2013\/03\/Spisak-Uplata-Ulcinjskog-Javnog-Preduzeca-za-oktombarske-Izbore.jpg\" \/>\n<meta name=\"twitter:label1\" content=\"Written by\" \/>\n\t<meta name=\"twitter:data1\" content=\"ulqini\" \/>\n\t<meta name=\"twitter:label2\" content=\"Est. reading time\" \/>\n\t<meta name=\"twitter:data2\" content=\"13 minutes\" \/>\n<script type=\"application\/ld+json\" class=\"yoast-schema-graph\">{\"@context\":\"https:\/\/schema.org\",\"@graph\":[{\"@type\":\"WebSite\",\"@id\":\"https:\/\/www.visit-ulcinj.com\/blog\/#website\",\"url\":\"https:\/\/www.visit-ulcinj.com\/blog\/\",\"name\":\"Lajme nga Ulqini\",\"description\":\"Lajme,Vijesti,Ulqini,Ulqin,Crna Gora,Mali i Zi\",\"potentialAction\":[{\"@type\":\"SearchAction\",\"target\":{\"@type\":\"EntryPoint\",\"urlTemplate\":\"https:\/\/www.visit-ulcinj.com\/blog\/?s={search_term_string}\"},\"query-input\":\"required name=search_term_string\"}],\"inLanguage\":\"en-US\"},{\"@type\":\"ImageObject\",\"inLanguage\":\"en-US\",\"@id\":\"https:\/\/www.visit-ulcinj.com\/blog\/2013\/03\/29\/dan-ob%c2%adjav%c2%adlju%c2%adje-spi%c2%adsak-upla%c2%adta-ul%c2%adcinj%c2%adskog-jav%c2%adnog-pred%c2%adu%c2%adze%c2%adca-pred-ok%c2%adto%c2%adbar%c2%adske-iz%c2%adbo%c2%adre-ko\/#primaryimage\",\"url\":\"https:\/\/www.visit-ulcinj.com\/blog\/wp-content\/uploads\/2013\/03\/Spisak-Uplata-Ulcinjskog-Javnog-Preduzeca-za-oktombarske-Izbore.jpg\",\"contentUrl\":\"https:\/\/www.visit-ulcinj.com\/blog\/wp-content\/uploads\/2013\/03\/Spisak-Uplata-Ulcinjskog-Javnog-Preduzeca-za-oktombarske-Izbore.jpg\",\"width\":508,\"height\":795},{\"@type\":\"WebPage\",\"@id\":\"https:\/\/www.visit-ulcinj.com\/blog\/2013\/03\/29\/dan-ob%c2%adjav%c2%adlju%c2%adje-spi%c2%adsak-upla%c2%adta-ul%c2%adcinj%c2%adskog-jav%c2%adnog-pred%c2%adu%c2%adze%c2%adca-pred-ok%c2%adto%c2%adbar%c2%adske-iz%c2%adbo%c2%adre-ko\/#webpage\",\"url\":\"https:\/\/www.visit-ulcinj.com\/blog\/2013\/03\/29\/dan-ob%c2%adjav%c2%adlju%c2%adje-spi%c2%adsak-upla%c2%adta-ul%c2%adcinj%c2%adskog-jav%c2%adnog-pred%c2%adu%c2%adze%c2%adca-pred-ok%c2%adto%c2%adbar%c2%adske-iz%c2%adbo%c2%adre-ko\/\",\"name\":\"\u201eDan\u201d Ob\u00adjav\u00adlju\u00adje Spi\u00adsak Upla\u00adta Ul\u00adcinj\u00adskog Jav\u00adnog Pred\u00adu\u00adze\u00ad\u0107a Pred Ok\u00adto\u00adbar\u00adske Iz\u00adbo\u00adre ko\u00adji do\u00adka\u00adzu\u00adje zlo\u00adu\u00adpo\u00adtre\u00adbu Dr\u00ad\u017eav\u00adnih Sred\u00adsta\u00adva - Lajme nga Ulqini\",\"isPartOf\":{\"@id\":\"https:\/\/www.visit-ulcinj.com\/blog\/#website\"},\"primaryImageOfPage\":{\"@id\":\"https:\/\/www.visit-ulcinj.com\/blog\/2013\/03\/29\/dan-ob%c2%adjav%c2%adlju%c2%adje-spi%c2%adsak-upla%c2%adta-ul%c2%adcinj%c2%adskog-jav%c2%adnog-pred%c2%adu%c2%adze%c2%adca-pred-ok%c2%adto%c2%adbar%c2%adske-iz%c2%adbo%c2%adre-ko\/#primaryimage\"},\"datePublished\":\"2013-03-29T18:26:51+00:00\",\"dateModified\":\"2013-03-30T21:33:13+00:00\",\"author\":{\"@id\":\"https:\/\/www.visit-ulcinj.com\/blog\/#\/schema\/person\/dcab619c614d3038751c63bc2aadc06d\"},\"description\":\"Vo\u00addo\u00advod po\u00adli\u00adci\u00adji da\u00advao pred\u00adiz\u00adbor\u00adne do\u00adna\u00adci\u00adje \u010cak 12 do\u00adna\u00adci\u00adja oprav\u00adda\u00adno te\u00ad\u0161kom ma\u00adte\u00adri\u00adjal\u00adnom si\u00adtu\u00ada\u00adci\u00adjom, iako se me\u00ad\u0111u li\u00adci\u00adma\",\"breadcrumb\":{\"@id\":\"https:\/\/www.visit-ulcinj.com\/blog\/2013\/03\/29\/dan-ob%c2%adjav%c2%adlju%c2%adje-spi%c2%adsak-upla%c2%adta-ul%c2%adcinj%c2%adskog-jav%c2%adnog-pred%c2%adu%c2%adze%c2%adca-pred-ok%c2%adto%c2%adbar%c2%adske-iz%c2%adbo%c2%adre-ko\/#breadcrumb\"},\"inLanguage\":\"en-US\",\"potentialAction\":[{\"@type\":\"ReadAction\",\"target\":[\"https:\/\/www.visit-ulcinj.com\/blog\/2013\/03\/29\/dan-ob%c2%adjav%c2%adlju%c2%adje-spi%c2%adsak-upla%c2%adta-ul%c2%adcinj%c2%adskog-jav%c2%adnog-pred%c2%adu%c2%adze%c2%adca-pred-ok%c2%adto%c2%adbar%c2%adske-iz%c2%adbo%c2%adre-ko\/\"]}]},{\"@type\":\"BreadcrumbList\",\"@id\":\"https:\/\/www.visit-ulcinj.com\/blog\/2013\/03\/29\/dan-ob%c2%adjav%c2%adlju%c2%adje-spi%c2%adsak-upla%c2%adta-ul%c2%adcinj%c2%adskog-jav%c2%adnog-pred%c2%adu%c2%adze%c2%adca-pred-ok%c2%adto%c2%adbar%c2%adske-iz%c2%adbo%c2%adre-ko\/#breadcrumb\",\"itemListElement\":[{\"@type\":\"ListItem\",\"position\":1,\"name\":\"\u201eDan\u201d Ob\u00adjav\u00adlju\u00adje Spi\u00adsak Upla\u00adta Ul\u00adcinj\u00adskog Jav\u00adnog Pred\u00adu\u00adze\u00ad\u0107a Pred Ok\u00adto\u00adbar\u00adske Iz\u00adbo\u00adre ko\u00adji do\u00adka\u00adzu\u00adje zlo\u00adu\u00adpo\u00adtre\u00adbu Dr\u00ad\u017eav\u00adnih Sred\u00adsta\u00adva\"}]},{\"@type\":\"Person\",\"@id\":\"https:\/\/www.visit-ulcinj.com\/blog\/#\/schema\/person\/dcab619c614d3038751c63bc2aadc06d\",\"name\":\"ulqini\",\"sameAs\":[\"http:\/\/www.visit-ulcinj.com\"],\"url\":\"https:\/\/www.visit-ulcinj.com\/blog\/author\/admin\/\"}]}<\/script>\n<!-- \/ Yoast SEO plugin. -->","yoast_head_json":{"title":"\u201eDan\u201d Ob\u00adjav\u00adlju\u00adje Spi\u00adsak Upla\u00adta Ul\u00adcinj\u00adskog Jav\u00adnog Pred\u00adu\u00adze\u00ad\u0107a Pred Ok\u00adto\u00adbar\u00adske Iz\u00adbo\u00adre ko\u00adji do\u00adka\u00adzu\u00adje zlo\u00adu\u00adpo\u00adtre\u00adbu Dr\u00ad\u017eav\u00adnih Sred\u00adsta\u00adva - Lajme nga Ulqini","description":"Vo\u00addo\u00advod po\u00adli\u00adci\u00adji da\u00advao pred\u00adiz\u00adbor\u00adne do\u00adna\u00adci\u00adje \u010cak 12 do\u00adna\u00adci\u00adja oprav\u00adda\u00adno te\u00ad\u0161kom ma\u00adte\u00adri\u00adjal\u00adnom si\u00adtu\u00ada\u00adci\u00adjom, iako se me\u00ad\u0111u li\u00adci\u00adma","robots":{"index":"index","follow":"follow","max-snippet":"max-snippet:-1","max-image-preview":"max-image-preview:large","max-video-preview":"max-video-preview:-1"},"canonical":"https:\/\/www.visit-ulcinj.com\/blog\/2013\/03\/29\/dan-ob\u00adjav\u00adlju\u00adje-spi\u00adsak-upla\u00adta-ul\u00adcinj\u00adskog-jav\u00adnog-pred\u00adu\u00adze\u00adca-pred-ok\u00adto\u00adbar\u00adske-iz\u00adbo\u00adre-ko\/","og_locale":"en_US","og_type":"article","og_title":"\u201eDan\u201d Ob\u00adjav\u00adlju\u00adje Spi\u00adsak Upla\u00adta Ul\u00adcinj\u00adskog Jav\u00adnog Pred\u00adu\u00adze\u00ad\u0107a Pred Ok\u00adto\u00adbar\u00adske Iz\u00adbo\u00adre ko\u00adji do\u00adka\u00adzu\u00adje zlo\u00adu\u00adpo\u00adtre\u00adbu Dr\u00ad\u017eav\u00adnih Sred\u00adsta\u00adva - Lajme nga Ulqini","og_description":"Vo\u00addo\u00advod po\u00adli\u00adci\u00adji da\u00advao pred\u00adiz\u00adbor\u00adne do\u00adna\u00adci\u00adje \u010cak 12 do\u00adna\u00adci\u00adja oprav\u00adda\u00adno te\u00ad\u0161kom ma\u00adte\u00adri\u00adjal\u00adnom si\u00adtu\u00ada\u00adci\u00adjom, iako se me\u00ad\u0111u li\u00adci\u00adma","og_url":"https:\/\/www.visit-ulcinj.com\/blog\/2013\/03\/29\/dan-ob\u00adjav\u00adlju\u00adje-spi\u00adsak-upla\u00adta-ul\u00adcinj\u00adskog-jav\u00adnog-pred\u00adu\u00adze\u00adca-pred-ok\u00adto\u00adbar\u00adske-iz\u00adbo\u00adre-ko\/","og_site_name":"Lajme nga Ulqini","article_published_time":"2013-03-29T18:26:51+00:00","article_modified_time":"2013-03-30T21:33:13+00:00","og_image":[{"url":"http:\/\/www.visit-ulcinj.com\/blog\/wp-content\/uploads\/2013\/03\/Spisak-Uplata-Ulcinjskog-Javnog-Preduzeca-za-oktombarske-Izbore.jpg"}],"twitter_misc":{"Written by":"ulqini","Est. reading time":"13 minutes"},"schema":{"@context":"https:\/\/schema.org","@graph":[{"@type":"WebSite","@id":"https:\/\/www.visit-ulcinj.com\/blog\/#website","url":"https:\/\/www.visit-ulcinj.com\/blog\/","name":"Lajme nga Ulqini","description":"Lajme,Vijesti,Ulqini,Ulqin,Crna Gora,Mali i Zi","potentialAction":[{"@type":"SearchAction","target":{"@type":"EntryPoint","urlTemplate":"https:\/\/www.visit-ulcinj.com\/blog\/?s={search_term_string}"},"query-input":"required name=search_term_string"}],"inLanguage":"en-US"},{"@type":"ImageObject","inLanguage":"en-US","@id":"https:\/\/www.visit-ulcinj.com\/blog\/2013\/03\/29\/dan-ob%c2%adjav%c2%adlju%c2%adje-spi%c2%adsak-upla%c2%adta-ul%c2%adcinj%c2%adskog-jav%c2%adnog-pred%c2%adu%c2%adze%c2%adca-pred-ok%c2%adto%c2%adbar%c2%adske-iz%c2%adbo%c2%adre-ko\/#primaryimage","url":"https:\/\/www.visit-ulcinj.com\/blog\/wp-content\/uploads\/2013\/03\/Spisak-Uplata-Ulcinjskog-Javnog-Preduzeca-za-oktombarske-Izbore.jpg","contentUrl":"https:\/\/www.visit-ulcinj.com\/blog\/wp-content\/uploads\/2013\/03\/Spisak-Uplata-Ulcinjskog-Javnog-Preduzeca-za-oktombarske-Izbore.jpg","width":508,"height":795},{"@type":"WebPage","@id":"https:\/\/www.visit-ulcinj.com\/blog\/2013\/03\/29\/dan-ob%c2%adjav%c2%adlju%c2%adje-spi%c2%adsak-upla%c2%adta-ul%c2%adcinj%c2%adskog-jav%c2%adnog-pred%c2%adu%c2%adze%c2%adca-pred-ok%c2%adto%c2%adbar%c2%adske-iz%c2%adbo%c2%adre-ko\/#webpage","url":"https:\/\/www.visit-ulcinj.com\/blog\/2013\/03\/29\/dan-ob%c2%adjav%c2%adlju%c2%adje-spi%c2%adsak-upla%c2%adta-ul%c2%adcinj%c2%adskog-jav%c2%adnog-pred%c2%adu%c2%adze%c2%adca-pred-ok%c2%adto%c2%adbar%c2%adske-iz%c2%adbo%c2%adre-ko\/","name":"\u201eDan\u201d Ob\u00adjav\u00adlju\u00adje Spi\u00adsak Upla\u00adta Ul\u00adcinj\u00adskog Jav\u00adnog Pred\u00adu\u00adze\u00ad\u0107a Pred Ok\u00adto\u00adbar\u00adske Iz\u00adbo\u00adre ko\u00adji do\u00adka\u00adzu\u00adje zlo\u00adu\u00adpo\u00adtre\u00adbu Dr\u00ad\u017eav\u00adnih Sred\u00adsta\u00adva - Lajme nga Ulqini","isPartOf":{"@id":"https:\/\/www.visit-ulcinj.com\/blog\/#website"},"primaryImageOfPage":{"@id":"https:\/\/www.visit-ulcinj.com\/blog\/2013\/03\/29\/dan-ob%c2%adjav%c2%adlju%c2%adje-spi%c2%adsak-upla%c2%adta-ul%c2%adcinj%c2%adskog-jav%c2%adnog-pred%c2%adu%c2%adze%c2%adca-pred-ok%c2%adto%c2%adbar%c2%adske-iz%c2%adbo%c2%adre-ko\/#primaryimage"},"datePublished":"2013-03-29T18:26:51+00:00","dateModified":"2013-03-30T21:33:13+00:00","author":{"@id":"https:\/\/www.visit-ulcinj.com\/blog\/#\/schema\/person\/dcab619c614d3038751c63bc2aadc06d"},"description":"Vo\u00addo\u00advod po\u00adli\u00adci\u00adji da\u00advao pred\u00adiz\u00adbor\u00adne do\u00adna\u00adci\u00adje \u010cak 12 do\u00adna\u00adci\u00adja oprav\u00adda\u00adno te\u00ad\u0161kom ma\u00adte\u00adri\u00adjal\u00adnom si\u00adtu\u00ada\u00adci\u00adjom, iako se me\u00ad\u0111u li\u00adci\u00adma","breadcrumb":{"@id":"https:\/\/www.visit-ulcinj.com\/blog\/2013\/03\/29\/dan-ob%c2%adjav%c2%adlju%c2%adje-spi%c2%adsak-upla%c2%adta-ul%c2%adcinj%c2%adskog-jav%c2%adnog-pred%c2%adu%c2%adze%c2%adca-pred-ok%c2%adto%c2%adbar%c2%adske-iz%c2%adbo%c2%adre-ko\/#breadcrumb"},"inLanguage":"en-US","potentialAction":[{"@type":"ReadAction","target":["https:\/\/www.visit-ulcinj.com\/blog\/2013\/03\/29\/dan-ob%c2%adjav%c2%adlju%c2%adje-spi%c2%adsak-upla%c2%adta-ul%c2%adcinj%c2%adskog-jav%c2%adnog-pred%c2%adu%c2%adze%c2%adca-pred-ok%c2%adto%c2%adbar%c2%adske-iz%c2%adbo%c2%adre-ko\/"]}]},{"@type":"BreadcrumbList","@id":"https:\/\/www.visit-ulcinj.com\/blog\/2013\/03\/29\/dan-ob%c2%adjav%c2%adlju%c2%adje-spi%c2%adsak-upla%c2%adta-ul%c2%adcinj%c2%adskog-jav%c2%adnog-pred%c2%adu%c2%adze%c2%adca-pred-ok%c2%adto%c2%adbar%c2%adske-iz%c2%adbo%c2%adre-ko\/#breadcrumb","itemListElement":[{"@type":"ListItem","position":1,"name":"\u201eDan\u201d Ob\u00adjav\u00adlju\u00adje Spi\u00adsak Upla\u00adta Ul\u00adcinj\u00adskog Jav\u00adnog Pred\u00adu\u00adze\u00ad\u0107a Pred Ok\u00adto\u00adbar\u00adske Iz\u00adbo\u00adre ko\u00adji do\u00adka\u00adzu\u00adje zlo\u00adu\u00adpo\u00adtre\u00adbu Dr\u00ad\u017eav\u00adnih Sred\u00adsta\u00adva"}]},{"@type":"Person","@id":"https:\/\/www.visit-ulcinj.com\/blog\/#\/schema\/person\/dcab619c614d3038751c63bc2aadc06d","name":"ulqini","sameAs":["http:\/\/www.visit-ulcinj.com"],"url":"https:\/\/www.visit-ulcinj.com\/blog\/author\/admin\/"}]}},"jetpack_featured_media_url":"","jetpack_sharing_enabled":true,"jetpack_shortlink":"https:\/\/wp.me\/pe6lTn-if4","_links":{"self":[{"href":"https:\/\/www.visit-ulcinj.com\/blog\/wp-json\/wp\/v2\/posts\/70126"}],"collection":[{"href":"https:\/\/www.visit-ulcinj.com\/blog\/wp-json\/wp\/v2\/posts"}],"about":[{"href":"https:\/\/www.visit-ulcinj.com\/blog\/wp-json\/wp\/v2\/types\/post"}],"author":[{"embeddable":true,"href":"https:\/\/www.visit-ulcinj.com\/blog\/wp-json\/wp\/v2\/users\/1"}],"replies":[{"embeddable":true,"href":"https:\/\/www.visit-ulcinj.com\/blog\/wp-json\/wp\/v2\/comments?post=70126"}],"version-history":[{"count":4,"href":"https:\/\/www.visit-ulcinj.com\/blog\/wp-json\/wp\/v2\/posts\/70126\/revisions"}],"predecessor-version":[{"id":70183,"href":"https:\/\/www.visit-ulcinj.com\/blog\/wp-json\/wp\/v2\/posts\/70126\/revisions\/70183"}],"wp:attachment":[{"href":"https:\/\/www.visit-ulcinj.com\/blog\/wp-json\/wp\/v2\/media?parent=70126"}],"wp:term":[{"taxonomy":"category","embeddable":true,"href":"https:\/\/www.visit-ulcinj.com\/blog\/wp-json\/wp\/v2\/categories?post=70126"},{"taxonomy":"post_tag","embeddable":true,"href":"https:\/\/www.visit-ulcinj.com\/blog\/wp-json\/wp\/v2\/tags?post=70126"}],"curies":[{"name":"wp","href":"https:\/\/api.w.org\/{rel}","templated":true}]}}