{"id":70139,"date":"2013-03-30T15:51:06","date_gmt":"2013-03-30T14:51:06","guid":{"rendered":"http:\/\/www.visit-ulcinj.com\/blog\/?p=70139"},"modified":"2013-03-30T15:53:20","modified_gmt":"2013-03-30T14:53:20","slug":"bahri-brisku-personalitet-i-nderuar-i-kultures-shqiptare","status":"publish","type":"post","link":"https:\/\/www.visit-ulcinj.com\/blog\/2013\/03\/30\/bahri-brisku-personalitet-i-nderuar-i-kultures-shqiptare\/","title":{"rendered":"Bahri Brisku &#8211; Personalitet i nderuar i kultur\u00ebs shqiptare"},"content":{"rendered":"<p><b><a href=\"http:\/\/www.visit-ulcinj.com\/blog\/wp-content\/uploads\/2013\/03\/Bahri-Brisku.2.jpg\"><img loading=\"lazy\" class=\"alignleft  wp-image-70141\" alt=\"Bahri Brisku.2\" src=\"http:\/\/www.visit-ulcinj.com\/blog\/wp-content\/uploads\/2013\/03\/Bahri-Brisku.2.jpg\" width=\"508\" height=\"360\" \/><\/a>Nga Gjek\u00eb Gjonaj<\/b><\/p>\n<p>Kur njeriu\u00a0 n\u00eb nj\u00eb afat\u00a0\u00a0\u00a0 t\u00eb shkurt\u00ebr kohor\u00a0 p\u00ebrjeton ngjarje t\u00eb k\u00ebndshme dometh\u00ebn\u00ebse\u00a0\u00a0 n\u00eb jet\u00eb dhe\u00a0 n\u00eb krijimtari\u00a0\u00a0 natyrsh\u00ebm\u00a0 mund t\u00eb quhet\u00a0 fatlum.\u00a0 I till\u00eb \u00ebsht\u00eb protagonisti i k\u00ebsaj mbr\u00ebmje albanologu, shkrimtari, poeti, studiuesi, folkloristi, \u00a0gazetari \u00a0dhe\u00a0 atdhetari\u00a0 yn\u00eb\u00a0 tashm\u00eb i njohur edhe\u00a0 n\u00eb rrafshin mbar\u00ebkomb\u00ebtar\u00a0\u00a0 prof.dr.Bahri Brisku. Ky intelektual i mir\u00ebfillt\u00eb\u00a0 muaj\u00ebve t\u00eb fundit\u00a0 m\u00eb duket mjaft i p\u00ebrmbushur shpirt\u00ebrisht dhe emocionalisht, ndoshta si rrall\u00eb ndonj\u00ebher\u00eb m\u00eb par\u00eb, p\u00ebr tri arsye.<br \/>\n<a href=\"http:\/\/www.visit-ulcinj.com\/blog\/wp-content\/uploads\/2013\/03\/Bahri-Brisku-Antar-i-Akademis\u00eb-s\u00eb-Shkencave-dhe-Arteve-Shqiptaro-\u2013-Amerikane.jpg\"><img loading=\"lazy\" class=\"alignleft  wp-image-70142\" alt=\"Bahri Brisku-Antar i Akademis\u00eb s\u00eb Shkencave dhe Arteve Shqiptaro \u2013 Amerikane\" src=\"http:\/\/www.visit-ulcinj.com\/blog\/wp-content\/uploads\/2013\/03\/Bahri-Brisku-Antar-i-Akademis\u00eb-s\u00eb-Shkencave-dhe-Arteve-Shqiptaro-\u2013-Amerikane.jpg\" width=\"508\" height=\"300\" \/><\/a><\/p>\n<p>S\u00eb pari profesori yn\u00eb i nderuar pak muaj m\u00eb par\u00eb u pranua an\u00ebtar i Akademis\u00eb s\u00eb Shkencave dhe Arteve Shqiptaro \u2013 Amerikane n\u00eb nj\u00eb ceremoni t\u00eb zhvilluar n\u00eb Detriot, e cila n\u00eb p\u00ebrb\u00ebrje t\u00eb saj ka \u00a0emra t\u00eb shquar t\u00eb artit, kultur\u00ebs dhe shkenc\u00ebs shqiptare, me motivacion \u201cP\u00ebr rezultatet e larta t\u00eb arritura n\u00eb botimet e tija n\u00eb fush\u00ebn e shkenc\u00ebs dhe kultur\u00ebs shqiptare.\u201d\u00a0 Ky vler\u00ebsim i madh q\u00eb iu b\u00eb profesor Briskut\u00a0 \u00ebsht\u00eb rezultat\u00a0 i pun\u00ebs s\u00eb tij t\u00eb suksesshme\u00a0 shum\u00ebvje\u00e7are n\u00eb fush\u00ebn e letrave shqipe, por edhe\u00a0\u00a0 e veprimtaris\u00eb s\u00eb tij t\u00eb bujshme patriotike, e cila\u00a0 \u00ebsht\u00eb shembull p\u00ebr brezat\u00a0 e ri shqiptar se si duhet t\u00eb luftojn\u00eb p\u00ebr mbrojtjen e t\u00eb drejtave\u00a0 tona komb\u00ebtare.<\/p>\n<p>S\u00eb dyti \u00a0Bahri Brisku sot\u00a0 feston 80 \u2013 vjetorin e\u00a0 lindjes, p\u00ebrvjetor q\u00eb besoj do ta lakmonim t\u00eb gjith\u00eb sikur t\u00eb g\u00ebzonim\u00a0 sh\u00ebndetin mjaft t\u00eb mir\u00eb t\u00eb profesorit.<\/p>\n<p>S\u00eb\u00a0 treti ky personalitet\u00a0 i dha kultur\u00ebs komb\u00ebtare shqiptare edhe nj\u00eb tjet\u00ebr vep\u00ebr t\u00eb \u00e7muar\u00a0 \u201eK\u00ebng\u00eb popullore t\u00eb\u00a0 shqiptar\u00ebve n\u00eb Mal t\u00eb Zi\u201c, fryt i\u00a0 nj\u00eb p\u00ebrkushtimi t\u00eb thell\u00eb dhe pasioni t\u00eb madh\u00a0 ndaj krijimtaris\u00eb gojore t\u00eb shqiptar\u00ebve n\u00eb k\u00ebt\u00eb shtet.<br \/>\n<a href=\"http:\/\/www.visit-ulcinj.com\/blog\/wp-content\/uploads\/2013\/03\/Bahri-Brisku.11.jpg\"><img loading=\"lazy\" class=\"alignleft  wp-image-70143\" alt=\"Bahri Brisku.1\" src=\"http:\/\/www.visit-ulcinj.com\/blog\/wp-content\/uploads\/2013\/03\/Bahri-Brisku.11.jpg\" width=\"508\" height=\"300\" \/><\/a><\/p>\n<p><strong>T\u00eb gjith\u00eb\u00a0\u00a0 i kemi d\u00ebgjuar th\u00ebniet : \u201d Populli \u00ebsht\u00eb pasuria m\u00eb e madhe.\u00a0 Ai \u00ebsht\u00eb i m\u00ebn\u00e7uri, ai \u00ebsht\u00eb i zgjuari, ai e ka urtin\u00eb ashtu, origjinale\u201d. Ne, kemi vet\u00ebm nj\u00eb detyr\u00eb: ta njohim, ta mbledhim e ta botojm\u00eb k\u00ebt\u00eb urti. Dhe pik\u00ebrisht k\u00ebt\u00eb e b\u00ebri me shum\u00eb dashuri Bahri Brisku, i cili\u00a0 n\u00eb nj\u00eb takim t\u00eb fundit me buz\u00ebqeshje siqnqerisht m\u00eb tha: \u201c Ky lib\u00ebr q\u00eb un\u00eb kam botuar nuk \u00ebsht\u00eb imi, \u00ebsht\u00eb i popullit tim. Un\u00eb, vet\u00ebm e kam shkruar, &#8211; p\u00ebr bes\u00eb!\u00a0 \u00a0Autori\u00a0 k\u00ebsaj\u00a0 pune t\u00eb madhe, shum\u00eb t\u00eb lodhshme por me vler\u00eb komb\u00ebtare iu qas n\u00eb vitet 50-t\u00eb t\u00eb shekullit t\u00eb kaluar kur sh\u00ebrbente si m\u00ebsues n\u00eb vendlindjen e tij n\u00eb Kraj\u00eb, t\u00eb cil\u00ebn ai e vler\u00ebsonte si djepin\u00a0 e folklorit t\u00eb shqiptar\u00ebve n\u00eb Mal t\u00eb Zi.\u00a0 Prej at\u00ebher\u00eb gjat\u00eb t\u00ebr\u00eb jet\u00ebs dhe veprimtaris\u00eb s\u00eb tij ishte \u201c bleta\u201d q\u00eb mblodhi \u201c nektarin\u201d m\u00eb t\u00eb mir\u00eb t\u00eb\u00a0 shqiptar\u00ebve n\u00eb Mal t\u00eb Zi , let\u00ebrsin\u00eb dhe tradit\u00ebn e tyre gojore, etnografike dhe folklorike, k\u00ebt\u00eb thesar t\u00eb \u00e7muar popullor p\u00ebr ne dhe brezat e ardhshme. Gjith\u00eb k\u00ebt\u00eb pun\u00eb, l\u00ebvizje ,\u00a0 gjurmim i sh\u00ebnoi\u00a0\u00a0 me\u00a0 laps n\u00eb fletore dhe me nj\u00eb magnetofon, t\u00eb cilat vazhdimisht i mbante n\u00eb\u00a0 krah \u00a0fshatrave t\u00eb thella t\u00eb Ulqinit, t\u00eb An\u00ebs s\u00eb Malit, t\u00eb Kraj\u00ebs, t\u00eb Tivarit, t\u00eb\u00a0 Mal\u00ebsis\u00eb s\u00eb Madhe ( Hot, Grud\u00eb, Triesh e Koj\u00eb), t\u00eb Plav\u00ebs, \u00a0dhe t\u00eb\u00a0 Gucis\u00eb.\u00a0 Edhe pse\u00a0 n\u00eb koh\u00eb t\u00eb v\u00ebshtira, pa infrastruktur\u00eb t\u00eb duhur rrugore,\u00a0 shpesh pa automjete ky dashamir i kultur\u00ebs shqiptare nuk ndiente lodhje. P\u00ebrkundrazi\u00a0 mbledhja e folklorit\u00a0 nga k\u00ebng\u00ebtar\u00eb e rr\u00ebfimtar\u00eb t\u00eb shumt\u00eb i jepte k\u00ebnaq\u00ebsi, frym\u00ebzim, pasion, vullnet e forc\u00eb. Sepse e dinte fare mir\u00eb se\u00a0 n\u00eb k\u00ebt\u00eb m\u00ebnyr\u00eb \u00ebsht\u00eb duke b\u00ebr\u00eb nj\u00eb pun\u00eb t\u00eb madhe. N\u00eb shoq\u00ebrimin e\u00a0 folkloristit t\u00eb ndjer\u00eb \u00a0Lorenc Antonit i nxitur nga figura poliedrike e kultur\u00ebs\u00a0 shqiptare Anton \u00c7eta, themelues i\u00a0 Arkivit Folklorik\u00a0 t\u00eb Institutit \u00a0Albanologjik t\u00eb Prishtin\u00ebs , pastaj t\u00eb rrjetit t\u00eb bashk\u00ebpun\u00ebtor\u00ebve t\u00eb jasht\u00ebm nga trevat e gjera t\u00eb shqiptar\u00ebve n\u00eb ish Jugosllavi, pjes\u00eb e t\u00eb cilit ishte edhe profesor Basriu,\u00a0\u00a0 bashk\u00eb\u00a0 me mbledh\u00ebsit e tjer\u00eb\u00a0 t\u00eb folklorit\u00a0 nga radh\u00ebt e\u00a0\u00a0 shqiptar\u00ebve\u00a0 n\u00eb\u00a0 Mal\u00a0 t\u00eb\u00a0 Zi\u00a0 Imzot\u00a0 Simon Filipajn, Ismail Dod\u00ebn,\u00a0 Pat\u00ebr Zef Jankajn, Anton Berish\u00ebn, Pjet\u00ebr Gjurav\u00e7ajn, Mirash Goj\u00e7ajn,\u00a0 Idriz Ulajn e ndonj\u00eb tjet\u00ebr, duke q\u00ebndruar me dit\u00eb t\u00eb t\u00ebra\u00a0 n\u00eb oda t\u00eb burrave n\u00ebp\u00ebr fshatra t\u00eb ndryshme shqiptare\u00a0 b\u00ebri t\u00eb mundur jo vet\u00ebm grumbullimin e\u00a0 k\u00ebtij thesari popupullor , por edhe sistemimin dhe botimin e pjes\u00ebrish\u00ebm t\u00eb\u00a0 tij\u00a0 fillimisht n\u00eb revist\u00ebn\u00a0 \u201c Gjurmime albanologjike \u2013 Folklor dhe Etnologji \u201d . Nd\u00ebrkoh\u00eb ky\u00a0\u00a0 material folklorik\u00a0 i sh\u00ebrbeu profesor Briksut t\u00eb\u00a0 magjistroj\u00eb n\u00eb tem\u00ebn \u201c Lirika popullore Ulqin \u2013 Shestan- Bregu i Bun\u00ebs\u201d dhe t\u00eb doktoroj\u00eb\u00a0\u00a0 n\u00eb tem\u00ebn\u201d Deti dhe detar\u00ebt n\u00eb let\u00ebrsin\u00eb popullore shqiptare\u201d.<br \/>\n<a href=\"http:\/\/www.visit-ulcinj.com\/blog\/wp-content\/uploads\/2013\/03\/Bahri-Brisku.3.jpg\"><img loading=\"lazy\" class=\"alignleft  wp-image-70144\" alt=\"Bahri Brisku.3\" src=\"http:\/\/www.visit-ulcinj.com\/blog\/wp-content\/uploads\/2013\/03\/Bahri-Brisku.3.jpg\" width=\"508\" height=\"300\" \/><\/a><br \/>\n<\/strong><strong><\/strong><\/p>\n<p>N\u00eb k\u00ebt\u00eb p\u00ebrmbledhje te v\u00ebllimshme prej 630 faqesh\u00a0 e cila\u00a0 tash sheh drit\u00ebn e botimit\u00a0\u00a0 n\u00eb kuad\u00ebr t\u00eb 100- vjetorit t\u00eb pavar\u00ebsis\u00eb s\u00eb\u00a0\u00a0 Shqip\u00ebris\u00eb dhe si\u00e7 thash\u00eb m\u00eb par\u00eb \u00a080-vjetorit\u00a0 t\u00eb lindjes s\u00eb autorit\u00a0\u00a0 jan\u00eb p\u00ebrfshir\u00eb\u00a0 \u00a0k\u00ebng\u00ebt e djepit, k\u00ebng\u00ebt dhe loj\u00ebrat e f\u00ebmij\u00ebve, k\u00ebng\u00ebt satirike, k\u00ebng\u00ebt e pun\u00ebs, k\u00ebng\u00ebt e dashuris\u00eb,\u00a0 k\u00ebng\u00ebt e\u00a0 dasm\u00ebs,\u00a0 k\u00ebng\u00ebt e Rilindjes Komb\u00ebtare, k\u00ebng\u00ebt popullore p\u00ebr ngjarjet e Lidhjes Shqiptare t\u00eb Prizrenit, vajtimet,\u00a0 k\u00ebng\u00ebt e m\u00ebrgimit, baladat, k\u00ebng\u00ebt qytetare dhe k\u00ebng\u00ebt epike t\u00eb kreshnik\u00ebve.<\/p>\n<p>Prof. Bahri\u00a0 Brisku\u00a0 me veprimtarin\u00eb e tij krijuese shkencore dhe atdhetare pa dyshim mbetet nj\u00eb figur\u00eb e nderuar dhe e r\u00ebnd\u00ebsishme\u00a0 e kultur\u00ebs shqiptare.\u00a0 Nj\u00eb personalitet\u00a0 i respektuar i arsimit, nj\u00eb drit\u00eb rrezatuese e shqiptaris\u00eb e atdhedashuris\u00eb. Ai la gjurm\u00eb t\u00eb pashlyeshme edhe n\u00eb fush\u00ebn e gazetaris\u00eb,\u00a0\u00a0 detaris\u00eb s\u00eb\u00a0 Ulqinit, mbledhjes s\u00eb kultur\u00ebs popullore, n\u00eb fush\u00ebn e krijimtaris\u00eb s\u00eb proz\u00ebs e poezis\u00eb artistike e gojore.\u00a0 Ai e kreu detyr\u00ebn e shenjt\u00eb n\u00eb sh\u00ebrbim t\u00eb\u00a0 kombit dhe atdheut t\u00eb vet.<br \/>\n<a href=\"http:\/\/www.visit-ulcinj.com\/blog\/wp-content\/uploads\/2013\/03\/Dr.Bahri-Brisku-nga-Gjeke-Gjonaj.jpg\"><img loading=\"lazy\" class=\"alignleft  wp-image-70145\" alt=\"Dr.Bahri Brisku nga Gjeke Gjonaj\" src=\"http:\/\/www.visit-ulcinj.com\/blog\/wp-content\/uploads\/2013\/03\/Dr.Bahri-Brisku-nga-Gjeke-Gjonaj.jpg\" width=\"508\" height=\"300\" \/><\/a><\/p>\n<p><strong>Profesor, Ju falenderoj p\u00ebr pun\u00ebn shum\u00eb t\u00eb mir\u00eb q\u00eb keni b\u00ebr\u00eb. Ju p\u00ebrg\u00ebzoj nga shpirti p\u00ebr q\u00ebllimet fisnike q\u00eb i keni v\u00ebn\u00eb vetes. Ju d\u00ebshiroj mbi t\u00eb gjhitha sh\u00ebndet dhe mbetem me shpres\u00eb\u00a0 q\u00eb s\u00eb bashku do t\u00eb festojm\u00eb edhe 85- vjetorin tuaj,\u00a0 me nj\u00eb botim t\u00eb ri, pse jo.<\/strong><\/p>\n\n\t\t<style type=\"text\/css\">\n\t\t\t#gallery-1 {\n\t\t\t\tmargin: auto;\n\t\t\t}\n\t\t\t#gallery-1 .gallery-item {\n\t\t\t\tfloat: left;\n\t\t\t\tmargin-top: 10px;\n\t\t\t\ttext-align: center;\n\t\t\t\twidth: 33%;\n\t\t\t}\n\t\t\t#gallery-1 img {\n\t\t\t\tborder: 2px solid #cfcfcf;\n\t\t\t}\n\t\t\t#gallery-1 .gallery-caption {\n\t\t\t\tmargin-left: 0;\n\t\t\t}\n\t\t\t\/* see gallery_shortcode() in wp-includes\/media.php *\/\n\t\t<\/style>\n\t\t<div id='gallery-1' class='gallery galleryid-70139 gallery-columns-3 gallery-size-thumbnail'><dl class='gallery-item'>\n\t\t\t<dt class='gallery-icon portrait'>\n\t\t\t\t<a href='https:\/\/www.visit-ulcinj.com\/blog\/2013\/03\/30\/bahri-brisku-personalitet-i-nderuar-i-kultures-shqiptare\/mirnjohje-nga-revista-kuvendi-ne-michigan-usa\/'><img width=\"150\" height=\"150\" src=\"https:\/\/www.visit-ulcinj.com\/blog\/wp-content\/uploads\/2013\/03\/Mirnjohje-nga-Revista-Kuvendi-ne-Michigan-USA-150x150.jpg\" class=\"attachment-thumbnail size-thumbnail\" alt=\"\" loading=\"lazy\" \/><\/a>\n\t\t\t<\/dt><\/dl><dl class='gallery-item'>\n\t\t\t<dt class='gallery-icon landscape'>\n\t\t\t\t<a href='https:\/\/www.visit-ulcinj.com\/blog\/2013\/03\/30\/bahri-brisku-personalitet-i-nderuar-i-kultures-shqiptare\/bahri-brisku-antar-i-akademise-se-shkencave-dhe-arteve-shqiptaro-amerikane\/'><img width=\"150\" height=\"150\" src=\"https:\/\/www.visit-ulcinj.com\/blog\/wp-content\/uploads\/2013\/03\/Bahri-Brisku-Antar-i-Akademis\u00eb-s\u00eb-Shkencave-dhe-Arteve-Shqiptaro-\u2013-Amerikane-150x150.jpg\" class=\"attachment-thumbnail size-thumbnail\" alt=\"\" loading=\"lazy\" \/><\/a>\n\t\t\t<\/dt><\/dl><dl class='gallery-item'>\n\t\t\t<dt class='gallery-icon portrait'>\n\t\t\t\t<a href='https:\/\/www.visit-ulcinj.com\/blog\/2013\/03\/30\/bahri-brisku-personalitet-i-nderuar-i-kultures-shqiptare\/mirnjohje-nga-kshilli-nacional-te-shqipetarene-ne-mal-te-zi\/'><img width=\"150\" height=\"150\" src=\"https:\/\/www.visit-ulcinj.com\/blog\/wp-content\/uploads\/2013\/03\/Mirnjohje-nga-KSHILLI-NACIONAL-TE-SHQIPETARENE-NE-MAL-TE-ZI-150x150.jpg\" class=\"attachment-thumbnail size-thumbnail\" alt=\"\" loading=\"lazy\" \/><\/a>\n\t\t\t<\/dt><\/dl><br style=\"clear: both\" \/>\n\t\t<\/div>\n\n","protected":false},"excerpt":{"rendered":"<p>Nga Gjek\u00eb Gjonaj Kur njeriu\u00a0 n\u00eb nj\u00eb afat\u00a0\u00a0\u00a0 t\u00eb shkurt\u00ebr kohor\u00a0 p\u00ebrjeton ngjarje t\u00eb k\u00ebndshme dometh\u00ebn\u00ebse\u00a0\u00a0 n\u00eb jet\u00eb dhe\u00a0 n\u00eb krijimtari\u00a0\u00a0 natyrsh\u00ebm\u00a0 mund t\u00eb quhet\u00a0 fatlum.\u00a0 I till\u00eb \u00ebsht\u00eb protagonisti i k\u00ebsaj mbr\u00ebmje albanologu, shkrimtari, poeti, studiuesi, folkloristi, \u00a0gazetari \u00a0dhe\u00a0 atdhetari\u00a0 yn\u00eb\u00a0 tashm\u00eb i njohur edhe\u00a0 n\u00eb rrafshin mbar\u00ebkomb\u00ebtar\u00a0\u00a0 prof.dr.Bahri Brisku. Ky intelektual i mir\u00ebfillt\u00eb\u00a0 [&hellip;]<\/p>\n","protected":false},"author":1,"featured_media":0,"comment_status":"open","ping_status":"closed","sticky":false,"template":"","format":"standard","meta":{"spay_email":"","jetpack_publicize_message":"","jetpack_is_tweetstorm":false,"jetpack_publicize_feature_enabled":true},"categories":[4],"tags":[985],"jetpack_publicize_connections":[],"yoast_head":"<!-- This site is optimized with the Yoast SEO plugin v19.1 - https:\/\/yoast.com\/wordpress\/plugins\/seo\/ -->\n<title>Bahri Brisku - Personalitet i nderuar i kultur\u00ebs shqiptare - Lajme nga Ulqini<\/title>\n<meta name=\"description\" content=\"Nga Gjek\u00eb Gjonaj Kur njeriu\u00a0 n\u00eb nj\u00eb afat\u00a0\u00a0\u00a0 t\u00eb shkurt\u00ebr kohor\u00a0 p\u00ebrjeton ngjarje t\u00eb k\u00ebndshme dometh\u00ebn\u00ebse\u00a0\u00a0 n\u00eb jet\u00eb dhe\u00a0 n\u00eb krijimtari\u00a0\u00a0 natyrsh\u00ebm\u00a0 mund t\u00eb\" \/>\n<meta name=\"robots\" content=\"index, follow, max-snippet:-1, max-image-preview:large, max-video-preview:-1\" \/>\n<link rel=\"canonical\" href=\"https:\/\/www.visit-ulcinj.com\/blog\/2013\/03\/30\/bahri-brisku-personalitet-i-nderuar-i-kultures-shqiptare\/\" \/>\n<meta property=\"og:locale\" content=\"en_US\" \/>\n<meta property=\"og:type\" content=\"article\" \/>\n<meta property=\"og:title\" content=\"Bahri Brisku - Personalitet i nderuar i kultur\u00ebs shqiptare - Lajme nga Ulqini\" \/>\n<meta property=\"og:description\" content=\"Nga Gjek\u00eb Gjonaj Kur njeriu\u00a0 n\u00eb nj\u00eb afat\u00a0\u00a0\u00a0 t\u00eb shkurt\u00ebr kohor\u00a0 p\u00ebrjeton ngjarje t\u00eb k\u00ebndshme dometh\u00ebn\u00ebse\u00a0\u00a0 n\u00eb jet\u00eb dhe\u00a0 n\u00eb krijimtari\u00a0\u00a0 natyrsh\u00ebm\u00a0 mund t\u00eb\" \/>\n<meta property=\"og:url\" content=\"https:\/\/www.visit-ulcinj.com\/blog\/2013\/03\/30\/bahri-brisku-personalitet-i-nderuar-i-kultures-shqiptare\/\" \/>\n<meta property=\"og:site_name\" content=\"Lajme nga Ulqini\" \/>\n<meta property=\"article:published_time\" content=\"2013-03-30T14:51:06+00:00\" \/>\n<meta property=\"article:modified_time\" content=\"2013-03-30T14:53:20+00:00\" \/>\n<meta property=\"og:image\" content=\"https:\/\/www.visit-ulcinj.com\/blog\/wp-content\/uploads\/2013\/03\/Mirnjohje-nga-Revista-Kuvendi-ne-Michigan-USA-150x150.jpg\" \/>\n<meta name=\"twitter:label1\" content=\"Written by\" \/>\n\t<meta name=\"twitter:data1\" content=\"ulqini\" \/>\n\t<meta name=\"twitter:label2\" content=\"Est. reading time\" \/>\n\t<meta name=\"twitter:data2\" content=\"5 minutes\" \/>\n<script type=\"application\/ld+json\" class=\"yoast-schema-graph\">{\"@context\":\"https:\/\/schema.org\",\"@graph\":[{\"@type\":\"WebSite\",\"@id\":\"https:\/\/www.visit-ulcinj.com\/blog\/#website\",\"url\":\"https:\/\/www.visit-ulcinj.com\/blog\/\",\"name\":\"Lajme nga Ulqini\",\"description\":\"Lajme,Vijesti,Ulqini,Ulqin,Crna Gora,Mali i Zi\",\"potentialAction\":[{\"@type\":\"SearchAction\",\"target\":{\"@type\":\"EntryPoint\",\"urlTemplate\":\"https:\/\/www.visit-ulcinj.com\/blog\/?s={search_term_string}\"},\"query-input\":\"required name=search_term_string\"}],\"inLanguage\":\"en-US\"},{\"@type\":\"ImageObject\",\"inLanguage\":\"en-US\",\"@id\":\"https:\/\/www.visit-ulcinj.com\/blog\/2013\/03\/30\/bahri-brisku-personalitet-i-nderuar-i-kultures-shqiptare\/#primaryimage\",\"url\":\"https:\/\/www.visit-ulcinj.com\/blog\/wp-content\/uploads\/2013\/03\/Bahri-Brisku.2.jpg\",\"contentUrl\":\"https:\/\/www.visit-ulcinj.com\/blog\/wp-content\/uploads\/2013\/03\/Bahri-Brisku.2.jpg\",\"width\":579,\"height\":501},{\"@type\":\"WebPage\",\"@id\":\"https:\/\/www.visit-ulcinj.com\/blog\/2013\/03\/30\/bahri-brisku-personalitet-i-nderuar-i-kultures-shqiptare\/#webpage\",\"url\":\"https:\/\/www.visit-ulcinj.com\/blog\/2013\/03\/30\/bahri-brisku-personalitet-i-nderuar-i-kultures-shqiptare\/\",\"name\":\"Bahri Brisku - Personalitet i nderuar i kultur\u00ebs shqiptare - Lajme nga Ulqini\",\"isPartOf\":{\"@id\":\"https:\/\/www.visit-ulcinj.com\/blog\/#website\"},\"primaryImageOfPage\":{\"@id\":\"https:\/\/www.visit-ulcinj.com\/blog\/2013\/03\/30\/bahri-brisku-personalitet-i-nderuar-i-kultures-shqiptare\/#primaryimage\"},\"datePublished\":\"2013-03-30T14:51:06+00:00\",\"dateModified\":\"2013-03-30T14:53:20+00:00\",\"author\":{\"@id\":\"https:\/\/www.visit-ulcinj.com\/blog\/#\/schema\/person\/dcab619c614d3038751c63bc2aadc06d\"},\"description\":\"Nga Gjek\u00eb Gjonaj Kur njeriu\u00a0 n\u00eb nj\u00eb afat\u00a0\u00a0\u00a0 t\u00eb shkurt\u00ebr kohor\u00a0 p\u00ebrjeton ngjarje t\u00eb k\u00ebndshme dometh\u00ebn\u00ebse\u00a0\u00a0 n\u00eb jet\u00eb dhe\u00a0 n\u00eb krijimtari\u00a0\u00a0 natyrsh\u00ebm\u00a0 mund t\u00eb\",\"breadcrumb\":{\"@id\":\"https:\/\/www.visit-ulcinj.com\/blog\/2013\/03\/30\/bahri-brisku-personalitet-i-nderuar-i-kultures-shqiptare\/#breadcrumb\"},\"inLanguage\":\"en-US\",\"potentialAction\":[{\"@type\":\"ReadAction\",\"target\":[\"https:\/\/www.visit-ulcinj.com\/blog\/2013\/03\/30\/bahri-brisku-personalitet-i-nderuar-i-kultures-shqiptare\/\"]}]},{\"@type\":\"BreadcrumbList\",\"@id\":\"https:\/\/www.visit-ulcinj.com\/blog\/2013\/03\/30\/bahri-brisku-personalitet-i-nderuar-i-kultures-shqiptare\/#breadcrumb\",\"itemListElement\":[{\"@type\":\"ListItem\",\"position\":1,\"name\":\"Bahri Brisku &#8211; Personalitet i nderuar i kultur\u00ebs shqiptare\"}]},{\"@type\":\"Person\",\"@id\":\"https:\/\/www.visit-ulcinj.com\/blog\/#\/schema\/person\/dcab619c614d3038751c63bc2aadc06d\",\"name\":\"ulqini\",\"sameAs\":[\"http:\/\/www.visit-ulcinj.com\"],\"url\":\"https:\/\/www.visit-ulcinj.com\/blog\/author\/admin\/\"}]}<\/script>\n<!-- \/ Yoast SEO plugin. -->","yoast_head_json":{"title":"Bahri Brisku - Personalitet i nderuar i kultur\u00ebs shqiptare - Lajme nga Ulqini","description":"Nga Gjek\u00eb Gjonaj Kur njeriu\u00a0 n\u00eb nj\u00eb afat\u00a0\u00a0\u00a0 t\u00eb shkurt\u00ebr kohor\u00a0 p\u00ebrjeton ngjarje t\u00eb k\u00ebndshme dometh\u00ebn\u00ebse\u00a0\u00a0 n\u00eb jet\u00eb dhe\u00a0 n\u00eb krijimtari\u00a0\u00a0 natyrsh\u00ebm\u00a0 mund t\u00eb","robots":{"index":"index","follow":"follow","max-snippet":"max-snippet:-1","max-image-preview":"max-image-preview:large","max-video-preview":"max-video-preview:-1"},"canonical":"https:\/\/www.visit-ulcinj.com\/blog\/2013\/03\/30\/bahri-brisku-personalitet-i-nderuar-i-kultures-shqiptare\/","og_locale":"en_US","og_type":"article","og_title":"Bahri Brisku - Personalitet i nderuar i kultur\u00ebs shqiptare - Lajme nga Ulqini","og_description":"Nga Gjek\u00eb Gjonaj Kur njeriu\u00a0 n\u00eb nj\u00eb afat\u00a0\u00a0\u00a0 t\u00eb shkurt\u00ebr kohor\u00a0 p\u00ebrjeton ngjarje t\u00eb k\u00ebndshme dometh\u00ebn\u00ebse\u00a0\u00a0 n\u00eb jet\u00eb dhe\u00a0 n\u00eb krijimtari\u00a0\u00a0 natyrsh\u00ebm\u00a0 mund t\u00eb","og_url":"https:\/\/www.visit-ulcinj.com\/blog\/2013\/03\/30\/bahri-brisku-personalitet-i-nderuar-i-kultures-shqiptare\/","og_site_name":"Lajme nga Ulqini","article_published_time":"2013-03-30T14:51:06+00:00","article_modified_time":"2013-03-30T14:53:20+00:00","og_image":[{"url":"https:\/\/www.visit-ulcinj.com\/blog\/wp-content\/uploads\/2013\/03\/Mirnjohje-nga-Revista-Kuvendi-ne-Michigan-USA-150x150.jpg"}],"twitter_misc":{"Written by":"ulqini","Est. reading time":"5 minutes"},"schema":{"@context":"https:\/\/schema.org","@graph":[{"@type":"WebSite","@id":"https:\/\/www.visit-ulcinj.com\/blog\/#website","url":"https:\/\/www.visit-ulcinj.com\/blog\/","name":"Lajme nga Ulqini","description":"Lajme,Vijesti,Ulqini,Ulqin,Crna Gora,Mali i Zi","potentialAction":[{"@type":"SearchAction","target":{"@type":"EntryPoint","urlTemplate":"https:\/\/www.visit-ulcinj.com\/blog\/?s={search_term_string}"},"query-input":"required name=search_term_string"}],"inLanguage":"en-US"},{"@type":"ImageObject","inLanguage":"en-US","@id":"https:\/\/www.visit-ulcinj.com\/blog\/2013\/03\/30\/bahri-brisku-personalitet-i-nderuar-i-kultures-shqiptare\/#primaryimage","url":"https:\/\/www.visit-ulcinj.com\/blog\/wp-content\/uploads\/2013\/03\/Bahri-Brisku.2.jpg","contentUrl":"https:\/\/www.visit-ulcinj.com\/blog\/wp-content\/uploads\/2013\/03\/Bahri-Brisku.2.jpg","width":579,"height":501},{"@type":"WebPage","@id":"https:\/\/www.visit-ulcinj.com\/blog\/2013\/03\/30\/bahri-brisku-personalitet-i-nderuar-i-kultures-shqiptare\/#webpage","url":"https:\/\/www.visit-ulcinj.com\/blog\/2013\/03\/30\/bahri-brisku-personalitet-i-nderuar-i-kultures-shqiptare\/","name":"Bahri Brisku - Personalitet i nderuar i kultur\u00ebs shqiptare - Lajme nga Ulqini","isPartOf":{"@id":"https:\/\/www.visit-ulcinj.com\/blog\/#website"},"primaryImageOfPage":{"@id":"https:\/\/www.visit-ulcinj.com\/blog\/2013\/03\/30\/bahri-brisku-personalitet-i-nderuar-i-kultures-shqiptare\/#primaryimage"},"datePublished":"2013-03-30T14:51:06+00:00","dateModified":"2013-03-30T14:53:20+00:00","author":{"@id":"https:\/\/www.visit-ulcinj.com\/blog\/#\/schema\/person\/dcab619c614d3038751c63bc2aadc06d"},"description":"Nga Gjek\u00eb Gjonaj Kur njeriu\u00a0 n\u00eb nj\u00eb afat\u00a0\u00a0\u00a0 t\u00eb shkurt\u00ebr kohor\u00a0 p\u00ebrjeton ngjarje t\u00eb k\u00ebndshme dometh\u00ebn\u00ebse\u00a0\u00a0 n\u00eb jet\u00eb dhe\u00a0 n\u00eb krijimtari\u00a0\u00a0 natyrsh\u00ebm\u00a0 mund t\u00eb","breadcrumb":{"@id":"https:\/\/www.visit-ulcinj.com\/blog\/2013\/03\/30\/bahri-brisku-personalitet-i-nderuar-i-kultures-shqiptare\/#breadcrumb"},"inLanguage":"en-US","potentialAction":[{"@type":"ReadAction","target":["https:\/\/www.visit-ulcinj.com\/blog\/2013\/03\/30\/bahri-brisku-personalitet-i-nderuar-i-kultures-shqiptare\/"]}]},{"@type":"BreadcrumbList","@id":"https:\/\/www.visit-ulcinj.com\/blog\/2013\/03\/30\/bahri-brisku-personalitet-i-nderuar-i-kultures-shqiptare\/#breadcrumb","itemListElement":[{"@type":"ListItem","position":1,"name":"Bahri Brisku &#8211; Personalitet i nderuar i kultur\u00ebs shqiptare"}]},{"@type":"Person","@id":"https:\/\/www.visit-ulcinj.com\/blog\/#\/schema\/person\/dcab619c614d3038751c63bc2aadc06d","name":"ulqini","sameAs":["http:\/\/www.visit-ulcinj.com"],"url":"https:\/\/www.visit-ulcinj.com\/blog\/author\/admin\/"}]}},"jetpack_featured_media_url":"","jetpack_sharing_enabled":true,"jetpack_shortlink":"https:\/\/wp.me\/pe6lTn-ifh","_links":{"self":[{"href":"https:\/\/www.visit-ulcinj.com\/blog\/wp-json\/wp\/v2\/posts\/70139"}],"collection":[{"href":"https:\/\/www.visit-ulcinj.com\/blog\/wp-json\/wp\/v2\/posts"}],"about":[{"href":"https:\/\/www.visit-ulcinj.com\/blog\/wp-json\/wp\/v2\/types\/post"}],"author":[{"embeddable":true,"href":"https:\/\/www.visit-ulcinj.com\/blog\/wp-json\/wp\/v2\/users\/1"}],"replies":[{"embeddable":true,"href":"https:\/\/www.visit-ulcinj.com\/blog\/wp-json\/wp\/v2\/comments?post=70139"}],"version-history":[{"count":3,"href":"https:\/\/www.visit-ulcinj.com\/blog\/wp-json\/wp\/v2\/posts\/70139\/revisions"}],"predecessor-version":[{"id":70147,"href":"https:\/\/www.visit-ulcinj.com\/blog\/wp-json\/wp\/v2\/posts\/70139\/revisions\/70147"}],"wp:attachment":[{"href":"https:\/\/www.visit-ulcinj.com\/blog\/wp-json\/wp\/v2\/media?parent=70139"}],"wp:term":[{"taxonomy":"category","embeddable":true,"href":"https:\/\/www.visit-ulcinj.com\/blog\/wp-json\/wp\/v2\/categories?post=70139"},{"taxonomy":"post_tag","embeddable":true,"href":"https:\/\/www.visit-ulcinj.com\/blog\/wp-json\/wp\/v2\/tags?post=70139"}],"curies":[{"name":"wp","href":"https:\/\/api.w.org\/{rel}","templated":true}]}}