{"id":70152,"date":"2013-03-30T18:00:46","date_gmt":"2013-03-30T17:00:46","guid":{"rendered":"http:\/\/www.visit-ulcinj.com\/blog\/?p=70152"},"modified":"2013-03-30T18:01:30","modified_gmt":"2013-03-30T17:01:30","slug":"bahri-brisku-letersia-shqipe-ne-mal-te-zi-2-shkrimtare-me-origjinalitet-krijues","status":"publish","type":"post","link":"https:\/\/www.visit-ulcinj.com\/blog\/2013\/03\/30\/bahri-brisku-letersia-shqipe-ne-mal-te-zi-2-shkrimtare-me-origjinalitet-krijues\/","title":{"rendered":"Bahri Brisku &#8211; Let\u00ebrsia shqipe n\u00eb Mal t\u00eb Zi (2) &#8211; Shkrimtar\u00eb me origjinalitet krijues"},"content":{"rendered":"<p><a href=\"http:\/\/www.visit-ulcinj.com\/blog\/wp-content\/uploads\/2013\/03\/Bahri-Brisku_ulqin.jpg\"><img loading=\"lazy\" class=\"alignleft  wp-image-70153\" alt=\"Bahri Brisku_ulqin\" src=\"http:\/\/www.visit-ulcinj.com\/blog\/wp-content\/uploads\/2013\/03\/Bahri-Brisku_ulqin.jpg\" width=\"508\" height=\"360\" \/><\/a>Krijuesi nga Ulqini, i cili \u00ebsht\u00eb marr\u00eb me krijimin e vlerave letrare p\u00ebr f\u00ebmij\u00eb, \u00ebsht\u00eb Hajro Ulqinaku (1938). Ky krijues, me veprat e tij t\u00eb shumta, b\u00ebn pjes\u00eb n\u00eb grupin e shkrimtar\u00ebve m\u00eb t\u00eb spikatur p\u00ebr kuantitet dhe kualitet t\u00eb let\u00ebrsis\u00eb mbar\u00ebkomb\u00ebtare \u2013 shqipe.<\/p>\n<p>Hajro Ulqinaku me krijimet p\u00ebr f\u00ebmij\u00eb t\u00eb t\u00eb gjitha moshave \u00ebsht\u00eb marr\u00eb q\u00eb n\u00eb mosh\u00ebn e re. Deri tani ka botuar p\u00ebr f\u00ebmij\u00eb k\u00ebto p\u00ebrmbledhje dhe romane: F\u00ebmij\u00ebt e detit, Margaritar\u00ebt e zez, Kolovajza dhe florinjt, Ani Beni ani, \u00c7el\u00ebsi i art\u00eb, Mbr\u00ebmje pul\u00ebbardhash, Thesari i pirat\u00ebve, Ligji i detit, Gjiri i shpres\u00ebs, Ishulli i gjelb\u00ebrt, Limani i qet\u00ebsis\u00eb, Barka me vela dhe shum\u00eb p\u00ebrmbledhje e romane tjer\u00eb q\u00eb i dedikohen bot\u00ebs letrare t\u00eb f\u00ebmij\u00ebve.<\/p>\n<p>N\u00eb baz\u00eb t\u00eb botimeve t\u00eb deritanishme t\u00eb shkrimtarit Hajro Ulqinaku pa hamendje ky cil\u00ebsohet p\u00ebr krijuesin q\u00eb shtjellon n\u00eb opusin e krijimeve me motive t\u00eb q\u00eblluara nga hap\u00ebsira e bregdetit dhe detaris\u00eb, t\u00eb cilat krijime ishin dhe jan\u00eb deficitare n\u00ebl let\u00ebrsin\u00eb f\u00ebmij\u00ebrore n\u00eb hap\u00ebsir\u00ebn mbar\u00ebkomb\u00ebtare shqipe.<\/p>\n<p>Shkrimtari Hajro Ulqinaku q\u00eb n\u00eb vitin 1990 jeton kryesisht n\u00eb Ulqin. Gjat\u00eb k\u00ebtij intervali kohor, ai \u00ebsht\u00eb marr\u00eb me botime publicistike nga jeta e detar\u00ebve, peshkatar\u00ebve dhe qytetar\u00ebve tjer\u00eb nga Ulqini. Prej k\u00ebtyre veprave q\u00eb ka botuar, pesh\u00eb t\u00eb ve\u00e7ant\u00eb shkencore\u00a0 paraqet Fjalori i detaris\u00eb s\u00eb ulqinak\u00ebve.<br \/>\n<a href=\"http:\/\/www.visit-ulcinj.com\/blog\/wp-content\/uploads\/2013\/03\/Promovohen-dy-libra-t\u00eb-Dr-Bahri-Briskut.jpg\"><img loading=\"lazy\" class=\"alignleft  wp-image-70154\" alt=\"Promovohen-dy-libra-t\u00eb-Dr-Bahri-Briskut\" src=\"http:\/\/www.visit-ulcinj.com\/blog\/wp-content\/uploads\/2013\/03\/Promovohen-dy-libra-t\u00eb-Dr-Bahri-Briskut.jpg\" width=\"508\" height=\"300\" \/><\/a><\/p>\n<p>Shkrimtari Hajro Ulqinaku me veprat e veta cil\u00ebsore, ka arrit q\u00eb t\u00eb formoj\u00eb personalitetin individual krijues me forc\u00ebn e ve\u00e7ant\u00eb sintetizuese t\u00eb krijimtaris\u00eb artistike. Ky arrin q\u00eb ta zb\u00ebrthej\u00eb t\u00eb bukur\u00ebn tipike n\u00eb atmosfer\u00ebn e jet\u00ebs f\u00ebminore. Te ky shkrimtar, hetohet nj\u00eb larmi e madhe e individualitetesh krijuese.<\/p>\n<p>Pasuria e madhe e k\u00ebtij shkrimtarit, n\u00eb fush\u00ebn e horizontit krijues t\u00eb let\u00ebrsis\u00eb, ka dep\u00ebrtuar thell\u00eb n\u00eb imagjinat\u00ebn e mosh\u00ebs s\u00eb re. Kjo cil\u00ebsi e mrekullueshme e Ulqinakut, ka kontribuar duksh\u00ebm q\u00eb ky si krijues t\u00eb rreshtohet nd\u00ebr t\u00eb par\u00ebt e krijuesve shqiptar\u00eb t\u00eb k\u00ebtij zhanri.<\/p>\n<p>&nbsp;<\/p>\n<p>&nbsp;<\/p>\n<p><a href=\"http:\/\/www.visit-ulcinj.com\/blog\/wp-content\/uploads\/2013\/03\/Muharrem-Hardolli.jpg\"><img loading=\"lazy\" class=\"alignleft size-full wp-image-70155\" alt=\"Muharrem Hardolli\" src=\"http:\/\/www.visit-ulcinj.com\/blog\/wp-content\/uploads\/2013\/03\/Muharrem-Hardolli.jpg\" width=\"300\" height=\"400\" srcset=\"https:\/\/www.visit-ulcinj.com\/blog\/wp-content\/uploads\/2013\/03\/Muharrem-Hardolli.jpg 300w, https:\/\/www.visit-ulcinj.com\/blog\/wp-content\/uploads\/2013\/03\/Muharrem-Hardolli-225x300.jpg 225w\" sizes=\"(max-width: 300px) 100vw, 300px\" \/><\/a>Muharrem E. Hardolli, historian q\u00eb ka shkruar pes\u00eb monografi p\u00ebr kranjan\u00ebt dhe shqiptar\u00ebt tjer\u00eb n\u00eb Amerik\u00eb. Ky shkrimtar me plot\u00eb t\u00eb drejt\u00eb konstaton d\u00ebmet q\u00eb na sjell migrimi. Kraja \u00ebsht\u00eb krahin\u00eb e bukur dhe e pasur me nj\u00eb mori resursesh natyrore. Ndaj, Muharremi d\u00ebshiron q\u00eb m\u00ebrgimi i shqiptar\u00ebve t\u00eb nd\u00ebrpritet se shkon n\u00eb d\u00ebm t\u00eb kombit. (M\u00eb 1980 n\u00eb Kraj\u00eb kishte 522 nx\u00ebn\u00ebs, kurse tani kan\u00eb ngelur 180 nx\u00ebn\u00ebs). T\u00eb dh\u00ebnat e tija jan\u00eb rr\u00ebqeth\u00ebse dhe shokante p\u00ebr t\u00eb vetmen arsye q\u00eb ne jemi nj\u00eb popullat\u00eb q\u00eb kemi nevoj\u00eb q\u00eb t\u00eb shumohemi dhe t\u00eb b\u00ebhemi faktor n\u00eb vendin e vet&#8230;<\/p>\n<p>Muharrem Hardolli detalisht na v\u00eb n\u00eb dukje ritet dhe zakonet shqiptare, t\u00eb cilat nevojitet q\u00eb t\u00eb vazhdojn\u00eb furish\u00ebm aplikimin e tyre, kudo q\u00eb vendosen shqiptar\u00ebt e Kraj\u00ebs s\u00eb bashku me t\u00eb tjer\u00ebt. Ky me k\u00ebto monografi cil\u00ebsore, i ka dhuruar nj\u00eb kontribut me pesh\u00eb t\u00eb madhe shkenc\u00ebs. N\u00eb let\u00ebrsin\u00eb e shqiptar\u00ebve n\u00eb Mal t\u00eb Zi, kontribut t\u00eb ve\u00e7ant\u00eb ka dh\u00ebn\u00eb Fran Camaj (1949). Ka mbaruar fakultetin \u2013 Gjuh\u00eb dhe let\u00ebrsi n\u00eb Prishtin\u00eb m\u00eb 1971. Ka punuar n\u00eb gjimnazin e Tuzit deri m\u00eb 1980. Pastaj ka punuar n\u00eb RT dhe n\u00eb TVCG (emisioni n\u00eb gjuh\u00ebn shqipe).\u00a0 Deri tani ka botuar tri romane t\u00eb cil\u00ebt opinioni dhe kritika letrare i ka pritur mir\u00eb, duke i p\u00ebrcjellur me epitete t\u00eb larta vler\u00ebsuese. Pastaj, Frani ka botuar edhe nj\u00eb vep\u00ebr publicistike Koh\u00ebt flasin. Kjo \u00ebsht\u00eb nj\u00eb vep\u00ebr interesante e g\u00ebrshetuar me t\u00eb dh\u00ebna dhe ndodhira bashk\u00ebkohore.<\/p>\n<p>Shkrimtari bashk\u00ebkohor Fran Camaj me romanin M\u00ebshira e pam\u00ebshirshme botuar m\u00eb 2008, ka arritur q\u00eb t\u00eb sh\u00ebnoj\u00eb nj\u00eb pjekuri t\u00eb ve\u00e7ant\u00eb n\u00eb shkrimet e tija. N\u00eb k\u00ebt\u00eb proz\u00eb, me mjeshtri artistike, shtron ndjenja t\u00eb pastra komb\u00ebtare, forcon individualitetin krijues dhe ngrit\u00ebn vler\u00ebn artistike t\u00eb let\u00ebrsis\u00eb n\u00eb p\u00ebrgjith\u00ebsi. Krijimet e Franit jan\u00eb ngusht\u00eb t\u00eb lidhura me problemet dhe hallet e shqiptar\u00ebve. Ky shkrimtar n\u00eb krijimet e veta i v\u00eb n\u00eb veprim imagjinat\u00ebn dhe fantazin\u00eb e pasur.<\/p>\n<p>Shkrimtarit Shaban Osmani (1945- 1988) nga Lisna Bora e Ulqinit. Ka mbaruar Fakultetin Filologjik n\u00eb Beograd m\u00eb 1973. P\u00ebrmbledhja e poezive t\u00eb tija u botua mbas vdekjes. Ky p\u00ebrve\u00e7 librit \u201dNj\u00eb yll pran\u00eb detit\u201d q\u00eb u botua n\u00ebn p\u00ebrkujdesin e prof.Dr. Ymer Nezirit, Shabani ka botuar edhe nj\u00eb tekst me k\u00ebng\u00eb popullore t\u00eb Ulqinit.\u00a0 Ve\u00e7ori dalluese e vlerave poetike t\u00eb Shaban Osmanit, \u00ebsht\u00eb fakti i g\u00ebrshetimit metaforik t\u00eb poezive t\u00eb tija. K\u00ebto vargje poetike, jan\u00eb t\u00eb p\u00ebrb\u00ebra kryesisht me nga nj\u00eb strof\u00eb, por ka disa prej tyre q\u00eb disponojn\u00eb rim\u00eb t\u00eb pasur. Pjesa d\u00ebrmuese e k\u00ebtyre krijimeve poetike, autori i ka kushtuar vendlindjes dhe Bun\u00ebs, pran\u00eb t\u00eb cil\u00ebs ndodhet katundi Lisna Bora. Krijimet e tija shp\u00ebrthejn\u00eb p\u00ebrjetime t\u00eb thella dhe jan\u00eb t\u00eb g\u00ebrshetuara me nj\u00eb pasuri t\u00eb larmishme t\u00eb figurave stilistike. Vepra e Shaban Osmanit \u2013 Nj\u00eb yll pran\u00eb detit paraqet nj\u00eb pasuri t\u00eb \u00e7mueshme poetike p\u00ebr let\u00ebrsin\u00eb komb\u00ebtare. K\u00ebto vjersha i p\u00ebrshkon nj\u00eb frym\u00eb moderne dhe surrealiste. Me k\u00ebt\u00eb vep\u00ebr poetike na del n\u00eb pah q\u00eb \u00e7do vep\u00ebr ar\u00a0 , \u00ebsht\u00eb fryt jo vet\u00ebm i njohjes s\u00eb jet\u00ebs, t\u00eb talentit dhe t\u00eb kultur\u00ebs, por edhe i bot\u00ebkuptimit, b\u00ebhet burim i q\u00ebndres\u00ebs.<\/p>\n<p><strong>SHKRIMTARI DHE KRITIKU LETRAR ANTON GOJ\u00c7AJ (1966)<\/strong><br \/>\n<a href=\"http:\/\/www.visit-ulcinj.com\/blog\/wp-content\/uploads\/2013\/03\/Anton-Goj\u00e7aj.jpg\"><img loading=\"lazy\" class=\"alignleft size-full wp-image-70156\" alt=\"Anton Goj\u00e7aj\" src=\"http:\/\/www.visit-ulcinj.com\/blog\/wp-content\/uploads\/2013\/03\/Anton-Goj\u00e7aj.jpg\" width=\"356\" height=\"325\" srcset=\"https:\/\/www.visit-ulcinj.com\/blog\/wp-content\/uploads\/2013\/03\/Anton-Goj\u00e7aj.jpg 356w, https:\/\/www.visit-ulcinj.com\/blog\/wp-content\/uploads\/2013\/03\/Anton-Goj\u00e7aj-300x273.jpg 300w\" sizes=\"(max-width: 356px) 100vw, 356px\" \/><\/a>Anton Goj\u00e7aj ka lindur n\u00eb Vuksanlekaj, Tuz. K\u00ebtu ka mbaruar shkoll\u00ebn fillore, kurse t\u00eb mesmen n\u00eb Zar\u00eb, Kroaci. Studimet p\u00ebr Let\u00ebrsi dhe gjuh\u00eb shqipe i ka mbaruar n\u00eb Prishtin\u00eb ku edhe ka magjistruar. Ka punuar n\u00eb gazet\u00ebn Koha javore. Tani \u00ebsht\u00eb k\u00ebshilltar pedagogjik p\u00ebr gjuh\u00eb shqipe.<\/p>\n<p>Anton Goj\u00e7aj \u00ebsht\u00eb nj\u00eb prej krijuesve m\u00eb t\u00eb frytsh\u00ebm n\u00eb Mal t\u00eb Zi. Shkruan poezi, proza merret edhe me kritik\u00eb letrare. Ka botuar Qengji i harruam n\u00eb mal, Herojt nacional n\u00eb let\u00ebrsi dhe Passio, roman, Proza letrare e Anton Harapit dhe Shija e librit (interpretim). Vepra prozaike e tij \u2013 Nd\u00ebrmjet kapak\u00ebve, \u00ebsht\u00eb nj\u00eb p\u00ebrmbledhje e prozave t\u00eb tija q\u00eb e cil\u00ebson nj\u00eb nd\u00ebr prozator\u00ebt me aft\u00ebsi t\u00eb madhe vrojtuese. Ky posedon nj\u00eb invencion t\u00eb fantazis\u00eb dhe t\u00eb gjetjeve cil\u00ebsore t\u00eb rr\u00ebfimeve. Antoni, me nj\u00eb stil t\u00eb but\u00eb, arrin q\u00eb t\u00eb na njoh me misteret e artit letrar t\u00eb kultur\u00ebs s\u00eb lasht\u00eb nacionale dhe me vepr\u00ebn e madhe t\u00eb let\u00ebrsis\u00eb bot\u00ebrore q\u00eb \u00ebsht\u00eb Bibla. Anton Goj\u00e7aj disponon me nj\u00eb vizion t\u00eb spikatjes s\u00eb aft\u00ebsive permanente hulumtuese si n\u00eb planin e ideve si dhe t\u00eb tematik\u00ebs s\u00eb krijimeve.<\/p>\n<p>Shkrimtari Anton Goj\u00e7aj, posedon origjinalitet krijues, i cili duksh\u00ebm e dallon nga krijuesit tjer\u00eb. Kjo veti e tija na d\u00ebshmon q\u00eb sa m\u00eb i fuqish\u00ebm t\u00eb jet\u00eb individualiteti krijues, aq m\u00eb shpejt arrin krijuesi te shkalla m\u00eb e lart\u00eb e pasqyrimit t\u00eb realitetit n\u00eb vep\u00ebr.<\/p>\n<p><strong>Koha Javore<\/strong><\/p>\n","protected":false},"excerpt":{"rendered":"<p>Krijuesi nga Ulqini, i cili \u00ebsht\u00eb marr\u00eb me krijimin e vlerave letrare p\u00ebr f\u00ebmij\u00eb, \u00ebsht\u00eb Hajro Ulqinaku (1938). Ky krijues, me veprat e tij t\u00eb shumta, b\u00ebn pjes\u00eb n\u00eb grupin e shkrimtar\u00ebve m\u00eb t\u00eb spikatur p\u00ebr kuantitet dhe kualitet t\u00eb let\u00ebrsis\u00eb mbar\u00ebkomb\u00ebtare \u2013 shqipe. Hajro Ulqinaku me krijimet p\u00ebr f\u00ebmij\u00eb t\u00eb t\u00eb gjitha moshave \u00ebsht\u00eb [&hellip;]<\/p>\n","protected":false},"author":1,"featured_media":0,"comment_status":"open","ping_status":"closed","sticky":false,"template":"","format":"standard","meta":{"spay_email":"","jetpack_publicize_message":"","jetpack_is_tweetstorm":false,"jetpack_publicize_feature_enabled":true},"categories":[8],"tags":[1004,200,18],"jetpack_publicize_connections":[],"yoast_head":"<!-- This site is optimized with the Yoast SEO plugin v19.1 - https:\/\/yoast.com\/wordpress\/plugins\/seo\/ -->\n<title>Bahri Brisku - Let\u00ebrsia shqipe n\u00eb Mal t\u00eb Zi (2) - Shkrimtar\u00eb me origjinalitet krijues - Lajme nga Ulqini<\/title>\n<meta name=\"description\" content=\"Krijuesi nga Ulqini, i cili \u00ebsht\u00eb marr\u00eb me krijimin e vlerave letrare p\u00ebr f\u00ebmij\u00eb, \u00ebsht\u00eb Hajro Ulqinaku (1938). Ky krijues, me veprat e tij t\u00eb shumta, b\u00ebn\" \/>\n<meta name=\"robots\" content=\"index, follow, max-snippet:-1, max-image-preview:large, max-video-preview:-1\" \/>\n<link rel=\"canonical\" href=\"https:\/\/www.visit-ulcinj.com\/blog\/2013\/03\/30\/bahri-brisku-letersia-shqipe-ne-mal-te-zi-2-shkrimtare-me-origjinalitet-krijues\/\" \/>\n<meta property=\"og:locale\" content=\"en_US\" \/>\n<meta property=\"og:type\" content=\"article\" \/>\n<meta property=\"og:title\" content=\"Bahri Brisku - Let\u00ebrsia shqipe n\u00eb Mal t\u00eb Zi (2) - Shkrimtar\u00eb me origjinalitet krijues - Lajme nga Ulqini\" \/>\n<meta property=\"og:description\" content=\"Krijuesi nga Ulqini, i cili \u00ebsht\u00eb marr\u00eb me krijimin e vlerave letrare p\u00ebr f\u00ebmij\u00eb, \u00ebsht\u00eb Hajro Ulqinaku (1938). Ky krijues, me veprat e tij t\u00eb shumta, b\u00ebn\" \/>\n<meta property=\"og:url\" content=\"https:\/\/www.visit-ulcinj.com\/blog\/2013\/03\/30\/bahri-brisku-letersia-shqipe-ne-mal-te-zi-2-shkrimtare-me-origjinalitet-krijues\/\" \/>\n<meta property=\"og:site_name\" content=\"Lajme nga Ulqini\" \/>\n<meta property=\"article:published_time\" content=\"2013-03-30T17:00:46+00:00\" \/>\n<meta property=\"article:modified_time\" content=\"2013-03-30T17:01:30+00:00\" \/>\n<meta property=\"og:image\" content=\"http:\/\/www.visit-ulcinj.com\/blog\/wp-content\/uploads\/2013\/03\/Bahri-Brisku_ulqin.jpg\" \/>\n<meta name=\"twitter:label1\" content=\"Written by\" \/>\n\t<meta name=\"twitter:data1\" content=\"ulqini\" \/>\n\t<meta name=\"twitter:label2\" content=\"Est. reading time\" \/>\n\t<meta name=\"twitter:data2\" content=\"6 minutes\" \/>\n<script type=\"application\/ld+json\" class=\"yoast-schema-graph\">{\"@context\":\"https:\/\/schema.org\",\"@graph\":[{\"@type\":\"WebSite\",\"@id\":\"https:\/\/www.visit-ulcinj.com\/blog\/#website\",\"url\":\"https:\/\/www.visit-ulcinj.com\/blog\/\",\"name\":\"Lajme nga Ulqini\",\"description\":\"Lajme,Vijesti,Ulqini,Ulqin,Crna Gora,Mali i Zi\",\"potentialAction\":[{\"@type\":\"SearchAction\",\"target\":{\"@type\":\"EntryPoint\",\"urlTemplate\":\"https:\/\/www.visit-ulcinj.com\/blog\/?s={search_term_string}\"},\"query-input\":\"required name=search_term_string\"}],\"inLanguage\":\"en-US\"},{\"@type\":\"ImageObject\",\"inLanguage\":\"en-US\",\"@id\":\"https:\/\/www.visit-ulcinj.com\/blog\/2013\/03\/30\/bahri-brisku-letersia-shqipe-ne-mal-te-zi-2-shkrimtare-me-origjinalitet-krijues\/#primaryimage\",\"url\":\"https:\/\/www.visit-ulcinj.com\/blog\/wp-content\/uploads\/2013\/03\/Bahri-Brisku_ulqin.jpg\",\"contentUrl\":\"https:\/\/www.visit-ulcinj.com\/blog\/wp-content\/uploads\/2013\/03\/Bahri-Brisku_ulqin.jpg\",\"width\":715,\"height\":540},{\"@type\":\"WebPage\",\"@id\":\"https:\/\/www.visit-ulcinj.com\/blog\/2013\/03\/30\/bahri-brisku-letersia-shqipe-ne-mal-te-zi-2-shkrimtare-me-origjinalitet-krijues\/#webpage\",\"url\":\"https:\/\/www.visit-ulcinj.com\/blog\/2013\/03\/30\/bahri-brisku-letersia-shqipe-ne-mal-te-zi-2-shkrimtare-me-origjinalitet-krijues\/\",\"name\":\"Bahri Brisku - Let\u00ebrsia shqipe n\u00eb Mal t\u00eb Zi (2) - Shkrimtar\u00eb me origjinalitet krijues - Lajme nga Ulqini\",\"isPartOf\":{\"@id\":\"https:\/\/www.visit-ulcinj.com\/blog\/#website\"},\"primaryImageOfPage\":{\"@id\":\"https:\/\/www.visit-ulcinj.com\/blog\/2013\/03\/30\/bahri-brisku-letersia-shqipe-ne-mal-te-zi-2-shkrimtare-me-origjinalitet-krijues\/#primaryimage\"},\"datePublished\":\"2013-03-30T17:00:46+00:00\",\"dateModified\":\"2013-03-30T17:01:30+00:00\",\"author\":{\"@id\":\"https:\/\/www.visit-ulcinj.com\/blog\/#\/schema\/person\/dcab619c614d3038751c63bc2aadc06d\"},\"description\":\"Krijuesi nga Ulqini, i cili \u00ebsht\u00eb marr\u00eb me krijimin e vlerave letrare p\u00ebr f\u00ebmij\u00eb, \u00ebsht\u00eb Hajro Ulqinaku (1938). Ky krijues, me veprat e tij t\u00eb shumta, b\u00ebn\",\"breadcrumb\":{\"@id\":\"https:\/\/www.visit-ulcinj.com\/blog\/2013\/03\/30\/bahri-brisku-letersia-shqipe-ne-mal-te-zi-2-shkrimtare-me-origjinalitet-krijues\/#breadcrumb\"},\"inLanguage\":\"en-US\",\"potentialAction\":[{\"@type\":\"ReadAction\",\"target\":[\"https:\/\/www.visit-ulcinj.com\/blog\/2013\/03\/30\/bahri-brisku-letersia-shqipe-ne-mal-te-zi-2-shkrimtare-me-origjinalitet-krijues\/\"]}]},{\"@type\":\"BreadcrumbList\",\"@id\":\"https:\/\/www.visit-ulcinj.com\/blog\/2013\/03\/30\/bahri-brisku-letersia-shqipe-ne-mal-te-zi-2-shkrimtare-me-origjinalitet-krijues\/#breadcrumb\",\"itemListElement\":[{\"@type\":\"ListItem\",\"position\":1,\"name\":\"Bahri Brisku &#8211; Let\u00ebrsia shqipe n\u00eb Mal t\u00eb Zi (2) &#8211; Shkrimtar\u00eb me origjinalitet krijues\"}]},{\"@type\":\"Person\",\"@id\":\"https:\/\/www.visit-ulcinj.com\/blog\/#\/schema\/person\/dcab619c614d3038751c63bc2aadc06d\",\"name\":\"ulqini\",\"sameAs\":[\"http:\/\/www.visit-ulcinj.com\"],\"url\":\"https:\/\/www.visit-ulcinj.com\/blog\/author\/admin\/\"}]}<\/script>\n<!-- \/ Yoast SEO plugin. -->","yoast_head_json":{"title":"Bahri Brisku - Let\u00ebrsia shqipe n\u00eb Mal t\u00eb Zi (2) - Shkrimtar\u00eb me origjinalitet krijues - Lajme nga Ulqini","description":"Krijuesi nga Ulqini, i cili \u00ebsht\u00eb marr\u00eb me krijimin e vlerave letrare p\u00ebr f\u00ebmij\u00eb, \u00ebsht\u00eb Hajro Ulqinaku (1938). Ky krijues, me veprat e tij t\u00eb shumta, b\u00ebn","robots":{"index":"index","follow":"follow","max-snippet":"max-snippet:-1","max-image-preview":"max-image-preview:large","max-video-preview":"max-video-preview:-1"},"canonical":"https:\/\/www.visit-ulcinj.com\/blog\/2013\/03\/30\/bahri-brisku-letersia-shqipe-ne-mal-te-zi-2-shkrimtare-me-origjinalitet-krijues\/","og_locale":"en_US","og_type":"article","og_title":"Bahri Brisku - Let\u00ebrsia shqipe n\u00eb Mal t\u00eb Zi (2) - Shkrimtar\u00eb me origjinalitet krijues - Lajme nga Ulqini","og_description":"Krijuesi nga Ulqini, i cili \u00ebsht\u00eb marr\u00eb me krijimin e vlerave letrare p\u00ebr f\u00ebmij\u00eb, \u00ebsht\u00eb Hajro Ulqinaku (1938). Ky krijues, me veprat e tij t\u00eb shumta, b\u00ebn","og_url":"https:\/\/www.visit-ulcinj.com\/blog\/2013\/03\/30\/bahri-brisku-letersia-shqipe-ne-mal-te-zi-2-shkrimtare-me-origjinalitet-krijues\/","og_site_name":"Lajme nga Ulqini","article_published_time":"2013-03-30T17:00:46+00:00","article_modified_time":"2013-03-30T17:01:30+00:00","og_image":[{"url":"http:\/\/www.visit-ulcinj.com\/blog\/wp-content\/uploads\/2013\/03\/Bahri-Brisku_ulqin.jpg"}],"twitter_misc":{"Written by":"ulqini","Est. reading time":"6 minutes"},"schema":{"@context":"https:\/\/schema.org","@graph":[{"@type":"WebSite","@id":"https:\/\/www.visit-ulcinj.com\/blog\/#website","url":"https:\/\/www.visit-ulcinj.com\/blog\/","name":"Lajme nga Ulqini","description":"Lajme,Vijesti,Ulqini,Ulqin,Crna Gora,Mali i Zi","potentialAction":[{"@type":"SearchAction","target":{"@type":"EntryPoint","urlTemplate":"https:\/\/www.visit-ulcinj.com\/blog\/?s={search_term_string}"},"query-input":"required name=search_term_string"}],"inLanguage":"en-US"},{"@type":"ImageObject","inLanguage":"en-US","@id":"https:\/\/www.visit-ulcinj.com\/blog\/2013\/03\/30\/bahri-brisku-letersia-shqipe-ne-mal-te-zi-2-shkrimtare-me-origjinalitet-krijues\/#primaryimage","url":"https:\/\/www.visit-ulcinj.com\/blog\/wp-content\/uploads\/2013\/03\/Bahri-Brisku_ulqin.jpg","contentUrl":"https:\/\/www.visit-ulcinj.com\/blog\/wp-content\/uploads\/2013\/03\/Bahri-Brisku_ulqin.jpg","width":715,"height":540},{"@type":"WebPage","@id":"https:\/\/www.visit-ulcinj.com\/blog\/2013\/03\/30\/bahri-brisku-letersia-shqipe-ne-mal-te-zi-2-shkrimtare-me-origjinalitet-krijues\/#webpage","url":"https:\/\/www.visit-ulcinj.com\/blog\/2013\/03\/30\/bahri-brisku-letersia-shqipe-ne-mal-te-zi-2-shkrimtare-me-origjinalitet-krijues\/","name":"Bahri Brisku - Let\u00ebrsia shqipe n\u00eb Mal t\u00eb Zi (2) - Shkrimtar\u00eb me origjinalitet krijues - Lajme nga Ulqini","isPartOf":{"@id":"https:\/\/www.visit-ulcinj.com\/blog\/#website"},"primaryImageOfPage":{"@id":"https:\/\/www.visit-ulcinj.com\/blog\/2013\/03\/30\/bahri-brisku-letersia-shqipe-ne-mal-te-zi-2-shkrimtare-me-origjinalitet-krijues\/#primaryimage"},"datePublished":"2013-03-30T17:00:46+00:00","dateModified":"2013-03-30T17:01:30+00:00","author":{"@id":"https:\/\/www.visit-ulcinj.com\/blog\/#\/schema\/person\/dcab619c614d3038751c63bc2aadc06d"},"description":"Krijuesi nga Ulqini, i cili \u00ebsht\u00eb marr\u00eb me krijimin e vlerave letrare p\u00ebr f\u00ebmij\u00eb, \u00ebsht\u00eb Hajro Ulqinaku (1938). Ky krijues, me veprat e tij t\u00eb shumta, b\u00ebn","breadcrumb":{"@id":"https:\/\/www.visit-ulcinj.com\/blog\/2013\/03\/30\/bahri-brisku-letersia-shqipe-ne-mal-te-zi-2-shkrimtare-me-origjinalitet-krijues\/#breadcrumb"},"inLanguage":"en-US","potentialAction":[{"@type":"ReadAction","target":["https:\/\/www.visit-ulcinj.com\/blog\/2013\/03\/30\/bahri-brisku-letersia-shqipe-ne-mal-te-zi-2-shkrimtare-me-origjinalitet-krijues\/"]}]},{"@type":"BreadcrumbList","@id":"https:\/\/www.visit-ulcinj.com\/blog\/2013\/03\/30\/bahri-brisku-letersia-shqipe-ne-mal-te-zi-2-shkrimtare-me-origjinalitet-krijues\/#breadcrumb","itemListElement":[{"@type":"ListItem","position":1,"name":"Bahri Brisku &#8211; Let\u00ebrsia shqipe n\u00eb Mal t\u00eb Zi (2) &#8211; Shkrimtar\u00eb me origjinalitet krijues"}]},{"@type":"Person","@id":"https:\/\/www.visit-ulcinj.com\/blog\/#\/schema\/person\/dcab619c614d3038751c63bc2aadc06d","name":"ulqini","sameAs":["http:\/\/www.visit-ulcinj.com"],"url":"https:\/\/www.visit-ulcinj.com\/blog\/author\/admin\/"}]}},"jetpack_featured_media_url":"","jetpack_sharing_enabled":true,"jetpack_shortlink":"https:\/\/wp.me\/pe6lTn-ifu","_links":{"self":[{"href":"https:\/\/www.visit-ulcinj.com\/blog\/wp-json\/wp\/v2\/posts\/70152"}],"collection":[{"href":"https:\/\/www.visit-ulcinj.com\/blog\/wp-json\/wp\/v2\/posts"}],"about":[{"href":"https:\/\/www.visit-ulcinj.com\/blog\/wp-json\/wp\/v2\/types\/post"}],"author":[{"embeddable":true,"href":"https:\/\/www.visit-ulcinj.com\/blog\/wp-json\/wp\/v2\/users\/1"}],"replies":[{"embeddable":true,"href":"https:\/\/www.visit-ulcinj.com\/blog\/wp-json\/wp\/v2\/comments?post=70152"}],"version-history":[{"count":2,"href":"https:\/\/www.visit-ulcinj.com\/blog\/wp-json\/wp\/v2\/posts\/70152\/revisions"}],"predecessor-version":[{"id":70158,"href":"https:\/\/www.visit-ulcinj.com\/blog\/wp-json\/wp\/v2\/posts\/70152\/revisions\/70158"}],"wp:attachment":[{"href":"https:\/\/www.visit-ulcinj.com\/blog\/wp-json\/wp\/v2\/media?parent=70152"}],"wp:term":[{"taxonomy":"category","embeddable":true,"href":"https:\/\/www.visit-ulcinj.com\/blog\/wp-json\/wp\/v2\/categories?post=70152"},{"taxonomy":"post_tag","embeddable":true,"href":"https:\/\/www.visit-ulcinj.com\/blog\/wp-json\/wp\/v2\/tags?post=70152"}],"curies":[{"name":"wp","href":"https:\/\/api.w.org\/{rel}","templated":true}]}}