{"id":70168,"date":"2013-03-30T22:31:21","date_gmt":"2013-03-30T21:31:21","guid":{"rendered":"http:\/\/www.visit-ulcinj.com\/blog\/?p=70168"},"modified":"2013-04-03T07:00:13","modified_gmt":"2013-04-03T06:00:13","slug":"nga-konferenca-shkencore-masakra-e-tivarit-1945","status":"publish","type":"post","link":"https:\/\/www.visit-ulcinj.com\/blog\/2013\/03\/30\/nga-konferenca-shkencore-masakra-e-tivarit-1945\/","title":{"rendered":"Nga Konferenca Shkencore ,,Masakra e Tivarit 1945&#8243;"},"content":{"rendered":"<p><a href=\"http:\/\/www.visit-ulcinj.com\/blog\/wp-content\/uploads\/2013\/03\/Konferenca-Shkencore-Masakra-e-Tivarit-1945.8.jpg\"><img loading=\"lazy\" class=\"alignleft  wp-image-70170\" alt=\"Konferenca Shkencore - Masakra e Tivarit 1945.8\" src=\"http:\/\/www.visit-ulcinj.com\/blog\/wp-content\/uploads\/2013\/03\/Konferenca-Shkencore-Masakra-e-Tivarit-1945.8.jpg\" width=\"508\" height=\"360\" \/><\/a>Sot, n\u00eb Ulqin u mbajt Konferenca Shkencore ,,Masakra e Tivarit 1945&#8243;, t\u00eb cil\u00ebn e organizoi K\u00ebshilli Nacional i Shqiptar\u00ebve n\u00eb Malin e Zi. Konferenca i zhvilloi punimet n\u00eb dy seanca, ku mor\u00ebn pjes\u00eb shum\u00eb studiues t\u00eb njohur nga Shqip\u00ebria, Kosova, Maqedonia dhe Mali i Zi. U lexuan 16 kumtesa interesante n\u00eb lidhje me k\u00ebt\u00eb ngjarje t\u00eb r\u00ebnd\u00eb tragjike p\u00ebr shqiptar\u00ebt q\u00eb ndodhi 68 vite m\u00eb par\u00eb.<\/p>\n<p>Konferenca do t\u00eb vazhdoj\u00eb me punimet e veta edhe neser, m\u00eb 31 mars 2013. Pas p\u00ebrfundimit t\u00eb Konferenc\u00ebs, do t\u00eb shkohet edhe n\u00eb Tivar, t\u00eb Monopoli i duhanit, n\u00eb Breg t\u00eb Tivarit, aty ku ndodhi kjo masak\u00ebr dhe do t\u00eb vendoset nj\u00eb kuror\u00eb me lule. Ishte kjo Konferenca e par\u00eb q\u00eb organizohet p\u00ebr k\u00ebt\u00eb ngjarje t\u00eb dhimbshme, p\u00ebr k\u00ebt\u00eb masak\u00ebr, p\u00ebr k\u00ebt\u00eb gjenocid t\u00eb papar\u00eb ndaj trimave kosovar\u00eb.<br \/>\n<a href=\"http:\/\/www.visit-ulcinj.com\/blog\/wp-content\/uploads\/2013\/03\/Konferenca-Shkencore-Masakra-e-Tivarit-1945.jpg\"><img loading=\"lazy\" class=\"alignleft  wp-image-70169\" alt=\"Konferenca Shkencore - Masakra e Tivarit 1945\" src=\"http:\/\/www.visit-ulcinj.com\/blog\/wp-content\/uploads\/2013\/03\/Konferenca-Shkencore-Masakra-e-Tivarit-1945.jpg\" width=\"508\" height=\"300\" \/><\/a><br \/>\nM\u00eb 30 dhe 31 mars 2013, n\u00eb Ulqin, n\u00eb hotelin ,,Mediteran\u201d, u mbajt Konferenca Shkencore ,,Masakra e Tivarit 1945\u201d t\u00eb cil\u00ebn e organizoi K\u00ebshilli Nacional i Shqiptar\u00ebve n\u00eb Malin e Zi, me financimin e Fondit p\u00ebr Pakica t\u00eb Malit t\u00eb Zi. Konferencen e hapi z. Mehmet Bardhi, si iniciator i k\u00ebtij takimi dhe menj\u00ebher\u00eb ia dha fjal\u00ebn kryetarit t\u00eb KNSH-s\u00eb, z. Tahir Tahiri i cili propozoi nj\u00eb minut\u00eb heshtje p\u00ebr viktimat e ,,Masakr\u00ebs s\u00eb Tivarit 1945\u201d. P\u00ebrve\u00e7 tjerave, Tahiri tha se:,,E kemi p\u00ebr nder q\u00eb nj\u00eb Konferenc\u00eb e till\u00eb p\u00ebr k\u00ebt\u00eb ngjarje tragjike, po mbahet p\u00ebr her\u00eb t\u00eb par\u00eb n\u00eb Ulqin\u201d. P\u00ebrs\u00ebri fjal\u00ebn e mori z. Mehmet Bardhi dhe p\u00ebrsh\u00ebndeti t\u00eb pranishmit. P\u00ebrsh\u00ebndet\u00ebn edhe Uran Butka, Frash\u00ebr Demaj, Qerim Lita, Osman Subashiq (p\u00ebrsh\u00ebndeti edhe n\u00eb em\u00ebr t\u00eb kryetarit t\u00eb Komun\u00ebs s\u00eb Tivarit, Zharko Paviqeviq), ef. Bajram Hajdari dhe dr. Sim\u00eb Dobreci. N\u00eb seanc\u00ebn e par\u00eb, lexuan kumtesat e veta: Uran Butka, Ana Lalaj, Qerim Lita, Gjeneral Rrahman Parllaku, Endrit Musaj, Zef Osmani dhe Banush Pllana (i mbijetuar n\u00eb Masakr\u00ebn e Tivarit). Pati disa replika n\u00eb diskutimin e z. Rrahman Parllakut, meqen\u00ebse z. Parllaku tha se ka disa t\u00eb pav\u00ebrteta n\u00eb librin e z. Butka. Ky replikoi duke th\u00ebn\u00eb se: ,,Gjeneral Parllaku duhet t\u00eb k\u00ebrkoj\u00eb falje Juve k\u00ebtu dhe t\u00eb gjith\u00eb popullit shqiptar p\u00ebr vrasjet q\u00eb ka b\u00ebr\u00eb brigada e pest\u00eb, komandant i s\u00eb cil\u00ebs ka qen\u00eb\u201d. M\u00eb pas, n\u00eb diskutimin e z. Parllaku, reagoi edhe z. Qerim Lita. I mbijetuari i Masakr\u00ebs s\u00eb Tivarit, d\u00ebshmitari Banush Pllana nga Prishtina, evokoi disa momente nga rrug\u00ebtimi i gjat\u00eb nga Kosova deri n\u00eb Tivar si dhe rr\u00ebfimet shok\u00ebve t\u00eb tij \u00e7ka kishin par\u00eb e p\u00ebrjetuar n\u00eb Tivar. N\u00eb seancen e dyt\u00eb lexuan kumtesat e veta: Fehmi Rexhepi, Mehmet Kraja, Frash\u00ebr Demaj, Zeqirja Neziri, Armando Boce, Romeo Gurakuqi, Nail Draga dhe Agim Vinca. Edhe k\u00ebtu pati replika t\u00eb ndryshme ku u p\u00ebrfshin\u00eb: Mehmet Kraja, Romeo Gurakuqi, Fehim Rexhepi, Qerim Lita, Uran Butka, Muhamet Shatri, Ana Lalaj dhe Jusuf Bajraktari. N\u00eb dit\u00ebn e dyt\u00eb t\u00eb Konferenc\u00ebs, m\u00eb 31 mars 2013, lexuan kumtesat e veta: Muhamet Shatri, Dem\u00eb Mulliqi, Met\u00eb Shatri, Daut Bislimi, Ismail Doda, Smajl Smaka, Basri Lika dhe Ibrahim Berjashi. P\u00ebrsh\u00ebndeti edhe kryetari i Komun\u00ebs s\u00eb Ulqinit, z. Nazif Cungu i cili erdhi me vones\u00eb, dit\u00ebn e dyt\u00eb. Diskutuan apo p\u00ebrsh\u00ebndet\u00ebn: Mehmet Bardhi, Mehmet Kraja, Nikoll\u00eb Shabani, Muhamet Shatri, Ismail Doda etj. P\u00ebr p\u00ebrfundimet e k\u00ebsaj Konference Shkencore foli znj. Ana Lalaj, e cila n\u00eb mes tjerash tha:,,P\u00ebr mua, kjo Konferenc\u00eb i kaloi parashikimet\u201d. Fjal\u00ebn p\u00ebrmbyll\u00ebse e mbajti kryetari i KNSH-s\u00eb, z. Tahir Tahiri. Pas p\u00ebrfundimit t\u00eb punimeve t\u00eb Konferenc\u00ebs Shkencore ,,Masakra e Tivarit 1945\u201d, n\u00eb m\u00ebnyr\u00eb t\u00eb organizuar u shkua n\u00eb Tivar, t\u00eb Monopoli i duhanit, n\u00eb Breg t\u00eb Tivarit, ku kishte ndodh\u00eb kjo ngjarje tragjike, me \u00e7\u2019rast u vendos nj\u00eb kuror\u00eb me lule. Me k\u00ebt\u00eb rast u mbajt nj\u00eb minut\u00eb heshtje p\u00ebr viktimat e k\u00ebsaj masakre makabre. Fol\u00ebn: Uran Butka, Tahir Tahiri, Mehmet Bardhi, Jusuf Bajraktari, Qerim Lita, Osman Subashiq, Banush Pllana (i mbijetuar), kurse poeti Hajredin Kova\u00e7i recitoi dy poezi q\u00eb kan\u00eb t\u00eb b\u00ebjn\u00eb me k\u00ebt\u00eb ngjarje tragjike: ,,Masakra e Tivarit\u201d dhe ,,Deti i bardh\u00eb\u201d. Ishte kjo Konferenca e par\u00eb mbar\u00ebkomb\u00ebtare q\u00eb organizohet p\u00ebr k\u00ebt\u00eb ngjarje t\u00eb dhimbshme, p\u00ebr k\u00ebt\u00eb masak\u00ebr, p\u00ebr k\u00ebt\u00eb gjenocid t\u00eb papar\u00eb ndaj trimave kosovar\u00eb. Ishte hera e par\u00eb q\u00eb n\u00eb vendngjarje u mbajt nj\u00eb minut\u00eb heshtje, u vendosen lule, u mbajt\u00ebn fjalime dhe u lexuan poezi.<\/p>\n<p>Nga Valon Kova\u00e7i!<br \/>\n<strong><a id=\"js_14\" href=\"https:\/\/www.facebook.com\/hajredin.kovaci\" data-hovercard=\"\/ajax\/hovercard\/user.php?id=100001436160340\">P\u00ebr ma teper Foto: Hajredin Kova\u00e7i Facebook <\/a><\/strong><\/p>\n<p><strong><a href=\"https:\/\/www.facebook.com\/ali.daci.3\" target=\"_blank\">Foto:<\/a> <a href=\"https:\/\/www.facebook.com\/ali.daci.3\" target=\"_blank\">Ali Daci Facebook<\/a><\/strong><\/p>\n\n\t\t<style type=\"text\/css\">\n\t\t\t#gallery-1 {\n\t\t\t\tmargin: auto;\n\t\t\t}\n\t\t\t#gallery-1 .gallery-item {\n\t\t\t\tfloat: left;\n\t\t\t\tmargin-top: 10px;\n\t\t\t\ttext-align: center;\n\t\t\t\twidth: 33%;\n\t\t\t}\n\t\t\t#gallery-1 img {\n\t\t\t\tborder: 2px solid #cfcfcf;\n\t\t\t}\n\t\t\t#gallery-1 .gallery-caption {\n\t\t\t\tmargin-left: 0;\n\t\t\t}\n\t\t\t\/* see gallery_shortcode() in wp-includes\/media.php *\/\n\t\t<\/style>\n\t\t<div id='gallery-1' class='gallery galleryid-70168 gallery-columns-3 gallery-size-thumbnail'><dl class='gallery-item'>\n\t\t\t<dt class='gallery-icon landscape'>\n\t\t\t\t<a href='https:\/\/www.visit-ulcinj.com\/blog\/2013\/03\/30\/nga-konferenca-shkencore-masakra-e-tivarit-1945\/konferenca-shkencore-masakra-e-tivarit-194-ne-ulqin\/'><img width=\"150\" height=\"150\" src=\"https:\/\/www.visit-ulcinj.com\/blog\/wp-content\/uploads\/2013\/03\/Konferenca-Shkencore-Masakra-e-Tivarit-194-ne-Ulqin-150x150.jpg\" class=\"attachment-thumbnail size-thumbnail\" alt=\"\" loading=\"lazy\" \/><\/a>\n\t\t\t<\/dt><\/dl><dl class='gallery-item'>\n\t\t\t<dt class='gallery-icon landscape'>\n\t\t\t\t<a href='https:\/\/www.visit-ulcinj.com\/blog\/2013\/03\/30\/nga-konferenca-shkencore-masakra-e-tivarit-1945\/konferenca-shkencore-masakra-e-tivarit-194-ne-ulqin-1\/'><img width=\"150\" height=\"150\" src=\"https:\/\/www.visit-ulcinj.com\/blog\/wp-content\/uploads\/2013\/03\/Konferenca-Shkencore-Masakra-e-Tivarit-194-ne-Ulqin.1-150x150.jpg\" class=\"attachment-thumbnail size-thumbnail\" alt=\"\" loading=\"lazy\" \/><\/a>\n\t\t\t<\/dt><\/dl><dl class='gallery-item'>\n\t\t\t<dt class='gallery-icon landscape'>\n\t\t\t\t<a href='https:\/\/www.visit-ulcinj.com\/blog\/2013\/03\/30\/nga-konferenca-shkencore-masakra-e-tivarit-1945\/konferenca-shkencore-masakra-e-tivarit-1945-9\/'><img width=\"150\" height=\"150\" src=\"https:\/\/www.visit-ulcinj.com\/blog\/wp-content\/uploads\/2013\/03\/Konferenca-Shkencore-Masakra-e-Tivarit-1945.9-150x150.jpg\" class=\"attachment-thumbnail size-thumbnail\" alt=\"\" loading=\"lazy\" \/><\/a>\n\t\t\t<\/dt><\/dl><br style=\"clear: both\" \/><dl class='gallery-item'>\n\t\t\t<dt class='gallery-icon landscape'>\n\t\t\t\t<a href='https:\/\/www.visit-ulcinj.com\/blog\/2013\/03\/30\/nga-konferenca-shkencore-masakra-e-tivarit-1945\/konferenca-shkencore-masakra-e-tivarit-1945-2\/'><img width=\"150\" height=\"150\" src=\"https:\/\/www.visit-ulcinj.com\/blog\/wp-content\/uploads\/2013\/03\/Konferenca-Shkencore-Masakra-e-Tivarit-1945.2-150x150.jpg\" class=\"attachment-thumbnail size-thumbnail\" alt=\"\" loading=\"lazy\" \/><\/a>\n\t\t\t<\/dt><\/dl><dl class='gallery-item'>\n\t\t\t<dt class='gallery-icon landscape'>\n\t\t\t\t<a href='https:\/\/www.visit-ulcinj.com\/blog\/2013\/03\/30\/nga-konferenca-shkencore-masakra-e-tivarit-1945\/konferenca-shkencore-masakra-e-tivarit-1945-4\/'><img width=\"150\" height=\"150\" src=\"https:\/\/www.visit-ulcinj.com\/blog\/wp-content\/uploads\/2013\/03\/Konferenca-Shkencore-Masakra-e-Tivarit-1945.4-150x150.jpg\" class=\"attachment-thumbnail size-thumbnail\" alt=\"\" loading=\"lazy\" \/><\/a>\n\t\t\t<\/dt><\/dl><dl class='gallery-item'>\n\t\t\t<dt class='gallery-icon landscape'>\n\t\t\t\t<a href='https:\/\/www.visit-ulcinj.com\/blog\/2013\/03\/30\/nga-konferenca-shkencore-masakra-e-tivarit-1945\/konferenca-shkencore-masakra-e-tivarit-1945-7\/'><img width=\"150\" height=\"150\" src=\"https:\/\/www.visit-ulcinj.com\/blog\/wp-content\/uploads\/2013\/03\/Konferenca-Shkencore-Masakra-e-Tivarit-1945.7-150x150.jpg\" class=\"attachment-thumbnail size-thumbnail\" alt=\"\" loading=\"lazy\" \/><\/a>\n\t\t\t<\/dt><\/dl><br style=\"clear: both\" \/><dl class='gallery-item'>\n\t\t\t<dt class='gallery-icon landscape'>\n\t\t\t\t<a href='https:\/\/www.visit-ulcinj.com\/blog\/2013\/03\/30\/nga-konferenca-shkencore-masakra-e-tivarit-1945\/konferenca-shkencore-masakra-e-tivarit-1945-3\/'><img width=\"150\" height=\"150\" src=\"https:\/\/www.visit-ulcinj.com\/blog\/wp-content\/uploads\/2013\/03\/Konferenca-Shkencore-Masakra-e-Tivarit-1945.3-150x150.jpg\" class=\"attachment-thumbnail size-thumbnail\" alt=\"\" loading=\"lazy\" \/><\/a>\n\t\t\t<\/dt><\/dl><dl class='gallery-item'>\n\t\t\t<dt class='gallery-icon landscape'>\n\t\t\t\t<a href='https:\/\/www.visit-ulcinj.com\/blog\/2013\/03\/30\/nga-konferenca-shkencore-masakra-e-tivarit-1945\/konferenca-shkencore-masakra-e-tivarit-194-ne-ulqin-2\/'><img width=\"150\" height=\"150\" src=\"https:\/\/www.visit-ulcinj.com\/blog\/wp-content\/uploads\/2013\/03\/Konferenca-Shkencore-Masakra-e-Tivarit-194-ne-Ulqin.2-150x150.jpg\" class=\"attachment-thumbnail size-thumbnail\" alt=\"\" loading=\"lazy\" \/><\/a>\n\t\t\t<\/dt><\/dl><dl class='gallery-item'>\n\t\t\t<dt class='gallery-icon landscape'>\n\t\t\t\t<a href='https:\/\/www.visit-ulcinj.com\/blog\/2013\/03\/30\/nga-konferenca-shkencore-masakra-e-tivarit-1945\/konferenca-shkencore-masakra-e-tivarit-1945-10\/'><img width=\"150\" height=\"150\" src=\"https:\/\/www.visit-ulcinj.com\/blog\/wp-content\/uploads\/2013\/03\/Konferenca-Shkencore-Masakra-e-Tivarit-1945.10-150x150.jpg\" class=\"attachment-thumbnail size-thumbnail\" alt=\"\" loading=\"lazy\" \/><\/a>\n\t\t\t<\/dt><\/dl><br style=\"clear: both\" \/>\n\t\t<\/div>\n\n<p>&nbsp;<\/p>\n","protected":false},"excerpt":{"rendered":"<p>Sot, n\u00eb Ulqin u mbajt Konferenca Shkencore ,,Masakra e Tivarit 1945&#8243;, t\u00eb cil\u00ebn e organizoi K\u00ebshilli Nacional i Shqiptar\u00ebve n\u00eb Malin e Zi. Konferenca i zhvilloi punimet n\u00eb dy seanca, ku mor\u00ebn pjes\u00eb shum\u00eb studiues t\u00eb njohur nga Shqip\u00ebria, Kosova, Maqedonia dhe Mali i Zi. U lexuan 16 kumtesa interesante n\u00eb lidhje me k\u00ebt\u00eb ngjarje [&hellip;]<\/p>\n","protected":false},"author":1,"featured_media":0,"comment_status":"open","ping_status":"closed","sticky":false,"template":"","format":"standard","meta":{"spay_email":"","jetpack_publicize_message":"","jetpack_is_tweetstorm":false,"jetpack_publicize_feature_enabled":true},"categories":[1,12],"tags":[21966,21965,200,18],"jetpack_publicize_connections":[],"yoast_head":"<!-- This site is optimized with the Yoast SEO plugin v19.1 - https:\/\/yoast.com\/wordpress\/plugins\/seo\/ -->\n<title>Nga Konferenca Shkencore ,,Masakra e Tivarit 1945&quot; - Lajme nga Ulqini<\/title>\n<meta name=\"description\" content=\"Sot, n\u00eb Ulqin u mbajt Konferenca Shkencore ,,Masakra e Tivarit 1945&quot;, t\u00eb cil\u00ebn e organizoi K\u00ebshilli Nacional i Shqiptar\u00ebve n\u00eb Malin e Zi. Konferenca i\" \/>\n<meta name=\"robots\" content=\"index, follow, max-snippet:-1, max-image-preview:large, max-video-preview:-1\" \/>\n<link rel=\"canonical\" href=\"https:\/\/www.visit-ulcinj.com\/blog\/2013\/03\/30\/nga-konferenca-shkencore-masakra-e-tivarit-1945\/\" \/>\n<meta property=\"og:locale\" content=\"en_US\" \/>\n<meta property=\"og:type\" content=\"article\" \/>\n<meta property=\"og:title\" content=\"Nga Konferenca Shkencore ,,Masakra e Tivarit 1945&quot; - Lajme nga Ulqini\" \/>\n<meta property=\"og:description\" content=\"Sot, n\u00eb Ulqin u mbajt Konferenca Shkencore ,,Masakra e Tivarit 1945&quot;, t\u00eb cil\u00ebn e organizoi K\u00ebshilli Nacional i Shqiptar\u00ebve n\u00eb Malin e Zi. Konferenca i\" \/>\n<meta property=\"og:url\" content=\"https:\/\/www.visit-ulcinj.com\/blog\/2013\/03\/30\/nga-konferenca-shkencore-masakra-e-tivarit-1945\/\" \/>\n<meta property=\"og:site_name\" content=\"Lajme nga Ulqini\" \/>\n<meta property=\"article:published_time\" content=\"2013-03-30T21:31:21+00:00\" \/>\n<meta property=\"article:modified_time\" content=\"2013-04-03T06:00:13+00:00\" \/>\n<meta property=\"og:image\" content=\"https:\/\/www.visit-ulcinj.com\/blog\/wp-content\/uploads\/2013\/03\/Konferenca-Shkencore-Masakra-e-Tivarit-194-ne-Ulqin-150x150.jpg\" \/>\n<meta name=\"twitter:label1\" content=\"Written by\" \/>\n\t<meta name=\"twitter:data1\" content=\"ulqini\" \/>\n\t<meta name=\"twitter:label2\" content=\"Est. reading time\" \/>\n\t<meta name=\"twitter:data2\" content=\"4 minutes\" \/>\n<script type=\"application\/ld+json\" class=\"yoast-schema-graph\">{\"@context\":\"https:\/\/schema.org\",\"@graph\":[{\"@type\":\"WebSite\",\"@id\":\"https:\/\/www.visit-ulcinj.com\/blog\/#website\",\"url\":\"https:\/\/www.visit-ulcinj.com\/blog\/\",\"name\":\"Lajme nga Ulqini\",\"description\":\"Lajme,Vijesti,Ulqini,Ulqin,Crna Gora,Mali i Zi\",\"potentialAction\":[{\"@type\":\"SearchAction\",\"target\":{\"@type\":\"EntryPoint\",\"urlTemplate\":\"https:\/\/www.visit-ulcinj.com\/blog\/?s={search_term_string}\"},\"query-input\":\"required name=search_term_string\"}],\"inLanguage\":\"en-US\"},{\"@type\":\"ImageObject\",\"inLanguage\":\"en-US\",\"@id\":\"https:\/\/www.visit-ulcinj.com\/blog\/2013\/03\/30\/nga-konferenca-shkencore-masakra-e-tivarit-1945\/#primaryimage\",\"url\":\"https:\/\/www.visit-ulcinj.com\/blog\/wp-content\/uploads\/2013\/03\/Konferenca-Shkencore-Masakra-e-Tivarit-1945.8.jpg\",\"contentUrl\":\"https:\/\/www.visit-ulcinj.com\/blog\/wp-content\/uploads\/2013\/03\/Konferenca-Shkencore-Masakra-e-Tivarit-1945.8.jpg\",\"width\":960,\"height\":643},{\"@type\":\"WebPage\",\"@id\":\"https:\/\/www.visit-ulcinj.com\/blog\/2013\/03\/30\/nga-konferenca-shkencore-masakra-e-tivarit-1945\/#webpage\",\"url\":\"https:\/\/www.visit-ulcinj.com\/blog\/2013\/03\/30\/nga-konferenca-shkencore-masakra-e-tivarit-1945\/\",\"name\":\"Nga Konferenca Shkencore ,,Masakra e Tivarit 1945\\\" - Lajme nga Ulqini\",\"isPartOf\":{\"@id\":\"https:\/\/www.visit-ulcinj.com\/blog\/#website\"},\"primaryImageOfPage\":{\"@id\":\"https:\/\/www.visit-ulcinj.com\/blog\/2013\/03\/30\/nga-konferenca-shkencore-masakra-e-tivarit-1945\/#primaryimage\"},\"datePublished\":\"2013-03-30T21:31:21+00:00\",\"dateModified\":\"2013-04-03T06:00:13+00:00\",\"author\":{\"@id\":\"https:\/\/www.visit-ulcinj.com\/blog\/#\/schema\/person\/dcab619c614d3038751c63bc2aadc06d\"},\"description\":\"Sot, n\u00eb Ulqin u mbajt Konferenca Shkencore ,,Masakra e Tivarit 1945\\\", t\u00eb cil\u00ebn e organizoi K\u00ebshilli Nacional i Shqiptar\u00ebve n\u00eb Malin e Zi. Konferenca i\",\"breadcrumb\":{\"@id\":\"https:\/\/www.visit-ulcinj.com\/blog\/2013\/03\/30\/nga-konferenca-shkencore-masakra-e-tivarit-1945\/#breadcrumb\"},\"inLanguage\":\"en-US\",\"potentialAction\":[{\"@type\":\"ReadAction\",\"target\":[\"https:\/\/www.visit-ulcinj.com\/blog\/2013\/03\/30\/nga-konferenca-shkencore-masakra-e-tivarit-1945\/\"]}]},{\"@type\":\"BreadcrumbList\",\"@id\":\"https:\/\/www.visit-ulcinj.com\/blog\/2013\/03\/30\/nga-konferenca-shkencore-masakra-e-tivarit-1945\/#breadcrumb\",\"itemListElement\":[{\"@type\":\"ListItem\",\"position\":1,\"name\":\"Nga Konferenca Shkencore ,,Masakra e Tivarit 1945&#8243;\"}]},{\"@type\":\"Person\",\"@id\":\"https:\/\/www.visit-ulcinj.com\/blog\/#\/schema\/person\/dcab619c614d3038751c63bc2aadc06d\",\"name\":\"ulqini\",\"sameAs\":[\"http:\/\/www.visit-ulcinj.com\"],\"url\":\"https:\/\/www.visit-ulcinj.com\/blog\/author\/admin\/\"}]}<\/script>\n<!-- \/ Yoast SEO plugin. -->","yoast_head_json":{"title":"Nga Konferenca Shkencore ,,Masakra e Tivarit 1945\" - Lajme nga Ulqini","description":"Sot, n\u00eb Ulqin u mbajt Konferenca Shkencore ,,Masakra e Tivarit 1945\", t\u00eb cil\u00ebn e organizoi K\u00ebshilli Nacional i Shqiptar\u00ebve n\u00eb Malin e Zi. Konferenca i","robots":{"index":"index","follow":"follow","max-snippet":"max-snippet:-1","max-image-preview":"max-image-preview:large","max-video-preview":"max-video-preview:-1"},"canonical":"https:\/\/www.visit-ulcinj.com\/blog\/2013\/03\/30\/nga-konferenca-shkencore-masakra-e-tivarit-1945\/","og_locale":"en_US","og_type":"article","og_title":"Nga Konferenca Shkencore ,,Masakra e Tivarit 1945\" - Lajme nga Ulqini","og_description":"Sot, n\u00eb Ulqin u mbajt Konferenca Shkencore ,,Masakra e Tivarit 1945\", t\u00eb cil\u00ebn e organizoi K\u00ebshilli Nacional i Shqiptar\u00ebve n\u00eb Malin e Zi. Konferenca i","og_url":"https:\/\/www.visit-ulcinj.com\/blog\/2013\/03\/30\/nga-konferenca-shkencore-masakra-e-tivarit-1945\/","og_site_name":"Lajme nga Ulqini","article_published_time":"2013-03-30T21:31:21+00:00","article_modified_time":"2013-04-03T06:00:13+00:00","og_image":[{"url":"https:\/\/www.visit-ulcinj.com\/blog\/wp-content\/uploads\/2013\/03\/Konferenca-Shkencore-Masakra-e-Tivarit-194-ne-Ulqin-150x150.jpg"}],"twitter_misc":{"Written by":"ulqini","Est. reading time":"4 minutes"},"schema":{"@context":"https:\/\/schema.org","@graph":[{"@type":"WebSite","@id":"https:\/\/www.visit-ulcinj.com\/blog\/#website","url":"https:\/\/www.visit-ulcinj.com\/blog\/","name":"Lajme nga Ulqini","description":"Lajme,Vijesti,Ulqini,Ulqin,Crna Gora,Mali i Zi","potentialAction":[{"@type":"SearchAction","target":{"@type":"EntryPoint","urlTemplate":"https:\/\/www.visit-ulcinj.com\/blog\/?s={search_term_string}"},"query-input":"required name=search_term_string"}],"inLanguage":"en-US"},{"@type":"ImageObject","inLanguage":"en-US","@id":"https:\/\/www.visit-ulcinj.com\/blog\/2013\/03\/30\/nga-konferenca-shkencore-masakra-e-tivarit-1945\/#primaryimage","url":"https:\/\/www.visit-ulcinj.com\/blog\/wp-content\/uploads\/2013\/03\/Konferenca-Shkencore-Masakra-e-Tivarit-1945.8.jpg","contentUrl":"https:\/\/www.visit-ulcinj.com\/blog\/wp-content\/uploads\/2013\/03\/Konferenca-Shkencore-Masakra-e-Tivarit-1945.8.jpg","width":960,"height":643},{"@type":"WebPage","@id":"https:\/\/www.visit-ulcinj.com\/blog\/2013\/03\/30\/nga-konferenca-shkencore-masakra-e-tivarit-1945\/#webpage","url":"https:\/\/www.visit-ulcinj.com\/blog\/2013\/03\/30\/nga-konferenca-shkencore-masakra-e-tivarit-1945\/","name":"Nga Konferenca Shkencore ,,Masakra e Tivarit 1945\" - Lajme nga Ulqini","isPartOf":{"@id":"https:\/\/www.visit-ulcinj.com\/blog\/#website"},"primaryImageOfPage":{"@id":"https:\/\/www.visit-ulcinj.com\/blog\/2013\/03\/30\/nga-konferenca-shkencore-masakra-e-tivarit-1945\/#primaryimage"},"datePublished":"2013-03-30T21:31:21+00:00","dateModified":"2013-04-03T06:00:13+00:00","author":{"@id":"https:\/\/www.visit-ulcinj.com\/blog\/#\/schema\/person\/dcab619c614d3038751c63bc2aadc06d"},"description":"Sot, n\u00eb Ulqin u mbajt Konferenca Shkencore ,,Masakra e Tivarit 1945\", t\u00eb cil\u00ebn e organizoi K\u00ebshilli Nacional i Shqiptar\u00ebve n\u00eb Malin e Zi. Konferenca i","breadcrumb":{"@id":"https:\/\/www.visit-ulcinj.com\/blog\/2013\/03\/30\/nga-konferenca-shkencore-masakra-e-tivarit-1945\/#breadcrumb"},"inLanguage":"en-US","potentialAction":[{"@type":"ReadAction","target":["https:\/\/www.visit-ulcinj.com\/blog\/2013\/03\/30\/nga-konferenca-shkencore-masakra-e-tivarit-1945\/"]}]},{"@type":"BreadcrumbList","@id":"https:\/\/www.visit-ulcinj.com\/blog\/2013\/03\/30\/nga-konferenca-shkencore-masakra-e-tivarit-1945\/#breadcrumb","itemListElement":[{"@type":"ListItem","position":1,"name":"Nga Konferenca Shkencore ,,Masakra e Tivarit 1945&#8243;"}]},{"@type":"Person","@id":"https:\/\/www.visit-ulcinj.com\/blog\/#\/schema\/person\/dcab619c614d3038751c63bc2aadc06d","name":"ulqini","sameAs":["http:\/\/www.visit-ulcinj.com"],"url":"https:\/\/www.visit-ulcinj.com\/blog\/author\/admin\/"}]}},"jetpack_featured_media_url":"","jetpack_sharing_enabled":true,"jetpack_shortlink":"https:\/\/wp.me\/pe6lTn-ifK","_links":{"self":[{"href":"https:\/\/www.visit-ulcinj.com\/blog\/wp-json\/wp\/v2\/posts\/70168"}],"collection":[{"href":"https:\/\/www.visit-ulcinj.com\/blog\/wp-json\/wp\/v2\/posts"}],"about":[{"href":"https:\/\/www.visit-ulcinj.com\/blog\/wp-json\/wp\/v2\/types\/post"}],"author":[{"embeddable":true,"href":"https:\/\/www.visit-ulcinj.com\/blog\/wp-json\/wp\/v2\/users\/1"}],"replies":[{"embeddable":true,"href":"https:\/\/www.visit-ulcinj.com\/blog\/wp-json\/wp\/v2\/comments?post=70168"}],"version-history":[{"count":5,"href":"https:\/\/www.visit-ulcinj.com\/blog\/wp-json\/wp\/v2\/posts\/70168\/revisions"}],"predecessor-version":[{"id":70181,"href":"https:\/\/www.visit-ulcinj.com\/blog\/wp-json\/wp\/v2\/posts\/70168\/revisions\/70181"}],"wp:attachment":[{"href":"https:\/\/www.visit-ulcinj.com\/blog\/wp-json\/wp\/v2\/media?parent=70168"}],"wp:term":[{"taxonomy":"category","embeddable":true,"href":"https:\/\/www.visit-ulcinj.com\/blog\/wp-json\/wp\/v2\/categories?post=70168"},{"taxonomy":"post_tag","embeddable":true,"href":"https:\/\/www.visit-ulcinj.com\/blog\/wp-json\/wp\/v2\/tags?post=70168"}],"curies":[{"name":"wp","href":"https:\/\/api.w.org\/{rel}","templated":true}]}}