{"id":7018,"date":"2008-12-09T17:32:16","date_gmt":"2008-12-09T16:32:16","guid":{"rendered":"http:\/\/www.visit-ulcinj.com\/blog\/?p=7018"},"modified":"2008-12-09T17:32:30","modified_gmt":"2008-12-09T16:32:30","slug":"dinosha-tirana-mirepret-gjukanoviqin","status":"publish","type":"post","link":"https:\/\/www.visit-ulcinj.com\/blog\/2008\/12\/09\/dinosha-tirana-mirepret-gjukanoviqin\/","title":{"rendered":"Dinosha: Tirana mir\u00ebpret Gjukanoviqin"},"content":{"rendered":"<p><a href=\"http:\/\/www.visit-ulcinj.com\/blog\/wp-content\/uploads\/2008\/11\/president-topi-receiving-the-prime-minister-of-montenegro-milo-dukanovic4.jpg\"><img loading=\"lazy\" class=\"alignleft size-medium wp-image-6706\" title=\"president-topi-receiving-the-prime-minister-of-montenegro-milo-dukanovic4\" src=\"http:\/\/www.visit-ulcinj.com\/blog\/wp-content\/uploads\/2008\/11\/president-topi-receiving-the-prime-minister-of-montenegro-milo-dukanovic4-300x217.jpg\" alt=\"\" width=\"400\" height=\"289\" srcset=\"https:\/\/www.visit-ulcinj.com\/blog\/wp-content\/uploads\/2008\/11\/president-topi-receiving-the-prime-minister-of-montenegro-milo-dukanovic4-300x217.jpg 300w, https:\/\/www.visit-ulcinj.com\/blog\/wp-content\/uploads\/2008\/11\/president-topi-receiving-the-prime-minister-of-montenegro-milo-dukanovic4.jpg 600w\" sizes=\"(max-width: 400px) 100vw, 400px\" \/><\/a><strong>Mali i Zi intensifikon marr\u00ebdh\u00ebniet me shqip\u00ebrin\u00eb<\/strong><br \/>\nAutori i k\u00ebtij shkrimi, si kryetar i partis\u00eb s\u00eb vetme shqiptare, t\u00eb cil\u00ebs i kaluan dhjet\u00eb vjet n\u00eb Qeverin\u00eb antimillosheviqiane t\u00eb Malit t\u00eb Zi, dhe si an\u00ebtar i ekipit t\u00eb kryeministrit Gjukanoviq gjat\u00eb vizit\u00ebs n\u00eb fjal\u00eb n\u00eb Shqip\u00ebri ka kuptuar se nuk duhet t\u00eb d\u00ebgjoj\u00eb fjal\u00ebt e kund\u00ebrshtar\u00ebve t\u00eb tij politik\u00eb n\u00eb Mal t\u00eb Zi, por t\u00eb d\u00ebgjoj\u00eb dhe t\u00eb mbaj\u00eb mend fjal\u00ebt e lider\u00ebve pushtetar\u00eb e opozitar\u00eb t\u00eb shtetit ton\u00eb am\u00eb p\u00ebr hapa demokratik\u00eb t\u00eb pushtetit malazez dhe t\u00eb personalitetit politik n\u00eb krye t\u00eb k\u00ebtij pushteti n\u00eb fundshekullin e shkuar dhe n\u00eb fillim t\u00eb k\u00ebtij shekulli.<br \/>\nJav\u00ebn e shkuar Kryeministri i Malit t\u00eb Zi, z. Millo Gjukanoviq, n\u00eb krye t\u00eb nj\u00eb delegacioni shtet\u00ebror, ka q\u00ebndruar p\u00ebr vizit\u00eb zyrtare nj\u00ebdit\u00ebshe n\u00eb Tiran\u00eb, ku \u00ebsht\u00eb pritur nga Kryeministri i Republik\u00ebs s\u00eb Shqip\u00ebris\u00eb, z. Sali Berisha, nga Presidenti, Bamir Topi, nga kryetarja e Parlamentit zonja Jozefina Topalli dhe nga lideri i opozit\u00ebs e kryetar i Tiran\u00ebs, z. Edi Rama.<br \/>\nDuke patur parasysh faz\u00ebn e pik\u00ebrishme t\u00eb proceseve demokratike n\u00eb rajon dhe rolin e dy shteteve fqinje n\u00eb to, sidomos pas vendimit t\u00eb Qeveris\u00eb s\u00eb Malit t\u00eb Zi p\u00ebr t\u00eb njohur Kosov\u00ebn e pavarur, kjo vizit\u00eb tejkalon labirinthet protokolare dhe merr dimension historik, si\u00e7 jan\u00eb shprehur edhe vet\u00eb bashk\u00ebbiseduesit. Se Tirana po i kushtonte r\u00ebnd\u00ebsi t\u00eb ve\u00e7nat\u00eb k\u00ebsaj vizite \u00ebsht\u00eb hetuar q\u00eb n\u00eb aeroportin &#8220;N\u00ebn\u00eb Tereza&#8221; t\u00eb Rinasit, ku kishte aterruar aeroplani i Kryeministrit Gjukanoviq. N\u00eb t\u00eb dal\u00eb, ishte shtruar qilim i kuq, mbi t\u00eb cilin po priste delegacioni i pritjes, n\u00eb t\u00eb cilin ishin edhe ambasadori i Shqip\u00ebris\u00eb n\u00eb Podgoric\u00eb, z. Tonin Beci dhe ai i Malit t\u00eb Zi n\u00eb Tiran\u00eb, z. Zhelko Peroviq. Dikush kishte boshatisur rrug\u00ebt e Tiran\u00ebs dhe suita e motorizuar nuk kishte v\u00ebshtir\u00ebsi ta shpiente delegacionin e Malit t\u00eb Zi deri n\u00eb cakun e par\u00eb, Kryeministrin\u00eb. N\u00eb oborrin e Qeveris\u00eb po priste Kryeministri Berisha, i cili pas nj\u00eb pritjeje t\u00eb p\u00ebrzem\u00ebrt dhe intonimit t\u00eb himneve shtet\u00ebrore i prin\u00eb kryeministrit Gjukanoviq p\u00ebr takim sy m\u00eb sy pas t\u00eb cilit dy kryeministrat vin\u00eb n\u00eb sall\u00ebn ku do t\u00eb zhvilloheshin bisedimet midis dy delegacioneve. Duke qen\u00eb an\u00ebtar i delegacionit t\u00eb Malit t\u00eb Zi, k\u00ebtij autori nuk i shp\u00ebtojn\u00eb fjal\u00ebt e kryeministrit Berisha q\u00eb n\u00eb fillim t\u00eb takimit. Pasi shpreh k\u00ebnaq\u00ebsi t\u00eb ve\u00e7ant\u00eb me rastin q\u00eb po i jepej, z. Berisha e quan z. Gjukanoviq &#8220;mik t\u00eb shtrenjt\u00eb t\u00eb shqiptar\u00ebve&#8221;, duke theksuar rolin e tij edhe personal n\u00eb vendosjen e nj\u00eb bashk\u00ebpunimi me shqiptar\u00ebt n\u00eb Mal t\u00eb Zi, n\u00eb strehimin e rreth 100 mij\u00eb shqiptar\u00ebve t\u00eb d\u00ebbuar nga Kosova gjat\u00eb luft\u00ebs atje dhe, s\u00eb fundi, n\u00eb njohjen q\u00eb Qeveria e tij ia kishte b\u00ebr\u00eb Kosov\u00ebs s\u00eb pavarur.<br \/>\nDy kryeministrat kan\u00eb shtjelluar pastaj \u00e7\u00ebshtje me interes t\u00eb dyansh\u00ebm si\u00e7 jan\u00eb integrimet europiane dhe euroatlantike, duke shprehur gatishm\u00ebri p\u00ebr ndihma reciproke n\u00eb vazhd\u00ebn e intensifikimit t\u00eb marr\u00ebdh\u00ebnieve t\u00eb mira fqinj\u00ebsore. Gatishm\u00ebri p\u00ebr fqinj\u00ebsi t\u00eb mir\u00eb \u00ebsht\u00eb shprehur edhe n\u00eb raport me Kosov\u00ebn. Duke iu referuar planit 6-pik\u00ebsh t\u00eb Sekretarit t\u00eb P\u00ebrgjithsh\u00ebm t\u00eb OKB-s\u00eb q\u00eb tashm\u00eb \u00ebsht\u00eb miratuar n\u00eb K\u00ebshillin e Sigurimit, Kryeministri Gjukanoviq tha se planet p\u00ebr ndarjen e Kosov\u00ebs jan\u00eb varrosur, kurse Kryministri Berisha ka theksuar se EULEX duhet t\u00eb shtrihet n\u00eb t\u00ebr\u00eb Kosov\u00ebn dhe se ky mision duhet t\u00eb bashk\u00ebpunoj\u00eb me institucionet e Kosov\u00ebs.<br \/>\nBerisha e Gjukanoviq gjat\u00eb bisedimeve kan\u00eb prekur edhe projekte t\u00eb zhvillimit ekonomik dhe t\u00eb infrastruktur\u00ebs, si\u00e7 \u00ebsht\u00eb rruga Shkod\u00ebr-Hani i Hotit &#8211; Podgoric\u00eb, rruga Plav\u00eb-Podgoric\u00eb n\u00ebp\u00ebr Shqip\u00ebri, rruga Sh\u00ebngjin &#8211; Ulqin, me nj\u00eb ur\u00eb t\u00eb re mbi Bun\u00eb etj.<br \/>\n\u00cbsht\u00eb r\u00ebn\u00eb dakord q\u00eb t\u00eb vazhdohet edhe projekti i p\u00ebrbashk\u00ebt i valorizimit t\u00eb Liqenit t\u00eb Shkodr\u00ebs e t\u00eb lumit Buna.<br \/>\nPritje e p\u00ebrzerm\u00ebrt e miq\u00ebsore hetohet edhe te Presidenti i Shqip\u00ebris\u00eb z. Bamir Topi. Ai apostrofon dhe shpreh p\u00ebrkrahje p\u00ebr hapat q\u00eb Kryeministri Gjukanoviq ka nd\u00ebrmarr\u00eb n\u00eb proceset politike n\u00eb Mal t\u00eb Zi, duke shprehur edhe p\u00ebrkrahjen e tij p\u00ebr k\u00ebta hapa, q\u00eb kan\u00eb pasur r\u00ebnd\u00ebsi jo vet\u00ebm p\u00ebr Malin e Zi por edhe p\u00ebr rajonin.<br \/>\n&#8220;Kjo ka krijuar nj\u00eb logjistik\u00eb &#8211; thekson z. Topi, p\u00ebr intensifikim t\u00eb marr\u00ebdh\u00ebnieve t\u00eb mira fqinj\u00ebsore nd\u00ebrmjet Malit t\u00eb Zi e Republik\u00ebs s\u00eb Shqip\u00ebris\u00eb, por edhe p\u00ebr marr\u00ebdh\u00ebnie t\u00eb reja n\u00eb Ballkan&#8221;. Ai shpreh gatishm\u00ebrin\u00eb e Shqip\u00ebris\u00eb p\u00ebr t\u00eb ndihmuar Malin e Zi n\u00eb ato projekte n\u00eb t\u00eb cilat Shqip\u00ebria ka b\u00ebr\u00eb m\u00eb shum\u00eb p\u00ebrparim se Mali i Zi, si\u00e7 \u00ebsht\u00eb Karta e Adriatikut, pastaj ecja n\u00eb drejtim t\u00eb an\u00ebtar\u00ebsimit n\u00eb NATO etj.<br \/>\nTheks t\u00eb va\u00e7ant\u00eb presidenti Topi i kushton gatishm\u00ebris\u00eb s\u00eb Malit t\u00eb Zi, q\u00eb n\u00eb koh\u00ebt e v\u00ebshtira t\u00eb presionit t\u00eb politikave t\u00eb Millosheviqit t\u00eb ket\u00eb sens e kurajo q\u00eb t\u00eb kujdeset p\u00ebr mbrojtjen dhe p\u00ebrparimin e pozit\u00ebs s\u00eb shqiptar\u00ebve duke dh\u00ebn\u00eb hap\u00ebsir\u00eb edhe p\u00ebr vendosjen e partneritetit me ta, n\u00eb dobi t\u00eb proceseve t\u00eb gjith\u00ebmbarshme demokratike n\u00eb Mal t\u00eb Zi.<br \/>\nAi apostrofoi ve\u00e7mas rolin e faktorit shqiptar n\u00eb Mal t\u00eb Zi dhe kontributin e tij dh\u00ebn\u00eb projekteve n\u00eb krye t\u00eb t\u00eb cilave \u00ebsht\u00eb gjetur Kryeministri Gjukanoviq, duke shprehur k\u00ebnaq\u00ebsi p\u00ebr k\u00ebt\u00eb dhe duke shprehur bindjen se partit\u00eb shqiptare do t\u00eb jen\u00eb bashk\u00ebpunuese me Qeverin\u00eb e Kryeministrit aktual dhe konstruktive n\u00eb rrug\u00ebn e integrimeve europiane dhe euroatlantike t\u00eb Malit t\u00eb Zi dhe n\u00eb bashk\u00ebpunimin e tij fqinj\u00ebsor me Republik\u00ebn e Shqip\u00ebris\u00eb.<br \/>\nAtmosfer\u00eb mikpritjeje e miq\u00ebsie haset edhe te kryetarja e Kuvendit z.Jozefina Topalli e cila nuk fsheh k\u00ebnaq\u00ebsin\u00eb q\u00eb mysafir ka Kryeministrin e Malit t\u00eb Zi. Ajo thekson se bashk\u00ebpunimi nd\u00ebrmjet dy shteteve mund t\u00eb pasurohet edhe me bashk\u00ebpunimin nd\u00ebrparlamentar duke shtuar q\u00eb kryetari i Parlamentit t\u00eb Malit t\u00eb Zi, z. Krivokapiq, pasi t\u00eb ishin par\u00eb n\u00eb ndonj\u00eb tubim nd\u00ebrkomb\u00ebtar, t`i ket\u00eb shprehur gadishm\u00ebri p\u00ebr ta ftuar p\u00ebr vizit\u00eb n\u00eb Mal t\u00eb Zi. N\u00eb k\u00ebt\u00eb ajo merr p\u00ebrgjigjen e Kryeministrit Gjukanoviq se informacioni i tij flet se jan\u00eb n\u00eb p\u00ebrgatitje e sip\u00ebr edhe vizita e saj edhe vizita e Presidentit Topi n\u00eb Mal t\u00eb Zi.<br \/>\nVizita e Kryeministrit Gjukanoviq p\u00ebrfundon n\u00eb kabinetin e kryebashkiakut t\u00eb Tiran\u00ebs e kryetar i Partis\u00eb Socialiste (opozitare), z. Edi Rama. Edhe k\u00ebtu si n\u00eb Kryeministri, n\u00eb Presidenc\u00eb e n\u00eb Parlament, tek opozita, si te pozita, pritje e p\u00ebrzem\u00ebrt e miq\u00ebsore. Z. Rama nuk i shp\u00ebton t\u00eb radhit\u00eb projektet t\u00eb cilave z. Gjukanoviq u ka dh\u00ebn\u00eb vul\u00eb duke shprehur admirim p\u00ebr to. &#8220;Nj\u00eb gj\u00eb nuk e kam t\u00eb qart\u00eb &#8211; shprehet ai &#8211; si ia dilni q\u00eb me t\u00eb gjitha k\u00ebto kund\u00ebrshtar\u00ebt i l\u00ebni pa fjal\u00eb. Un\u00eb k\u00ebsaj nuk ia kam dal\u00eb n\u00eb Shqip\u00ebri&#8221;.<a href=\"http:\/\/www.visit-ulcinj.com\/blog\/wp-content\/uploads\/2008\/11\/berisha_gjukanovic_20081.jpg\"><img loading=\"lazy\" class=\"alignright size-medium wp-image-6704\" title=\"berisha_gjukanovic_20081\" src=\"http:\/\/www.visit-ulcinj.com\/blog\/wp-content\/uploads\/2008\/11\/berisha_gjukanovic_20081-300x149.jpg\" alt=\"\" width=\"300\" height=\"149\" srcset=\"https:\/\/www.visit-ulcinj.com\/blog\/wp-content\/uploads\/2008\/11\/berisha_gjukanovic_20081-300x149.jpg 300w, https:\/\/www.visit-ulcinj.com\/blog\/wp-content\/uploads\/2008\/11\/berisha_gjukanovic_20081.jpg 703w\" sizes=\"(max-width: 300px) 100vw, 300px\" \/><\/a><br \/>\nPas k\u00ebsaj, n\u00eb shenj\u00eb respekti t\u00eb ve\u00e7ant\u00eb, z. Rama i dor\u00ebzoi z. Gjukanoviq \u00e7el\u00ebsin e Tiran\u00ebs. &#8220;Dyert e Tiran\u00ebs jan\u00eb t\u00eb hapura p\u00ebr Ju&#8221; &#8211; shprehet ai. N\u00eb momentet e k\u00ebtilla, njeriut, sidomos n\u00ebse \u00ebsht\u00eb kryetar i partis\u00eb q\u00eb \u00ebsht\u00eb an\u00ebtare e Qeveris\u00eb n\u00eb krye t\u00eb s\u00eb cil\u00ebs ndodhet kryeministri Gjukanoviq, deshti s`deshti, i paraqitet retrospektiva e angazhimeve dhe hapave t\u00eb partive shqiptare n\u00eb sken\u00ebn politike t\u00eb Malit t\u00eb Zi. Dhe del se, p\u00ebrve\u00e7 Unionit Demokratik t\u00eb Shqiptar\u00ebve asnj\u00ebra nuk ka krijuar partneritet me Qeverin\u00eb e tij dhe nuk ka bashk\u00ebpunuar me t\u00eb n\u00eb proceset demokratike t\u00eb koh\u00ebs, n\u00eb t\u00eb cilat \u00ebsht\u00eb dashur t\u00eb mendohej jo vet\u00ebm p\u00ebr p\u00ebrmir\u00ebsimin e pozit\u00ebs s\u00eb shqiptar\u00ebve n\u00eb Mal t\u00eb Zi, por edhe p\u00ebr krijimin e bazave logjistike t\u00eb marr\u00ebdh\u00ebnieve t\u00eb reja n\u00eb Ballkan, nga t\u00eb cilat do t\u00eb nxjerrnin benefite t\u00eb gjith\u00eb shqiptar\u00ebt. P\u00ebr m\u00eb tep\u00ebr, lider\u00ebt e partive t\u00eb tjera shqiptare, n\u00eb momente ky\u00e7e t\u00eb proceseve demokratike n\u00eb Mal t\u00eb Zi, kan\u00eb kund\u00ebrshtuar projektet e Kryeministrit Gjukanoviq ose kan\u00eb sugjeruar parnteritet me lider\u00eb t\u00eb opozit\u00ebs malazeze, me t\u00eb cil\u00ebt mund t\u00eb shkohet n\u00eb Beograd por jo n\u00eb Tiran\u00eb.<br \/>\nKy autor, si kryetar i partis\u00eb s\u00eb vetme shqiptare, t\u00eb cil\u00ebs i kaluan dhjet\u00eb vjet n\u00eb Qeverin\u00eb antimillosheviqiane t\u00eb Malit t\u00eb Zi, dhe si an\u00ebtar i ekipit t\u00eb kryeministrit Gjukanoviq gjat\u00eb vizit\u00ebs n\u00eb fjal\u00eb n\u00eb Shqip\u00ebri ka kuptuar se nuk duhet t\u00eb d\u00ebgjoj\u00eb fjal\u00ebt e kund\u00ebrshtar\u00ebve t\u00eb tij politik\u00eb n\u00eb Mal t\u00eb Zi, por t\u00eb d\u00ebgjoj\u00eb dhe t\u00eb mbaj\u00eb mend fjal\u00ebt e lider\u00ebve pushtetar\u00eb e opozitar\u00eb t\u00eb shtetit ton\u00eb am\u00eb p\u00ebr hapa demokratik\u00eb t\u00eb pushtetit malazez dhe t\u00eb personalitetit politik n\u00eb krye t\u00eb k\u00ebtij pushteti n\u00eb fundshekullin e shkuar dhe n\u00eb fillim t\u00eb k\u00ebtij shekulli. Ai, poashtu, ka kuptuar se duhet t\u00eb vazhdoj\u00eb t\u00eb merret me pun\u00ebn me t\u00eb cil\u00ebn merret edhe n\u00eb faz\u00ebn e proceseve demokratike n\u00eb Mal t\u00eb Zi, n\u00eb t\u00eb cil\u00ebn Podgorica do t\u00eb ket\u00eb m\u00eb nevoj\u00eb p\u00ebr Tiran\u00ebn sesa anasjelltas dhe n\u00eb t\u00eb cil\u00ebn faktori shqiptar, fal\u00eb miq\u00ebsis\u00eb shqiptaro-amerikane, mund t\u00eb ndihmoj\u00eb aspiratat euro-atlantike t\u00eb Malit t\u00eb Zi t\u00eb cilat p\u00ebr ne nuk mund t\u00eb jen\u00eb t\u00eb d\u00ebmshme.<br \/>\nDuhet th\u00ebn\u00eb, n\u00eb fund, se pjes\u00ebmarrja e kryetarit t\u00eb UDSH-s\u00eb n\u00eb delegacionin shtet\u00ebror t\u00eb Malit t\u00eb Zi, q\u00eb n\u00eb rrethana t\u00eb pik\u00ebrishme i b\u00ebn vizit\u00eb Shqip\u00ebris\u00eb dhe i cili pritet n\u00eb Tiran\u00eb ashtu si\u00e7 u tha m\u00eb sip\u00ebr, flet se shqiptar\u00ebt n\u00eb Mal t\u00eb Zi nuk duhet t\u00eb hezitojn\u00eb q\u00eb t`i bashkohen edhe m\u00eb masivisht k\u00ebsaj partie e cila di t\u00eb \u00e7el\u00eb rrug\u00eb p\u00ebr faktorizimin e tyre n\u00eb t\u00eb gjitha situatat q\u00eb i sjell koha.<br \/>\n<strong>Ferhat Dinosha<br \/>\nKoha Javore<\/strong><\/p>\n<!--YouTube Error: bad URL entered-->\n","protected":false},"excerpt":{"rendered":"<p>Mali i Zi intensifikon marr\u00ebdh\u00ebniet me shqip\u00ebrin\u00eb Autori i k\u00ebtij shkrimi, si kryetar i partis\u00eb s\u00eb vetme shqiptare, t\u00eb cil\u00ebs i kaluan dhjet\u00eb vjet n\u00eb Qeverin\u00eb antimillosheviqiane t\u00eb Malit t\u00eb Zi, dhe si an\u00ebtar i ekipit t\u00eb kryeministrit Gjukanoviq gjat\u00eb vizit\u00ebs n\u00eb fjal\u00eb n\u00eb Shqip\u00ebri ka kuptuar se nuk duhet t\u00eb d\u00ebgjoj\u00eb fjal\u00ebt e kund\u00ebrshtar\u00ebve [&hellip;]<\/p>\n","protected":false},"author":1,"featured_media":0,"comment_status":"open","ping_status":"closed","sticky":false,"template":"","format":"standard","meta":{"spay_email":"","jetpack_publicize_message":"","jetpack_is_tweetstorm":false,"jetpack_publicize_feature_enabled":true},"categories":[13],"tags":[2416,97,2806,2224],"jetpack_publicize_connections":[],"yoast_head":"<!-- This site is optimized with the Yoast SEO plugin v19.1 - https:\/\/yoast.com\/wordpress\/plugins\/seo\/ -->\n<title>Dinosha: Tirana mir\u00ebpret Gjukanoviqin - Lajme nga Ulqini<\/title>\n<meta name=\"description\" content=\"Mali i Zi intensifikon marr\u00ebdh\u00ebniet me shqip\u00ebrin\u00eb Autori i k\u00ebtij shkrimi, si kryetar i partis\u00eb s\u00eb vetme shqiptare, t\u00eb cil\u00ebs i kaluan dhjet\u00eb vjet n\u00eb\" \/>\n<meta name=\"robots\" content=\"index, follow, max-snippet:-1, max-image-preview:large, max-video-preview:-1\" \/>\n<link rel=\"canonical\" href=\"https:\/\/www.visit-ulcinj.com\/blog\/2008\/12\/09\/dinosha-tirana-mirepret-gjukanoviqin\/\" \/>\n<meta property=\"og:locale\" content=\"en_US\" \/>\n<meta property=\"og:type\" content=\"article\" \/>\n<meta property=\"og:title\" content=\"Dinosha: Tirana mir\u00ebpret Gjukanoviqin - Lajme nga Ulqini\" \/>\n<meta property=\"og:description\" content=\"Mali i Zi intensifikon marr\u00ebdh\u00ebniet me shqip\u00ebrin\u00eb Autori i k\u00ebtij shkrimi, si kryetar i partis\u00eb s\u00eb vetme shqiptare, t\u00eb cil\u00ebs i kaluan dhjet\u00eb vjet n\u00eb\" \/>\n<meta property=\"og:url\" content=\"https:\/\/www.visit-ulcinj.com\/blog\/2008\/12\/09\/dinosha-tirana-mirepret-gjukanoviqin\/\" \/>\n<meta property=\"og:site_name\" content=\"Lajme nga Ulqini\" \/>\n<meta property=\"article:published_time\" content=\"2008-12-09T16:32:16+00:00\" \/>\n<meta property=\"article:modified_time\" content=\"2008-12-09T16:32:30+00:00\" \/>\n<meta property=\"og:image\" content=\"http:\/\/www.visit-ulcinj.com\/blog\/wp-content\/uploads\/2008\/11\/president-topi-receiving-the-prime-minister-of-montenegro-milo-dukanovic4-300x217.jpg\" \/>\n<meta name=\"twitter:label1\" content=\"Written by\" \/>\n\t<meta name=\"twitter:data1\" content=\"ulqini\" \/>\n\t<meta name=\"twitter:label2\" content=\"Est. reading time\" \/>\n\t<meta name=\"twitter:data2\" content=\"9 minutes\" \/>\n<script type=\"application\/ld+json\" class=\"yoast-schema-graph\">{\"@context\":\"https:\/\/schema.org\",\"@graph\":[{\"@type\":\"WebSite\",\"@id\":\"https:\/\/www.visit-ulcinj.com\/blog\/#website\",\"url\":\"https:\/\/www.visit-ulcinj.com\/blog\/\",\"name\":\"Lajme nga Ulqini\",\"description\":\"Lajme,Vijesti,Ulqini,Ulqin,Crna Gora,Mali i Zi\",\"potentialAction\":[{\"@type\":\"SearchAction\",\"target\":{\"@type\":\"EntryPoint\",\"urlTemplate\":\"https:\/\/www.visit-ulcinj.com\/blog\/?s={search_term_string}\"},\"query-input\":\"required name=search_term_string\"}],\"inLanguage\":\"en-US\"},{\"@type\":\"ImageObject\",\"inLanguage\":\"en-US\",\"@id\":\"https:\/\/www.visit-ulcinj.com\/blog\/2008\/12\/09\/dinosha-tirana-mirepret-gjukanoviqin\/#primaryimage\",\"url\":\"http:\/\/www.visit-ulcinj.com\/blog\/wp-content\/uploads\/2008\/11\/president-topi-receiving-the-prime-minister-of-montenegro-milo-dukanovic4-300x217.jpg\",\"contentUrl\":\"http:\/\/www.visit-ulcinj.com\/blog\/wp-content\/uploads\/2008\/11\/president-topi-receiving-the-prime-minister-of-montenegro-milo-dukanovic4-300x217.jpg\"},{\"@type\":\"WebPage\",\"@id\":\"https:\/\/www.visit-ulcinj.com\/blog\/2008\/12\/09\/dinosha-tirana-mirepret-gjukanoviqin\/#webpage\",\"url\":\"https:\/\/www.visit-ulcinj.com\/blog\/2008\/12\/09\/dinosha-tirana-mirepret-gjukanoviqin\/\",\"name\":\"Dinosha: Tirana mir\u00ebpret Gjukanoviqin - Lajme nga Ulqini\",\"isPartOf\":{\"@id\":\"https:\/\/www.visit-ulcinj.com\/blog\/#website\"},\"primaryImageOfPage\":{\"@id\":\"https:\/\/www.visit-ulcinj.com\/blog\/2008\/12\/09\/dinosha-tirana-mirepret-gjukanoviqin\/#primaryimage\"},\"datePublished\":\"2008-12-09T16:32:16+00:00\",\"dateModified\":\"2008-12-09T16:32:30+00:00\",\"author\":{\"@id\":\"https:\/\/www.visit-ulcinj.com\/blog\/#\/schema\/person\/dcab619c614d3038751c63bc2aadc06d\"},\"description\":\"Mali i Zi intensifikon marr\u00ebdh\u00ebniet me shqip\u00ebrin\u00eb Autori i k\u00ebtij shkrimi, si kryetar i partis\u00eb s\u00eb vetme shqiptare, t\u00eb cil\u00ebs i kaluan dhjet\u00eb vjet n\u00eb\",\"breadcrumb\":{\"@id\":\"https:\/\/www.visit-ulcinj.com\/blog\/2008\/12\/09\/dinosha-tirana-mirepret-gjukanoviqin\/#breadcrumb\"},\"inLanguage\":\"en-US\",\"potentialAction\":[{\"@type\":\"ReadAction\",\"target\":[\"https:\/\/www.visit-ulcinj.com\/blog\/2008\/12\/09\/dinosha-tirana-mirepret-gjukanoviqin\/\"]}]},{\"@type\":\"BreadcrumbList\",\"@id\":\"https:\/\/www.visit-ulcinj.com\/blog\/2008\/12\/09\/dinosha-tirana-mirepret-gjukanoviqin\/#breadcrumb\",\"itemListElement\":[{\"@type\":\"ListItem\",\"position\":1,\"name\":\"Dinosha: Tirana mir\u00ebpret Gjukanoviqin\"}]},{\"@type\":\"Person\",\"@id\":\"https:\/\/www.visit-ulcinj.com\/blog\/#\/schema\/person\/dcab619c614d3038751c63bc2aadc06d\",\"name\":\"ulqini\",\"sameAs\":[\"http:\/\/www.visit-ulcinj.com\"],\"url\":\"https:\/\/www.visit-ulcinj.com\/blog\/author\/admin\/\"}]}<\/script>\n<!-- \/ Yoast SEO plugin. -->","yoast_head_json":{"title":"Dinosha: Tirana mir\u00ebpret Gjukanoviqin - Lajme nga Ulqini","description":"Mali i Zi intensifikon marr\u00ebdh\u00ebniet me shqip\u00ebrin\u00eb Autori i k\u00ebtij shkrimi, si kryetar i partis\u00eb s\u00eb vetme shqiptare, t\u00eb cil\u00ebs i kaluan dhjet\u00eb vjet n\u00eb","robots":{"index":"index","follow":"follow","max-snippet":"max-snippet:-1","max-image-preview":"max-image-preview:large","max-video-preview":"max-video-preview:-1"},"canonical":"https:\/\/www.visit-ulcinj.com\/blog\/2008\/12\/09\/dinosha-tirana-mirepret-gjukanoviqin\/","og_locale":"en_US","og_type":"article","og_title":"Dinosha: Tirana mir\u00ebpret Gjukanoviqin - Lajme nga Ulqini","og_description":"Mali i Zi intensifikon marr\u00ebdh\u00ebniet me shqip\u00ebrin\u00eb Autori i k\u00ebtij shkrimi, si kryetar i partis\u00eb s\u00eb vetme shqiptare, t\u00eb cil\u00ebs i kaluan dhjet\u00eb vjet n\u00eb","og_url":"https:\/\/www.visit-ulcinj.com\/blog\/2008\/12\/09\/dinosha-tirana-mirepret-gjukanoviqin\/","og_site_name":"Lajme nga Ulqini","article_published_time":"2008-12-09T16:32:16+00:00","article_modified_time":"2008-12-09T16:32:30+00:00","og_image":[{"url":"http:\/\/www.visit-ulcinj.com\/blog\/wp-content\/uploads\/2008\/11\/president-topi-receiving-the-prime-minister-of-montenegro-milo-dukanovic4-300x217.jpg"}],"twitter_misc":{"Written by":"ulqini","Est. reading time":"9 minutes"},"schema":{"@context":"https:\/\/schema.org","@graph":[{"@type":"WebSite","@id":"https:\/\/www.visit-ulcinj.com\/blog\/#website","url":"https:\/\/www.visit-ulcinj.com\/blog\/","name":"Lajme nga Ulqini","description":"Lajme,Vijesti,Ulqini,Ulqin,Crna Gora,Mali i Zi","potentialAction":[{"@type":"SearchAction","target":{"@type":"EntryPoint","urlTemplate":"https:\/\/www.visit-ulcinj.com\/blog\/?s={search_term_string}"},"query-input":"required name=search_term_string"}],"inLanguage":"en-US"},{"@type":"ImageObject","inLanguage":"en-US","@id":"https:\/\/www.visit-ulcinj.com\/blog\/2008\/12\/09\/dinosha-tirana-mirepret-gjukanoviqin\/#primaryimage","url":"http:\/\/www.visit-ulcinj.com\/blog\/wp-content\/uploads\/2008\/11\/president-topi-receiving-the-prime-minister-of-montenegro-milo-dukanovic4-300x217.jpg","contentUrl":"http:\/\/www.visit-ulcinj.com\/blog\/wp-content\/uploads\/2008\/11\/president-topi-receiving-the-prime-minister-of-montenegro-milo-dukanovic4-300x217.jpg"},{"@type":"WebPage","@id":"https:\/\/www.visit-ulcinj.com\/blog\/2008\/12\/09\/dinosha-tirana-mirepret-gjukanoviqin\/#webpage","url":"https:\/\/www.visit-ulcinj.com\/blog\/2008\/12\/09\/dinosha-tirana-mirepret-gjukanoviqin\/","name":"Dinosha: Tirana mir\u00ebpret Gjukanoviqin - Lajme nga Ulqini","isPartOf":{"@id":"https:\/\/www.visit-ulcinj.com\/blog\/#website"},"primaryImageOfPage":{"@id":"https:\/\/www.visit-ulcinj.com\/blog\/2008\/12\/09\/dinosha-tirana-mirepret-gjukanoviqin\/#primaryimage"},"datePublished":"2008-12-09T16:32:16+00:00","dateModified":"2008-12-09T16:32:30+00:00","author":{"@id":"https:\/\/www.visit-ulcinj.com\/blog\/#\/schema\/person\/dcab619c614d3038751c63bc2aadc06d"},"description":"Mali i Zi intensifikon marr\u00ebdh\u00ebniet me shqip\u00ebrin\u00eb Autori i k\u00ebtij shkrimi, si kryetar i partis\u00eb s\u00eb vetme shqiptare, t\u00eb cil\u00ebs i kaluan dhjet\u00eb vjet n\u00eb","breadcrumb":{"@id":"https:\/\/www.visit-ulcinj.com\/blog\/2008\/12\/09\/dinosha-tirana-mirepret-gjukanoviqin\/#breadcrumb"},"inLanguage":"en-US","potentialAction":[{"@type":"ReadAction","target":["https:\/\/www.visit-ulcinj.com\/blog\/2008\/12\/09\/dinosha-tirana-mirepret-gjukanoviqin\/"]}]},{"@type":"BreadcrumbList","@id":"https:\/\/www.visit-ulcinj.com\/blog\/2008\/12\/09\/dinosha-tirana-mirepret-gjukanoviqin\/#breadcrumb","itemListElement":[{"@type":"ListItem","position":1,"name":"Dinosha: Tirana mir\u00ebpret Gjukanoviqin"}]},{"@type":"Person","@id":"https:\/\/www.visit-ulcinj.com\/blog\/#\/schema\/person\/dcab619c614d3038751c63bc2aadc06d","name":"ulqini","sameAs":["http:\/\/www.visit-ulcinj.com"],"url":"https:\/\/www.visit-ulcinj.com\/blog\/author\/admin\/"}]}},"jetpack_featured_media_url":"","jetpack_sharing_enabled":true,"jetpack_shortlink":"https:\/\/wp.me\/pe6lTn-1Pc","_links":{"self":[{"href":"https:\/\/www.visit-ulcinj.com\/blog\/wp-json\/wp\/v2\/posts\/7018"}],"collection":[{"href":"https:\/\/www.visit-ulcinj.com\/blog\/wp-json\/wp\/v2\/posts"}],"about":[{"href":"https:\/\/www.visit-ulcinj.com\/blog\/wp-json\/wp\/v2\/types\/post"}],"author":[{"embeddable":true,"href":"https:\/\/www.visit-ulcinj.com\/blog\/wp-json\/wp\/v2\/users\/1"}],"replies":[{"embeddable":true,"href":"https:\/\/www.visit-ulcinj.com\/blog\/wp-json\/wp\/v2\/comments?post=7018"}],"version-history":[{"count":0,"href":"https:\/\/www.visit-ulcinj.com\/blog\/wp-json\/wp\/v2\/posts\/7018\/revisions"}],"wp:attachment":[{"href":"https:\/\/www.visit-ulcinj.com\/blog\/wp-json\/wp\/v2\/media?parent=7018"}],"wp:term":[{"taxonomy":"category","embeddable":true,"href":"https:\/\/www.visit-ulcinj.com\/blog\/wp-json\/wp\/v2\/categories?post=7018"},{"taxonomy":"post_tag","embeddable":true,"href":"https:\/\/www.visit-ulcinj.com\/blog\/wp-json\/wp\/v2\/tags?post=7018"}],"curies":[{"name":"wp","href":"https:\/\/api.w.org\/{rel}","templated":true}]}}