{"id":70184,"date":"2013-03-31T09:53:03","date_gmt":"2013-03-31T08:53:03","guid":{"rendered":"http:\/\/www.visit-ulcinj.com\/blog\/?p=70184"},"modified":"2013-04-02T11:14:06","modified_gmt":"2013-04-02T10:14:06","slug":"gezuar-pashket-unioni-demokratik-i-shqiptareve","status":"publish","type":"post","link":"https:\/\/www.visit-ulcinj.com\/blog\/2013\/03\/31\/gezuar-pashket-unioni-demokratik-i-shqiptareve\/","title":{"rendered":"Gezuar Pashket &#8211; Unioni Demokratik i Shqiptar\u00ebve"},"content":{"rendered":"<p><strong><a href=\"http:\/\/www.visit-ulcinj.com\/blog\/wp-content\/uploads\/2013\/03\/Gezuar-Pashket-Unioni-Demokratik-i-Shqiptar\u00ebve.jpg\"><img loading=\"lazy\" class=\"alignleft  wp-image-70185\" alt=\"Gezuar Pashket - Unioni Demokratik i Shqiptar\u00ebve\" src=\"http:\/\/www.visit-ulcinj.com\/blog\/wp-content\/uploads\/2013\/03\/Gezuar-Pashket-Unioni-Demokratik-i-Shqiptar\u00ebve.jpg\" width=\"508\" height=\"360\" \/><\/a>URIME P\u00cbR PASHK\u00cb<\/strong><\/p>\n<p>Me rastin e Pashk\u00ebve kryetari i Unionit Demokratik t\u00eb Shqiptar\u00ebve , z.Mehmed Zenka , n\u00eb em\u00ebr t\u00eb partis\u00eb dhe n\u00eb emrin e tij personal i p\u00ebrg\u00ebzon t\u00eb gjith\u00eb besimtar\u00ebt katolik\u00eb , duke iu uruar sh\u00ebndet t\u00eb mir\u00eb , g\u00ebzime familjeve dhe lumturi n\u00eb jet\u00eb.<\/p>\n<p>Shqiptar\u00ebt i kan\u00eb festat t\u00eb p\u00ebrbashk\u00ebta pasi jan\u00eb komb me tri fe. Cilado fest\u00eb fetar\u00eb te shqiptar\u00ebt \u00ebsht\u00eb edhe fest\u00eb komb\u00ebtare sepse p\u00ebrparimi i kombit \u00ebsht\u00eb edhe obligim fetar.<\/p>\n<p>Uroj q\u00eb n\u00eb zemrat tuaja t\u00eb ndodh\u00eb ringjallja e zem\u00ebrgjer\u00ebsis\u00eb dhe toleranc\u00ebs , n\u00eb shpirtin tuaj dashuria dhe respekti ndaj shoqi shoqit , n\u00eb mendjen tuaj e mira dhe e drejta .<\/p>\n<p>Me sh\u00ebndet dhe zem\u00ebr t\u00eb mir\u00eb Pashk\u00ebt.<\/p>\n","protected":false},"excerpt":{"rendered":"<p>URIME P\u00cbR PASHK\u00cb Me rastin e Pashk\u00ebve kryetari i Unionit Demokratik t\u00eb Shqiptar\u00ebve , z.Mehmed Zenka , n\u00eb em\u00ebr t\u00eb partis\u00eb dhe n\u00eb emrin e tij personal i p\u00ebrg\u00ebzon t\u00eb gjith\u00eb besimtar\u00ebt katolik\u00eb , duke iu uruar sh\u00ebndet t\u00eb mir\u00eb , g\u00ebzime familjeve dhe lumturi n\u00eb jet\u00eb. Shqiptar\u00ebt i kan\u00eb festat t\u00eb p\u00ebrbashk\u00ebta pasi jan\u00eb [&hellip;]<\/p>\n","protected":false},"author":1,"featured_media":0,"comment_status":"open","ping_status":"closed","sticky":false,"template":"","format":"standard","meta":{"spay_email":"","jetpack_publicize_message":"","jetpack_is_tweetstorm":false,"jetpack_publicize_feature_enabled":true},"categories":[8],"tags":[13949],"jetpack_publicize_connections":[],"yoast_head":"<!-- This site is optimized with the Yoast SEO plugin v19.1 - https:\/\/yoast.com\/wordpress\/plugins\/seo\/ -->\n<title>Gezuar Pashket - Unioni Demokratik i Shqiptar\u00ebve - Lajme nga Ulqini<\/title>\n<meta name=\"description\" content=\"URIME P\u00cbR PASHK\u00cb Me rastin e Pashk\u00ebve kryetari i Unionit Demokratik t\u00eb Shqiptar\u00ebve , z.Mehmed Zenka , n\u00eb em\u00ebr t\u00eb partis\u00eb dhe n\u00eb emrin e tij personal i\" \/>\n<meta name=\"robots\" content=\"index, follow, max-snippet:-1, max-image-preview:large, max-video-preview:-1\" \/>\n<link rel=\"canonical\" href=\"https:\/\/www.visit-ulcinj.com\/blog\/2013\/03\/31\/gezuar-pashket-unioni-demokratik-i-shqiptareve\/\" \/>\n<meta property=\"og:locale\" content=\"en_US\" \/>\n<meta property=\"og:type\" content=\"article\" \/>\n<meta property=\"og:title\" content=\"Gezuar Pashket - Unioni Demokratik i Shqiptar\u00ebve - Lajme nga Ulqini\" \/>\n<meta property=\"og:description\" content=\"URIME P\u00cbR PASHK\u00cb Me rastin e Pashk\u00ebve kryetari i Unionit Demokratik t\u00eb Shqiptar\u00ebve , z.Mehmed Zenka , n\u00eb em\u00ebr t\u00eb partis\u00eb dhe n\u00eb emrin e tij personal i\" \/>\n<meta property=\"og:url\" content=\"https:\/\/www.visit-ulcinj.com\/blog\/2013\/03\/31\/gezuar-pashket-unioni-demokratik-i-shqiptareve\/\" \/>\n<meta property=\"og:site_name\" content=\"Lajme nga Ulqini\" \/>\n<meta property=\"article:published_time\" content=\"2013-03-31T08:53:03+00:00\" \/>\n<meta property=\"article:modified_time\" content=\"2013-04-02T10:14:06+00:00\" \/>\n<meta name=\"twitter:label1\" content=\"Written by\" \/>\n\t<meta name=\"twitter:data1\" content=\"ulqini\" \/>\n\t<meta name=\"twitter:label2\" content=\"Est. reading time\" \/>\n\t<meta name=\"twitter:data2\" content=\"1 minute\" \/>\n<script type=\"application\/ld+json\" class=\"yoast-schema-graph\">{\"@context\":\"https:\/\/schema.org\",\"@graph\":[{\"@type\":\"WebSite\",\"@id\":\"https:\/\/www.visit-ulcinj.com\/blog\/#website\",\"url\":\"https:\/\/www.visit-ulcinj.com\/blog\/\",\"name\":\"Lajme nga Ulqini\",\"description\":\"Lajme,Vijesti,Ulqini,Ulqin,Crna Gora,Mali i Zi\",\"potentialAction\":[{\"@type\":\"SearchAction\",\"target\":{\"@type\":\"EntryPoint\",\"urlTemplate\":\"https:\/\/www.visit-ulcinj.com\/blog\/?s={search_term_string}\"},\"query-input\":\"required name=search_term_string\"}],\"inLanguage\":\"en-US\"},{\"@type\":\"WebPage\",\"@id\":\"https:\/\/www.visit-ulcinj.com\/blog\/2013\/03\/31\/gezuar-pashket-unioni-demokratik-i-shqiptareve\/#webpage\",\"url\":\"https:\/\/www.visit-ulcinj.com\/blog\/2013\/03\/31\/gezuar-pashket-unioni-demokratik-i-shqiptareve\/\",\"name\":\"Gezuar Pashket - Unioni Demokratik i Shqiptar\u00ebve - Lajme nga Ulqini\",\"isPartOf\":{\"@id\":\"https:\/\/www.visit-ulcinj.com\/blog\/#website\"},\"datePublished\":\"2013-03-31T08:53:03+00:00\",\"dateModified\":\"2013-04-02T10:14:06+00:00\",\"author\":{\"@id\":\"https:\/\/www.visit-ulcinj.com\/blog\/#\/schema\/person\/dcab619c614d3038751c63bc2aadc06d\"},\"description\":\"URIME P\u00cbR PASHK\u00cb Me rastin e Pashk\u00ebve kryetari i Unionit Demokratik t\u00eb Shqiptar\u00ebve , z.Mehmed Zenka , n\u00eb em\u00ebr t\u00eb partis\u00eb dhe n\u00eb emrin e tij personal i\",\"breadcrumb\":{\"@id\":\"https:\/\/www.visit-ulcinj.com\/blog\/2013\/03\/31\/gezuar-pashket-unioni-demokratik-i-shqiptareve\/#breadcrumb\"},\"inLanguage\":\"en-US\",\"potentialAction\":[{\"@type\":\"ReadAction\",\"target\":[\"https:\/\/www.visit-ulcinj.com\/blog\/2013\/03\/31\/gezuar-pashket-unioni-demokratik-i-shqiptareve\/\"]}]},{\"@type\":\"BreadcrumbList\",\"@id\":\"https:\/\/www.visit-ulcinj.com\/blog\/2013\/03\/31\/gezuar-pashket-unioni-demokratik-i-shqiptareve\/#breadcrumb\",\"itemListElement\":[{\"@type\":\"ListItem\",\"position\":1,\"name\":\"Gezuar Pashket &#8211; Unioni Demokratik i Shqiptar\u00ebve\"}]},{\"@type\":\"Person\",\"@id\":\"https:\/\/www.visit-ulcinj.com\/blog\/#\/schema\/person\/dcab619c614d3038751c63bc2aadc06d\",\"name\":\"ulqini\",\"sameAs\":[\"http:\/\/www.visit-ulcinj.com\"],\"url\":\"https:\/\/www.visit-ulcinj.com\/blog\/author\/admin\/\"}]}<\/script>\n<!-- \/ Yoast SEO plugin. -->","yoast_head_json":{"title":"Gezuar Pashket - Unioni Demokratik i Shqiptar\u00ebve - Lajme nga Ulqini","description":"URIME P\u00cbR PASHK\u00cb Me rastin e Pashk\u00ebve kryetari i Unionit Demokratik t\u00eb Shqiptar\u00ebve , z.Mehmed Zenka , n\u00eb em\u00ebr t\u00eb partis\u00eb dhe n\u00eb emrin e tij personal i","robots":{"index":"index","follow":"follow","max-snippet":"max-snippet:-1","max-image-preview":"max-image-preview:large","max-video-preview":"max-video-preview:-1"},"canonical":"https:\/\/www.visit-ulcinj.com\/blog\/2013\/03\/31\/gezuar-pashket-unioni-demokratik-i-shqiptareve\/","og_locale":"en_US","og_type":"article","og_title":"Gezuar Pashket - Unioni Demokratik i Shqiptar\u00ebve - Lajme nga Ulqini","og_description":"URIME P\u00cbR PASHK\u00cb Me rastin e Pashk\u00ebve kryetari i Unionit Demokratik t\u00eb Shqiptar\u00ebve , z.Mehmed Zenka , n\u00eb em\u00ebr t\u00eb partis\u00eb dhe n\u00eb emrin e tij personal i","og_url":"https:\/\/www.visit-ulcinj.com\/blog\/2013\/03\/31\/gezuar-pashket-unioni-demokratik-i-shqiptareve\/","og_site_name":"Lajme nga Ulqini","article_published_time":"2013-03-31T08:53:03+00:00","article_modified_time":"2013-04-02T10:14:06+00:00","twitter_misc":{"Written by":"ulqini","Est. reading time":"1 minute"},"schema":{"@context":"https:\/\/schema.org","@graph":[{"@type":"WebSite","@id":"https:\/\/www.visit-ulcinj.com\/blog\/#website","url":"https:\/\/www.visit-ulcinj.com\/blog\/","name":"Lajme nga Ulqini","description":"Lajme,Vijesti,Ulqini,Ulqin,Crna Gora,Mali i Zi","potentialAction":[{"@type":"SearchAction","target":{"@type":"EntryPoint","urlTemplate":"https:\/\/www.visit-ulcinj.com\/blog\/?s={search_term_string}"},"query-input":"required name=search_term_string"}],"inLanguage":"en-US"},{"@type":"WebPage","@id":"https:\/\/www.visit-ulcinj.com\/blog\/2013\/03\/31\/gezuar-pashket-unioni-demokratik-i-shqiptareve\/#webpage","url":"https:\/\/www.visit-ulcinj.com\/blog\/2013\/03\/31\/gezuar-pashket-unioni-demokratik-i-shqiptareve\/","name":"Gezuar Pashket - Unioni Demokratik i Shqiptar\u00ebve - Lajme nga Ulqini","isPartOf":{"@id":"https:\/\/www.visit-ulcinj.com\/blog\/#website"},"datePublished":"2013-03-31T08:53:03+00:00","dateModified":"2013-04-02T10:14:06+00:00","author":{"@id":"https:\/\/www.visit-ulcinj.com\/blog\/#\/schema\/person\/dcab619c614d3038751c63bc2aadc06d"},"description":"URIME P\u00cbR PASHK\u00cb Me rastin e Pashk\u00ebve kryetari i Unionit Demokratik t\u00eb Shqiptar\u00ebve , z.Mehmed Zenka , n\u00eb em\u00ebr t\u00eb partis\u00eb dhe n\u00eb emrin e tij personal i","breadcrumb":{"@id":"https:\/\/www.visit-ulcinj.com\/blog\/2013\/03\/31\/gezuar-pashket-unioni-demokratik-i-shqiptareve\/#breadcrumb"},"inLanguage":"en-US","potentialAction":[{"@type":"ReadAction","target":["https:\/\/www.visit-ulcinj.com\/blog\/2013\/03\/31\/gezuar-pashket-unioni-demokratik-i-shqiptareve\/"]}]},{"@type":"BreadcrumbList","@id":"https:\/\/www.visit-ulcinj.com\/blog\/2013\/03\/31\/gezuar-pashket-unioni-demokratik-i-shqiptareve\/#breadcrumb","itemListElement":[{"@type":"ListItem","position":1,"name":"Gezuar Pashket &#8211; Unioni Demokratik i Shqiptar\u00ebve"}]},{"@type":"Person","@id":"https:\/\/www.visit-ulcinj.com\/blog\/#\/schema\/person\/dcab619c614d3038751c63bc2aadc06d","name":"ulqini","sameAs":["http:\/\/www.visit-ulcinj.com"],"url":"https:\/\/www.visit-ulcinj.com\/blog\/author\/admin\/"}]}},"jetpack_featured_media_url":"","jetpack_sharing_enabled":true,"jetpack_shortlink":"https:\/\/wp.me\/pe6lTn-ig0","_links":{"self":[{"href":"https:\/\/www.visit-ulcinj.com\/blog\/wp-json\/wp\/v2\/posts\/70184"}],"collection":[{"href":"https:\/\/www.visit-ulcinj.com\/blog\/wp-json\/wp\/v2\/posts"}],"about":[{"href":"https:\/\/www.visit-ulcinj.com\/blog\/wp-json\/wp\/v2\/types\/post"}],"author":[{"embeddable":true,"href":"https:\/\/www.visit-ulcinj.com\/blog\/wp-json\/wp\/v2\/users\/1"}],"replies":[{"embeddable":true,"href":"https:\/\/www.visit-ulcinj.com\/blog\/wp-json\/wp\/v2\/comments?post=70184"}],"version-history":[{"count":2,"href":"https:\/\/www.visit-ulcinj.com\/blog\/wp-json\/wp\/v2\/posts\/70184\/revisions"}],"predecessor-version":[{"id":70272,"href":"https:\/\/www.visit-ulcinj.com\/blog\/wp-json\/wp\/v2\/posts\/70184\/revisions\/70272"}],"wp:attachment":[{"href":"https:\/\/www.visit-ulcinj.com\/blog\/wp-json\/wp\/v2\/media?parent=70184"}],"wp:term":[{"taxonomy":"category","embeddable":true,"href":"https:\/\/www.visit-ulcinj.com\/blog\/wp-json\/wp\/v2\/categories?post=70184"},{"taxonomy":"post_tag","embeddable":true,"href":"https:\/\/www.visit-ulcinj.com\/blog\/wp-json\/wp\/v2\/tags?post=70184"}],"curies":[{"name":"wp","href":"https:\/\/api.w.org\/{rel}","templated":true}]}}