{"id":70194,"date":"2013-03-31T16:15:50","date_gmt":"2013-03-31T15:15:50","guid":{"rendered":"http:\/\/www.visit-ulcinj.com\/blog\/?p=70194"},"modified":"2013-04-02T11:13:23","modified_gmt":"2013-04-02T10:13:23","slug":"urime-pashket-keshilli-nacional-i-shqiptareve-ne-malin-e-zi","status":"publish","type":"post","link":"https:\/\/www.visit-ulcinj.com\/blog\/2013\/03\/31\/urime-pashket-keshilli-nacional-i-shqiptareve-ne-malin-e-zi\/","title":{"rendered":"Urime Pashket &#8211; K\u00ebshilli  Nacional i Shqiptar\u00ebve n\u00eb Malin e Zi"},"content":{"rendered":"<p style=\"text-align: left;\"><a href=\"http:\/\/www.visit-ulcinj.com\/blog\/wp-content\/uploads\/2013\/03\/Gezuar-Pashk\u00ebt-KNSH-ja.jpg\"><img loading=\"lazy\" class=\"alignleft  wp-image-70202\" alt=\"Gezuar-Pashk\u00ebt-KNSH-ja\" src=\"http:\/\/www.visit-ulcinj.com\/blog\/wp-content\/uploads\/2013\/03\/Gezuar-Pashk\u00ebt-KNSH-ja.jpg\" width=\"300\" height=\"350\" \/><\/a><strong>K\u00cbSHILLI NACIONAL I SHQIPTAR\u00cbVE N\u00cb MALIN E ZI<\/strong><\/p>\n<p style=\"text-align: left;\"><strong>NACIONALNI SAVJET ALBANACA U CRNOJ GORI<\/strong><\/p>\n<p style=\"text-align: left;\"><strong>ALBANIAN NATIONAL COUNCIL IN MONTENEGRO<\/strong><\/p>\n<p>Nr. \u00a019\/13<\/p>\n<p>Ulqin m\u00eb, 29.03.2013<\/p>\n<p>&nbsp;<\/p>\n<p style=\"text-align: center;\"><strong>U R I M\u00a0 p\u00ebr\u00a0 Fest\u00ebn e Pashk\u00ebve<\/strong><\/p>\n<p>&nbsp;<\/p>\n<p>K\u00ebshilli \u00a0Nacional i Shqiptar\u00ebve n\u00eb Malin e Zi, uron t\u00eb gjith\u00eb besimtar\u00ebt e\u00a0 krishter\u00eb \u00a0p\u00ebr\u00a0 fest\u00ebn e Pashk\u00ebve.<\/p>\n<p>Festa e \u00a0Pashk\u00ebve \u00a0na\u00a0 kujton\u00a0 ngadh\u00ebnjimin e jet\u00ebs \u00a0dhe\u00a0 ringjalljen e shpres\u00ebs, p\u00ebr dit\u00eb m\u00eb t\u00eb mira. \u00cbsht\u00eb dita e p\u00ebrjet\u00ebsis\u00eb, dit\u00eb e besimit tek Zoti dhe besimit te vetvetja.<\/p>\n<p>Festa e Pashk\u00ebve \u00ebsht\u00eb moment reflektimi , jo vet\u00ebm p\u00ebr besimtar\u00ebt e krishter\u00eb, por dhe p\u00ebr t\u00eb gjithe shqiptar\u00ebt pa dallim feje, \u00a0me q\u00ebllim afrimin dhe p\u00ebrkushtimin m\u00eb t\u00eb madh si ndaj nj\u00ebri-tjetrit ashtu dhe ndaj kombit q\u00eb i takojm\u00eb, p\u00ebr t\u00eb mir\u00ebn e brezave q\u00eb vijn\u00eb.<\/p>\n<p>P\u00ebr ne shqiptar\u00ebt sot, ky duhet t\u00eb jet\u00eb motiv dhe\u00a0 m\u00eb e fuqish\u00ebm\u00a0 se kurr\u00eb, p\u00ebr tu mbyllur goj\u00ebn atyre q\u00eb tradicionalisht nuk na e kan\u00eb dashur dhe nuk na duan t\u00eb mir\u00ebn as sot!<\/p>\n<p>Dhasht\u00eb Zoti q\u00eb k\u00ebshtu t\u00eb b\u00ebhet.<\/p>\n<p><b>G\u00ebzuar e p\u00ebr shum\u00eb vjet\u00eb\u00a0 Pashk\u00ebt, mir\u00ebsi dhe lumturi n\u00eb familjet Tuaja!<\/b><\/p>\n<p><b>KRYETARI,<\/b><\/p>\n<p><b>Tahir Tahiri\u00a0 <\/b><\/p>\n","protected":false},"excerpt":{"rendered":"<p>K\u00cbSHILLI NACIONAL I SHQIPTAR\u00cbVE N\u00cb MALIN E ZI NACIONALNI SAVJET ALBANACA U CRNOJ GORI ALBANIAN NATIONAL COUNCIL IN MONTENEGRO Nr. \u00a019\/13 Ulqin m\u00eb, 29.03.2013 &nbsp; U R I M\u00a0 p\u00ebr\u00a0 Fest\u00ebn e Pashk\u00ebve &nbsp; K\u00ebshilli \u00a0Nacional i Shqiptar\u00ebve n\u00eb Malin e Zi, uron t\u00eb gjith\u00eb besimtar\u00ebt e\u00a0 krishter\u00eb \u00a0p\u00ebr\u00a0 fest\u00ebn e Pashk\u00ebve. Festa e \u00a0Pashk\u00ebve [&hellip;]<\/p>\n","protected":false},"author":1,"featured_media":0,"comment_status":"open","ping_status":"closed","sticky":false,"template":"","format":"standard","meta":{"spay_email":"","jetpack_publicize_message":"","jetpack_is_tweetstorm":false,"jetpack_publicize_feature_enabled":true},"categories":[1],"tags":[],"jetpack_publicize_connections":[],"yoast_head":"<!-- This site is optimized with the Yoast SEO plugin v19.1 - https:\/\/yoast.com\/wordpress\/plugins\/seo\/ -->\n<title>Urime Pashket - K\u00ebshilli Nacional i Shqiptar\u00ebve n\u00eb Malin e Zi - Lajme nga Ulqini<\/title>\n<meta name=\"description\" content=\"K\u00cbSHILLI NACIONAL I SHQIPTAR\u00cbVE N\u00cb MALIN E ZI NACIONALNI SAVJET ALBANACA U CRNOJ GORI ALBANIAN NATIONAL COUNCIL IN MONTENEGRO Nr. \u00a019\/13 Ulqin m\u00eb,\" \/>\n<meta name=\"robots\" content=\"index, follow, max-snippet:-1, max-image-preview:large, max-video-preview:-1\" \/>\n<link rel=\"canonical\" href=\"https:\/\/www.visit-ulcinj.com\/blog\/2013\/03\/31\/urime-pashket-keshilli-nacional-i-shqiptareve-ne-malin-e-zi\/\" \/>\n<meta property=\"og:locale\" content=\"en_US\" \/>\n<meta property=\"og:type\" content=\"article\" \/>\n<meta property=\"og:title\" content=\"Urime Pashket - K\u00ebshilli Nacional i Shqiptar\u00ebve n\u00eb Malin e Zi - Lajme nga Ulqini\" \/>\n<meta property=\"og:description\" content=\"K\u00cbSHILLI NACIONAL I SHQIPTAR\u00cbVE N\u00cb MALIN E ZI NACIONALNI SAVJET ALBANACA U CRNOJ GORI ALBANIAN NATIONAL COUNCIL IN MONTENEGRO Nr. \u00a019\/13 Ulqin m\u00eb,\" \/>\n<meta property=\"og:url\" content=\"https:\/\/www.visit-ulcinj.com\/blog\/2013\/03\/31\/urime-pashket-keshilli-nacional-i-shqiptareve-ne-malin-e-zi\/\" \/>\n<meta property=\"og:site_name\" content=\"Lajme nga Ulqini\" \/>\n<meta property=\"article:published_time\" content=\"2013-03-31T15:15:50+00:00\" \/>\n<meta property=\"article:modified_time\" content=\"2013-04-02T10:13:23+00:00\" \/>\n<meta name=\"twitter:label1\" content=\"Written by\" \/>\n\t<meta name=\"twitter:data1\" content=\"ulqini\" \/>\n\t<meta name=\"twitter:label2\" content=\"Est. reading time\" \/>\n\t<meta name=\"twitter:data2\" content=\"1 minute\" \/>\n<script type=\"application\/ld+json\" class=\"yoast-schema-graph\">{\"@context\":\"https:\/\/schema.org\",\"@graph\":[{\"@type\":\"WebSite\",\"@id\":\"https:\/\/www.visit-ulcinj.com\/blog\/#website\",\"url\":\"https:\/\/www.visit-ulcinj.com\/blog\/\",\"name\":\"Lajme nga Ulqini\",\"description\":\"Lajme,Vijesti,Ulqini,Ulqin,Crna Gora,Mali i Zi\",\"potentialAction\":[{\"@type\":\"SearchAction\",\"target\":{\"@type\":\"EntryPoint\",\"urlTemplate\":\"https:\/\/www.visit-ulcinj.com\/blog\/?s={search_term_string}\"},\"query-input\":\"required name=search_term_string\"}],\"inLanguage\":\"en-US\"},{\"@type\":\"WebPage\",\"@id\":\"https:\/\/www.visit-ulcinj.com\/blog\/2013\/03\/31\/urime-pashket-keshilli-nacional-i-shqiptareve-ne-malin-e-zi\/#webpage\",\"url\":\"https:\/\/www.visit-ulcinj.com\/blog\/2013\/03\/31\/urime-pashket-keshilli-nacional-i-shqiptareve-ne-malin-e-zi\/\",\"name\":\"Urime Pashket - K\u00ebshilli Nacional i Shqiptar\u00ebve n\u00eb Malin e Zi - Lajme nga Ulqini\",\"isPartOf\":{\"@id\":\"https:\/\/www.visit-ulcinj.com\/blog\/#website\"},\"datePublished\":\"2013-03-31T15:15:50+00:00\",\"dateModified\":\"2013-04-02T10:13:23+00:00\",\"author\":{\"@id\":\"https:\/\/www.visit-ulcinj.com\/blog\/#\/schema\/person\/dcab619c614d3038751c63bc2aadc06d\"},\"description\":\"K\u00cbSHILLI NACIONAL I SHQIPTAR\u00cbVE N\u00cb MALIN E ZI NACIONALNI SAVJET ALBANACA U CRNOJ GORI ALBANIAN NATIONAL COUNCIL IN MONTENEGRO Nr. \u00a019\/13 Ulqin m\u00eb,\",\"breadcrumb\":{\"@id\":\"https:\/\/www.visit-ulcinj.com\/blog\/2013\/03\/31\/urime-pashket-keshilli-nacional-i-shqiptareve-ne-malin-e-zi\/#breadcrumb\"},\"inLanguage\":\"en-US\",\"potentialAction\":[{\"@type\":\"ReadAction\",\"target\":[\"https:\/\/www.visit-ulcinj.com\/blog\/2013\/03\/31\/urime-pashket-keshilli-nacional-i-shqiptareve-ne-malin-e-zi\/\"]}]},{\"@type\":\"BreadcrumbList\",\"@id\":\"https:\/\/www.visit-ulcinj.com\/blog\/2013\/03\/31\/urime-pashket-keshilli-nacional-i-shqiptareve-ne-malin-e-zi\/#breadcrumb\",\"itemListElement\":[{\"@type\":\"ListItem\",\"position\":1,\"name\":\"Urime Pashket &#8211; K\u00ebshilli Nacional i Shqiptar\u00ebve n\u00eb Malin e Zi\"}]},{\"@type\":\"Person\",\"@id\":\"https:\/\/www.visit-ulcinj.com\/blog\/#\/schema\/person\/dcab619c614d3038751c63bc2aadc06d\",\"name\":\"ulqini\",\"sameAs\":[\"http:\/\/www.visit-ulcinj.com\"],\"url\":\"https:\/\/www.visit-ulcinj.com\/blog\/author\/admin\/\"}]}<\/script>\n<!-- \/ Yoast SEO plugin. -->","yoast_head_json":{"title":"Urime Pashket - K\u00ebshilli Nacional i Shqiptar\u00ebve n\u00eb Malin e Zi - Lajme nga Ulqini","description":"K\u00cbSHILLI NACIONAL I SHQIPTAR\u00cbVE N\u00cb MALIN E ZI NACIONALNI SAVJET ALBANACA U CRNOJ GORI ALBANIAN NATIONAL COUNCIL IN MONTENEGRO Nr. \u00a019\/13 Ulqin m\u00eb,","robots":{"index":"index","follow":"follow","max-snippet":"max-snippet:-1","max-image-preview":"max-image-preview:large","max-video-preview":"max-video-preview:-1"},"canonical":"https:\/\/www.visit-ulcinj.com\/blog\/2013\/03\/31\/urime-pashket-keshilli-nacional-i-shqiptareve-ne-malin-e-zi\/","og_locale":"en_US","og_type":"article","og_title":"Urime Pashket - K\u00ebshilli Nacional i Shqiptar\u00ebve n\u00eb Malin e Zi - Lajme nga Ulqini","og_description":"K\u00cbSHILLI NACIONAL I SHQIPTAR\u00cbVE N\u00cb MALIN E ZI NACIONALNI SAVJET ALBANACA U CRNOJ GORI ALBANIAN NATIONAL COUNCIL IN MONTENEGRO Nr. \u00a019\/13 Ulqin m\u00eb,","og_url":"https:\/\/www.visit-ulcinj.com\/blog\/2013\/03\/31\/urime-pashket-keshilli-nacional-i-shqiptareve-ne-malin-e-zi\/","og_site_name":"Lajme nga Ulqini","article_published_time":"2013-03-31T15:15:50+00:00","article_modified_time":"2013-04-02T10:13:23+00:00","twitter_misc":{"Written by":"ulqini","Est. reading time":"1 minute"},"schema":{"@context":"https:\/\/schema.org","@graph":[{"@type":"WebSite","@id":"https:\/\/www.visit-ulcinj.com\/blog\/#website","url":"https:\/\/www.visit-ulcinj.com\/blog\/","name":"Lajme nga Ulqini","description":"Lajme,Vijesti,Ulqini,Ulqin,Crna Gora,Mali i Zi","potentialAction":[{"@type":"SearchAction","target":{"@type":"EntryPoint","urlTemplate":"https:\/\/www.visit-ulcinj.com\/blog\/?s={search_term_string}"},"query-input":"required name=search_term_string"}],"inLanguage":"en-US"},{"@type":"WebPage","@id":"https:\/\/www.visit-ulcinj.com\/blog\/2013\/03\/31\/urime-pashket-keshilli-nacional-i-shqiptareve-ne-malin-e-zi\/#webpage","url":"https:\/\/www.visit-ulcinj.com\/blog\/2013\/03\/31\/urime-pashket-keshilli-nacional-i-shqiptareve-ne-malin-e-zi\/","name":"Urime Pashket - K\u00ebshilli Nacional i Shqiptar\u00ebve n\u00eb Malin e Zi - Lajme nga Ulqini","isPartOf":{"@id":"https:\/\/www.visit-ulcinj.com\/blog\/#website"},"datePublished":"2013-03-31T15:15:50+00:00","dateModified":"2013-04-02T10:13:23+00:00","author":{"@id":"https:\/\/www.visit-ulcinj.com\/blog\/#\/schema\/person\/dcab619c614d3038751c63bc2aadc06d"},"description":"K\u00cbSHILLI NACIONAL I SHQIPTAR\u00cbVE N\u00cb MALIN E ZI NACIONALNI SAVJET ALBANACA U CRNOJ GORI ALBANIAN NATIONAL COUNCIL IN MONTENEGRO Nr. \u00a019\/13 Ulqin m\u00eb,","breadcrumb":{"@id":"https:\/\/www.visit-ulcinj.com\/blog\/2013\/03\/31\/urime-pashket-keshilli-nacional-i-shqiptareve-ne-malin-e-zi\/#breadcrumb"},"inLanguage":"en-US","potentialAction":[{"@type":"ReadAction","target":["https:\/\/www.visit-ulcinj.com\/blog\/2013\/03\/31\/urime-pashket-keshilli-nacional-i-shqiptareve-ne-malin-e-zi\/"]}]},{"@type":"BreadcrumbList","@id":"https:\/\/www.visit-ulcinj.com\/blog\/2013\/03\/31\/urime-pashket-keshilli-nacional-i-shqiptareve-ne-malin-e-zi\/#breadcrumb","itemListElement":[{"@type":"ListItem","position":1,"name":"Urime Pashket &#8211; K\u00ebshilli Nacional i Shqiptar\u00ebve n\u00eb Malin e Zi"}]},{"@type":"Person","@id":"https:\/\/www.visit-ulcinj.com\/blog\/#\/schema\/person\/dcab619c614d3038751c63bc2aadc06d","name":"ulqini","sameAs":["http:\/\/www.visit-ulcinj.com"],"url":"https:\/\/www.visit-ulcinj.com\/blog\/author\/admin\/"}]}},"jetpack_featured_media_url":"","jetpack_sharing_enabled":true,"jetpack_shortlink":"https:\/\/wp.me\/pe6lTn-iga","_links":{"self":[{"href":"https:\/\/www.visit-ulcinj.com\/blog\/wp-json\/wp\/v2\/posts\/70194"}],"collection":[{"href":"https:\/\/www.visit-ulcinj.com\/blog\/wp-json\/wp\/v2\/posts"}],"about":[{"href":"https:\/\/www.visit-ulcinj.com\/blog\/wp-json\/wp\/v2\/types\/post"}],"author":[{"embeddable":true,"href":"https:\/\/www.visit-ulcinj.com\/blog\/wp-json\/wp\/v2\/users\/1"}],"replies":[{"embeddable":true,"href":"https:\/\/www.visit-ulcinj.com\/blog\/wp-json\/wp\/v2\/comments?post=70194"}],"version-history":[{"count":11,"href":"https:\/\/www.visit-ulcinj.com\/blog\/wp-json\/wp\/v2\/posts\/70194\/revisions"}],"predecessor-version":[{"id":70270,"href":"https:\/\/www.visit-ulcinj.com\/blog\/wp-json\/wp\/v2\/posts\/70194\/revisions\/70270"}],"wp:attachment":[{"href":"https:\/\/www.visit-ulcinj.com\/blog\/wp-json\/wp\/v2\/media?parent=70194"}],"wp:term":[{"taxonomy":"category","embeddable":true,"href":"https:\/\/www.visit-ulcinj.com\/blog\/wp-json\/wp\/v2\/categories?post=70194"},{"taxonomy":"post_tag","embeddable":true,"href":"https:\/\/www.visit-ulcinj.com\/blog\/wp-json\/wp\/v2\/tags?post=70194"}],"curies":[{"name":"wp","href":"https:\/\/api.w.org\/{rel}","templated":true}]}}