{"id":70207,"date":"2013-03-31T16:41:32","date_gmt":"2013-03-31T15:41:32","guid":{"rendered":"http:\/\/www.visit-ulcinj.com\/blog\/?p=70207"},"modified":"2013-04-02T10:53:45","modified_gmt":"2013-04-02T09:53:45","slug":"gezuar-pashket-per-shume-mot","status":"publish","type":"post","link":"https:\/\/www.visit-ulcinj.com\/blog\/2013\/03\/31\/gezuar-pashket-per-shume-mot\/","title":{"rendered":"Gezuar Pashket per shume mot"},"content":{"rendered":"<p><a href=\"http:\/\/www.visit-ulcinj.com\/blog\/wp-content\/uploads\/2013\/03\/Gezuar-Pashket-Lajme-nga-Ulqini.jpg\"><img loading=\"lazy\" class=\"alignleft  wp-image-70208\" alt=\"Gezuar-Pashket-Lajme nga Ulqini\" src=\"http:\/\/www.visit-ulcinj.com\/blog\/wp-content\/uploads\/2013\/03\/Gezuar-Pashket-Lajme-nga-Ulqini.jpg\" width=\"508\" height=\"360\" \/><\/a>Kjo fest\u00eb bashk\u00eb me urimet qe bart\u00eb brenda vet\u00ebs, le t\u00eb na sh\u00ebrbej\u00eb n\u00eb forcimin e dashuris\u00eb p\u00ebr njeri-tjetrin dhe kultivimin e toleranc\u00ebs, si vler\u00eb e demokracis\u00eb p\u00ebr ne dhe brezat qe do t\u00eb vijn\u00eb. T\u00eb rip\u00ebrkushtojm\u00eb veten p\u00ebr interesa m\u00eb t\u00eb m\u00ebdha se ato personale.<\/p>\n<p>G\u00ebzuar e p\u00ebr shum\u00eb vjet\u00eb Pashk\u00ebt, mir\u00ebsi dhe lumturi n\u00eb familjet tuaja ju.<\/p>\n<p><strong>Lajme nga Ulqini<\/strong><\/p>\n","protected":false},"excerpt":{"rendered":"<p>Kjo fest\u00eb bashk\u00eb me urimet qe bart\u00eb brenda vet\u00ebs, le t\u00eb na sh\u00ebrbej\u00eb n\u00eb forcimin e dashuris\u00eb p\u00ebr njeri-tjetrin dhe kultivimin e toleranc\u00ebs, si vler\u00eb e demokracis\u00eb p\u00ebr ne dhe brezat qe do t\u00eb vijn\u00eb. T\u00eb rip\u00ebrkushtojm\u00eb veten p\u00ebr interesa m\u00eb t\u00eb m\u00ebdha se ato personale. G\u00ebzuar e p\u00ebr shum\u00eb vjet\u00eb Pashk\u00ebt, mir\u00ebsi dhe lumturi [&hellip;]<\/p>\n","protected":false},"author":1,"featured_media":0,"comment_status":"open","ping_status":"closed","sticky":false,"template":"","format":"standard","meta":{"spay_email":"","jetpack_publicize_message":"","jetpack_is_tweetstorm":false,"jetpack_publicize_feature_enabled":true},"categories":[8],"tags":[13949],"jetpack_publicize_connections":[],"yoast_head":"<!-- This site is optimized with the Yoast SEO plugin v19.1 - https:\/\/yoast.com\/wordpress\/plugins\/seo\/ -->\n<title>Gezuar Pashket per shume mot - Lajme nga Ulqini<\/title>\n<meta name=\"description\" content=\"Kjo fest\u00eb bashk\u00eb me urimet qe bart\u00eb brenda vet\u00ebs, le t\u00eb na sh\u00ebrbej\u00eb n\u00eb forcimin e dashuris\u00eb p\u00ebr njeri-tjetrin dhe kultivimin e toleranc\u00ebs, si vler\u00eb e\" \/>\n<meta name=\"robots\" content=\"index, follow, max-snippet:-1, max-image-preview:large, max-video-preview:-1\" \/>\n<link rel=\"canonical\" href=\"https:\/\/www.visit-ulcinj.com\/blog\/2013\/03\/31\/gezuar-pashket-per-shume-mot\/\" \/>\n<meta property=\"og:locale\" content=\"en_US\" \/>\n<meta property=\"og:type\" content=\"article\" \/>\n<meta property=\"og:title\" content=\"Gezuar Pashket per shume mot - Lajme nga Ulqini\" \/>\n<meta property=\"og:description\" content=\"Kjo fest\u00eb bashk\u00eb me urimet qe bart\u00eb brenda vet\u00ebs, le t\u00eb na sh\u00ebrbej\u00eb n\u00eb forcimin e dashuris\u00eb p\u00ebr njeri-tjetrin dhe kultivimin e toleranc\u00ebs, si vler\u00eb e\" \/>\n<meta property=\"og:url\" content=\"https:\/\/www.visit-ulcinj.com\/blog\/2013\/03\/31\/gezuar-pashket-per-shume-mot\/\" \/>\n<meta property=\"og:site_name\" content=\"Lajme nga Ulqini\" \/>\n<meta property=\"article:published_time\" content=\"2013-03-31T15:41:32+00:00\" \/>\n<meta property=\"article:modified_time\" content=\"2013-04-02T09:53:45+00:00\" \/>\n<meta property=\"og:image\" content=\"http:\/\/www.visit-ulcinj.com\/blog\/wp-content\/uploads\/2013\/03\/Gezuar-Pashket-Lajme-nga-Ulqini.jpg\" \/>\n<meta name=\"twitter:label1\" content=\"Written by\" \/>\n\t<meta name=\"twitter:data1\" content=\"ulqini\" \/>\n<script type=\"application\/ld+json\" class=\"yoast-schema-graph\">{\"@context\":\"https:\/\/schema.org\",\"@graph\":[{\"@type\":\"WebSite\",\"@id\":\"https:\/\/www.visit-ulcinj.com\/blog\/#website\",\"url\":\"https:\/\/www.visit-ulcinj.com\/blog\/\",\"name\":\"Lajme nga Ulqini\",\"description\":\"Lajme,Vijesti,Ulqini,Ulqin,Crna Gora,Mali i Zi\",\"potentialAction\":[{\"@type\":\"SearchAction\",\"target\":{\"@type\":\"EntryPoint\",\"urlTemplate\":\"https:\/\/www.visit-ulcinj.com\/blog\/?s={search_term_string}\"},\"query-input\":\"required name=search_term_string\"}],\"inLanguage\":\"en-US\"},{\"@type\":\"ImageObject\",\"inLanguage\":\"en-US\",\"@id\":\"https:\/\/www.visit-ulcinj.com\/blog\/2013\/03\/31\/gezuar-pashket-per-shume-mot\/#primaryimage\",\"url\":\"https:\/\/www.visit-ulcinj.com\/blog\/wp-content\/uploads\/2013\/03\/Gezuar-Pashket-Lajme-nga-Ulqini.jpg\",\"contentUrl\":\"https:\/\/www.visit-ulcinj.com\/blog\/wp-content\/uploads\/2013\/03\/Gezuar-Pashket-Lajme-nga-Ulqini.jpg\",\"width\":501,\"height\":350},{\"@type\":\"WebPage\",\"@id\":\"https:\/\/www.visit-ulcinj.com\/blog\/2013\/03\/31\/gezuar-pashket-per-shume-mot\/#webpage\",\"url\":\"https:\/\/www.visit-ulcinj.com\/blog\/2013\/03\/31\/gezuar-pashket-per-shume-mot\/\",\"name\":\"Gezuar Pashket per shume mot - Lajme nga Ulqini\",\"isPartOf\":{\"@id\":\"https:\/\/www.visit-ulcinj.com\/blog\/#website\"},\"primaryImageOfPage\":{\"@id\":\"https:\/\/www.visit-ulcinj.com\/blog\/2013\/03\/31\/gezuar-pashket-per-shume-mot\/#primaryimage\"},\"datePublished\":\"2013-03-31T15:41:32+00:00\",\"dateModified\":\"2013-04-02T09:53:45+00:00\",\"author\":{\"@id\":\"https:\/\/www.visit-ulcinj.com\/blog\/#\/schema\/person\/dcab619c614d3038751c63bc2aadc06d\"},\"description\":\"Kjo fest\u00eb bashk\u00eb me urimet qe bart\u00eb brenda vet\u00ebs, le t\u00eb na sh\u00ebrbej\u00eb n\u00eb forcimin e dashuris\u00eb p\u00ebr njeri-tjetrin dhe kultivimin e toleranc\u00ebs, si vler\u00eb e\",\"breadcrumb\":{\"@id\":\"https:\/\/www.visit-ulcinj.com\/blog\/2013\/03\/31\/gezuar-pashket-per-shume-mot\/#breadcrumb\"},\"inLanguage\":\"en-US\",\"potentialAction\":[{\"@type\":\"ReadAction\",\"target\":[\"https:\/\/www.visit-ulcinj.com\/blog\/2013\/03\/31\/gezuar-pashket-per-shume-mot\/\"]}]},{\"@type\":\"BreadcrumbList\",\"@id\":\"https:\/\/www.visit-ulcinj.com\/blog\/2013\/03\/31\/gezuar-pashket-per-shume-mot\/#breadcrumb\",\"itemListElement\":[{\"@type\":\"ListItem\",\"position\":1,\"name\":\"Gezuar Pashket per shume mot\"}]},{\"@type\":\"Person\",\"@id\":\"https:\/\/www.visit-ulcinj.com\/blog\/#\/schema\/person\/dcab619c614d3038751c63bc2aadc06d\",\"name\":\"ulqini\",\"sameAs\":[\"http:\/\/www.visit-ulcinj.com\"],\"url\":\"https:\/\/www.visit-ulcinj.com\/blog\/author\/admin\/\"}]}<\/script>\n<!-- \/ Yoast SEO plugin. -->","yoast_head_json":{"title":"Gezuar Pashket per shume mot - Lajme nga Ulqini","description":"Kjo fest\u00eb bashk\u00eb me urimet qe bart\u00eb brenda vet\u00ebs, le t\u00eb na sh\u00ebrbej\u00eb n\u00eb forcimin e dashuris\u00eb p\u00ebr njeri-tjetrin dhe kultivimin e toleranc\u00ebs, si vler\u00eb e","robots":{"index":"index","follow":"follow","max-snippet":"max-snippet:-1","max-image-preview":"max-image-preview:large","max-video-preview":"max-video-preview:-1"},"canonical":"https:\/\/www.visit-ulcinj.com\/blog\/2013\/03\/31\/gezuar-pashket-per-shume-mot\/","og_locale":"en_US","og_type":"article","og_title":"Gezuar Pashket per shume mot - Lajme nga Ulqini","og_description":"Kjo fest\u00eb bashk\u00eb me urimet qe bart\u00eb brenda vet\u00ebs, le t\u00eb na sh\u00ebrbej\u00eb n\u00eb forcimin e dashuris\u00eb p\u00ebr njeri-tjetrin dhe kultivimin e toleranc\u00ebs, si vler\u00eb e","og_url":"https:\/\/www.visit-ulcinj.com\/blog\/2013\/03\/31\/gezuar-pashket-per-shume-mot\/","og_site_name":"Lajme nga Ulqini","article_published_time":"2013-03-31T15:41:32+00:00","article_modified_time":"2013-04-02T09:53:45+00:00","og_image":[{"url":"http:\/\/www.visit-ulcinj.com\/blog\/wp-content\/uploads\/2013\/03\/Gezuar-Pashket-Lajme-nga-Ulqini.jpg"}],"twitter_misc":{"Written by":"ulqini"},"schema":{"@context":"https:\/\/schema.org","@graph":[{"@type":"WebSite","@id":"https:\/\/www.visit-ulcinj.com\/blog\/#website","url":"https:\/\/www.visit-ulcinj.com\/blog\/","name":"Lajme nga Ulqini","description":"Lajme,Vijesti,Ulqini,Ulqin,Crna Gora,Mali i Zi","potentialAction":[{"@type":"SearchAction","target":{"@type":"EntryPoint","urlTemplate":"https:\/\/www.visit-ulcinj.com\/blog\/?s={search_term_string}"},"query-input":"required name=search_term_string"}],"inLanguage":"en-US"},{"@type":"ImageObject","inLanguage":"en-US","@id":"https:\/\/www.visit-ulcinj.com\/blog\/2013\/03\/31\/gezuar-pashket-per-shume-mot\/#primaryimage","url":"https:\/\/www.visit-ulcinj.com\/blog\/wp-content\/uploads\/2013\/03\/Gezuar-Pashket-Lajme-nga-Ulqini.jpg","contentUrl":"https:\/\/www.visit-ulcinj.com\/blog\/wp-content\/uploads\/2013\/03\/Gezuar-Pashket-Lajme-nga-Ulqini.jpg","width":501,"height":350},{"@type":"WebPage","@id":"https:\/\/www.visit-ulcinj.com\/blog\/2013\/03\/31\/gezuar-pashket-per-shume-mot\/#webpage","url":"https:\/\/www.visit-ulcinj.com\/blog\/2013\/03\/31\/gezuar-pashket-per-shume-mot\/","name":"Gezuar Pashket per shume mot - Lajme nga Ulqini","isPartOf":{"@id":"https:\/\/www.visit-ulcinj.com\/blog\/#website"},"primaryImageOfPage":{"@id":"https:\/\/www.visit-ulcinj.com\/blog\/2013\/03\/31\/gezuar-pashket-per-shume-mot\/#primaryimage"},"datePublished":"2013-03-31T15:41:32+00:00","dateModified":"2013-04-02T09:53:45+00:00","author":{"@id":"https:\/\/www.visit-ulcinj.com\/blog\/#\/schema\/person\/dcab619c614d3038751c63bc2aadc06d"},"description":"Kjo fest\u00eb bashk\u00eb me urimet qe bart\u00eb brenda vet\u00ebs, le t\u00eb na sh\u00ebrbej\u00eb n\u00eb forcimin e dashuris\u00eb p\u00ebr njeri-tjetrin dhe kultivimin e toleranc\u00ebs, si vler\u00eb e","breadcrumb":{"@id":"https:\/\/www.visit-ulcinj.com\/blog\/2013\/03\/31\/gezuar-pashket-per-shume-mot\/#breadcrumb"},"inLanguage":"en-US","potentialAction":[{"@type":"ReadAction","target":["https:\/\/www.visit-ulcinj.com\/blog\/2013\/03\/31\/gezuar-pashket-per-shume-mot\/"]}]},{"@type":"BreadcrumbList","@id":"https:\/\/www.visit-ulcinj.com\/blog\/2013\/03\/31\/gezuar-pashket-per-shume-mot\/#breadcrumb","itemListElement":[{"@type":"ListItem","position":1,"name":"Gezuar Pashket per shume mot"}]},{"@type":"Person","@id":"https:\/\/www.visit-ulcinj.com\/blog\/#\/schema\/person\/dcab619c614d3038751c63bc2aadc06d","name":"ulqini","sameAs":["http:\/\/www.visit-ulcinj.com"],"url":"https:\/\/www.visit-ulcinj.com\/blog\/author\/admin\/"}]}},"jetpack_featured_media_url":"","jetpack_sharing_enabled":true,"jetpack_shortlink":"https:\/\/wp.me\/pe6lTn-ign","_links":{"self":[{"href":"https:\/\/www.visit-ulcinj.com\/blog\/wp-json\/wp\/v2\/posts\/70207"}],"collection":[{"href":"https:\/\/www.visit-ulcinj.com\/blog\/wp-json\/wp\/v2\/posts"}],"about":[{"href":"https:\/\/www.visit-ulcinj.com\/blog\/wp-json\/wp\/v2\/types\/post"}],"author":[{"embeddable":true,"href":"https:\/\/www.visit-ulcinj.com\/blog\/wp-json\/wp\/v2\/users\/1"}],"replies":[{"embeddable":true,"href":"https:\/\/www.visit-ulcinj.com\/blog\/wp-json\/wp\/v2\/comments?post=70207"}],"version-history":[{"count":3,"href":"https:\/\/www.visit-ulcinj.com\/blog\/wp-json\/wp\/v2\/posts\/70207\/revisions"}],"predecessor-version":[{"id":70268,"href":"https:\/\/www.visit-ulcinj.com\/blog\/wp-json\/wp\/v2\/posts\/70207\/revisions\/70268"}],"wp:attachment":[{"href":"https:\/\/www.visit-ulcinj.com\/blog\/wp-json\/wp\/v2\/media?parent=70207"}],"wp:term":[{"taxonomy":"category","embeddable":true,"href":"https:\/\/www.visit-ulcinj.com\/blog\/wp-json\/wp\/v2\/categories?post=70207"},{"taxonomy":"post_tag","embeddable":true,"href":"https:\/\/www.visit-ulcinj.com\/blog\/wp-json\/wp\/v2\/tags?post=70207"}],"curies":[{"name":"wp","href":"https:\/\/api.w.org\/{rel}","templated":true}]}}